{"id":1407,"date":"2026-03-11T00:01:59","date_gmt":"2026-03-11T03:01:59","guid":{"rendered":"https:\/\/fernandadepilacao.com.br\/portal\/2026\/03\/reacoes-efeitos-colaterais-depilacao-gravidez-cuidados-essenciais\/"},"modified":"2026-03-11T00:02:01","modified_gmt":"2026-03-11T03:02:01","slug":"reacoes-efeitos-colaterais-depilacao-gravidez-cuidados-essenciais","status":"publish","type":"post","link":"https:\/\/fernandadepilacao.com.br\/portal\/2026\/03\/reacoes-efeitos-colaterais-depilacao-gravidez-cuidados-essenciais\/","title":{"rendered":"Rea\u00e7\u00f5es e Efeitos Colaterais da Depila\u00e7\u00e3o na Gravidez: Cuidados Essenciais"},"content":{"rendered":"<article>\n<header>\n<h1>Poss\u00edveis Rea\u00e7\u00f5es e Efeitos Colaterais da Depila\u00e7\u00e3o na Gravidez<\/h1>\n<p>    <meta name=\"description\" content=\"Conhe\u00e7a as principais rea\u00e7\u00f5es e efeitos colaterais da depila\u00e7\u00e3o durante a gravidez, saiba como minimizar riscos e manter a pele saud\u00e1vel neste per\u00edodo delicado. Informa\u00e7\u00f5es baseadas em experi\u00eancia cl\u00ednica e termos acess\u00edveis para futuras mam\u00e3es.\" \/><br \/>\n  <\/header>\n<section>\n<h2>Depila\u00e7\u00e3o na Gravidez: Cuidados e Orienta\u00e7\u00f5es Importantes<\/h2>\n<p>A gesta\u00e7\u00e3o \u00e9 um per\u00edodo de grandes mudan\u00e7as no corpo feminino. Entre tantas transforma\u00e7\u00f5es, os <strong>cuidados com a pele<\/strong> ganham ainda mais import\u00e2ncia, especialmente para mulheres que desejam manter h\u00e1bitos como a <strong>depila\u00e7\u00e3o<\/strong>. Compreender os poss\u00edveis efeitos colaterais e rea\u00e7\u00f5es nesse momento \u00e9 fundamental para decidir qual m\u00e9todo usar e como se proteger.<\/p>\n<\/section>\n<section>\n<h2>Mudan\u00e7as na Pele Durante a Gravidez<\/h2>\n<p>Durante a gravidez, o corpo passa por altera\u00e7\u00f5es hormonais que podem deixar a pele mais sens\u00edvel, fina e suscet\u00edvel \u00e0 irrita\u00e7\u00f5es. Algumas gestantes relatam ainda o aumento da <strong>pigmenta\u00e7\u00e3o<\/strong> (manchas escuras), incha\u00e7os e at\u00e9 o aparecimento de pelos mais grossos em determinadas regi\u00f5es.<\/p>\n<\/section>\n<section>\n<h2>Principais M\u00e9todos de Depila\u00e7\u00e3o e Seus Riscos<\/h2>\n<ul>\n<li><strong>Cera quente ou fria:<\/strong> Apesar de populares, esses m\u00e9todos podem causar vermelhid\u00e3o, coceira, foliculite (inflama\u00e7\u00e3o dos fol\u00edculos pilosos) e, em casos raros, queimaduras na pele mais fina da gestante. A sensibilidade ao calor tamb\u00e9m pode aumentar, tornando a experi\u00eancia mais desconfort\u00e1vel.<\/li>\n<li><strong>L\u00e2mina:<\/strong> O uso de l\u00e2minas \u00e9 r\u00e1pido, mas requer aten\u00e7\u00e3o redobrada, pois a pele pode cortar com mais facilidade. Pequenos ferimentos s\u00e3o porta de entrada para infec\u00e7\u00f5es neste per\u00edodo de imunidade levemente alterada.<\/li>\n<li><strong>Cremes depilat\u00f3rios:<\/strong> Muitos desses produtos cont\u00eam subst\u00e2ncias qu\u00edmicas fortes, que podem causar alergias ou rea\u00e7\u00f5es adversas. Antes de usar, \u00e9 indicado consultar o m\u00e9dico obstetra e fazer um teste de sensibilidade na pele.<\/li>\n<li><strong>Depila\u00e7\u00e3o a laser:<\/strong> Este m\u00e9todo, em geral, n\u00e3o \u00e9 recomendado durante a gesta\u00e7\u00e3o, pois faltam estudos conclusivos sobre a seguran\u00e7a para o beb\u00ea e os efeitos dos feixes de luz intensa na pele sensibilizada.<\/li>\n<\/ul>\n<\/section>\n<section>\n<h2>Rea\u00e7\u00f5es Poss\u00edveis da Depila\u00e7\u00e3o na Gravidez<\/h2>\n<p>Entre os principais <strong>efeitos colaterais da depila\u00e7\u00e3o durante a gravidez<\/strong>, destacam-se:<\/p>\n<ul>\n<li><strong>Irrita\u00e7\u00e3o e Vermelhid\u00e3o:<\/strong> Muito comum devido \u00e0 maior vasculariza\u00e7\u00e3o da pele.<\/li>\n<li><strong>Coceira:<\/strong> Aumento do ressecamento e sensibilidade, que pode ser minimizado com hidrata\u00e7\u00e3o adequada antes e ap\u00f3s a depila\u00e7\u00e3o.<\/li>\n<li><strong>Foliculite:<\/strong> Inflama\u00e7\u00e3o dos fol\u00edculos pilosos, normalmente causada pelo atrito ou pela retirada inadequada dos pelos.<\/li>\n<li><strong>Hiperpigmenta\u00e7\u00e3o:<\/strong> O est\u00edmulo \u00e0 pele pode causar aumento das manchas, devido \u00e0 a\u00e7\u00e3o dos horm\u00f4nios.<\/li>\n<li><strong>Queimaduras leves:<\/strong> Resultantes do uso incorreto da cera, especialmente se for muito quente ou se a pele estiver lesionada.<\/li>\n<li><strong>Rea\u00e7\u00f5es al\u00e9rgicas:<\/strong> Mais comuns com cremes depilat\u00f3rios e ceras aromatizadas ou com conservantes.<\/li>\n<\/ul>\n<\/section>\n<section>\n<h2>Dicas para Minimizar Efeitos Colaterais da Depila\u00e7\u00e3o Durante a Gravidez<\/h2>\n<ol>\n<li><strong>Procure profissionais experientes<\/strong>: Depilar-se em cl\u00ednicas ou sal\u00f5es especializados faz toda a diferen\u00e7a na seguran\u00e7a do procedimento.<\/li>\n<li><strong>Informe-se sobre os produtos usados<\/strong>: Prefira op\u00e7\u00f5es hipoalerg\u00eanicas, sem fragr\u00e2ncias e desenvolvidas para peles sens\u00edveis.<\/li>\n<li><strong>Hidrata\u00e7\u00e3o constante<\/strong>: Mantenha a pele hidratada com cremes indicados pelo seu obstetra, o que ajuda na recupera\u00e7\u00e3o e previne irrita\u00e7\u00f5es.<\/li>\n<li><strong>Evite o sol logo ap\u00f3s a depila\u00e7\u00e3o<\/strong>: Para reduzir os riscos de manchas (melasma), n\u00e3o se exponha ao sol nas 48 horas seguintes ao procedimento.<\/li>\n<li><strong>Lembre-se da opini\u00e3o m\u00e9dica<\/strong>: Em caso de d\u00favidas, alergias ou condi\u00e7\u00f5es espec\u00edficas da gesta\u00e7\u00e3o, converse sempre com o seu m\u00e9dico antes de realizar qualquer procedimento est\u00e9tico.<\/li>\n<\/ol>\n<\/section>\n<section>\n<h2>Perguntas Frequentes sobre Depila\u00e7\u00e3o na Gravidez<\/h2>\n<div itemscope itemtype=\"https:\/\/schema.org\/FAQPage\">\n<div itemprop=\"mainEntity\" itemscope itemtype=\"https:\/\/schema.org\/Question\">\n<h3 itemprop=\"name\">Posso fazer depila\u00e7\u00e3o com cera durante toda a gesta\u00e7\u00e3o?<\/h3>\n<div itemprop=\"acceptedAnswer\" itemscope itemtype=\"https:\/\/schema.org\/Answer\">\n<p itemprop=\"text\">Sim, desde que n\u00e3o haja contraindica\u00e7\u00e3o m\u00e9dica espec\u00edfica e os produtos usados sejam pr\u00f3prios para peles sens\u00edveis. No entanto, alguns m\u00e9dicos sugerem evitar o procedimento no primeiro trimestre.<\/p>\n<\/p><\/div>\n<\/p><\/div>\n<div itemprop=\"mainEntity\" itemscope itemtype=\"https:\/\/schema.org\/Question\">\n<h3 itemprop=\"name\">Depila\u00e7\u00e3o a laser \u00e9 segura na gravidez?<\/h3>\n<div itemprop=\"acceptedAnswer\" itemscope itemtype=\"https:\/\/schema.org\/Answer\">\n<p itemprop=\"text\">N\u00e3o existem estudos que garantam a seguran\u00e7a do laser durante a gesta\u00e7\u00e3o, portanto, recomenda-se evitar.<\/p>\n<\/p><\/div>\n<\/p><\/div>\n<div itemprop=\"mainEntity\" itemscope itemtype=\"https:\/\/schema.org\/Question\">\n<h3 itemprop=\"name\">Quais sinais devo observar ap\u00f3s a depila\u00e7\u00e3o?<\/h3>\n<div itemprop=\"acceptedAnswer\" itemscope itemtype=\"https:\/\/schema.org\/Answer\">\n<p itemprop=\"text\">Caso surgam dor intensa, feridas, coceira persistente, secre\u00e7\u00e3o ou manchas incomuns, procure um dermatologista ou seu obstetra.<\/p>\n<\/p><\/div>\n<\/p><\/div>\n<\/p><\/div>\n<\/section>\n<section>\n<h2>Conclus\u00e3o: Depila\u00e7\u00e3o na Gravidez \u00e9 Segura?<\/h2>\n<p>Embora a <strong>depila\u00e7\u00e3o na gravidez<\/strong> possa ser feita com seguran\u00e7a em muitos casos, \u00e9 importante entender que cada corpo reage de maneira \u00fanica e que o acompanhamento profissional \u00e9 fundamental. Respeite seus limites, invista em m\u00e9todos de depila\u00e7\u00e3o mais suaves e cuide da sua pele com carinho neste per\u00edodo especial. Consulte sempre uma profissional de est\u00e9tica e seu m\u00e9dico para garantir que voc\u00ea e seu beb\u00ea estejam seguros e confort\u00e1veis.<\/p>\n<\/section>\n<footer>\n<p>Para mais dicas sobre <strong>cuidados com a pele na gravidez<\/strong> e <strong>depila\u00e7\u00e3o segura<\/strong>, acompanhe nosso blog!<\/p>\n<p>    <meta name=\"keywords\" content=\"depila\u00e7\u00e3o na gravidez, efeitos colaterais depila\u00e7\u00e3o gestante, cuidados depila\u00e7\u00e3o gesta\u00e7\u00e3o, pele sens\u00edvel gravidez, rea\u00e7\u00f5es depila\u00e7\u00e3o gr\u00e1vida, foliculite gravidez, manchas pele gravidez\" \/><br \/>\n  <\/footer>\n<\/article>\n","protected":false},"excerpt":{"rendered":"<p>Poss\u00edveis Rea\u00e7\u00f5es e Efeitos Colaterais da Depila\u00e7\u00e3o na Gravidez Depila\u00e7\u00e3o na Gravidez: Cuidados e Orienta\u00e7\u00f5es Importantes A gesta\u00e7\u00e3o \u00e9 um per\u00edodo de grandes mudan\u00e7as no corpo feminino. Entre tantas transforma\u00e7\u00f5es, os cuidados com a pele ganham ainda mais import\u00e2ncia, especialmente para mulheres que desejam manter h\u00e1bitos como a depila\u00e7\u00e3o. Compreender os poss\u00edveis efeitos colaterais e &hellip;<\/p>\n<p class=\"read-more\"> <a class=\"\" href=\"https:\/\/fernandadepilacao.com.br\/portal\/2026\/03\/reacoes-efeitos-colaterais-depilacao-gravidez-cuidados-essenciais\/\"> <span class=\"screen-reader-text\">Rea\u00e7\u00f5es e Efeitos Colaterais da Depila\u00e7\u00e3o na Gravidez: Cuidados Essenciais<\/span> Leia mais &raquo;<\/a><\/p>\n","protected":false},"author":1,"featured_media":1406,"comment_status":"open","ping_status":"open","sticky":false,"template":"","format":"standard","meta":[],"categories":[1],"tags":[],"yoast_head":"<!-- This site is optimized with the Yoast SEO plugin v18.4.1 - https:\/\/yoast.com\/wordpress\/plugins\/seo\/ -->\n<title>Rea\u00e7\u00f5es e Efeitos Colaterais da Depila\u00e7\u00e3o na Gravidez: Cuidados Essenciais - Fernanda Depila\u00e7\u00e3o<\/title>\n<meta name=\"robots\" content=\"index, follow, max-snippet:-1, max-image-preview:large, max-video-preview:-1\" \/>\n<link rel=\"canonical\" href=\"https:\/\/fernandadepilacao.com.br\/portal\/2026\/03\/reacoes-efeitos-colaterais-depilacao-gravidez-cuidados-essenciais\/\" \/>\n<meta property=\"og:locale\" content=\"pt_BR\" \/>\n<meta property=\"og:type\" content=\"article\" \/>\n<meta property=\"og:title\" content=\"Rea\u00e7\u00f5es e Efeitos Colaterais da Depila\u00e7\u00e3o na Gravidez: Cuidados Essenciais - Fernanda Depila\u00e7\u00e3o\" \/>\n<meta property=\"og:description\" content=\"Poss\u00edveis Rea\u00e7\u00f5es e Efeitos Colaterais da Depila\u00e7\u00e3o na Gravidez Depila\u00e7\u00e3o na Gravidez: Cuidados e Orienta\u00e7\u00f5es Importantes A gesta\u00e7\u00e3o \u00e9 um per\u00edodo de grandes mudan\u00e7as no corpo feminino. Entre tantas transforma\u00e7\u00f5es, os cuidados com a pele ganham ainda mais import\u00e2ncia, especialmente para mulheres que desejam manter h\u00e1bitos como a depila\u00e7\u00e3o. Compreender os poss\u00edveis efeitos colaterais e &hellip; Rea\u00e7\u00f5es e Efeitos Colaterais da Depila\u00e7\u00e3o na Gravidez: Cuidados Essenciais Leia mais &raquo;\" \/>\n<meta property=\"og:url\" content=\"https:\/\/fernandadepilacao.com.br\/portal\/2026\/03\/reacoes-efeitos-colaterais-depilacao-gravidez-cuidados-essenciais\/\" \/>\n<meta property=\"og:site_name\" content=\"Fernanda Depila\u00e7\u00e3o\" \/>\n<meta property=\"article:publisher\" content=\"https:\/\/www.facebook.com\/ferjobdepilacao\" \/>\n<meta property=\"article:published_time\" content=\"2026-03-11T03:01:59+00:00\" \/>\n<meta property=\"article:modified_time\" content=\"2026-03-11T03:02:01+00:00\" \/>\n<meta name=\"twitter:card\" content=\"summary_large_image\" \/>\n<meta name=\"twitter:label1\" content=\"Escrito por\" \/>\n\t<meta name=\"twitter:data1\" content=\"fernandajob\" \/>\n\t<meta name=\"twitter:label2\" content=\"Est. tempo de leitura\" \/>\n\t<meta name=\"twitter:data2\" content=\"4 minutos\" \/>\n<script type=\"application\/ld+json\" class=\"yoast-schema-graph\">{\"@context\":\"https:\/\/schema.org\",\"@graph\":[{\"@type\":\"Organization\",\"@id\":\"https:\/\/fernandadepilacao.com.br\/portal\/#organization\",\"name\":\"Fernanda Depila\u00e7\u00e3o\",\"url\":\"https:\/\/fernandadepilacao.com.br\/portal\/\",\"sameAs\":[\"https:\/\/www.facebook.com\/ferjobdepilacao\",\"http:\/\/instagram.com\/fernanda_job\"],\"logo\":{\"@type\":\"ImageObject\",\"@id\":\"https:\/\/fernandadepilacao.com.br\/portal\/#logo\",\"inLanguage\":\"pt-BR\",\"url\":\"http:\/\/fernandadepilacao.com.br\/portal\/wp-content\/uploads\/2021\/03\/logo_fernanda.png\",\"contentUrl\":\"http:\/\/fernandadepilacao.com.br\/portal\/wp-content\/uploads\/2021\/03\/logo_fernanda.png\",\"width\":673,\"height\":688,\"caption\":\"Fernanda Depila\u00e7\u00e3o\"},\"image\":{\"@id\":\"https:\/\/fernandadepilacao.com.br\/portal\/#logo\"}},{\"@type\":\"WebSite\",\"@id\":\"https:\/\/fernandadepilacao.com.br\/portal\/#website\",\"url\":\"https:\/\/fernandadepilacao.com.br\/portal\/\",\"name\":\"Fernanda Depila\u00e7\u00e3o\",\"description\":\"\",\"publisher\":{\"@id\":\"https:\/\/fernandadepilacao.com.br\/portal\/#organization\"},\"potentialAction\":[{\"@type\":\"SearchAction\",\"target\":{\"@type\":\"EntryPoint\",\"urlTemplate\":\"https:\/\/fernandadepilacao.com.br\/portal\/?s={search_term_string}\"},\"query-input\":\"required name=search_term_string\"}],\"inLanguage\":\"pt-BR\"},{\"@type\":\"ImageObject\",\"@id\":\"https:\/\/fernandadepilacao.com.br\/portal\/2026\/03\/reacoes-efeitos-colaterais-depilacao-gravidez-cuidados-essenciais\/#primaryimage\",\"inLanguage\":\"pt-BR\",\"url\":\"https:\/\/fernandadepilacao.com.br\/portal\/wp-content\/uploads\/2026\/03\/20260311000157.png\",\"contentUrl\":\"https:\/\/fernandadepilacao.com.br\/portal\/wp-content\/uploads\/2026\/03\/20260311000157.png\",\"width\":500,\"height\":500},{\"@type\":\"WebPage\",\"@id\":\"https:\/\/fernandadepilacao.com.br\/portal\/2026\/03\/reacoes-efeitos-colaterais-depilacao-gravidez-cuidados-essenciais\/#webpage\",\"url\":\"https:\/\/fernandadepilacao.com.br\/portal\/2026\/03\/reacoes-efeitos-colaterais-depilacao-gravidez-cuidados-essenciais\/\",\"name\":\"Rea\u00e7\u00f5es e Efeitos Colaterais da Depila\u00e7\u00e3o na Gravidez: Cuidados Essenciais - Fernanda Depila\u00e7\u00e3o\",\"isPartOf\":{\"@id\":\"https:\/\/fernandadepilacao.com.br\/portal\/#website\"},\"primaryImageOfPage\":{\"@id\":\"https:\/\/fernandadepilacao.com.br\/portal\/2026\/03\/reacoes-efeitos-colaterais-depilacao-gravidez-cuidados-essenciais\/#primaryimage\"},\"datePublished\":\"2026-03-11T03:01:59+00:00\",\"dateModified\":\"2026-03-11T03:02:01+00:00\",\"breadcrumb\":{\"@id\":\"https:\/\/fernandadepilacao.com.br\/portal\/2026\/03\/reacoes-efeitos-colaterais-depilacao-gravidez-cuidados-essenciais\/#breadcrumb\"},\"inLanguage\":\"pt-BR\",\"potentialAction\":[{\"@type\":\"ReadAction\",\"target\":[\"https:\/\/fernandadepilacao.com.br\/portal\/2026\/03\/reacoes-efeitos-colaterais-depilacao-gravidez-cuidados-essenciais\/\"]}]},{\"@type\":\"BreadcrumbList\",\"@id\":\"https:\/\/fernandadepilacao.com.br\/portal\/2026\/03\/reacoes-efeitos-colaterais-depilacao-gravidez-cuidados-essenciais\/#breadcrumb\",\"itemListElement\":[{\"@type\":\"ListItem\",\"position\":1,\"name\":\"In\u00edcio\",\"item\":\"http:\/\/fernandadepilacao.com.br\/portal\/\"},{\"@type\":\"ListItem\",\"position\":2,\"name\":\"Rea\u00e7\u00f5es e Efeitos Colaterais da Depila\u00e7\u00e3o na Gravidez: Cuidados Essenciais\"}]},{\"@type\":\"Article\",\"@id\":\"https:\/\/fernandadepilacao.com.br\/portal\/2026\/03\/reacoes-efeitos-colaterais-depilacao-gravidez-cuidados-essenciais\/#article\",\"isPartOf\":{\"@id\":\"https:\/\/fernandadepilacao.com.br\/portal\/2026\/03\/reacoes-efeitos-colaterais-depilacao-gravidez-cuidados-essenciais\/#webpage\"},\"author\":{\"@id\":\"https:\/\/fernandadepilacao.com.br\/portal\/#\/schema\/person\/d00644c3bbfd9fd17711767a3b1abbd0\"},\"headline\":\"Rea\u00e7\u00f5es e Efeitos Colaterais da Depila\u00e7\u00e3o na Gravidez: Cuidados Essenciais\",\"datePublished\":\"2026-03-11T03:01:59+00:00\",\"dateModified\":\"2026-03-11T03:02:01+00:00\",\"mainEntityOfPage\":{\"@id\":\"https:\/\/fernandadepilacao.com.br\/portal\/2026\/03\/reacoes-efeitos-colaterais-depilacao-gravidez-cuidados-essenciais\/#webpage\"},\"wordCount\":786,\"commentCount\":0,\"publisher\":{\"@id\":\"https:\/\/fernandadepilacao.com.br\/portal\/#organization\"},\"image\":{\"@id\":\"https:\/\/fernandadepilacao.com.br\/portal\/2026\/03\/reacoes-efeitos-colaterais-depilacao-gravidez-cuidados-essenciais\/#primaryimage\"},\"thumbnailUrl\":\"https:\/\/fernandadepilacao.com.br\/portal\/wp-content\/uploads\/2026\/03\/20260311000157.png\",\"inLanguage\":\"pt-BR\",\"potentialAction\":[{\"@type\":\"CommentAction\",\"name\":\"Comment\",\"target\":[\"https:\/\/fernandadepilacao.com.br\/portal\/2026\/03\/reacoes-efeitos-colaterais-depilacao-gravidez-cuidados-essenciais\/#respond\"]}]},{\"@type\":\"Person\",\"@id\":\"https:\/\/fernandadepilacao.com.br\/portal\/#\/schema\/person\/d00644c3bbfd9fd17711767a3b1abbd0\",\"name\":\"fernandajob\",\"image\":{\"@type\":\"ImageObject\",\"@id\":\"https:\/\/fernandadepilacao.com.br\/portal\/#personlogo\",\"inLanguage\":\"pt-BR\",\"url\":\"https:\/\/secure.gravatar.com\/avatar\/6c2268a68d69a325906fbdccd74b18e6?s=96&d=mm&r=g\",\"contentUrl\":\"https:\/\/secure.gravatar.com\/avatar\/6c2268a68d69a325906fbdccd74b18e6?s=96&d=mm&r=g\",\"caption\":\"fernandajob\"},\"sameAs\":[\"http:\/\/fernandadepilacao.com.br\/portal\"]}]}<\/script>\n<!-- \/ Yoast SEO plugin. -->","yoast_head_json":{"title":"Rea\u00e7\u00f5es e Efeitos Colaterais da Depila\u00e7\u00e3o na Gravidez: Cuidados Essenciais - Fernanda Depila\u00e7\u00e3o","robots":{"index":"index","follow":"follow","max-snippet":"max-snippet:-1","max-image-preview":"max-image-preview:large","max-video-preview":"max-video-preview:-1"},"canonical":"https:\/\/fernandadepilacao.com.br\/portal\/2026\/03\/reacoes-efeitos-colaterais-depilacao-gravidez-cuidados-essenciais\/","og_locale":"pt_BR","og_type":"article","og_title":"Rea\u00e7\u00f5es e Efeitos Colaterais da Depila\u00e7\u00e3o na Gravidez: Cuidados Essenciais - Fernanda Depila\u00e7\u00e3o","og_description":"Poss\u00edveis Rea\u00e7\u00f5es e Efeitos Colaterais da Depila\u00e7\u00e3o na Gravidez Depila\u00e7\u00e3o na Gravidez: Cuidados e Orienta\u00e7\u00f5es Importantes A gesta\u00e7\u00e3o \u00e9 um per\u00edodo de grandes mudan\u00e7as no corpo feminino. Entre tantas transforma\u00e7\u00f5es, os cuidados com a pele ganham ainda mais import\u00e2ncia, especialmente para mulheres que desejam manter h\u00e1bitos como a depila\u00e7\u00e3o. Compreender os poss\u00edveis efeitos colaterais e &hellip; Rea\u00e7\u00f5es e Efeitos Colaterais da Depila\u00e7\u00e3o na Gravidez: Cuidados Essenciais Leia mais &raquo;","og_url":"https:\/\/fernandadepilacao.com.br\/portal\/2026\/03\/reacoes-efeitos-colaterais-depilacao-gravidez-cuidados-essenciais\/","og_site_name":"Fernanda Depila\u00e7\u00e3o","article_publisher":"https:\/\/www.facebook.com\/ferjobdepilacao","article_published_time":"2026-03-11T03:01:59+00:00","article_modified_time":"2026-03-11T03:02:01+00:00","twitter_card":"summary_large_image","twitter_misc":{"Escrito por":"fernandajob","Est. tempo de leitura":"4 minutos"},"schema":{"@context":"https:\/\/schema.org","@graph":[{"@type":"Organization","@id":"https:\/\/fernandadepilacao.com.br\/portal\/#organization","name":"Fernanda Depila\u00e7\u00e3o","url":"https:\/\/fernandadepilacao.com.br\/portal\/","sameAs":["https:\/\/www.facebook.com\/ferjobdepilacao","http:\/\/instagram.com\/fernanda_job"],"logo":{"@type":"ImageObject","@id":"https:\/\/fernandadepilacao.com.br\/portal\/#logo","inLanguage":"pt-BR","url":"http:\/\/fernandadepilacao.com.br\/portal\/wp-content\/uploads\/2021\/03\/logo_fernanda.png","contentUrl":"http:\/\/fernandadepilacao.com.br\/portal\/wp-content\/uploads\/2021\/03\/logo_fernanda.png","width":673,"height":688,"caption":"Fernanda Depila\u00e7\u00e3o"},"image":{"@id":"https:\/\/fernandadepilacao.com.br\/portal\/#logo"}},{"@type":"WebSite","@id":"https:\/\/fernandadepilacao.com.br\/portal\/#website","url":"https:\/\/fernandadepilacao.com.br\/portal\/","name":"Fernanda Depila\u00e7\u00e3o","description":"","publisher":{"@id":"https:\/\/fernandadepilacao.com.br\/portal\/#organization"},"potentialAction":[{"@type":"SearchAction","target":{"@type":"EntryPoint","urlTemplate":"https:\/\/fernandadepilacao.com.br\/portal\/?s={search_term_string}"},"query-input":"required name=search_term_string"}],"inLanguage":"pt-BR"},{"@type":"ImageObject","@id":"https:\/\/fernandadepilacao.com.br\/portal\/2026\/03\/reacoes-efeitos-colaterais-depilacao-gravidez-cuidados-essenciais\/#primaryimage","inLanguage":"pt-BR","url":"https:\/\/fernandadepilacao.com.br\/portal\/wp-content\/uploads\/2026\/03\/20260311000157.png","contentUrl":"https:\/\/fernandadepilacao.com.br\/portal\/wp-content\/uploads\/2026\/03\/20260311000157.png","width":500,"height":500},{"@type":"WebPage","@id":"https:\/\/fernandadepilacao.com.br\/portal\/2026\/03\/reacoes-efeitos-colaterais-depilacao-gravidez-cuidados-essenciais\/#webpage","url":"https:\/\/fernandadepilacao.com.br\/portal\/2026\/03\/reacoes-efeitos-colaterais-depilacao-gravidez-cuidados-essenciais\/","name":"Rea\u00e7\u00f5es e Efeitos Colaterais da Depila\u00e7\u00e3o na Gravidez: Cuidados Essenciais - Fernanda Depila\u00e7\u00e3o","isPartOf":{"@id":"https:\/\/fernandadepilacao.com.br\/portal\/#website"},"primaryImageOfPage":{"@id":"https:\/\/fernandadepilacao.com.br\/portal\/2026\/03\/reacoes-efeitos-colaterais-depilacao-gravidez-cuidados-essenciais\/#primaryimage"},"datePublished":"2026-03-11T03:01:59+00:00","dateModified":"2026-03-11T03:02:01+00:00","breadcrumb":{"@id":"https:\/\/fernandadepilacao.com.br\/portal\/2026\/03\/reacoes-efeitos-colaterais-depilacao-gravidez-cuidados-essenciais\/#breadcrumb"},"inLanguage":"pt-BR","potentialAction":[{"@type":"ReadAction","target":["https:\/\/fernandadepilacao.com.br\/portal\/2026\/03\/reacoes-efeitos-colaterais-depilacao-gravidez-cuidados-essenciais\/"]}]},{"@type":"BreadcrumbList","@id":"https:\/\/fernandadepilacao.com.br\/portal\/2026\/03\/reacoes-efeitos-colaterais-depilacao-gravidez-cuidados-essenciais\/#breadcrumb","itemListElement":[{"@type":"ListItem","position":1,"name":"In\u00edcio","item":"http:\/\/fernandadepilacao.com.br\/portal\/"},{"@type":"ListItem","position":2,"name":"Rea\u00e7\u00f5es e Efeitos Colaterais da Depila\u00e7\u00e3o na Gravidez: Cuidados Essenciais"}]},{"@type":"Article","@id":"https:\/\/fernandadepilacao.com.br\/portal\/2026\/03\/reacoes-efeitos-colaterais-depilacao-gravidez-cuidados-essenciais\/#article","isPartOf":{"@id":"https:\/\/fernandadepilacao.com.br\/portal\/2026\/03\/reacoes-efeitos-colaterais-depilacao-gravidez-cuidados-essenciais\/#webpage"},"author":{"@id":"https:\/\/fernandadepilacao.com.br\/portal\/#\/schema\/person\/d00644c3bbfd9fd17711767a3b1abbd0"},"headline":"Rea\u00e7\u00f5es e Efeitos Colaterais da Depila\u00e7\u00e3o na Gravidez: Cuidados Essenciais","datePublished":"2026-03-11T03:01:59+00:00","dateModified":"2026-03-11T03:02:01+00:00","mainEntityOfPage":{"@id":"https:\/\/fernandadepilacao.com.br\/portal\/2026\/03\/reacoes-efeitos-colaterais-depilacao-gravidez-cuidados-essenciais\/#webpage"},"wordCount":786,"commentCount":0,"publisher":{"@id":"https:\/\/fernandadepilacao.com.br\/portal\/#organization"},"image":{"@id":"https:\/\/fernandadepilacao.com.br\/portal\/2026\/03\/reacoes-efeitos-colaterais-depilacao-gravidez-cuidados-essenciais\/#primaryimage"},"thumbnailUrl":"https:\/\/fernandadepilacao.com.br\/portal\/wp-content\/uploads\/2026\/03\/20260311000157.png","inLanguage":"pt-BR","potentialAction":[{"@type":"CommentAction","name":"Comment","target":["https:\/\/fernandadepilacao.com.br\/portal\/2026\/03\/reacoes-efeitos-colaterais-depilacao-gravidez-cuidados-essenciais\/#respond"]}]},{"@type":"Person","@id":"https:\/\/fernandadepilacao.com.br\/portal\/#\/schema\/person\/d00644c3bbfd9fd17711767a3b1abbd0","name":"fernandajob","image":{"@type":"ImageObject","@id":"https:\/\/fernandadepilacao.com.br\/portal\/#personlogo","inLanguage":"pt-BR","url":"https:\/\/secure.gravatar.com\/avatar\/6c2268a68d69a325906fbdccd74b18e6?s=96&d=mm&r=g","contentUrl":"https:\/\/secure.gravatar.com\/avatar\/6c2268a68d69a325906fbdccd74b18e6?s=96&d=mm&r=g","caption":"fernandajob"},"sameAs":["http:\/\/fernandadepilacao.com.br\/portal"]}]}},"uagb_featured_image_src":{"full":["https:\/\/fernandadepilacao.com.br\/portal\/wp-content\/uploads\/2026\/03\/20260311000157.png",500,500,false],"thumbnail":["https:\/\/fernandadepilacao.com.br\/portal\/wp-content\/uploads\/2026\/03\/20260311000157-150x150.png",150,150,true],"medium":["https:\/\/fernandadepilacao.com.br\/portal\/wp-content\/uploads\/2026\/03\/20260311000157-300x300.png",300,300,true],"medium_large":["https:\/\/fernandadepilacao.com.br\/portal\/wp-content\/uploads\/2026\/03\/20260311000157.png",500,500,false],"large":["https:\/\/fernandadepilacao.com.br\/portal\/wp-content\/uploads\/2026\/03\/20260311000157.png",500,500,false],"1536x1536":["https:\/\/fernandadepilacao.com.br\/portal\/wp-content\/uploads\/2026\/03\/20260311000157.png",500,500,false],"2048x2048":["https:\/\/fernandadepilacao.com.br\/portal\/wp-content\/uploads\/2026\/03\/20260311000157.png",500,500,false]},"uagb_author_info":{"display_name":"fernandajob","author_link":"https:\/\/fernandadepilacao.com.br\/portal\/author\/fernandajob\/"},"uagb_comment_info":0,"uagb_excerpt":"Poss\u00edveis Rea\u00e7\u00f5es e Efeitos Colaterais da Depila\u00e7\u00e3o na Gravidez Depila\u00e7\u00e3o na Gravidez: Cuidados e Orienta\u00e7\u00f5es Importantes A gesta\u00e7\u00e3o \u00e9 um per\u00edodo de grandes mudan\u00e7as no corpo feminino. Entre tantas transforma\u00e7\u00f5es, os cuidados com a pele ganham ainda mais import\u00e2ncia, especialmente para mulheres que desejam manter h\u00e1bitos como a depila\u00e7\u00e3o. Compreender os poss\u00edveis efeitos colaterais e&hellip;","_links":{"self":[{"href":"https:\/\/fernandadepilacao.com.br\/portal\/wp-json\/wp\/v2\/posts\/1407"}],"collection":[{"href":"https:\/\/fernandadepilacao.com.br\/portal\/wp-json\/wp\/v2\/posts"}],"about":[{"href":"https:\/\/fernandadepilacao.com.br\/portal\/wp-json\/wp\/v2\/types\/post"}],"author":[{"embeddable":true,"href":"https:\/\/fernandadepilacao.com.br\/portal\/wp-json\/wp\/v2\/users\/1"}],"replies":[{"embeddable":true,"href":"https:\/\/fernandadepilacao.com.br\/portal\/wp-json\/wp\/v2\/comments?post=1407"}],"version-history":[{"count":1,"href":"https:\/\/fernandadepilacao.com.br\/portal\/wp-json\/wp\/v2\/posts\/1407\/revisions"}],"predecessor-version":[{"id":1408,"href":"https:\/\/fernandadepilacao.com.br\/portal\/wp-json\/wp\/v2\/posts\/1407\/revisions\/1408"}],"wp:featuredmedia":[{"embeddable":true,"href":"https:\/\/fernandadepilacao.com.br\/portal\/wp-json\/wp\/v2\/media\/1406"}],"wp:attachment":[{"href":"https:\/\/fernandadepilacao.com.br\/portal\/wp-json\/wp\/v2\/media?parent=1407"}],"wp:term":[{"taxonomy":"category","embeddable":true,"href":"https:\/\/fernandadepilacao.com.br\/portal\/wp-json\/wp\/v2\/categories?post=1407"},{"taxonomy":"post_tag","embeddable":true,"href":"https:\/\/fernandadepilacao.com.br\/portal\/wp-json\/wp\/v2\/tags?post=1407"}],"curies":[{"name":"wp","href":"https:\/\/api.w.org\/{rel}","templated":true}]}}