{"id":1404,"date":"2026-03-10T16:01:55","date_gmt":"2026-03-10T19:01:55","guid":{"rendered":"https:\/\/fernandadepilacao.com.br\/portal\/2026\/03\/depilacao-segura-na-gestacao-produtos-indicados-proibidos-cuidados-essenciais\/"},"modified":"2026-03-10T16:01:56","modified_gmt":"2026-03-10T19:01:56","slug":"depilacao-segura-na-gestacao-produtos-indicados-proibidos-cuidados-essenciais","status":"publish","type":"post","link":"https:\/\/fernandadepilacao.com.br\/portal\/2026\/03\/depilacao-segura-na-gestacao-produtos-indicados-proibidos-cuidados-essenciais\/","title":{"rendered":"Depila\u00e7\u00e3o Segura na Gesta\u00e7\u00e3o: Produtos Indicados, Proibidos e Cuidados Essenciais"},"content":{"rendered":"<article>\n<header>\n<h1>Produtos Indicados e Proibidos para Depila\u00e7\u00e3o em Gestantes: Cuidados Essenciais para uma Depila\u00e7\u00e3o Segura<\/h1>\n<p>    <meta name=\"description\" content=\"Saiba quais produtos de depila\u00e7\u00e3o s\u00e3o seguros ou contraindicados para gestantes. Entenda os riscos, indica\u00e7\u00f5es recomendadas e dicas de seguran\u00e7a para depilar durante a gravidez.\"><br \/>\n  <\/header>\n<section>\n<h2>Introdu\u00e7\u00e3o<\/h2>\n<p>\n      A gesta\u00e7\u00e3o \u00e9 um momento especial da vida, cheio de transforma\u00e7\u00f5es f\u00edsicas e emocionais. Para muitas mulheres, manter uma rotina de cuidados pessoais, como a depila\u00e7\u00e3o, \u00e9 importante para o bem-estar e autoestima. No entanto, nesse per\u00edodo, alguns produtos e m\u00e9todos de depila\u00e7\u00e3o exigem aten\u00e7\u00e3o redobrada, pois podem impactar a sa\u00fade da gestante e do beb\u00ea. Por isso, \u00e9 fundamental saber <strong>quais produtos de depila\u00e7\u00e3o s\u00e3o permitidos e quais devem ser evitados durante a gravidez<\/strong>.\n    <\/p>\n<\/section>\n<section>\n<h2>Produtos Indicados para Depila\u00e7\u00e3o em Gestantes<\/h2>\n<p>\n      Os m\u00e9todos e produtos abaixo s\u00e3o considerados <strong>seguros para depilar na gesta\u00e7\u00e3o<\/strong>, desde que sejam tomados alguns cuidados de higiene e orienta\u00e7\u00f5es do obstetra.\n    <\/p>\n<ul>\n<li><strong>Cera quente ou morna<\/strong>: A cera na temperatura adequada pode ser usada, pois geralmente n\u00e3o possui subst\u00e2ncias qu\u00edmicas agressivas e permite remo\u00e7\u00e3o r\u00e1pida dos pelos. Prefira as op\u00e7\u00f5es <strong>hipoalerg\u00eanicas<\/strong> e que n\u00e3o contenham fragr\u00e2ncias ou corantes artificiais para evitar poss\u00edveis rea\u00e7\u00f5es al\u00e9rgicas.<\/li>\n<li><strong>Depila\u00e7\u00e3o com linha (eg\u00edpcia)<\/strong>: \u00c9 uma t\u00e9cnica 100% natural, sem agentes qu\u00edmicos, ideal principalmente para \u00e1reas pequenas e delicadas como o rosto.<\/li>\n<li><strong>L\u00e2minas descart\u00e1veis<\/strong>: As l\u00e2minas s\u00e3o uma alternativa simples, r\u00e1pida e segura. O ideal \u00e9 usar <strong>l\u00e2mina nova e bem higienizada<\/strong>, sempre com aux\u00edlio de cremes pr\u00f3prios para depila\u00e7\u00e3o feminina, sem \u00e1lcool ou outras subst\u00e2ncias irritativas.<\/li>\n<\/ul>\n<p>\n      Sempre busque ambientes limpos, evite depilar sobre les\u00f5es, e observe se h\u00e1 sensibilidade aumentada da pele, comum na gesta\u00e7\u00e3o.\n    <\/p>\n<\/section>\n<section>\n<h2>Produtos contraindicados e proibidos para depila\u00e7\u00e3o durante a gravidez<\/h2>\n<ul>\n<li><strong>Cremes depilat\u00f3rios e lo\u00e7\u00f5es qu\u00edmicas<\/strong>: A maioria desses produtos cont\u00e9m subst\u00e2ncias como <strong>tioglicolato de s\u00f3dio<\/strong> e <strong>parabenos<\/strong>, que podem ser absorvidos pela pele e prejudicar a sa\u00fade da gestante e do feto. Al\u00e9m disso, o odor forte pode causar enjoo ou alergia.<\/li>\n<li><strong>Cera fria industrializada<\/strong>: Muitas op\u00e7\u00f5es dispon\u00edveis no mercado cont\u00eam aditivos qu\u00edmicos e conservantes que podem causar irrita\u00e7\u00e3o ou alergias e s\u00e3o menos eficazes na remo\u00e7\u00e3o dos pelos, exigindo repeti\u00e7\u00f5es e aumentando o risco de les\u00f5es.<\/li>\n<li><strong>Depila\u00e7\u00e3o a laser e luz pulsada<\/strong>: Os procedimentos de depila\u00e7\u00e3o definitiva est\u00e3o <strong>contraindicados durante a gesta\u00e7\u00e3o<\/strong>. H\u00e1 falta de estudos conclusivos sobre seus efeitos para o beb\u00ea, e h\u00e1 riscos de manchas e altera\u00e7\u00f5es hormonais na pele.<\/li>\n<li><strong>Produtos com \u00e1lcool, c\u00e2nfora, mentol ou ess\u00eancias fortes<\/strong>: Esses componentes podem irritar a pele sens\u00edvel da gestante, aumentando o risco de alergias e desconfortos.<\/li>\n<\/ul>\n<p>\n      Lembre-se: <strong>Jamais utilize produtos qu\u00edmicos ou procedimentos invasivos na depila\u00e7\u00e3o durante a gravidez sem orienta\u00e7\u00e3o m\u00e9dica<\/strong>.\n    <\/p>\n<\/section>\n<section>\n<h2>Cuidados Gerais na Depila\u00e7\u00e3o para Gestantes<\/h2>\n<p>\n      Al\u00e9m da escolha adequada dos <strong>produtos para depilar na gravidez<\/strong>, \u00e9 importante seguir algumas dicas para garantir seguran\u00e7a e conforto:\n    <\/p>\n<ul>\n<li>Mantenha a <strong>higieniza\u00e7\u00e3o<\/strong> do local antes e depois do procedimento.<\/li>\n<li>Evite ambientes com muita umidade ou calor excessivo, prevenindo a prolifera\u00e7\u00e3o de bact\u00e9rias.<\/li>\n<li>Se poss\u00edvel, realize a depila\u00e7\u00e3o em espa\u00e7os especializados e com profissionais experientes.<\/li>\n<li><strong>Converse com o obstetra<\/strong> antes de usar qualquer novo m\u00e9todo depilat\u00f3rio ou produto na gravidez.<\/li>\n<\/ul>\n<\/section>\n<section>\n<h2>D\u00favidas Frequentes sobre Depila\u00e7\u00e3o em Gestantes<\/h2>\n<details>\n<summary><strong>Depila\u00e7\u00e3o pode causar complica\u00e7\u00f5es na gravidez?<\/strong><\/summary>\n<p>Quando feita com seguran\u00e7a e produtos apropriados, a depila\u00e7\u00e3o n\u00e3o causa problemas para a gravidez, mas deve ser adaptada para evitar riscos.<\/p>\n<\/details>\n<details>\n<summary><strong>Gestante pode usar l\u00e2mina?<\/strong><\/summary>\n<p>Sim, o uso \u00e9 permitido, sempre com l\u00e2mina nova e sem pressa para evitar cortes na pele sens\u00edvel.<\/p>\n<\/details>\n<details>\n<summary><strong>Depila\u00e7\u00e3o a laser faz mal na gesta\u00e7\u00e3o?<\/strong><\/summary>\n<p>N\u00e3o h\u00e1 estudos comprovando a seguran\u00e7a. Por precau\u00e7\u00e3o, esse m\u00e9todo \u00e9 contraindicado para gestantes.<\/p>\n<\/details>\n<\/section>\n<section>\n<h2>Conclus\u00e3o<\/h2>\n<p>\n      A depila\u00e7\u00e3o durante a gesta\u00e7\u00e3o pode ser feita com seguran\u00e7a, desde que sejam respeitados os <strong>produtos permitidos e as contraindica\u00e7\u00f5es<\/strong>. Manter-se informada, conversar com seu m\u00e9dico e buscar profissionais qualificados s\u00e3o as melhores maneiras de garantir o conforto e bem-estar nesse per\u00edodo t\u00e3o especial.\n    <\/p>\n<p>\n      Compartilhe esse conte\u00fado com outras futuras mam\u00e3es e ajude a promover uma gravidez mais leve, saud\u00e1vel e segura!\n    <\/p>\n<\/section>\n<footer>\n<p>Publicado em <time datetime=\"2024-06-10\">10 de junho de 2024<\/time><\/p>\n<\/footer>\n<\/article>\n","protected":false},"excerpt":{"rendered":"<p>Produtos Indicados e Proibidos para Depila\u00e7\u00e3o em Gestantes: Cuidados Essenciais para uma Depila\u00e7\u00e3o Segura Introdu\u00e7\u00e3o A gesta\u00e7\u00e3o \u00e9 um momento especial da vida, cheio de transforma\u00e7\u00f5es f\u00edsicas e emocionais. Para muitas mulheres, manter uma rotina de cuidados pessoais, como a depila\u00e7\u00e3o, \u00e9 importante para o bem-estar e autoestima. No entanto, nesse per\u00edodo, alguns produtos e &hellip;<\/p>\n<p class=\"read-more\"> <a class=\"\" href=\"https:\/\/fernandadepilacao.com.br\/portal\/2026\/03\/depilacao-segura-na-gestacao-produtos-indicados-proibidos-cuidados-essenciais\/\"> <span class=\"screen-reader-text\">Depila\u00e7\u00e3o Segura na Gesta\u00e7\u00e3o: Produtos Indicados, Proibidos e Cuidados Essenciais<\/span> Leia mais &raquo;<\/a><\/p>\n","protected":false},"author":1,"featured_media":1403,"comment_status":"open","ping_status":"open","sticky":false,"template":"","format":"standard","meta":[],"categories":[1],"tags":[],"yoast_head":"<!-- This site is optimized with the Yoast SEO plugin v18.4.1 - https:\/\/yoast.com\/wordpress\/plugins\/seo\/ -->\n<title>Depila\u00e7\u00e3o Segura na Gesta\u00e7\u00e3o: Produtos Indicados, Proibidos e Cuidados Essenciais - Fernanda Depila\u00e7\u00e3o<\/title>\n<meta name=\"robots\" content=\"index, follow, max-snippet:-1, max-image-preview:large, max-video-preview:-1\" \/>\n<link rel=\"canonical\" href=\"https:\/\/fernandadepilacao.com.br\/portal\/2026\/03\/depilacao-segura-na-gestacao-produtos-indicados-proibidos-cuidados-essenciais\/\" \/>\n<meta property=\"og:locale\" content=\"pt_BR\" \/>\n<meta property=\"og:type\" content=\"article\" \/>\n<meta property=\"og:title\" content=\"Depila\u00e7\u00e3o Segura na Gesta\u00e7\u00e3o: Produtos Indicados, Proibidos e Cuidados Essenciais - Fernanda Depila\u00e7\u00e3o\" \/>\n<meta property=\"og:description\" content=\"Produtos Indicados e Proibidos para Depila\u00e7\u00e3o em Gestantes: Cuidados Essenciais para uma Depila\u00e7\u00e3o Segura Introdu\u00e7\u00e3o A gesta\u00e7\u00e3o \u00e9 um momento especial da vida, cheio de transforma\u00e7\u00f5es f\u00edsicas e emocionais. Para muitas mulheres, manter uma rotina de cuidados pessoais, como a depila\u00e7\u00e3o, \u00e9 importante para o bem-estar e autoestima. No entanto, nesse per\u00edodo, alguns produtos e &hellip; Depila\u00e7\u00e3o Segura na Gesta\u00e7\u00e3o: Produtos Indicados, Proibidos e Cuidados Essenciais Leia mais &raquo;\" \/>\n<meta property=\"og:url\" content=\"https:\/\/fernandadepilacao.com.br\/portal\/2026\/03\/depilacao-segura-na-gestacao-produtos-indicados-proibidos-cuidados-essenciais\/\" \/>\n<meta property=\"og:site_name\" content=\"Fernanda Depila\u00e7\u00e3o\" \/>\n<meta property=\"article:publisher\" content=\"https:\/\/www.facebook.com\/ferjobdepilacao\" \/>\n<meta property=\"article:published_time\" content=\"2026-03-10T19:01:55+00:00\" \/>\n<meta property=\"article:modified_time\" content=\"2026-03-10T19:01:56+00:00\" \/>\n<meta name=\"twitter:card\" content=\"summary_large_image\" \/>\n<meta name=\"twitter:label1\" content=\"Escrito por\" \/>\n\t<meta name=\"twitter:data1\" content=\"fernandajob\" \/>\n\t<meta name=\"twitter:label2\" content=\"Est. tempo de leitura\" \/>\n\t<meta name=\"twitter:data2\" content=\"4 minutos\" \/>\n<script type=\"application\/ld+json\" class=\"yoast-schema-graph\">{\"@context\":\"https:\/\/schema.org\",\"@graph\":[{\"@type\":\"Organization\",\"@id\":\"https:\/\/fernandadepilacao.com.br\/portal\/#organization\",\"name\":\"Fernanda Depila\u00e7\u00e3o\",\"url\":\"https:\/\/fernandadepilacao.com.br\/portal\/\",\"sameAs\":[\"https:\/\/www.facebook.com\/ferjobdepilacao\",\"http:\/\/instagram.com\/fernanda_job\"],\"logo\":{\"@type\":\"ImageObject\",\"@id\":\"https:\/\/fernandadepilacao.com.br\/portal\/#logo\",\"inLanguage\":\"pt-BR\",\"url\":\"http:\/\/fernandadepilacao.com.br\/portal\/wp-content\/uploads\/2021\/03\/logo_fernanda.png\",\"contentUrl\":\"http:\/\/fernandadepilacao.com.br\/portal\/wp-content\/uploads\/2021\/03\/logo_fernanda.png\",\"width\":673,\"height\":688,\"caption\":\"Fernanda Depila\u00e7\u00e3o\"},\"image\":{\"@id\":\"https:\/\/fernandadepilacao.com.br\/portal\/#logo\"}},{\"@type\":\"WebSite\",\"@id\":\"https:\/\/fernandadepilacao.com.br\/portal\/#website\",\"url\":\"https:\/\/fernandadepilacao.com.br\/portal\/\",\"name\":\"Fernanda Depila\u00e7\u00e3o\",\"description\":\"\",\"publisher\":{\"@id\":\"https:\/\/fernandadepilacao.com.br\/portal\/#organization\"},\"potentialAction\":[{\"@type\":\"SearchAction\",\"target\":{\"@type\":\"EntryPoint\",\"urlTemplate\":\"https:\/\/fernandadepilacao.com.br\/portal\/?s={search_term_string}\"},\"query-input\":\"required name=search_term_string\"}],\"inLanguage\":\"pt-BR\"},{\"@type\":\"ImageObject\",\"@id\":\"https:\/\/fernandadepilacao.com.br\/portal\/2026\/03\/depilacao-segura-na-gestacao-produtos-indicados-proibidos-cuidados-essenciais\/#primaryimage\",\"inLanguage\":\"pt-BR\",\"url\":\"https:\/\/fernandadepilacao.com.br\/portal\/wp-content\/uploads\/2026\/03\/20260310160153.png\",\"contentUrl\":\"https:\/\/fernandadepilacao.com.br\/portal\/wp-content\/uploads\/2026\/03\/20260310160153.png\",\"width\":500,\"height\":500},{\"@type\":\"WebPage\",\"@id\":\"https:\/\/fernandadepilacao.com.br\/portal\/2026\/03\/depilacao-segura-na-gestacao-produtos-indicados-proibidos-cuidados-essenciais\/#webpage\",\"url\":\"https:\/\/fernandadepilacao.com.br\/portal\/2026\/03\/depilacao-segura-na-gestacao-produtos-indicados-proibidos-cuidados-essenciais\/\",\"name\":\"Depila\u00e7\u00e3o Segura na Gesta\u00e7\u00e3o: Produtos Indicados, Proibidos e Cuidados Essenciais - Fernanda Depila\u00e7\u00e3o\",\"isPartOf\":{\"@id\":\"https:\/\/fernandadepilacao.com.br\/portal\/#website\"},\"primaryImageOfPage\":{\"@id\":\"https:\/\/fernandadepilacao.com.br\/portal\/2026\/03\/depilacao-segura-na-gestacao-produtos-indicados-proibidos-cuidados-essenciais\/#primaryimage\"},\"datePublished\":\"2026-03-10T19:01:55+00:00\",\"dateModified\":\"2026-03-10T19:01:56+00:00\",\"breadcrumb\":{\"@id\":\"https:\/\/fernandadepilacao.com.br\/portal\/2026\/03\/depilacao-segura-na-gestacao-produtos-indicados-proibidos-cuidados-essenciais\/#breadcrumb\"},\"inLanguage\":\"pt-BR\",\"potentialAction\":[{\"@type\":\"ReadAction\",\"target\":[\"https:\/\/fernandadepilacao.com.br\/portal\/2026\/03\/depilacao-segura-na-gestacao-produtos-indicados-proibidos-cuidados-essenciais\/\"]}]},{\"@type\":\"BreadcrumbList\",\"@id\":\"https:\/\/fernandadepilacao.com.br\/portal\/2026\/03\/depilacao-segura-na-gestacao-produtos-indicados-proibidos-cuidados-essenciais\/#breadcrumb\",\"itemListElement\":[{\"@type\":\"ListItem\",\"position\":1,\"name\":\"In\u00edcio\",\"item\":\"http:\/\/fernandadepilacao.com.br\/portal\/\"},{\"@type\":\"ListItem\",\"position\":2,\"name\":\"Depila\u00e7\u00e3o Segura na Gesta\u00e7\u00e3o: Produtos Indicados, Proibidos e Cuidados Essenciais\"}]},{\"@type\":\"Article\",\"@id\":\"https:\/\/fernandadepilacao.com.br\/portal\/2026\/03\/depilacao-segura-na-gestacao-produtos-indicados-proibidos-cuidados-essenciais\/#article\",\"isPartOf\":{\"@id\":\"https:\/\/fernandadepilacao.com.br\/portal\/2026\/03\/depilacao-segura-na-gestacao-produtos-indicados-proibidos-cuidados-essenciais\/#webpage\"},\"author\":{\"@id\":\"https:\/\/fernandadepilacao.com.br\/portal\/#\/schema\/person\/d00644c3bbfd9fd17711767a3b1abbd0\"},\"headline\":\"Depila\u00e7\u00e3o Segura na Gesta\u00e7\u00e3o: Produtos Indicados, Proibidos e Cuidados Essenciais\",\"datePublished\":\"2026-03-10T19:01:55+00:00\",\"dateModified\":\"2026-03-10T19:01:56+00:00\",\"mainEntityOfPage\":{\"@id\":\"https:\/\/fernandadepilacao.com.br\/portal\/2026\/03\/depilacao-segura-na-gestacao-produtos-indicados-proibidos-cuidados-essenciais\/#webpage\"},\"wordCount\":741,\"commentCount\":0,\"publisher\":{\"@id\":\"https:\/\/fernandadepilacao.com.br\/portal\/#organization\"},\"image\":{\"@id\":\"https:\/\/fernandadepilacao.com.br\/portal\/2026\/03\/depilacao-segura-na-gestacao-produtos-indicados-proibidos-cuidados-essenciais\/#primaryimage\"},\"thumbnailUrl\":\"https:\/\/fernandadepilacao.com.br\/portal\/wp-content\/uploads\/2026\/03\/20260310160153.png\",\"inLanguage\":\"pt-BR\",\"potentialAction\":[{\"@type\":\"CommentAction\",\"name\":\"Comment\",\"target\":[\"https:\/\/fernandadepilacao.com.br\/portal\/2026\/03\/depilacao-segura-na-gestacao-produtos-indicados-proibidos-cuidados-essenciais\/#respond\"]}]},{\"@type\":\"Person\",\"@id\":\"https:\/\/fernandadepilacao.com.br\/portal\/#\/schema\/person\/d00644c3bbfd9fd17711767a3b1abbd0\",\"name\":\"fernandajob\",\"image\":{\"@type\":\"ImageObject\",\"@id\":\"https:\/\/fernandadepilacao.com.br\/portal\/#personlogo\",\"inLanguage\":\"pt-BR\",\"url\":\"https:\/\/secure.gravatar.com\/avatar\/6c2268a68d69a325906fbdccd74b18e6?s=96&d=mm&r=g\",\"contentUrl\":\"https:\/\/secure.gravatar.com\/avatar\/6c2268a68d69a325906fbdccd74b18e6?s=96&d=mm&r=g\",\"caption\":\"fernandajob\"},\"sameAs\":[\"http:\/\/fernandadepilacao.com.br\/portal\"]}]}<\/script>\n<!-- \/ Yoast SEO plugin. -->","yoast_head_json":{"title":"Depila\u00e7\u00e3o Segura na Gesta\u00e7\u00e3o: Produtos Indicados, Proibidos e Cuidados Essenciais - Fernanda Depila\u00e7\u00e3o","robots":{"index":"index","follow":"follow","max-snippet":"max-snippet:-1","max-image-preview":"max-image-preview:large","max-video-preview":"max-video-preview:-1"},"canonical":"https:\/\/fernandadepilacao.com.br\/portal\/2026\/03\/depilacao-segura-na-gestacao-produtos-indicados-proibidos-cuidados-essenciais\/","og_locale":"pt_BR","og_type":"article","og_title":"Depila\u00e7\u00e3o Segura na Gesta\u00e7\u00e3o: Produtos Indicados, Proibidos e Cuidados Essenciais - Fernanda Depila\u00e7\u00e3o","og_description":"Produtos Indicados e Proibidos para Depila\u00e7\u00e3o em Gestantes: Cuidados Essenciais para uma Depila\u00e7\u00e3o Segura Introdu\u00e7\u00e3o A gesta\u00e7\u00e3o \u00e9 um momento especial da vida, cheio de transforma\u00e7\u00f5es f\u00edsicas e emocionais. Para muitas mulheres, manter uma rotina de cuidados pessoais, como a depila\u00e7\u00e3o, \u00e9 importante para o bem-estar e autoestima. No entanto, nesse per\u00edodo, alguns produtos e &hellip; Depila\u00e7\u00e3o Segura na Gesta\u00e7\u00e3o: Produtos Indicados, Proibidos e Cuidados Essenciais Leia mais &raquo;","og_url":"https:\/\/fernandadepilacao.com.br\/portal\/2026\/03\/depilacao-segura-na-gestacao-produtos-indicados-proibidos-cuidados-essenciais\/","og_site_name":"Fernanda Depila\u00e7\u00e3o","article_publisher":"https:\/\/www.facebook.com\/ferjobdepilacao","article_published_time":"2026-03-10T19:01:55+00:00","article_modified_time":"2026-03-10T19:01:56+00:00","twitter_card":"summary_large_image","twitter_misc":{"Escrito por":"fernandajob","Est. tempo de leitura":"4 minutos"},"schema":{"@context":"https:\/\/schema.org","@graph":[{"@type":"Organization","@id":"https:\/\/fernandadepilacao.com.br\/portal\/#organization","name":"Fernanda Depila\u00e7\u00e3o","url":"https:\/\/fernandadepilacao.com.br\/portal\/","sameAs":["https:\/\/www.facebook.com\/ferjobdepilacao","http:\/\/instagram.com\/fernanda_job"],"logo":{"@type":"ImageObject","@id":"https:\/\/fernandadepilacao.com.br\/portal\/#logo","inLanguage":"pt-BR","url":"http:\/\/fernandadepilacao.com.br\/portal\/wp-content\/uploads\/2021\/03\/logo_fernanda.png","contentUrl":"http:\/\/fernandadepilacao.com.br\/portal\/wp-content\/uploads\/2021\/03\/logo_fernanda.png","width":673,"height":688,"caption":"Fernanda Depila\u00e7\u00e3o"},"image":{"@id":"https:\/\/fernandadepilacao.com.br\/portal\/#logo"}},{"@type":"WebSite","@id":"https:\/\/fernandadepilacao.com.br\/portal\/#website","url":"https:\/\/fernandadepilacao.com.br\/portal\/","name":"Fernanda Depila\u00e7\u00e3o","description":"","publisher":{"@id":"https:\/\/fernandadepilacao.com.br\/portal\/#organization"},"potentialAction":[{"@type":"SearchAction","target":{"@type":"EntryPoint","urlTemplate":"https:\/\/fernandadepilacao.com.br\/portal\/?s={search_term_string}"},"query-input":"required name=search_term_string"}],"inLanguage":"pt-BR"},{"@type":"ImageObject","@id":"https:\/\/fernandadepilacao.com.br\/portal\/2026\/03\/depilacao-segura-na-gestacao-produtos-indicados-proibidos-cuidados-essenciais\/#primaryimage","inLanguage":"pt-BR","url":"https:\/\/fernandadepilacao.com.br\/portal\/wp-content\/uploads\/2026\/03\/20260310160153.png","contentUrl":"https:\/\/fernandadepilacao.com.br\/portal\/wp-content\/uploads\/2026\/03\/20260310160153.png","width":500,"height":500},{"@type":"WebPage","@id":"https:\/\/fernandadepilacao.com.br\/portal\/2026\/03\/depilacao-segura-na-gestacao-produtos-indicados-proibidos-cuidados-essenciais\/#webpage","url":"https:\/\/fernandadepilacao.com.br\/portal\/2026\/03\/depilacao-segura-na-gestacao-produtos-indicados-proibidos-cuidados-essenciais\/","name":"Depila\u00e7\u00e3o Segura na Gesta\u00e7\u00e3o: Produtos Indicados, Proibidos e Cuidados Essenciais - Fernanda Depila\u00e7\u00e3o","isPartOf":{"@id":"https:\/\/fernandadepilacao.com.br\/portal\/#website"},"primaryImageOfPage":{"@id":"https:\/\/fernandadepilacao.com.br\/portal\/2026\/03\/depilacao-segura-na-gestacao-produtos-indicados-proibidos-cuidados-essenciais\/#primaryimage"},"datePublished":"2026-03-10T19:01:55+00:00","dateModified":"2026-03-10T19:01:56+00:00","breadcrumb":{"@id":"https:\/\/fernandadepilacao.com.br\/portal\/2026\/03\/depilacao-segura-na-gestacao-produtos-indicados-proibidos-cuidados-essenciais\/#breadcrumb"},"inLanguage":"pt-BR","potentialAction":[{"@type":"ReadAction","target":["https:\/\/fernandadepilacao.com.br\/portal\/2026\/03\/depilacao-segura-na-gestacao-produtos-indicados-proibidos-cuidados-essenciais\/"]}]},{"@type":"BreadcrumbList","@id":"https:\/\/fernandadepilacao.com.br\/portal\/2026\/03\/depilacao-segura-na-gestacao-produtos-indicados-proibidos-cuidados-essenciais\/#breadcrumb","itemListElement":[{"@type":"ListItem","position":1,"name":"In\u00edcio","item":"http:\/\/fernandadepilacao.com.br\/portal\/"},{"@type":"ListItem","position":2,"name":"Depila\u00e7\u00e3o Segura na Gesta\u00e7\u00e3o: Produtos Indicados, Proibidos e Cuidados Essenciais"}]},{"@type":"Article","@id":"https:\/\/fernandadepilacao.com.br\/portal\/2026\/03\/depilacao-segura-na-gestacao-produtos-indicados-proibidos-cuidados-essenciais\/#article","isPartOf":{"@id":"https:\/\/fernandadepilacao.com.br\/portal\/2026\/03\/depilacao-segura-na-gestacao-produtos-indicados-proibidos-cuidados-essenciais\/#webpage"},"author":{"@id":"https:\/\/fernandadepilacao.com.br\/portal\/#\/schema\/person\/d00644c3bbfd9fd17711767a3b1abbd0"},"headline":"Depila\u00e7\u00e3o Segura na Gesta\u00e7\u00e3o: Produtos Indicados, Proibidos e Cuidados Essenciais","datePublished":"2026-03-10T19:01:55+00:00","dateModified":"2026-03-10T19:01:56+00:00","mainEntityOfPage":{"@id":"https:\/\/fernandadepilacao.com.br\/portal\/2026\/03\/depilacao-segura-na-gestacao-produtos-indicados-proibidos-cuidados-essenciais\/#webpage"},"wordCount":741,"commentCount":0,"publisher":{"@id":"https:\/\/fernandadepilacao.com.br\/portal\/#organization"},"image":{"@id":"https:\/\/fernandadepilacao.com.br\/portal\/2026\/03\/depilacao-segura-na-gestacao-produtos-indicados-proibidos-cuidados-essenciais\/#primaryimage"},"thumbnailUrl":"https:\/\/fernandadepilacao.com.br\/portal\/wp-content\/uploads\/2026\/03\/20260310160153.png","inLanguage":"pt-BR","potentialAction":[{"@type":"CommentAction","name":"Comment","target":["https:\/\/fernandadepilacao.com.br\/portal\/2026\/03\/depilacao-segura-na-gestacao-produtos-indicados-proibidos-cuidados-essenciais\/#respond"]}]},{"@type":"Person","@id":"https:\/\/fernandadepilacao.com.br\/portal\/#\/schema\/person\/d00644c3bbfd9fd17711767a3b1abbd0","name":"fernandajob","image":{"@type":"ImageObject","@id":"https:\/\/fernandadepilacao.com.br\/portal\/#personlogo","inLanguage":"pt-BR","url":"https:\/\/secure.gravatar.com\/avatar\/6c2268a68d69a325906fbdccd74b18e6?s=96&d=mm&r=g","contentUrl":"https:\/\/secure.gravatar.com\/avatar\/6c2268a68d69a325906fbdccd74b18e6?s=96&d=mm&r=g","caption":"fernandajob"},"sameAs":["http:\/\/fernandadepilacao.com.br\/portal"]}]}},"uagb_featured_image_src":{"full":["https:\/\/fernandadepilacao.com.br\/portal\/wp-content\/uploads\/2026\/03\/20260310160153.png",500,500,false],"thumbnail":["https:\/\/fernandadepilacao.com.br\/portal\/wp-content\/uploads\/2026\/03\/20260310160153-150x150.png",150,150,true],"medium":["https:\/\/fernandadepilacao.com.br\/portal\/wp-content\/uploads\/2026\/03\/20260310160153-300x300.png",300,300,true],"medium_large":["https:\/\/fernandadepilacao.com.br\/portal\/wp-content\/uploads\/2026\/03\/20260310160153.png",500,500,false],"large":["https:\/\/fernandadepilacao.com.br\/portal\/wp-content\/uploads\/2026\/03\/20260310160153.png",500,500,false],"1536x1536":["https:\/\/fernandadepilacao.com.br\/portal\/wp-content\/uploads\/2026\/03\/20260310160153.png",500,500,false],"2048x2048":["https:\/\/fernandadepilacao.com.br\/portal\/wp-content\/uploads\/2026\/03\/20260310160153.png",500,500,false]},"uagb_author_info":{"display_name":"fernandajob","author_link":"https:\/\/fernandadepilacao.com.br\/portal\/author\/fernandajob\/"},"uagb_comment_info":0,"uagb_excerpt":"Produtos Indicados e Proibidos para Depila\u00e7\u00e3o em Gestantes: Cuidados Essenciais para uma Depila\u00e7\u00e3o Segura Introdu\u00e7\u00e3o A gesta\u00e7\u00e3o \u00e9 um momento especial da vida, cheio de transforma\u00e7\u00f5es f\u00edsicas e emocionais. Para muitas mulheres, manter uma rotina de cuidados pessoais, como a depila\u00e7\u00e3o, \u00e9 importante para o bem-estar e autoestima. No entanto, nesse per\u00edodo, alguns produtos e&hellip;","_links":{"self":[{"href":"https:\/\/fernandadepilacao.com.br\/portal\/wp-json\/wp\/v2\/posts\/1404"}],"collection":[{"href":"https:\/\/fernandadepilacao.com.br\/portal\/wp-json\/wp\/v2\/posts"}],"about":[{"href":"https:\/\/fernandadepilacao.com.br\/portal\/wp-json\/wp\/v2\/types\/post"}],"author":[{"embeddable":true,"href":"https:\/\/fernandadepilacao.com.br\/portal\/wp-json\/wp\/v2\/users\/1"}],"replies":[{"embeddable":true,"href":"https:\/\/fernandadepilacao.com.br\/portal\/wp-json\/wp\/v2\/comments?post=1404"}],"version-history":[{"count":1,"href":"https:\/\/fernandadepilacao.com.br\/portal\/wp-json\/wp\/v2\/posts\/1404\/revisions"}],"predecessor-version":[{"id":1405,"href":"https:\/\/fernandadepilacao.com.br\/portal\/wp-json\/wp\/v2\/posts\/1404\/revisions\/1405"}],"wp:featuredmedia":[{"embeddable":true,"href":"https:\/\/fernandadepilacao.com.br\/portal\/wp-json\/wp\/v2\/media\/1403"}],"wp:attachment":[{"href":"https:\/\/fernandadepilacao.com.br\/portal\/wp-json\/wp\/v2\/media?parent=1404"}],"wp:term":[{"taxonomy":"category","embeddable":true,"href":"https:\/\/fernandadepilacao.com.br\/portal\/wp-json\/wp\/v2\/categories?post=1404"},{"taxonomy":"post_tag","embeddable":true,"href":"https:\/\/fernandadepilacao.com.br\/portal\/wp-json\/wp\/v2\/tags?post=1404"}],"curies":[{"name":"wp","href":"https:\/\/api.w.org\/{rel}","templated":true}]}}