{"id":1401,"date":"2026-03-10T08:02:07","date_gmt":"2026-03-10T11:02:07","guid":{"rendered":"https:\/\/fernandadepilacao.com.br\/portal\/2026\/03\/depilacao-segura-na-gravidez-metodos-cuidados\/"},"modified":"2026-03-10T08:02:08","modified_gmt":"2026-03-10T11:02:08","slug":"depilacao-segura-na-gravidez-metodos-cuidados","status":"publish","type":"post","link":"https:\/\/fernandadepilacao.com.br\/portal\/2026\/03\/depilacao-segura-na-gravidez-metodos-cuidados\/","title":{"rendered":"Depila\u00e7\u00e3o Segura na Gravidez: M\u00e9todos Recomendados e Cuidados Essenciais"},"content":{"rendered":"<article>\n<header>\n<h1>M\u00e9todos de Depila\u00e7\u00e3o Mais Seguros para Gestantes: Cuidados e Recomenda\u00e7\u00f5es<\/h1>\n<p><strong>Publicado em:<\/strong> 10 de junho de 2024<\/p>\n<\/header>\n<section>\n<h2>Introdu\u00e7\u00e3o<\/h2>\n<p>A gravidez \u00e9 um momento especial recheado de mudan\u00e7as f\u00edsicas e emocionais. Com a nova rotina, \u00e9 natural que surjam d\u00favidas sobre cuidados com o corpo, e a <strong>depila\u00e7\u00e3o para gestantes<\/strong> \u00e9 uma das quest\u00f5es mais comuns nos consult\u00f3rios de est\u00e9tica. Afinal, quais s\u00e3o os m\u00e9todos de depila\u00e7\u00e3o mais seguros na gravidez? H\u00e1 restri\u00e7\u00f5es? O que deve ser evitado?<\/p>\n<p>Este artigo traz um guia completo com informa\u00e7\u00f5es atualizadas e seguras para manter a pele lisinha durante a gesta\u00e7\u00e3o, sempre priorizando o bem-estar e a sa\u00fade da futura mam\u00e3e e do beb\u00ea.<\/p>\n<\/section>\n<section>\n<h2>Por que ter cuidado extra com a depila\u00e7\u00e3o na gravidez?<\/h2>\n<p>Durante a gesta\u00e7\u00e3o, o corpo feminino passa por mudan\u00e7as hormonais que deixam a pele mais sens\u00edvel, aumentando a propens\u00e3o a alergias, irrita\u00e7\u00f5es e at\u00e9 pequenas infec\u00e7\u00f5es. Por isso, a escolha do <strong>m\u00e9todo de depila\u00e7\u00e3o<\/strong> deve ser feita com aten\u00e7\u00e3o extra para evitar desconfortos e complica\u00e7\u00f5es.<\/p>\n<\/section>\n<section>\n<h2>Os melhores m\u00e9todos de depila\u00e7\u00e3o para gr\u00e1vidas<\/h2>\n<p>Confira abaixo uma an\u00e1lise dos principais m\u00e9todos de depila\u00e7\u00e3o, com \u00eanfase na seguran\u00e7a para gestantes:<\/p>\n<ul>\n<li>\n<h3>1. L\u00e2mina de barbear<\/h3>\n<p>\u00c9 uma op\u00e7\u00e3o simples, acess\u00edvel e sem contraindica\u00e7\u00f5es graves para gestantes. Deve-se utilizar l\u00e2mina nova, pr\u00f3pria para uso feminino, e sempre fazer a depila\u00e7\u00e3o com a pele \u00famida, usando creme ou gel espec\u00edfico para evitar cortes e foliculite.<\/p>\n<\/li>\n<li>\n<h3>2. Creme Depilat\u00f3rio<\/h3>\n<p>Embora sejam pr\u00e1ticos, os <strong>cremes depilat\u00f3rios<\/strong> possuem subst\u00e2ncias qu\u00edmicas que podem causar alergia em peles mais sens\u00edveis, comum durante a gravidez. S\u00f3 devem ser utilizados com orienta\u00e7\u00e3o m\u00e9dica, optando sempre por produtos testados dermatologicamente e realizando o teste de toque em uma pequena \u00e1rea da pele.<\/p>\n<\/li>\n<li>\n<h3>3. Cera morna (quente)<\/h3>\n<p>A <strong>depila\u00e7\u00e3o com cera morna<\/strong> \u00e9 permitida, mas alguns cuidados s\u00e3o fundamentais: procure profissionais qualificados, garanta o uso de cera descart\u00e1vel e evite altas temperaturas para n\u00e3o causar queimaduras. A pele da gestante tende a ser mais delicada, o que pode resultar em manchas e dor aumentada.<\/p>\n<\/li>\n<li>\n<h3>4. Depila\u00e7\u00e3o com pin\u00e7a<\/h3>\n<p>A depila\u00e7\u00e3o com pin\u00e7a \u00e9 segura, especialmente para pequenos detalhes como sobrancelhas ou bu\u00e7o. \u00c9 um m\u00e9todo manual, sem uso de produtos qu\u00edmicos, ficando assim com baixo risco de rea\u00e7\u00e3o al\u00e9rgica.<\/p>\n<\/li>\n<\/ul>\n<\/section>\n<section>\n<h2>M\u00e9todos que devem ser evitados na gesta\u00e7\u00e3o<\/h2>\n<ul>\n<li>\n<h3>Depila\u00e7\u00e3o a laser<\/h3>\n<p>Por n\u00e3o haver estudos suficientes sobre a seguran\u00e7a da exposi\u00e7\u00e3o do beb\u00ea \u00e0s ondas de luz, a <strong>depila\u00e7\u00e3o a laser durante a gravidez<\/strong> deve ser evitada. O consenso entre profissionais \u00e9 suspender o procedimento, retornando somente ap\u00f3s o per\u00edodo de amamenta\u00e7\u00e3o, com libera\u00e7\u00e3o m\u00e9dica.<\/p>\n<\/li>\n<li>\n<h3>Fotodepila\u00e7\u00e3o (Luz pulsada)<\/h3>\n<p>Sem pesquisas conclusivas sobre a total seguran\u00e7a, o m\u00e9todo tamb\u00e9m n\u00e3o \u00e9 recomendado durante a gesta\u00e7\u00e3o.<\/p>\n<\/li>\n<\/ul>\n<\/section>\n<section>\n<h2>Cuidados essenciais antes e depois da depila\u00e7\u00e3o<\/h2>\n<ul>\n<li>Mantenha a pele limpa e seca antes da depila\u00e7\u00e3o.<\/li>\n<li>Evite exposi\u00e7\u00e3o solar nas \u00e1reas depiladas por pelo menos 24 horas.<\/li>\n<li>Hidrate a pele ap\u00f3s a depila\u00e7\u00e3o com produtos hipoalerg\u00eanicos.<\/li>\n<li>Em caso de irrita\u00e7\u00e3o ou coceira, procure um dermatologista imediatamente.<\/li>\n<li>Prefira fazer a depila\u00e7\u00e3o em cl\u00ednicas especializadas, garantindo t\u00e9cnicas corretas e higiene adequada.<\/li>\n<\/ul>\n<\/section>\n<section>\n<h2>Sugest\u00f5es para uma depila\u00e7\u00e3o tranquila na gravidez<\/h2>\n<p>Se poss\u00edvel, converse com o seu obstetra antes de optar por qualquer m\u00e9todo de depila\u00e7\u00e3o. Cada gesta\u00e7\u00e3o \u00e9 \u00fanica e, por mais simples que pare\u00e7a o procedimento, \u00e9 fundamental zelar pela seguran\u00e7a e pelo conforto neste momento t\u00e3o delicado.<\/p>\n<p>Evite depilar regi\u00f5es inflamadas, com varizes, feridas ou infec\u00e7\u00f5es. Sempre utilize produtos de qualidade comprovada e mantenha o acompanhamento com profissionais de confian\u00e7a.<\/p>\n<\/section>\n<section>\n<h2>Conclus\u00e3o: A depila\u00e7\u00e3o segura para gestantes \u00e9 poss\u00edvel<\/h2>\n<p>Cuidar-se faz parte do bem-estar na gesta\u00e7\u00e3o. Com escolhas certeiras, informa\u00e7\u00e3o e orienta\u00e7\u00e3o profissional, a depila\u00e7\u00e3o durante a gravidez pode ser feita de forma tranquila e segura. Lembre-se de sempre prezar pela sua sa\u00fade e do seu beb\u00ea, respeitando as orienta\u00e7\u00f5es de m\u00e9dicos e especialistas em estetica.<\/p>\n<p>Se gostou deste conte\u00fado, compartilhe com outras mam\u00e3es e fique por dentro dos nossos pr\u00f3ximos posts sobre <strong>est\u00e9tica para gestantes<\/strong>!<\/p>\n<\/section>\n<footer>\n<p>Tags: <a href=\"\/tag\/depilacao-para-gestantes\">depila\u00e7\u00e3o para gestantes<\/a>, <a href=\"\/tag\/m\u00e9todos-seguros-depila\u00e7\u00e3o\">m\u00e9todos seguros de depila\u00e7\u00e3o<\/a>, <a href=\"\/tag\/cuidados-na-gravidez\">cuidados na gravidez<\/a><\/p>\n<\/footer>\n<\/article>\n","protected":false},"excerpt":{"rendered":"<p>M\u00e9todos de Depila\u00e7\u00e3o Mais Seguros para Gestantes: Cuidados e Recomenda\u00e7\u00f5es Publicado em: 10 de junho de 2024 Introdu\u00e7\u00e3o A gravidez \u00e9 um momento especial recheado de mudan\u00e7as f\u00edsicas e emocionais. Com a nova rotina, \u00e9 natural que surjam d\u00favidas sobre cuidados com o corpo, e a depila\u00e7\u00e3o para gestantes \u00e9 uma das quest\u00f5es mais comuns &hellip;<\/p>\n<p class=\"read-more\"> <a class=\"\" href=\"https:\/\/fernandadepilacao.com.br\/portal\/2026\/03\/depilacao-segura-na-gravidez-metodos-cuidados\/\"> <span class=\"screen-reader-text\">Depila\u00e7\u00e3o Segura na Gravidez: M\u00e9todos Recomendados e Cuidados Essenciais<\/span> Leia mais &raquo;<\/a><\/p>\n","protected":false},"author":1,"featured_media":1400,"comment_status":"open","ping_status":"open","sticky":false,"template":"","format":"standard","meta":[],"categories":[1],"tags":[],"yoast_head":"<!-- This site is optimized with the Yoast SEO plugin v18.4.1 - https:\/\/yoast.com\/wordpress\/plugins\/seo\/ -->\n<title>Depila\u00e7\u00e3o Segura na Gravidez: M\u00e9todos Recomendados e Cuidados Essenciais - Fernanda Depila\u00e7\u00e3o<\/title>\n<meta name=\"robots\" content=\"index, follow, max-snippet:-1, max-image-preview:large, max-video-preview:-1\" \/>\n<link rel=\"canonical\" href=\"https:\/\/fernandadepilacao.com.br\/portal\/2026\/03\/depilacao-segura-na-gravidez-metodos-cuidados\/\" \/>\n<meta property=\"og:locale\" content=\"pt_BR\" \/>\n<meta property=\"og:type\" content=\"article\" \/>\n<meta property=\"og:title\" content=\"Depila\u00e7\u00e3o Segura na Gravidez: M\u00e9todos Recomendados e Cuidados Essenciais - Fernanda Depila\u00e7\u00e3o\" \/>\n<meta property=\"og:description\" content=\"M\u00e9todos de Depila\u00e7\u00e3o Mais Seguros para Gestantes: Cuidados e Recomenda\u00e7\u00f5es Publicado em: 10 de junho de 2024 Introdu\u00e7\u00e3o A gravidez \u00e9 um momento especial recheado de mudan\u00e7as f\u00edsicas e emocionais. Com a nova rotina, \u00e9 natural que surjam d\u00favidas sobre cuidados com o corpo, e a depila\u00e7\u00e3o para gestantes \u00e9 uma das quest\u00f5es mais comuns &hellip; Depila\u00e7\u00e3o Segura na Gravidez: M\u00e9todos Recomendados e Cuidados Essenciais Leia mais &raquo;\" \/>\n<meta property=\"og:url\" content=\"https:\/\/fernandadepilacao.com.br\/portal\/2026\/03\/depilacao-segura-na-gravidez-metodos-cuidados\/\" \/>\n<meta property=\"og:site_name\" content=\"Fernanda Depila\u00e7\u00e3o\" \/>\n<meta property=\"article:publisher\" content=\"https:\/\/www.facebook.com\/ferjobdepilacao\" \/>\n<meta property=\"article:published_time\" content=\"2026-03-10T11:02:07+00:00\" \/>\n<meta property=\"article:modified_time\" content=\"2026-03-10T11:02:08+00:00\" \/>\n<meta name=\"twitter:card\" content=\"summary_large_image\" \/>\n<meta name=\"twitter:label1\" content=\"Escrito por\" \/>\n\t<meta name=\"twitter:data1\" content=\"fernandajob\" \/>\n\t<meta name=\"twitter:label2\" content=\"Est. tempo de leitura\" \/>\n\t<meta name=\"twitter:data2\" content=\"4 minutos\" \/>\n<script type=\"application\/ld+json\" class=\"yoast-schema-graph\">{\"@context\":\"https:\/\/schema.org\",\"@graph\":[{\"@type\":\"Organization\",\"@id\":\"https:\/\/fernandadepilacao.com.br\/portal\/#organization\",\"name\":\"Fernanda Depila\u00e7\u00e3o\",\"url\":\"https:\/\/fernandadepilacao.com.br\/portal\/\",\"sameAs\":[\"https:\/\/www.facebook.com\/ferjobdepilacao\",\"http:\/\/instagram.com\/fernanda_job\"],\"logo\":{\"@type\":\"ImageObject\",\"@id\":\"https:\/\/fernandadepilacao.com.br\/portal\/#logo\",\"inLanguage\":\"pt-BR\",\"url\":\"http:\/\/fernandadepilacao.com.br\/portal\/wp-content\/uploads\/2021\/03\/logo_fernanda.png\",\"contentUrl\":\"http:\/\/fernandadepilacao.com.br\/portal\/wp-content\/uploads\/2021\/03\/logo_fernanda.png\",\"width\":673,\"height\":688,\"caption\":\"Fernanda Depila\u00e7\u00e3o\"},\"image\":{\"@id\":\"https:\/\/fernandadepilacao.com.br\/portal\/#logo\"}},{\"@type\":\"WebSite\",\"@id\":\"https:\/\/fernandadepilacao.com.br\/portal\/#website\",\"url\":\"https:\/\/fernandadepilacao.com.br\/portal\/\",\"name\":\"Fernanda Depila\u00e7\u00e3o\",\"description\":\"\",\"publisher\":{\"@id\":\"https:\/\/fernandadepilacao.com.br\/portal\/#organization\"},\"potentialAction\":[{\"@type\":\"SearchAction\",\"target\":{\"@type\":\"EntryPoint\",\"urlTemplate\":\"https:\/\/fernandadepilacao.com.br\/portal\/?s={search_term_string}\"},\"query-input\":\"required name=search_term_string\"}],\"inLanguage\":\"pt-BR\"},{\"@type\":\"ImageObject\",\"@id\":\"https:\/\/fernandadepilacao.com.br\/portal\/2026\/03\/depilacao-segura-na-gravidez-metodos-cuidados\/#primaryimage\",\"inLanguage\":\"pt-BR\",\"url\":\"https:\/\/fernandadepilacao.com.br\/portal\/wp-content\/uploads\/2026\/03\/20260310080204.png\",\"contentUrl\":\"https:\/\/fernandadepilacao.com.br\/portal\/wp-content\/uploads\/2026\/03\/20260310080204.png\",\"width\":500,\"height\":500},{\"@type\":\"WebPage\",\"@id\":\"https:\/\/fernandadepilacao.com.br\/portal\/2026\/03\/depilacao-segura-na-gravidez-metodos-cuidados\/#webpage\",\"url\":\"https:\/\/fernandadepilacao.com.br\/portal\/2026\/03\/depilacao-segura-na-gravidez-metodos-cuidados\/\",\"name\":\"Depila\u00e7\u00e3o Segura na Gravidez: M\u00e9todos Recomendados e Cuidados Essenciais - Fernanda Depila\u00e7\u00e3o\",\"isPartOf\":{\"@id\":\"https:\/\/fernandadepilacao.com.br\/portal\/#website\"},\"primaryImageOfPage\":{\"@id\":\"https:\/\/fernandadepilacao.com.br\/portal\/2026\/03\/depilacao-segura-na-gravidez-metodos-cuidados\/#primaryimage\"},\"datePublished\":\"2026-03-10T11:02:07+00:00\",\"dateModified\":\"2026-03-10T11:02:08+00:00\",\"breadcrumb\":{\"@id\":\"https:\/\/fernandadepilacao.com.br\/portal\/2026\/03\/depilacao-segura-na-gravidez-metodos-cuidados\/#breadcrumb\"},\"inLanguage\":\"pt-BR\",\"potentialAction\":[{\"@type\":\"ReadAction\",\"target\":[\"https:\/\/fernandadepilacao.com.br\/portal\/2026\/03\/depilacao-segura-na-gravidez-metodos-cuidados\/\"]}]},{\"@type\":\"BreadcrumbList\",\"@id\":\"https:\/\/fernandadepilacao.com.br\/portal\/2026\/03\/depilacao-segura-na-gravidez-metodos-cuidados\/#breadcrumb\",\"itemListElement\":[{\"@type\":\"ListItem\",\"position\":1,\"name\":\"In\u00edcio\",\"item\":\"http:\/\/fernandadepilacao.com.br\/portal\/\"},{\"@type\":\"ListItem\",\"position\":2,\"name\":\"Depila\u00e7\u00e3o Segura na Gravidez: M\u00e9todos Recomendados e Cuidados Essenciais\"}]},{\"@type\":\"Article\",\"@id\":\"https:\/\/fernandadepilacao.com.br\/portal\/2026\/03\/depilacao-segura-na-gravidez-metodos-cuidados\/#article\",\"isPartOf\":{\"@id\":\"https:\/\/fernandadepilacao.com.br\/portal\/2026\/03\/depilacao-segura-na-gravidez-metodos-cuidados\/#webpage\"},\"author\":{\"@id\":\"https:\/\/fernandadepilacao.com.br\/portal\/#\/schema\/person\/d00644c3bbfd9fd17711767a3b1abbd0\"},\"headline\":\"Depila\u00e7\u00e3o Segura na Gravidez: M\u00e9todos Recomendados e Cuidados Essenciais\",\"datePublished\":\"2026-03-10T11:02:07+00:00\",\"dateModified\":\"2026-03-10T11:02:08+00:00\",\"mainEntityOfPage\":{\"@id\":\"https:\/\/fernandadepilacao.com.br\/portal\/2026\/03\/depilacao-segura-na-gravidez-metodos-cuidados\/#webpage\"},\"wordCount\":765,\"commentCount\":0,\"publisher\":{\"@id\":\"https:\/\/fernandadepilacao.com.br\/portal\/#organization\"},\"image\":{\"@id\":\"https:\/\/fernandadepilacao.com.br\/portal\/2026\/03\/depilacao-segura-na-gravidez-metodos-cuidados\/#primaryimage\"},\"thumbnailUrl\":\"https:\/\/fernandadepilacao.com.br\/portal\/wp-content\/uploads\/2026\/03\/20260310080204.png\",\"inLanguage\":\"pt-BR\",\"potentialAction\":[{\"@type\":\"CommentAction\",\"name\":\"Comment\",\"target\":[\"https:\/\/fernandadepilacao.com.br\/portal\/2026\/03\/depilacao-segura-na-gravidez-metodos-cuidados\/#respond\"]}]},{\"@type\":\"Person\",\"@id\":\"https:\/\/fernandadepilacao.com.br\/portal\/#\/schema\/person\/d00644c3bbfd9fd17711767a3b1abbd0\",\"name\":\"fernandajob\",\"image\":{\"@type\":\"ImageObject\",\"@id\":\"https:\/\/fernandadepilacao.com.br\/portal\/#personlogo\",\"inLanguage\":\"pt-BR\",\"url\":\"https:\/\/secure.gravatar.com\/avatar\/6c2268a68d69a325906fbdccd74b18e6?s=96&d=mm&r=g\",\"contentUrl\":\"https:\/\/secure.gravatar.com\/avatar\/6c2268a68d69a325906fbdccd74b18e6?s=96&d=mm&r=g\",\"caption\":\"fernandajob\"},\"sameAs\":[\"http:\/\/fernandadepilacao.com.br\/portal\"]}]}<\/script>\n<!-- \/ Yoast SEO plugin. -->","yoast_head_json":{"title":"Depila\u00e7\u00e3o Segura na Gravidez: M\u00e9todos Recomendados e Cuidados Essenciais - Fernanda Depila\u00e7\u00e3o","robots":{"index":"index","follow":"follow","max-snippet":"max-snippet:-1","max-image-preview":"max-image-preview:large","max-video-preview":"max-video-preview:-1"},"canonical":"https:\/\/fernandadepilacao.com.br\/portal\/2026\/03\/depilacao-segura-na-gravidez-metodos-cuidados\/","og_locale":"pt_BR","og_type":"article","og_title":"Depila\u00e7\u00e3o Segura na Gravidez: M\u00e9todos Recomendados e Cuidados Essenciais - Fernanda Depila\u00e7\u00e3o","og_description":"M\u00e9todos de Depila\u00e7\u00e3o Mais Seguros para Gestantes: Cuidados e Recomenda\u00e7\u00f5es Publicado em: 10 de junho de 2024 Introdu\u00e7\u00e3o A gravidez \u00e9 um momento especial recheado de mudan\u00e7as f\u00edsicas e emocionais. Com a nova rotina, \u00e9 natural que surjam d\u00favidas sobre cuidados com o corpo, e a depila\u00e7\u00e3o para gestantes \u00e9 uma das quest\u00f5es mais comuns &hellip; Depila\u00e7\u00e3o Segura na Gravidez: M\u00e9todos Recomendados e Cuidados Essenciais Leia mais &raquo;","og_url":"https:\/\/fernandadepilacao.com.br\/portal\/2026\/03\/depilacao-segura-na-gravidez-metodos-cuidados\/","og_site_name":"Fernanda Depila\u00e7\u00e3o","article_publisher":"https:\/\/www.facebook.com\/ferjobdepilacao","article_published_time":"2026-03-10T11:02:07+00:00","article_modified_time":"2026-03-10T11:02:08+00:00","twitter_card":"summary_large_image","twitter_misc":{"Escrito por":"fernandajob","Est. tempo de leitura":"4 minutos"},"schema":{"@context":"https:\/\/schema.org","@graph":[{"@type":"Organization","@id":"https:\/\/fernandadepilacao.com.br\/portal\/#organization","name":"Fernanda Depila\u00e7\u00e3o","url":"https:\/\/fernandadepilacao.com.br\/portal\/","sameAs":["https:\/\/www.facebook.com\/ferjobdepilacao","http:\/\/instagram.com\/fernanda_job"],"logo":{"@type":"ImageObject","@id":"https:\/\/fernandadepilacao.com.br\/portal\/#logo","inLanguage":"pt-BR","url":"http:\/\/fernandadepilacao.com.br\/portal\/wp-content\/uploads\/2021\/03\/logo_fernanda.png","contentUrl":"http:\/\/fernandadepilacao.com.br\/portal\/wp-content\/uploads\/2021\/03\/logo_fernanda.png","width":673,"height":688,"caption":"Fernanda Depila\u00e7\u00e3o"},"image":{"@id":"https:\/\/fernandadepilacao.com.br\/portal\/#logo"}},{"@type":"WebSite","@id":"https:\/\/fernandadepilacao.com.br\/portal\/#website","url":"https:\/\/fernandadepilacao.com.br\/portal\/","name":"Fernanda Depila\u00e7\u00e3o","description":"","publisher":{"@id":"https:\/\/fernandadepilacao.com.br\/portal\/#organization"},"potentialAction":[{"@type":"SearchAction","target":{"@type":"EntryPoint","urlTemplate":"https:\/\/fernandadepilacao.com.br\/portal\/?s={search_term_string}"},"query-input":"required name=search_term_string"}],"inLanguage":"pt-BR"},{"@type":"ImageObject","@id":"https:\/\/fernandadepilacao.com.br\/portal\/2026\/03\/depilacao-segura-na-gravidez-metodos-cuidados\/#primaryimage","inLanguage":"pt-BR","url":"https:\/\/fernandadepilacao.com.br\/portal\/wp-content\/uploads\/2026\/03\/20260310080204.png","contentUrl":"https:\/\/fernandadepilacao.com.br\/portal\/wp-content\/uploads\/2026\/03\/20260310080204.png","width":500,"height":500},{"@type":"WebPage","@id":"https:\/\/fernandadepilacao.com.br\/portal\/2026\/03\/depilacao-segura-na-gravidez-metodos-cuidados\/#webpage","url":"https:\/\/fernandadepilacao.com.br\/portal\/2026\/03\/depilacao-segura-na-gravidez-metodos-cuidados\/","name":"Depila\u00e7\u00e3o Segura na Gravidez: M\u00e9todos Recomendados e Cuidados Essenciais - Fernanda Depila\u00e7\u00e3o","isPartOf":{"@id":"https:\/\/fernandadepilacao.com.br\/portal\/#website"},"primaryImageOfPage":{"@id":"https:\/\/fernandadepilacao.com.br\/portal\/2026\/03\/depilacao-segura-na-gravidez-metodos-cuidados\/#primaryimage"},"datePublished":"2026-03-10T11:02:07+00:00","dateModified":"2026-03-10T11:02:08+00:00","breadcrumb":{"@id":"https:\/\/fernandadepilacao.com.br\/portal\/2026\/03\/depilacao-segura-na-gravidez-metodos-cuidados\/#breadcrumb"},"inLanguage":"pt-BR","potentialAction":[{"@type":"ReadAction","target":["https:\/\/fernandadepilacao.com.br\/portal\/2026\/03\/depilacao-segura-na-gravidez-metodos-cuidados\/"]}]},{"@type":"BreadcrumbList","@id":"https:\/\/fernandadepilacao.com.br\/portal\/2026\/03\/depilacao-segura-na-gravidez-metodos-cuidados\/#breadcrumb","itemListElement":[{"@type":"ListItem","position":1,"name":"In\u00edcio","item":"http:\/\/fernandadepilacao.com.br\/portal\/"},{"@type":"ListItem","position":2,"name":"Depila\u00e7\u00e3o Segura na Gravidez: M\u00e9todos Recomendados e Cuidados Essenciais"}]},{"@type":"Article","@id":"https:\/\/fernandadepilacao.com.br\/portal\/2026\/03\/depilacao-segura-na-gravidez-metodos-cuidados\/#article","isPartOf":{"@id":"https:\/\/fernandadepilacao.com.br\/portal\/2026\/03\/depilacao-segura-na-gravidez-metodos-cuidados\/#webpage"},"author":{"@id":"https:\/\/fernandadepilacao.com.br\/portal\/#\/schema\/person\/d00644c3bbfd9fd17711767a3b1abbd0"},"headline":"Depila\u00e7\u00e3o Segura na Gravidez: M\u00e9todos Recomendados e Cuidados Essenciais","datePublished":"2026-03-10T11:02:07+00:00","dateModified":"2026-03-10T11:02:08+00:00","mainEntityOfPage":{"@id":"https:\/\/fernandadepilacao.com.br\/portal\/2026\/03\/depilacao-segura-na-gravidez-metodos-cuidados\/#webpage"},"wordCount":765,"commentCount":0,"publisher":{"@id":"https:\/\/fernandadepilacao.com.br\/portal\/#organization"},"image":{"@id":"https:\/\/fernandadepilacao.com.br\/portal\/2026\/03\/depilacao-segura-na-gravidez-metodos-cuidados\/#primaryimage"},"thumbnailUrl":"https:\/\/fernandadepilacao.com.br\/portal\/wp-content\/uploads\/2026\/03\/20260310080204.png","inLanguage":"pt-BR","potentialAction":[{"@type":"CommentAction","name":"Comment","target":["https:\/\/fernandadepilacao.com.br\/portal\/2026\/03\/depilacao-segura-na-gravidez-metodos-cuidados\/#respond"]}]},{"@type":"Person","@id":"https:\/\/fernandadepilacao.com.br\/portal\/#\/schema\/person\/d00644c3bbfd9fd17711767a3b1abbd0","name":"fernandajob","image":{"@type":"ImageObject","@id":"https:\/\/fernandadepilacao.com.br\/portal\/#personlogo","inLanguage":"pt-BR","url":"https:\/\/secure.gravatar.com\/avatar\/6c2268a68d69a325906fbdccd74b18e6?s=96&d=mm&r=g","contentUrl":"https:\/\/secure.gravatar.com\/avatar\/6c2268a68d69a325906fbdccd74b18e6?s=96&d=mm&r=g","caption":"fernandajob"},"sameAs":["http:\/\/fernandadepilacao.com.br\/portal"]}]}},"uagb_featured_image_src":{"full":["https:\/\/fernandadepilacao.com.br\/portal\/wp-content\/uploads\/2026\/03\/20260310080204.png",500,500,false],"thumbnail":["https:\/\/fernandadepilacao.com.br\/portal\/wp-content\/uploads\/2026\/03\/20260310080204-150x150.png",150,150,true],"medium":["https:\/\/fernandadepilacao.com.br\/portal\/wp-content\/uploads\/2026\/03\/20260310080204-300x300.png",300,300,true],"medium_large":["https:\/\/fernandadepilacao.com.br\/portal\/wp-content\/uploads\/2026\/03\/20260310080204.png",500,500,false],"large":["https:\/\/fernandadepilacao.com.br\/portal\/wp-content\/uploads\/2026\/03\/20260310080204.png",500,500,false],"1536x1536":["https:\/\/fernandadepilacao.com.br\/portal\/wp-content\/uploads\/2026\/03\/20260310080204.png",500,500,false],"2048x2048":["https:\/\/fernandadepilacao.com.br\/portal\/wp-content\/uploads\/2026\/03\/20260310080204.png",500,500,false]},"uagb_author_info":{"display_name":"fernandajob","author_link":"https:\/\/fernandadepilacao.com.br\/portal\/author\/fernandajob\/"},"uagb_comment_info":0,"uagb_excerpt":"M\u00e9todos de Depila\u00e7\u00e3o Mais Seguros para Gestantes: Cuidados e Recomenda\u00e7\u00f5es Publicado em: 10 de junho de 2024 Introdu\u00e7\u00e3o A gravidez \u00e9 um momento especial recheado de mudan\u00e7as f\u00edsicas e emocionais. Com a nova rotina, \u00e9 natural que surjam d\u00favidas sobre cuidados com o corpo, e a depila\u00e7\u00e3o para gestantes \u00e9 uma das quest\u00f5es mais comuns&hellip;","_links":{"self":[{"href":"https:\/\/fernandadepilacao.com.br\/portal\/wp-json\/wp\/v2\/posts\/1401"}],"collection":[{"href":"https:\/\/fernandadepilacao.com.br\/portal\/wp-json\/wp\/v2\/posts"}],"about":[{"href":"https:\/\/fernandadepilacao.com.br\/portal\/wp-json\/wp\/v2\/types\/post"}],"author":[{"embeddable":true,"href":"https:\/\/fernandadepilacao.com.br\/portal\/wp-json\/wp\/v2\/users\/1"}],"replies":[{"embeddable":true,"href":"https:\/\/fernandadepilacao.com.br\/portal\/wp-json\/wp\/v2\/comments?post=1401"}],"version-history":[{"count":1,"href":"https:\/\/fernandadepilacao.com.br\/portal\/wp-json\/wp\/v2\/posts\/1401\/revisions"}],"predecessor-version":[{"id":1402,"href":"https:\/\/fernandadepilacao.com.br\/portal\/wp-json\/wp\/v2\/posts\/1401\/revisions\/1402"}],"wp:featuredmedia":[{"embeddable":true,"href":"https:\/\/fernandadepilacao.com.br\/portal\/wp-json\/wp\/v2\/media\/1400"}],"wp:attachment":[{"href":"https:\/\/fernandadepilacao.com.br\/portal\/wp-json\/wp\/v2\/media?parent=1401"}],"wp:term":[{"taxonomy":"category","embeddable":true,"href":"https:\/\/fernandadepilacao.com.br\/portal\/wp-json\/wp\/v2\/categories?post=1401"},{"taxonomy":"post_tag","embeddable":true,"href":"https:\/\/fernandadepilacao.com.br\/portal\/wp-json\/wp\/v2\/tags?post=1401"}],"curies":[{"name":"wp","href":"https:\/\/api.w.org\/{rel}","templated":true}]}}