{"id":1398,"date":"2026-03-10T00:01:44","date_gmt":"2026-03-10T03:01:44","guid":{"rendered":"https:\/\/fernandadepilacao.com.br\/portal\/2026\/03\/guia-completo-cuidados-depilacao-gestacao\/"},"modified":"2026-03-10T00:01:45","modified_gmt":"2026-03-10T03:01:45","slug":"guia-completo-cuidados-depilacao-gestacao","status":"publish","type":"post","link":"https:\/\/fernandadepilacao.com.br\/portal\/2026\/03\/guia-completo-cuidados-depilacao-gestacao\/","title":{"rendered":"Guia Completo de Cuidados com Depila\u00e7\u00e3o Durante a Gesta\u00e7\u00e3o"},"content":{"rendered":"<article>\n<header>\n<h1>Cuidados e Precau\u00e7\u00f5es na Depila\u00e7\u00e3o Durante a Gesta\u00e7\u00e3o: Guia Completo para Gestantes<\/h1>\n<p>    <meta name=\"description\" content=\"Descubra os cuidados, precau\u00e7\u00f5es e dicas para uma depila\u00e7\u00e3o segura durante a gravidez. Saiba quais m\u00e9todos de depila\u00e7\u00e3o s\u00e3o recomendados para gestantes e como garantir o conforto e a sa\u00fade da sua pele.\" \/><br \/>\n  <\/header>\n<section>\n<h2>Introdu\u00e7\u00e3o<\/h2>\n<p>Durante a gesta\u00e7\u00e3o, o corpo da mulher passa por muitas mudan\u00e7as f\u00edsicas e hormonais. Entre as v\u00e1rias d\u00favidas desse per\u00edodo t\u00e3o especial, uma das mais comuns no universo da est\u00e9tica \u00e9: <strong>posso fazer depila\u00e7\u00e3o durante a gravidez?<\/strong> E a resposta \u00e9 sim, mas com alguns cuidados extras! Pensando no bem-estar da gestante e na sa\u00fade do beb\u00ea, \u00e9 fundamental adotar precau\u00e7\u00f5es antes de escolher o m\u00e9todo de depila\u00e7\u00e3o ideal neste momento t\u00e3o delicado.<\/p>\n<\/section>\n<section>\n<h2>Por Que os Cuidados com a Depila\u00e7\u00e3o S\u00e3o Diferentes na Gesta\u00e7\u00e3o?<\/h2>\n<p>Durante a gravidez, a pele pode ficar mais <strong>sens\u00edvel<\/strong> e propensa a irrita\u00e7\u00f5es devido ao aumento dos horm\u00f4nios. Al\u00e9m disso, o sistema imunol\u00f3gico da gestante fica mais vulner\u00e1vel, tornando necess\u00e1rio <strong>prevenir infec\u00e7\u00f5es<\/strong> e <strong>traumas cut\u00e2neos<\/strong>. Ainda, algumas \u00e1reas do corpo costumam apresentar maior vasculariza\u00e7\u00e3o, o que aumenta o risco de hematomas e manchas.<\/p>\n<\/section>\n<section>\n<h2>Principais M\u00e9todos de Depila\u00e7\u00e3o para Gestantes<\/h2>\n<ul>\n<li>\n        <strong>Depila\u00e7\u00e3o com cera<\/strong>: Muito usada, mas requer cuidados. Prefira a <strong>cera morna<\/strong>, pois a cera muito quente pode aumentar o desconforto e o risco de queimaduras. Certifique-se de que o local segue rigorosos protocolos de higiene, utilizando <strong>cera descart\u00e1vel<\/strong> e materiais esterilizados.\n      <\/li>\n<li>\n        <strong>L\u00e2mina de barbear<\/strong>: Op\u00e7\u00e3o pr\u00e1tica para muitas gestantes, principalmente no final da gravidez. Utilize sempre uma l\u00e2mina nova para evitar cortes e infec\u00e7\u00f5es. Fa\u00e7a movimentos leves e use um <strong>gel ou espuma de barbear<\/strong> para proteger a pele.\n      <\/li>\n<li>\n        <strong>Cremes depilat\u00f3rios<\/strong>: Nem todos s\u00e3o recomendados durante a gravidez, pois cont\u00eam subst\u00e2ncias qu\u00edmicas que podem causar alergias. Consulte sempre seu m\u00e9dico antes de usar esse m\u00e9todo.\n      <\/li>\n<li>\n        <strong>Depila\u00e7\u00e3o a laser ou luz pulsada<\/strong>: Em geral, n\u00e3o s\u00e3o indicadas para gestantes devido \u00e0 falta de estudos conclusivos sobre a seguran\u00e7a do procedimento durante a gravidez.\n      <\/li>\n<\/ul>\n<\/section>\n<section>\n<h2>Cuidados Essenciais na Depila\u00e7\u00e3o da Gestante<\/h2>\n<ol>\n<li><strong>Procure um profissional qualificado:<\/strong> Realize a depila\u00e7\u00e3o sempre com profissionais experientes, capacitados para atender gestantes e que respeitem todas as normas de higiene e seguran\u00e7a.<\/li>\n<li><strong>Fa\u00e7a teste de sensibilidade:<\/strong> Antes de aplicar novos produtos ou m\u00e9todos, fa\u00e7a um teste em uma pequena \u00e1rea da pele.<\/li>\n<li><strong>Evite produtos com fragr\u00e2ncias ou \u00e1lcool:<\/strong> Eles podem causar irrita\u00e7\u00e3o na pele sens\u00edvel da gestante.<\/li>\n<li><strong>Higienize a pele antes e depois:<\/strong> Limpar a \u00e1rea a ser depilada ajuda a evitar infec\u00e7\u00f5es e auxilia na recupera\u00e7\u00e3o da pele.<\/li>\n<li><strong>Hidrate a pele regularmente:<\/strong> Use cremes hidratantes pr\u00f3prios para gestantes, ajudando a minimizar o ressecamento e a coceira ap\u00f3s a depila\u00e7\u00e3o.<\/li>\n<li><strong>Observe sinais de irrita\u00e7\u00e3o:<\/strong> Vermelhid\u00e3o, coceira intensa, dor ou incha\u00e7o persistente merecem aten\u00e7\u00e3o. Suspenda o uso do m\u00e9todo e procure orienta\u00e7\u00e3o m\u00e9dica.<\/li>\n<\/ol>\n<\/section>\n<section>\n<h2>Dicas Especiais para Depila\u00e7\u00e3o \u00cdntima na Gravidez<\/h2>\n<p>A <strong>depila\u00e7\u00e3o \u00edntima<\/strong> na gravidez pode ser realizada com seguran\u00e7a, mas recomenda-se intensificar os cuidados. Se poss\u00edvel, escolha t\u00e9cnicas menos agressivas e ajuste a frequ\u00eancia das sess\u00f5es conforme a recomenda\u00e7\u00e3o profissional. No terceiro trimestre, considere o uso de l\u00e2minas ou deixar a depila\u00e7\u00e3o mais superficial, a fim de evitar desconfortos excessivos.<\/p>\n<\/section>\n<section>\n<h2>Principais D\u00favidas Frequentes Sobre Depila\u00e7\u00e3o na Gravidez<\/h2>\n<dl>\n<dt>Depila\u00e7\u00e3o d\u00f3i mais durante a gesta\u00e7\u00e3o?<\/dt>\n<dd>Sim, a sensibilidade da pele costuma aumentar devido \u00e0s altera\u00e7\u00f5es hormonais desse per\u00edodo.<\/dd>\n<dt>Posso depilar qualquer parte do corpo?<\/dt>\n<dd>Sim, por\u00e9m as \u00e1reas mais sens\u00edveis como virilha e axilas merecem aten\u00e7\u00e3o extra quanto \u00e0 higiene, temperatura da cera e escolha do m\u00e9todo.<\/dd>\n<dt>Depila\u00e7\u00e3o pode prejudicar o beb\u00ea?<\/dt>\n<dd>Sempre que os procedimentos forem realizados com t\u00e9cnicas corretas e materiais adequados, n\u00e3o h\u00e1 risco para o beb\u00ea. O mais importante \u00e9 evitar m\u00e9todos qu\u00edmicos sem orienta\u00e7\u00e3o m\u00e9dica e garantir a assepsia total.<\/dd>\n<\/dl>\n<\/section>\n<section>\n<h2>Quando Evitar a Depila\u00e7\u00e3o Durante a Gesta\u00e7\u00e3o?<\/h2>\n<p>Evite depilar \u00e1reas do corpo com les\u00f5es, feridas abertas, dermatites, infec\u00e7\u00f5es ou varizes evidentes. Mulheres com hist\u00f3rico de alergias severas ou gestantes de gravidez de risco devem conversar com o obstetra antes de optar pela depila\u00e7\u00e3o.<\/p>\n<\/section>\n<section>\n<h2>Conclus\u00e3o<\/h2>\n<p>A depila\u00e7\u00e3o na gesta\u00e7\u00e3o pode ser feita com seguran\u00e7a, desde que respeitados alguns cuidados importantes. Prefira ambientes limpos, m\u00e9todos menos agressivos, e nunca hesite em buscar aconselhamento do seu m\u00e9dico ou dermatologista de confian\u00e7a.<\/p>\n<p>Lembre-se: o conforto e a sa\u00fade s\u00e3o prioridades nesse momento, e sentir-se bem com o seu corpo faz parte do seu bem-estar. Se surgirem d\u00favidas sobre qual m\u00e9todo de depila\u00e7\u00e3o escolher na gravidez, converse com profissionais qualificados e siga as dicas deste artigo!<\/p>\n<\/section>\n<footer>\n<p><strong>Palavras-chave:<\/strong> depila\u00e7\u00e3o na gesta\u00e7\u00e3o, depila\u00e7\u00e3o para gr\u00e1vidas, cuidados depila\u00e7\u00e3o gravidez, depila\u00e7\u00e3o \u00edntima gestante, m\u00e9todos de depila\u00e7\u00e3o gesta\u00e7\u00e3o.<\/p>\n<\/footer>\n<\/article>\n","protected":false},"excerpt":{"rendered":"<p>Cuidados e Precau\u00e7\u00f5es na Depila\u00e7\u00e3o Durante a Gesta\u00e7\u00e3o: Guia Completo para Gestantes Introdu\u00e7\u00e3o Durante a gesta\u00e7\u00e3o, o corpo da mulher passa por muitas mudan\u00e7as f\u00edsicas e hormonais. Entre as v\u00e1rias d\u00favidas desse per\u00edodo t\u00e3o especial, uma das mais comuns no universo da est\u00e9tica \u00e9: posso fazer depila\u00e7\u00e3o durante a gravidez? E a resposta \u00e9 sim, &hellip;<\/p>\n<p class=\"read-more\"> <a class=\"\" href=\"https:\/\/fernandadepilacao.com.br\/portal\/2026\/03\/guia-completo-cuidados-depilacao-gestacao\/\"> <span class=\"screen-reader-text\">Guia Completo de Cuidados com Depila\u00e7\u00e3o Durante a Gesta\u00e7\u00e3o<\/span> Leia mais &raquo;<\/a><\/p>\n","protected":false},"author":1,"featured_media":1397,"comment_status":"open","ping_status":"open","sticky":false,"template":"","format":"standard","meta":[],"categories":[1],"tags":[],"yoast_head":"<!-- This site is optimized with the Yoast SEO plugin v18.4.1 - https:\/\/yoast.com\/wordpress\/plugins\/seo\/ -->\n<title>Guia Completo de Cuidados com Depila\u00e7\u00e3o Durante a Gesta\u00e7\u00e3o - Fernanda Depila\u00e7\u00e3o<\/title>\n<meta name=\"robots\" content=\"index, follow, max-snippet:-1, max-image-preview:large, max-video-preview:-1\" \/>\n<link rel=\"canonical\" href=\"https:\/\/fernandadepilacao.com.br\/portal\/2026\/03\/guia-completo-cuidados-depilacao-gestacao\/\" \/>\n<meta property=\"og:locale\" content=\"pt_BR\" \/>\n<meta property=\"og:type\" content=\"article\" \/>\n<meta property=\"og:title\" content=\"Guia Completo de Cuidados com Depila\u00e7\u00e3o Durante a Gesta\u00e7\u00e3o - Fernanda Depila\u00e7\u00e3o\" \/>\n<meta property=\"og:description\" content=\"Cuidados e Precau\u00e7\u00f5es na Depila\u00e7\u00e3o Durante a Gesta\u00e7\u00e3o: Guia Completo para Gestantes Introdu\u00e7\u00e3o Durante a gesta\u00e7\u00e3o, o corpo da mulher passa por muitas mudan\u00e7as f\u00edsicas e hormonais. Entre as v\u00e1rias d\u00favidas desse per\u00edodo t\u00e3o especial, uma das mais comuns no universo da est\u00e9tica \u00e9: posso fazer depila\u00e7\u00e3o durante a gravidez? E a resposta \u00e9 sim, &hellip; Guia Completo de Cuidados com Depila\u00e7\u00e3o Durante a Gesta\u00e7\u00e3o Leia mais &raquo;\" \/>\n<meta property=\"og:url\" content=\"https:\/\/fernandadepilacao.com.br\/portal\/2026\/03\/guia-completo-cuidados-depilacao-gestacao\/\" \/>\n<meta property=\"og:site_name\" content=\"Fernanda Depila\u00e7\u00e3o\" \/>\n<meta property=\"article:publisher\" content=\"https:\/\/www.facebook.com\/ferjobdepilacao\" \/>\n<meta property=\"article:published_time\" content=\"2026-03-10T03:01:44+00:00\" \/>\n<meta property=\"article:modified_time\" content=\"2026-03-10T03:01:45+00:00\" \/>\n<meta name=\"twitter:card\" content=\"summary_large_image\" \/>\n<meta name=\"twitter:label1\" content=\"Escrito por\" \/>\n\t<meta name=\"twitter:data1\" content=\"fernandajob\" \/>\n\t<meta name=\"twitter:label2\" content=\"Est. tempo de leitura\" \/>\n\t<meta name=\"twitter:data2\" content=\"4 minutos\" \/>\n<script type=\"application\/ld+json\" class=\"yoast-schema-graph\">{\"@context\":\"https:\/\/schema.org\",\"@graph\":[{\"@type\":\"Organization\",\"@id\":\"https:\/\/fernandadepilacao.com.br\/portal\/#organization\",\"name\":\"Fernanda Depila\u00e7\u00e3o\",\"url\":\"https:\/\/fernandadepilacao.com.br\/portal\/\",\"sameAs\":[\"https:\/\/www.facebook.com\/ferjobdepilacao\",\"http:\/\/instagram.com\/fernanda_job\"],\"logo\":{\"@type\":\"ImageObject\",\"@id\":\"https:\/\/fernandadepilacao.com.br\/portal\/#logo\",\"inLanguage\":\"pt-BR\",\"url\":\"http:\/\/fernandadepilacao.com.br\/portal\/wp-content\/uploads\/2021\/03\/logo_fernanda.png\",\"contentUrl\":\"http:\/\/fernandadepilacao.com.br\/portal\/wp-content\/uploads\/2021\/03\/logo_fernanda.png\",\"width\":673,\"height\":688,\"caption\":\"Fernanda Depila\u00e7\u00e3o\"},\"image\":{\"@id\":\"https:\/\/fernandadepilacao.com.br\/portal\/#logo\"}},{\"@type\":\"WebSite\",\"@id\":\"https:\/\/fernandadepilacao.com.br\/portal\/#website\",\"url\":\"https:\/\/fernandadepilacao.com.br\/portal\/\",\"name\":\"Fernanda Depila\u00e7\u00e3o\",\"description\":\"\",\"publisher\":{\"@id\":\"https:\/\/fernandadepilacao.com.br\/portal\/#organization\"},\"potentialAction\":[{\"@type\":\"SearchAction\",\"target\":{\"@type\":\"EntryPoint\",\"urlTemplate\":\"https:\/\/fernandadepilacao.com.br\/portal\/?s={search_term_string}\"},\"query-input\":\"required name=search_term_string\"}],\"inLanguage\":\"pt-BR\"},{\"@type\":\"ImageObject\",\"@id\":\"https:\/\/fernandadepilacao.com.br\/portal\/2026\/03\/guia-completo-cuidados-depilacao-gestacao\/#primaryimage\",\"inLanguage\":\"pt-BR\",\"url\":\"https:\/\/fernandadepilacao.com.br\/portal\/wp-content\/uploads\/2026\/03\/20260310000142.png\",\"contentUrl\":\"https:\/\/fernandadepilacao.com.br\/portal\/wp-content\/uploads\/2026\/03\/20260310000142.png\",\"width\":500,\"height\":500},{\"@type\":\"WebPage\",\"@id\":\"https:\/\/fernandadepilacao.com.br\/portal\/2026\/03\/guia-completo-cuidados-depilacao-gestacao\/#webpage\",\"url\":\"https:\/\/fernandadepilacao.com.br\/portal\/2026\/03\/guia-completo-cuidados-depilacao-gestacao\/\",\"name\":\"Guia Completo de Cuidados com Depila\u00e7\u00e3o Durante a Gesta\u00e7\u00e3o - Fernanda Depila\u00e7\u00e3o\",\"isPartOf\":{\"@id\":\"https:\/\/fernandadepilacao.com.br\/portal\/#website\"},\"primaryImageOfPage\":{\"@id\":\"https:\/\/fernandadepilacao.com.br\/portal\/2026\/03\/guia-completo-cuidados-depilacao-gestacao\/#primaryimage\"},\"datePublished\":\"2026-03-10T03:01:44+00:00\",\"dateModified\":\"2026-03-10T03:01:45+00:00\",\"breadcrumb\":{\"@id\":\"https:\/\/fernandadepilacao.com.br\/portal\/2026\/03\/guia-completo-cuidados-depilacao-gestacao\/#breadcrumb\"},\"inLanguage\":\"pt-BR\",\"potentialAction\":[{\"@type\":\"ReadAction\",\"target\":[\"https:\/\/fernandadepilacao.com.br\/portal\/2026\/03\/guia-completo-cuidados-depilacao-gestacao\/\"]}]},{\"@type\":\"BreadcrumbList\",\"@id\":\"https:\/\/fernandadepilacao.com.br\/portal\/2026\/03\/guia-completo-cuidados-depilacao-gestacao\/#breadcrumb\",\"itemListElement\":[{\"@type\":\"ListItem\",\"position\":1,\"name\":\"In\u00edcio\",\"item\":\"http:\/\/fernandadepilacao.com.br\/portal\/\"},{\"@type\":\"ListItem\",\"position\":2,\"name\":\"Guia Completo de Cuidados com Depila\u00e7\u00e3o Durante a Gesta\u00e7\u00e3o\"}]},{\"@type\":\"Article\",\"@id\":\"https:\/\/fernandadepilacao.com.br\/portal\/2026\/03\/guia-completo-cuidados-depilacao-gestacao\/#article\",\"isPartOf\":{\"@id\":\"https:\/\/fernandadepilacao.com.br\/portal\/2026\/03\/guia-completo-cuidados-depilacao-gestacao\/#webpage\"},\"author\":{\"@id\":\"https:\/\/fernandadepilacao.com.br\/portal\/#\/schema\/person\/d00644c3bbfd9fd17711767a3b1abbd0\"},\"headline\":\"Guia Completo de Cuidados com Depila\u00e7\u00e3o Durante a Gesta\u00e7\u00e3o\",\"datePublished\":\"2026-03-10T03:01:44+00:00\",\"dateModified\":\"2026-03-10T03:01:45+00:00\",\"mainEntityOfPage\":{\"@id\":\"https:\/\/fernandadepilacao.com.br\/portal\/2026\/03\/guia-completo-cuidados-depilacao-gestacao\/#webpage\"},\"wordCount\":842,\"commentCount\":0,\"publisher\":{\"@id\":\"https:\/\/fernandadepilacao.com.br\/portal\/#organization\"},\"image\":{\"@id\":\"https:\/\/fernandadepilacao.com.br\/portal\/2026\/03\/guia-completo-cuidados-depilacao-gestacao\/#primaryimage\"},\"thumbnailUrl\":\"https:\/\/fernandadepilacao.com.br\/portal\/wp-content\/uploads\/2026\/03\/20260310000142.png\",\"inLanguage\":\"pt-BR\",\"potentialAction\":[{\"@type\":\"CommentAction\",\"name\":\"Comment\",\"target\":[\"https:\/\/fernandadepilacao.com.br\/portal\/2026\/03\/guia-completo-cuidados-depilacao-gestacao\/#respond\"]}]},{\"@type\":\"Person\",\"@id\":\"https:\/\/fernandadepilacao.com.br\/portal\/#\/schema\/person\/d00644c3bbfd9fd17711767a3b1abbd0\",\"name\":\"fernandajob\",\"image\":{\"@type\":\"ImageObject\",\"@id\":\"https:\/\/fernandadepilacao.com.br\/portal\/#personlogo\",\"inLanguage\":\"pt-BR\",\"url\":\"https:\/\/secure.gravatar.com\/avatar\/6c2268a68d69a325906fbdccd74b18e6?s=96&d=mm&r=g\",\"contentUrl\":\"https:\/\/secure.gravatar.com\/avatar\/6c2268a68d69a325906fbdccd74b18e6?s=96&d=mm&r=g\",\"caption\":\"fernandajob\"},\"sameAs\":[\"http:\/\/fernandadepilacao.com.br\/portal\"]}]}<\/script>\n<!-- \/ Yoast SEO plugin. -->","yoast_head_json":{"title":"Guia Completo de Cuidados com Depila\u00e7\u00e3o Durante a Gesta\u00e7\u00e3o - Fernanda Depila\u00e7\u00e3o","robots":{"index":"index","follow":"follow","max-snippet":"max-snippet:-1","max-image-preview":"max-image-preview:large","max-video-preview":"max-video-preview:-1"},"canonical":"https:\/\/fernandadepilacao.com.br\/portal\/2026\/03\/guia-completo-cuidados-depilacao-gestacao\/","og_locale":"pt_BR","og_type":"article","og_title":"Guia Completo de Cuidados com Depila\u00e7\u00e3o Durante a Gesta\u00e7\u00e3o - Fernanda Depila\u00e7\u00e3o","og_description":"Cuidados e Precau\u00e7\u00f5es na Depila\u00e7\u00e3o Durante a Gesta\u00e7\u00e3o: Guia Completo para Gestantes Introdu\u00e7\u00e3o Durante a gesta\u00e7\u00e3o, o corpo da mulher passa por muitas mudan\u00e7as f\u00edsicas e hormonais. Entre as v\u00e1rias d\u00favidas desse per\u00edodo t\u00e3o especial, uma das mais comuns no universo da est\u00e9tica \u00e9: posso fazer depila\u00e7\u00e3o durante a gravidez? E a resposta \u00e9 sim, &hellip; Guia Completo de Cuidados com Depila\u00e7\u00e3o Durante a Gesta\u00e7\u00e3o Leia mais &raquo;","og_url":"https:\/\/fernandadepilacao.com.br\/portal\/2026\/03\/guia-completo-cuidados-depilacao-gestacao\/","og_site_name":"Fernanda Depila\u00e7\u00e3o","article_publisher":"https:\/\/www.facebook.com\/ferjobdepilacao","article_published_time":"2026-03-10T03:01:44+00:00","article_modified_time":"2026-03-10T03:01:45+00:00","twitter_card":"summary_large_image","twitter_misc":{"Escrito por":"fernandajob","Est. tempo de leitura":"4 minutos"},"schema":{"@context":"https:\/\/schema.org","@graph":[{"@type":"Organization","@id":"https:\/\/fernandadepilacao.com.br\/portal\/#organization","name":"Fernanda Depila\u00e7\u00e3o","url":"https:\/\/fernandadepilacao.com.br\/portal\/","sameAs":["https:\/\/www.facebook.com\/ferjobdepilacao","http:\/\/instagram.com\/fernanda_job"],"logo":{"@type":"ImageObject","@id":"https:\/\/fernandadepilacao.com.br\/portal\/#logo","inLanguage":"pt-BR","url":"http:\/\/fernandadepilacao.com.br\/portal\/wp-content\/uploads\/2021\/03\/logo_fernanda.png","contentUrl":"http:\/\/fernandadepilacao.com.br\/portal\/wp-content\/uploads\/2021\/03\/logo_fernanda.png","width":673,"height":688,"caption":"Fernanda Depila\u00e7\u00e3o"},"image":{"@id":"https:\/\/fernandadepilacao.com.br\/portal\/#logo"}},{"@type":"WebSite","@id":"https:\/\/fernandadepilacao.com.br\/portal\/#website","url":"https:\/\/fernandadepilacao.com.br\/portal\/","name":"Fernanda Depila\u00e7\u00e3o","description":"","publisher":{"@id":"https:\/\/fernandadepilacao.com.br\/portal\/#organization"},"potentialAction":[{"@type":"SearchAction","target":{"@type":"EntryPoint","urlTemplate":"https:\/\/fernandadepilacao.com.br\/portal\/?s={search_term_string}"},"query-input":"required name=search_term_string"}],"inLanguage":"pt-BR"},{"@type":"ImageObject","@id":"https:\/\/fernandadepilacao.com.br\/portal\/2026\/03\/guia-completo-cuidados-depilacao-gestacao\/#primaryimage","inLanguage":"pt-BR","url":"https:\/\/fernandadepilacao.com.br\/portal\/wp-content\/uploads\/2026\/03\/20260310000142.png","contentUrl":"https:\/\/fernandadepilacao.com.br\/portal\/wp-content\/uploads\/2026\/03\/20260310000142.png","width":500,"height":500},{"@type":"WebPage","@id":"https:\/\/fernandadepilacao.com.br\/portal\/2026\/03\/guia-completo-cuidados-depilacao-gestacao\/#webpage","url":"https:\/\/fernandadepilacao.com.br\/portal\/2026\/03\/guia-completo-cuidados-depilacao-gestacao\/","name":"Guia Completo de Cuidados com Depila\u00e7\u00e3o Durante a Gesta\u00e7\u00e3o - Fernanda Depila\u00e7\u00e3o","isPartOf":{"@id":"https:\/\/fernandadepilacao.com.br\/portal\/#website"},"primaryImageOfPage":{"@id":"https:\/\/fernandadepilacao.com.br\/portal\/2026\/03\/guia-completo-cuidados-depilacao-gestacao\/#primaryimage"},"datePublished":"2026-03-10T03:01:44+00:00","dateModified":"2026-03-10T03:01:45+00:00","breadcrumb":{"@id":"https:\/\/fernandadepilacao.com.br\/portal\/2026\/03\/guia-completo-cuidados-depilacao-gestacao\/#breadcrumb"},"inLanguage":"pt-BR","potentialAction":[{"@type":"ReadAction","target":["https:\/\/fernandadepilacao.com.br\/portal\/2026\/03\/guia-completo-cuidados-depilacao-gestacao\/"]}]},{"@type":"BreadcrumbList","@id":"https:\/\/fernandadepilacao.com.br\/portal\/2026\/03\/guia-completo-cuidados-depilacao-gestacao\/#breadcrumb","itemListElement":[{"@type":"ListItem","position":1,"name":"In\u00edcio","item":"http:\/\/fernandadepilacao.com.br\/portal\/"},{"@type":"ListItem","position":2,"name":"Guia Completo de Cuidados com Depila\u00e7\u00e3o Durante a Gesta\u00e7\u00e3o"}]},{"@type":"Article","@id":"https:\/\/fernandadepilacao.com.br\/portal\/2026\/03\/guia-completo-cuidados-depilacao-gestacao\/#article","isPartOf":{"@id":"https:\/\/fernandadepilacao.com.br\/portal\/2026\/03\/guia-completo-cuidados-depilacao-gestacao\/#webpage"},"author":{"@id":"https:\/\/fernandadepilacao.com.br\/portal\/#\/schema\/person\/d00644c3bbfd9fd17711767a3b1abbd0"},"headline":"Guia Completo de Cuidados com Depila\u00e7\u00e3o Durante a Gesta\u00e7\u00e3o","datePublished":"2026-03-10T03:01:44+00:00","dateModified":"2026-03-10T03:01:45+00:00","mainEntityOfPage":{"@id":"https:\/\/fernandadepilacao.com.br\/portal\/2026\/03\/guia-completo-cuidados-depilacao-gestacao\/#webpage"},"wordCount":842,"commentCount":0,"publisher":{"@id":"https:\/\/fernandadepilacao.com.br\/portal\/#organization"},"image":{"@id":"https:\/\/fernandadepilacao.com.br\/portal\/2026\/03\/guia-completo-cuidados-depilacao-gestacao\/#primaryimage"},"thumbnailUrl":"https:\/\/fernandadepilacao.com.br\/portal\/wp-content\/uploads\/2026\/03\/20260310000142.png","inLanguage":"pt-BR","potentialAction":[{"@type":"CommentAction","name":"Comment","target":["https:\/\/fernandadepilacao.com.br\/portal\/2026\/03\/guia-completo-cuidados-depilacao-gestacao\/#respond"]}]},{"@type":"Person","@id":"https:\/\/fernandadepilacao.com.br\/portal\/#\/schema\/person\/d00644c3bbfd9fd17711767a3b1abbd0","name":"fernandajob","image":{"@type":"ImageObject","@id":"https:\/\/fernandadepilacao.com.br\/portal\/#personlogo","inLanguage":"pt-BR","url":"https:\/\/secure.gravatar.com\/avatar\/6c2268a68d69a325906fbdccd74b18e6?s=96&d=mm&r=g","contentUrl":"https:\/\/secure.gravatar.com\/avatar\/6c2268a68d69a325906fbdccd74b18e6?s=96&d=mm&r=g","caption":"fernandajob"},"sameAs":["http:\/\/fernandadepilacao.com.br\/portal"]}]}},"uagb_featured_image_src":{"full":["https:\/\/fernandadepilacao.com.br\/portal\/wp-content\/uploads\/2026\/03\/20260310000142.png",500,500,false],"thumbnail":["https:\/\/fernandadepilacao.com.br\/portal\/wp-content\/uploads\/2026\/03\/20260310000142-150x150.png",150,150,true],"medium":["https:\/\/fernandadepilacao.com.br\/portal\/wp-content\/uploads\/2026\/03\/20260310000142-300x300.png",300,300,true],"medium_large":["https:\/\/fernandadepilacao.com.br\/portal\/wp-content\/uploads\/2026\/03\/20260310000142.png",500,500,false],"large":["https:\/\/fernandadepilacao.com.br\/portal\/wp-content\/uploads\/2026\/03\/20260310000142.png",500,500,false],"1536x1536":["https:\/\/fernandadepilacao.com.br\/portal\/wp-content\/uploads\/2026\/03\/20260310000142.png",500,500,false],"2048x2048":["https:\/\/fernandadepilacao.com.br\/portal\/wp-content\/uploads\/2026\/03\/20260310000142.png",500,500,false]},"uagb_author_info":{"display_name":"fernandajob","author_link":"https:\/\/fernandadepilacao.com.br\/portal\/author\/fernandajob\/"},"uagb_comment_info":0,"uagb_excerpt":"Cuidados e Precau\u00e7\u00f5es na Depila\u00e7\u00e3o Durante a Gesta\u00e7\u00e3o: Guia Completo para Gestantes Introdu\u00e7\u00e3o Durante a gesta\u00e7\u00e3o, o corpo da mulher passa por muitas mudan\u00e7as f\u00edsicas e hormonais. Entre as v\u00e1rias d\u00favidas desse per\u00edodo t\u00e3o especial, uma das mais comuns no universo da est\u00e9tica \u00e9: posso fazer depila\u00e7\u00e3o durante a gravidez? E a resposta \u00e9 sim,&hellip;","_links":{"self":[{"href":"https:\/\/fernandadepilacao.com.br\/portal\/wp-json\/wp\/v2\/posts\/1398"}],"collection":[{"href":"https:\/\/fernandadepilacao.com.br\/portal\/wp-json\/wp\/v2\/posts"}],"about":[{"href":"https:\/\/fernandadepilacao.com.br\/portal\/wp-json\/wp\/v2\/types\/post"}],"author":[{"embeddable":true,"href":"https:\/\/fernandadepilacao.com.br\/portal\/wp-json\/wp\/v2\/users\/1"}],"replies":[{"embeddable":true,"href":"https:\/\/fernandadepilacao.com.br\/portal\/wp-json\/wp\/v2\/comments?post=1398"}],"version-history":[{"count":1,"href":"https:\/\/fernandadepilacao.com.br\/portal\/wp-json\/wp\/v2\/posts\/1398\/revisions"}],"predecessor-version":[{"id":1399,"href":"https:\/\/fernandadepilacao.com.br\/portal\/wp-json\/wp\/v2\/posts\/1398\/revisions\/1399"}],"wp:featuredmedia":[{"embeddable":true,"href":"https:\/\/fernandadepilacao.com.br\/portal\/wp-json\/wp\/v2\/media\/1397"}],"wp:attachment":[{"href":"https:\/\/fernandadepilacao.com.br\/portal\/wp-json\/wp\/v2\/media?parent=1398"}],"wp:term":[{"taxonomy":"category","embeddable":true,"href":"https:\/\/fernandadepilacao.com.br\/portal\/wp-json\/wp\/v2\/categories?post=1398"},{"taxonomy":"post_tag","embeddable":true,"href":"https:\/\/fernandadepilacao.com.br\/portal\/wp-json\/wp\/v2\/tags?post=1398"}],"curies":[{"name":"wp","href":"https:\/\/api.w.org\/{rel}","templated":true}]}}