{"id":1395,"date":"2026-03-09T08:02:11","date_gmt":"2026-03-09T11:02:11","guid":{"rendered":"https:\/\/fernandadepilacao.com.br\/portal\/2026\/03\/indicacoes-contraindicacoes-metodo-fio-a-fio-depilacao-guia-completo\/"},"modified":"2026-03-09T08:02:12","modified_gmt":"2026-03-09T11:02:12","slug":"indicacoes-contraindicacoes-metodo-fio-a-fio-depilacao-guia-completo","status":"publish","type":"post","link":"https:\/\/fernandadepilacao.com.br\/portal\/2026\/03\/indicacoes-contraindicacoes-metodo-fio-a-fio-depilacao-guia-completo\/","title":{"rendered":"Indica\u00e7\u00f5es e Contraindica\u00e7\u00f5es do M\u00e9todo Fio a Fio na Depila\u00e7\u00e3o: Guia Completo"},"content":{"rendered":"<article>\n<header>\n<h1>Indica\u00e7\u00f5es e Contraindica\u00e7\u00f5es do M\u00e9todo Fio a Fio na Depila\u00e7\u00e3o: Tudo o Que Voc\u00ea Precisa Saber<\/h1>\n<p>    <meta name=\"description\" content=\"Entenda quais s\u00e3o as principais indica\u00e7\u00f5es e contraindica\u00e7\u00f5es do m\u00e9todo fio a fio na depila\u00e7\u00e3o, suas vantagens e precau\u00e7\u00f5es, para garantir resultados seguros e a pele saud\u00e1vel.\"\/><br \/>\n  <\/header>\n<section>\n<h2>O Que \u00e9 o M\u00e9todo Fio a Fio na Depila\u00e7\u00e3o?<\/h2>\n<p>O <strong>m\u00e9todo fio a fio<\/strong> \u00e9 uma t\u00e9cnica artesanal de depila\u00e7\u00e3o que utiliza linhas finas de algod\u00e3o para remover os pelos desde a raiz. Tamb\u00e9m conhecida como depila\u00e7\u00e3o com linha, essa t\u00e9cnica oferece precis\u00e3o, delicadeza e resultados duradouros. O fio \u00e9 torcido e deslizado sobre a pele, extraindo o pelo sem agredir ou causar traumas intensos na superf\u00edcie cut\u00e2nea. Por ser mais suave, \u00e9 recomendada principalmente para \u00e1reas sens\u00edveis, como sobrancelhas, bu\u00e7o e rosto.<\/p>\n<\/section>\n<section>\n<h2>Principais Indica\u00e7\u00f5es do M\u00e9todo Fio a Fio<\/h2>\n<ul>\n<li><strong>Peles sens\u00edveis:<\/strong> Pessoas com sensibilidade \u00e0 cera, cremes depilat\u00f3rios ou l\u00e2minas se beneficiam dessa t\u00e9cnica suave, que minimiza riscos de alergias, queimaduras ou irrita\u00e7\u00f5es.<\/li>\n<li><strong>Modelagem de sobrancelhas:<\/strong> Pelo alto grau de precis\u00e3o, o fio a fio \u00e9 ideal para definir o formato das sobrancelhas, removendo at\u00e9 mesmo os pelos mais fininhos e proporcionando acabamento natural.<\/li>\n<li><strong>\u00c1reas pequenas e delicadas:<\/strong> Indicado para depila\u00e7\u00e3o facial (bu\u00e7o, queixo, testa, entre outros), onde outras t\u00e9cnicas podem ser agressivas.<\/li>\n<li><strong>Pele com tend\u00eancia \u00e0 foliculite:<\/strong> Por arrancar o pelo pela raiz e n\u00e3o causar microles\u00f5es, h\u00e1 diminui\u00e7\u00e3o de pelos encravados ou inflama\u00e7\u00f5es.<\/li>\n<li><strong>Gestantes e lactantes:<\/strong> Por n\u00e3o utilizar produtos qu\u00edmicos, \u00e9 uma alternativa segura para gr\u00e1vidas e lactantes, sempre respeitando avalia\u00e7\u00f5es individuais.<\/li>\n<\/ul>\n<\/section>\n<section>\n<h2>Contraindica\u00e7\u00f5es do M\u00e9todo Fio a Fio<\/h2>\n<p>Apesar de ser um m\u00e9todo bastante seguro e eficiente, ele possui algumas contraindica\u00e7\u00f5es importantes. Veja as situa\u00e7\u00f5es em que a t\u00e9cnica deve ser <strong>evitada<\/strong>:<\/p>\n<ul>\n<li><strong>Pele lesionada:<\/strong> Queimaduras, feridas abertas, cortes, acne grave ou processos de cicatriza\u00e7\u00e3o impedem a aplica\u00e7\u00e3o da depila\u00e7\u00e3o fio a fio pelo risco de infec\u00e7\u00f5es ou agravamento da les\u00e3o.<\/li>\n<li><strong>Doen\u00e7as dermatol\u00f3gicas ativas:<\/strong> Eczema, psor\u00edase, herpes ou outras condi\u00e7\u00f5es infecciosas devem ser tratadas antes da depila\u00e7\u00e3o para evitar piora do quadro.<\/li>\n<li><strong>Uso recente de \u00e1cidos ou tratamentos est\u00e9ticos agressivos:<\/strong> \u00c1cido retin\u00f3ico, peeling qu\u00edmico ou procedimentos a laser deixam a pele sens\u00edvel e vulner\u00e1vel, n\u00e3o sendo recomendada a depila\u00e7\u00e3o fio a fio logo ap\u00f3s esses tratamentos. O ideal \u00e9 aguardar o tempo indicado pelo dermatologista.<\/li>\n<li><strong>Disfun\u00e7\u00f5es neurol\u00f3gicas ou motoras:<\/strong> Pessoas com dificuldades em manifestar dor ou desconforto podem n\u00e3o ser aptas ao m\u00e9todo, j\u00e1 que o processo envolve tra\u00e7\u00e3o dos pelos.<\/li>\n<li><strong>Alergia \u00e0 fric\u00e7\u00e3o:<\/strong> Algumas pessoas apresentam hipersensibilidade \u00e0 fric\u00e7\u00e3o ou atrito, desenvolvendo vermelhid\u00e3o intensa ou dermatite de contato.<\/li>\n<\/ul>\n<\/section>\n<section>\n<h2>Benef\u00edcios do M\u00e9todo Fio a Fio<\/h2>\n<ul>\n<li>Remo\u00e7\u00e3o precisa dos pelos, inclusive os mais curtos e finos<\/li>\n<li>Redu\u00e7\u00e3o do risco de alergias, pois n\u00e3o utiliza produtos qu\u00edmicos<\/li>\n<li>Evita flacidez e manchas, j\u00e1 que n\u00e3o puxa a pele em excesso<\/li>\n<li>Aumento do intervalo entre as sess\u00f5es, pelo enfraquecimento progressivo dos pelos<\/li>\n<li>N\u00e3o causa efeito rebote (aumento da espessura ou quantidade de pelos)<\/li>\n<\/ul>\n<\/section>\n<section>\n<h2>Cuidados Antes e Depois da Depila\u00e7\u00e3o com Fio a Fio<\/h2>\n<p>Para garantir resultados satisfat\u00f3rios e uma pele saud\u00e1vel, alguns cuidados s\u00e3o essenciais:<\/p>\n<ul>\n<li>Lave o local a ser depilado e mantenha-o livre de cremes, maquiagem e oleosidade<\/li>\n<li>Evite exposi\u00e7\u00e3o solar antes e logo ap\u00f3s o procedimento<\/li>\n<li>Utilize \u00e1gua termal ou compressas frias para acalmar a pele ap\u00f3s a depila\u00e7\u00e3o<\/li>\n<li>N\u00e3o realize esfolia\u00e7\u00f5es agressivas nos dias anteriores e posteriores ao procedimento<\/li>\n<li>Procure sempre um profissional qualificado, que utilize materiais descart\u00e1veis higienizados<\/li>\n<\/ul>\n<\/section>\n<section>\n<h2>Perguntas Frequentes Sobre o M\u00e9todo Fio a Fio<\/h2>\n<dl>\n<dt><strong>O m\u00e9todo fio a fio d\u00f3i?<\/strong><\/dt>\n<dd>A sensibilidade \u00e0 dor varia de pessoa para pessoa. O procedimento pode ser um pouco desconfort\u00e1vel, principalmente para quem faz pela primeira vez, mas normalmente \u00e9 bem toler\u00e1vel.<\/dd>\n<dt><strong>Quem tem alergia \u00e0 cera pode fazer fio a fio?<\/strong><\/dt>\n<dd>Sim, o m\u00e9todo \u00e9 bastante seguro para quem possui alergia a componentes qu\u00edmicos, pois utiliza apenas o fio de algod\u00e3o.<\/dd>\n<dt><strong>Quanto tempo dura o efeito do fio a fio?<\/strong><\/dt>\n<dd>O intervalo entre as sess\u00f5es varia de 15 a 30 dias, dependendo do ciclo de crescimento dos pelos de cada pessoa.<\/dd>\n<\/dl>\n<\/section>\n<section>\n<h2>Conclus\u00e3o<\/h2>\n<p>A depila\u00e7\u00e3o fio a fio \u00e9 uma excelente op\u00e7\u00e3o para quem busca precis\u00e3o, delicadeza e seguran\u00e7a. Entretanto, respeitar as <strong>indica\u00e7\u00f5es e contraindica\u00e7\u00f5es<\/strong> do m\u00e9todo \u00e9 fundamental para garantir uma experi\u00eancia positiva e a sa\u00fade da pele. Sempre consulte um profissional esteticista e esteja atento aos cuidados necess\u00e1rios antes e depois do procedimento. Invista em <strong>depila\u00e7\u00e3o de qualidade<\/strong> e valorize sua beleza de forma consciente e saud\u00e1vel!<\/p>\n<\/section>\n<footer>\n<p><em>Palavras-chave: depila\u00e7\u00e3o fio a fio, contraindica\u00e7\u00f5es, indica\u00e7\u00f5es depila\u00e7\u00e3o, depila\u00e7\u00e3o com linha, pele sens\u00edvel, depila\u00e7\u00e3o facial, cuidados com a pele<\/em><\/p>\n<\/footer>\n<\/article>\n","protected":false},"excerpt":{"rendered":"<p>Indica\u00e7\u00f5es e Contraindica\u00e7\u00f5es do M\u00e9todo Fio a Fio na Depila\u00e7\u00e3o: Tudo o Que Voc\u00ea Precisa Saber O Que \u00e9 o M\u00e9todo Fio a Fio na Depila\u00e7\u00e3o? O m\u00e9todo fio a fio \u00e9 uma t\u00e9cnica artesanal de depila\u00e7\u00e3o que utiliza linhas finas de algod\u00e3o para remover os pelos desde a raiz. Tamb\u00e9m conhecida como depila\u00e7\u00e3o com &hellip;<\/p>\n<p class=\"read-more\"> <a class=\"\" href=\"https:\/\/fernandadepilacao.com.br\/portal\/2026\/03\/indicacoes-contraindicacoes-metodo-fio-a-fio-depilacao-guia-completo\/\"> <span class=\"screen-reader-text\">Indica\u00e7\u00f5es e Contraindica\u00e7\u00f5es do M\u00e9todo Fio a Fio na Depila\u00e7\u00e3o: Guia Completo<\/span> Leia mais &raquo;<\/a><\/p>\n","protected":false},"author":1,"featured_media":1394,"comment_status":"open","ping_status":"open","sticky":false,"template":"","format":"standard","meta":[],"categories":[1],"tags":[],"yoast_head":"<!-- This site is optimized with the Yoast SEO plugin v18.4.1 - https:\/\/yoast.com\/wordpress\/plugins\/seo\/ -->\n<title>Indica\u00e7\u00f5es e Contraindica\u00e7\u00f5es do M\u00e9todo Fio a Fio na Depila\u00e7\u00e3o: Guia Completo - Fernanda Depila\u00e7\u00e3o<\/title>\n<meta name=\"robots\" content=\"index, follow, max-snippet:-1, max-image-preview:large, max-video-preview:-1\" \/>\n<link rel=\"canonical\" href=\"https:\/\/fernandadepilacao.com.br\/portal\/2026\/03\/indicacoes-contraindicacoes-metodo-fio-a-fio-depilacao-guia-completo\/\" \/>\n<meta property=\"og:locale\" content=\"pt_BR\" \/>\n<meta property=\"og:type\" content=\"article\" \/>\n<meta property=\"og:title\" content=\"Indica\u00e7\u00f5es e Contraindica\u00e7\u00f5es do M\u00e9todo Fio a Fio na Depila\u00e7\u00e3o: Guia Completo - Fernanda Depila\u00e7\u00e3o\" \/>\n<meta property=\"og:description\" content=\"Indica\u00e7\u00f5es e Contraindica\u00e7\u00f5es do M\u00e9todo Fio a Fio na Depila\u00e7\u00e3o: Tudo o Que Voc\u00ea Precisa Saber O Que \u00e9 o M\u00e9todo Fio a Fio na Depila\u00e7\u00e3o? O m\u00e9todo fio a fio \u00e9 uma t\u00e9cnica artesanal de depila\u00e7\u00e3o que utiliza linhas finas de algod\u00e3o para remover os pelos desde a raiz. Tamb\u00e9m conhecida como depila\u00e7\u00e3o com &hellip; Indica\u00e7\u00f5es e Contraindica\u00e7\u00f5es do M\u00e9todo Fio a Fio na Depila\u00e7\u00e3o: Guia Completo Leia mais &raquo;\" \/>\n<meta property=\"og:url\" content=\"https:\/\/fernandadepilacao.com.br\/portal\/2026\/03\/indicacoes-contraindicacoes-metodo-fio-a-fio-depilacao-guia-completo\/\" \/>\n<meta property=\"og:site_name\" content=\"Fernanda Depila\u00e7\u00e3o\" \/>\n<meta property=\"article:publisher\" content=\"https:\/\/www.facebook.com\/ferjobdepilacao\" \/>\n<meta property=\"article:published_time\" content=\"2026-03-09T11:02:11+00:00\" \/>\n<meta property=\"article:modified_time\" content=\"2026-03-09T11:02:12+00:00\" \/>\n<meta name=\"twitter:card\" content=\"summary_large_image\" \/>\n<meta name=\"twitter:label1\" content=\"Escrito por\" \/>\n\t<meta name=\"twitter:data1\" content=\"fernandajob\" \/>\n\t<meta name=\"twitter:label2\" content=\"Est. tempo de leitura\" \/>\n\t<meta name=\"twitter:data2\" content=\"4 minutos\" \/>\n<script type=\"application\/ld+json\" class=\"yoast-schema-graph\">{\"@context\":\"https:\/\/schema.org\",\"@graph\":[{\"@type\":\"Organization\",\"@id\":\"https:\/\/fernandadepilacao.com.br\/portal\/#organization\",\"name\":\"Fernanda Depila\u00e7\u00e3o\",\"url\":\"https:\/\/fernandadepilacao.com.br\/portal\/\",\"sameAs\":[\"https:\/\/www.facebook.com\/ferjobdepilacao\",\"http:\/\/instagram.com\/fernanda_job\"],\"logo\":{\"@type\":\"ImageObject\",\"@id\":\"https:\/\/fernandadepilacao.com.br\/portal\/#logo\",\"inLanguage\":\"pt-BR\",\"url\":\"http:\/\/fernandadepilacao.com.br\/portal\/wp-content\/uploads\/2021\/03\/logo_fernanda.png\",\"contentUrl\":\"http:\/\/fernandadepilacao.com.br\/portal\/wp-content\/uploads\/2021\/03\/logo_fernanda.png\",\"width\":673,\"height\":688,\"caption\":\"Fernanda Depila\u00e7\u00e3o\"},\"image\":{\"@id\":\"https:\/\/fernandadepilacao.com.br\/portal\/#logo\"}},{\"@type\":\"WebSite\",\"@id\":\"https:\/\/fernandadepilacao.com.br\/portal\/#website\",\"url\":\"https:\/\/fernandadepilacao.com.br\/portal\/\",\"name\":\"Fernanda Depila\u00e7\u00e3o\",\"description\":\"\",\"publisher\":{\"@id\":\"https:\/\/fernandadepilacao.com.br\/portal\/#organization\"},\"potentialAction\":[{\"@type\":\"SearchAction\",\"target\":{\"@type\":\"EntryPoint\",\"urlTemplate\":\"https:\/\/fernandadepilacao.com.br\/portal\/?s={search_term_string}\"},\"query-input\":\"required name=search_term_string\"}],\"inLanguage\":\"pt-BR\"},{\"@type\":\"ImageObject\",\"@id\":\"https:\/\/fernandadepilacao.com.br\/portal\/2026\/03\/indicacoes-contraindicacoes-metodo-fio-a-fio-depilacao-guia-completo\/#primaryimage\",\"inLanguage\":\"pt-BR\",\"url\":\"https:\/\/fernandadepilacao.com.br\/portal\/wp-content\/uploads\/2026\/03\/20260309080208.png\",\"contentUrl\":\"https:\/\/fernandadepilacao.com.br\/portal\/wp-content\/uploads\/2026\/03\/20260309080208.png\",\"width\":500,\"height\":500},{\"@type\":\"WebPage\",\"@id\":\"https:\/\/fernandadepilacao.com.br\/portal\/2026\/03\/indicacoes-contraindicacoes-metodo-fio-a-fio-depilacao-guia-completo\/#webpage\",\"url\":\"https:\/\/fernandadepilacao.com.br\/portal\/2026\/03\/indicacoes-contraindicacoes-metodo-fio-a-fio-depilacao-guia-completo\/\",\"name\":\"Indica\u00e7\u00f5es e Contraindica\u00e7\u00f5es do M\u00e9todo Fio a Fio na Depila\u00e7\u00e3o: Guia Completo - Fernanda Depila\u00e7\u00e3o\",\"isPartOf\":{\"@id\":\"https:\/\/fernandadepilacao.com.br\/portal\/#website\"},\"primaryImageOfPage\":{\"@id\":\"https:\/\/fernandadepilacao.com.br\/portal\/2026\/03\/indicacoes-contraindicacoes-metodo-fio-a-fio-depilacao-guia-completo\/#primaryimage\"},\"datePublished\":\"2026-03-09T11:02:11+00:00\",\"dateModified\":\"2026-03-09T11:02:12+00:00\",\"breadcrumb\":{\"@id\":\"https:\/\/fernandadepilacao.com.br\/portal\/2026\/03\/indicacoes-contraindicacoes-metodo-fio-a-fio-depilacao-guia-completo\/#breadcrumb\"},\"inLanguage\":\"pt-BR\",\"potentialAction\":[{\"@type\":\"ReadAction\",\"target\":[\"https:\/\/fernandadepilacao.com.br\/portal\/2026\/03\/indicacoes-contraindicacoes-metodo-fio-a-fio-depilacao-guia-completo\/\"]}]},{\"@type\":\"BreadcrumbList\",\"@id\":\"https:\/\/fernandadepilacao.com.br\/portal\/2026\/03\/indicacoes-contraindicacoes-metodo-fio-a-fio-depilacao-guia-completo\/#breadcrumb\",\"itemListElement\":[{\"@type\":\"ListItem\",\"position\":1,\"name\":\"In\u00edcio\",\"item\":\"http:\/\/fernandadepilacao.com.br\/portal\/\"},{\"@type\":\"ListItem\",\"position\":2,\"name\":\"Indica\u00e7\u00f5es e Contraindica\u00e7\u00f5es do M\u00e9todo Fio a Fio na Depila\u00e7\u00e3o: Guia Completo\"}]},{\"@type\":\"Article\",\"@id\":\"https:\/\/fernandadepilacao.com.br\/portal\/2026\/03\/indicacoes-contraindicacoes-metodo-fio-a-fio-depilacao-guia-completo\/#article\",\"isPartOf\":{\"@id\":\"https:\/\/fernandadepilacao.com.br\/portal\/2026\/03\/indicacoes-contraindicacoes-metodo-fio-a-fio-depilacao-guia-completo\/#webpage\"},\"author\":{\"@id\":\"https:\/\/fernandadepilacao.com.br\/portal\/#\/schema\/person\/d00644c3bbfd9fd17711767a3b1abbd0\"},\"headline\":\"Indica\u00e7\u00f5es e Contraindica\u00e7\u00f5es do M\u00e9todo Fio a Fio na Depila\u00e7\u00e3o: Guia Completo\",\"datePublished\":\"2026-03-09T11:02:11+00:00\",\"dateModified\":\"2026-03-09T11:02:12+00:00\",\"mainEntityOfPage\":{\"@id\":\"https:\/\/fernandadepilacao.com.br\/portal\/2026\/03\/indicacoes-contraindicacoes-metodo-fio-a-fio-depilacao-guia-completo\/#webpage\"},\"wordCount\":832,\"commentCount\":0,\"publisher\":{\"@id\":\"https:\/\/fernandadepilacao.com.br\/portal\/#organization\"},\"image\":{\"@id\":\"https:\/\/fernandadepilacao.com.br\/portal\/2026\/03\/indicacoes-contraindicacoes-metodo-fio-a-fio-depilacao-guia-completo\/#primaryimage\"},\"thumbnailUrl\":\"https:\/\/fernandadepilacao.com.br\/portal\/wp-content\/uploads\/2026\/03\/20260309080208.png\",\"inLanguage\":\"pt-BR\",\"potentialAction\":[{\"@type\":\"CommentAction\",\"name\":\"Comment\",\"target\":[\"https:\/\/fernandadepilacao.com.br\/portal\/2026\/03\/indicacoes-contraindicacoes-metodo-fio-a-fio-depilacao-guia-completo\/#respond\"]}]},{\"@type\":\"Person\",\"@id\":\"https:\/\/fernandadepilacao.com.br\/portal\/#\/schema\/person\/d00644c3bbfd9fd17711767a3b1abbd0\",\"name\":\"fernandajob\",\"image\":{\"@type\":\"ImageObject\",\"@id\":\"https:\/\/fernandadepilacao.com.br\/portal\/#personlogo\",\"inLanguage\":\"pt-BR\",\"url\":\"https:\/\/secure.gravatar.com\/avatar\/6c2268a68d69a325906fbdccd74b18e6?s=96&d=mm&r=g\",\"contentUrl\":\"https:\/\/secure.gravatar.com\/avatar\/6c2268a68d69a325906fbdccd74b18e6?s=96&d=mm&r=g\",\"caption\":\"fernandajob\"},\"sameAs\":[\"http:\/\/fernandadepilacao.com.br\/portal\"]}]}<\/script>\n<!-- \/ Yoast SEO plugin. -->","yoast_head_json":{"title":"Indica\u00e7\u00f5es e Contraindica\u00e7\u00f5es do M\u00e9todo Fio a Fio na Depila\u00e7\u00e3o: Guia Completo - Fernanda Depila\u00e7\u00e3o","robots":{"index":"index","follow":"follow","max-snippet":"max-snippet:-1","max-image-preview":"max-image-preview:large","max-video-preview":"max-video-preview:-1"},"canonical":"https:\/\/fernandadepilacao.com.br\/portal\/2026\/03\/indicacoes-contraindicacoes-metodo-fio-a-fio-depilacao-guia-completo\/","og_locale":"pt_BR","og_type":"article","og_title":"Indica\u00e7\u00f5es e Contraindica\u00e7\u00f5es do M\u00e9todo Fio a Fio na Depila\u00e7\u00e3o: Guia Completo - Fernanda Depila\u00e7\u00e3o","og_description":"Indica\u00e7\u00f5es e Contraindica\u00e7\u00f5es do M\u00e9todo Fio a Fio na Depila\u00e7\u00e3o: Tudo o Que Voc\u00ea Precisa Saber O Que \u00e9 o M\u00e9todo Fio a Fio na Depila\u00e7\u00e3o? O m\u00e9todo fio a fio \u00e9 uma t\u00e9cnica artesanal de depila\u00e7\u00e3o que utiliza linhas finas de algod\u00e3o para remover os pelos desde a raiz. Tamb\u00e9m conhecida como depila\u00e7\u00e3o com &hellip; Indica\u00e7\u00f5es e Contraindica\u00e7\u00f5es do M\u00e9todo Fio a Fio na Depila\u00e7\u00e3o: Guia Completo Leia mais &raquo;","og_url":"https:\/\/fernandadepilacao.com.br\/portal\/2026\/03\/indicacoes-contraindicacoes-metodo-fio-a-fio-depilacao-guia-completo\/","og_site_name":"Fernanda Depila\u00e7\u00e3o","article_publisher":"https:\/\/www.facebook.com\/ferjobdepilacao","article_published_time":"2026-03-09T11:02:11+00:00","article_modified_time":"2026-03-09T11:02:12+00:00","twitter_card":"summary_large_image","twitter_misc":{"Escrito por":"fernandajob","Est. tempo de leitura":"4 minutos"},"schema":{"@context":"https:\/\/schema.org","@graph":[{"@type":"Organization","@id":"https:\/\/fernandadepilacao.com.br\/portal\/#organization","name":"Fernanda Depila\u00e7\u00e3o","url":"https:\/\/fernandadepilacao.com.br\/portal\/","sameAs":["https:\/\/www.facebook.com\/ferjobdepilacao","http:\/\/instagram.com\/fernanda_job"],"logo":{"@type":"ImageObject","@id":"https:\/\/fernandadepilacao.com.br\/portal\/#logo","inLanguage":"pt-BR","url":"http:\/\/fernandadepilacao.com.br\/portal\/wp-content\/uploads\/2021\/03\/logo_fernanda.png","contentUrl":"http:\/\/fernandadepilacao.com.br\/portal\/wp-content\/uploads\/2021\/03\/logo_fernanda.png","width":673,"height":688,"caption":"Fernanda Depila\u00e7\u00e3o"},"image":{"@id":"https:\/\/fernandadepilacao.com.br\/portal\/#logo"}},{"@type":"WebSite","@id":"https:\/\/fernandadepilacao.com.br\/portal\/#website","url":"https:\/\/fernandadepilacao.com.br\/portal\/","name":"Fernanda Depila\u00e7\u00e3o","description":"","publisher":{"@id":"https:\/\/fernandadepilacao.com.br\/portal\/#organization"},"potentialAction":[{"@type":"SearchAction","target":{"@type":"EntryPoint","urlTemplate":"https:\/\/fernandadepilacao.com.br\/portal\/?s={search_term_string}"},"query-input":"required name=search_term_string"}],"inLanguage":"pt-BR"},{"@type":"ImageObject","@id":"https:\/\/fernandadepilacao.com.br\/portal\/2026\/03\/indicacoes-contraindicacoes-metodo-fio-a-fio-depilacao-guia-completo\/#primaryimage","inLanguage":"pt-BR","url":"https:\/\/fernandadepilacao.com.br\/portal\/wp-content\/uploads\/2026\/03\/20260309080208.png","contentUrl":"https:\/\/fernandadepilacao.com.br\/portal\/wp-content\/uploads\/2026\/03\/20260309080208.png","width":500,"height":500},{"@type":"WebPage","@id":"https:\/\/fernandadepilacao.com.br\/portal\/2026\/03\/indicacoes-contraindicacoes-metodo-fio-a-fio-depilacao-guia-completo\/#webpage","url":"https:\/\/fernandadepilacao.com.br\/portal\/2026\/03\/indicacoes-contraindicacoes-metodo-fio-a-fio-depilacao-guia-completo\/","name":"Indica\u00e7\u00f5es e Contraindica\u00e7\u00f5es do M\u00e9todo Fio a Fio na Depila\u00e7\u00e3o: Guia Completo - Fernanda Depila\u00e7\u00e3o","isPartOf":{"@id":"https:\/\/fernandadepilacao.com.br\/portal\/#website"},"primaryImageOfPage":{"@id":"https:\/\/fernandadepilacao.com.br\/portal\/2026\/03\/indicacoes-contraindicacoes-metodo-fio-a-fio-depilacao-guia-completo\/#primaryimage"},"datePublished":"2026-03-09T11:02:11+00:00","dateModified":"2026-03-09T11:02:12+00:00","breadcrumb":{"@id":"https:\/\/fernandadepilacao.com.br\/portal\/2026\/03\/indicacoes-contraindicacoes-metodo-fio-a-fio-depilacao-guia-completo\/#breadcrumb"},"inLanguage":"pt-BR","potentialAction":[{"@type":"ReadAction","target":["https:\/\/fernandadepilacao.com.br\/portal\/2026\/03\/indicacoes-contraindicacoes-metodo-fio-a-fio-depilacao-guia-completo\/"]}]},{"@type":"BreadcrumbList","@id":"https:\/\/fernandadepilacao.com.br\/portal\/2026\/03\/indicacoes-contraindicacoes-metodo-fio-a-fio-depilacao-guia-completo\/#breadcrumb","itemListElement":[{"@type":"ListItem","position":1,"name":"In\u00edcio","item":"http:\/\/fernandadepilacao.com.br\/portal\/"},{"@type":"ListItem","position":2,"name":"Indica\u00e7\u00f5es e Contraindica\u00e7\u00f5es do M\u00e9todo Fio a Fio na Depila\u00e7\u00e3o: Guia Completo"}]},{"@type":"Article","@id":"https:\/\/fernandadepilacao.com.br\/portal\/2026\/03\/indicacoes-contraindicacoes-metodo-fio-a-fio-depilacao-guia-completo\/#article","isPartOf":{"@id":"https:\/\/fernandadepilacao.com.br\/portal\/2026\/03\/indicacoes-contraindicacoes-metodo-fio-a-fio-depilacao-guia-completo\/#webpage"},"author":{"@id":"https:\/\/fernandadepilacao.com.br\/portal\/#\/schema\/person\/d00644c3bbfd9fd17711767a3b1abbd0"},"headline":"Indica\u00e7\u00f5es e Contraindica\u00e7\u00f5es do M\u00e9todo Fio a Fio na Depila\u00e7\u00e3o: Guia Completo","datePublished":"2026-03-09T11:02:11+00:00","dateModified":"2026-03-09T11:02:12+00:00","mainEntityOfPage":{"@id":"https:\/\/fernandadepilacao.com.br\/portal\/2026\/03\/indicacoes-contraindicacoes-metodo-fio-a-fio-depilacao-guia-completo\/#webpage"},"wordCount":832,"commentCount":0,"publisher":{"@id":"https:\/\/fernandadepilacao.com.br\/portal\/#organization"},"image":{"@id":"https:\/\/fernandadepilacao.com.br\/portal\/2026\/03\/indicacoes-contraindicacoes-metodo-fio-a-fio-depilacao-guia-completo\/#primaryimage"},"thumbnailUrl":"https:\/\/fernandadepilacao.com.br\/portal\/wp-content\/uploads\/2026\/03\/20260309080208.png","inLanguage":"pt-BR","potentialAction":[{"@type":"CommentAction","name":"Comment","target":["https:\/\/fernandadepilacao.com.br\/portal\/2026\/03\/indicacoes-contraindicacoes-metodo-fio-a-fio-depilacao-guia-completo\/#respond"]}]},{"@type":"Person","@id":"https:\/\/fernandadepilacao.com.br\/portal\/#\/schema\/person\/d00644c3bbfd9fd17711767a3b1abbd0","name":"fernandajob","image":{"@type":"ImageObject","@id":"https:\/\/fernandadepilacao.com.br\/portal\/#personlogo","inLanguage":"pt-BR","url":"https:\/\/secure.gravatar.com\/avatar\/6c2268a68d69a325906fbdccd74b18e6?s=96&d=mm&r=g","contentUrl":"https:\/\/secure.gravatar.com\/avatar\/6c2268a68d69a325906fbdccd74b18e6?s=96&d=mm&r=g","caption":"fernandajob"},"sameAs":["http:\/\/fernandadepilacao.com.br\/portal"]}]}},"uagb_featured_image_src":{"full":["https:\/\/fernandadepilacao.com.br\/portal\/wp-content\/uploads\/2026\/03\/20260309080208.png",500,500,false],"thumbnail":["https:\/\/fernandadepilacao.com.br\/portal\/wp-content\/uploads\/2026\/03\/20260309080208-150x150.png",150,150,true],"medium":["https:\/\/fernandadepilacao.com.br\/portal\/wp-content\/uploads\/2026\/03\/20260309080208-300x300.png",300,300,true],"medium_large":["https:\/\/fernandadepilacao.com.br\/portal\/wp-content\/uploads\/2026\/03\/20260309080208.png",500,500,false],"large":["https:\/\/fernandadepilacao.com.br\/portal\/wp-content\/uploads\/2026\/03\/20260309080208.png",500,500,false],"1536x1536":["https:\/\/fernandadepilacao.com.br\/portal\/wp-content\/uploads\/2026\/03\/20260309080208.png",500,500,false],"2048x2048":["https:\/\/fernandadepilacao.com.br\/portal\/wp-content\/uploads\/2026\/03\/20260309080208.png",500,500,false]},"uagb_author_info":{"display_name":"fernandajob","author_link":"https:\/\/fernandadepilacao.com.br\/portal\/author\/fernandajob\/"},"uagb_comment_info":0,"uagb_excerpt":"Indica\u00e7\u00f5es e Contraindica\u00e7\u00f5es do M\u00e9todo Fio a Fio na Depila\u00e7\u00e3o: Tudo o Que Voc\u00ea Precisa Saber O Que \u00e9 o M\u00e9todo Fio a Fio na Depila\u00e7\u00e3o? O m\u00e9todo fio a fio \u00e9 uma t\u00e9cnica artesanal de depila\u00e7\u00e3o que utiliza linhas finas de algod\u00e3o para remover os pelos desde a raiz. Tamb\u00e9m conhecida como depila\u00e7\u00e3o com&hellip;","_links":{"self":[{"href":"https:\/\/fernandadepilacao.com.br\/portal\/wp-json\/wp\/v2\/posts\/1395"}],"collection":[{"href":"https:\/\/fernandadepilacao.com.br\/portal\/wp-json\/wp\/v2\/posts"}],"about":[{"href":"https:\/\/fernandadepilacao.com.br\/portal\/wp-json\/wp\/v2\/types\/post"}],"author":[{"embeddable":true,"href":"https:\/\/fernandadepilacao.com.br\/portal\/wp-json\/wp\/v2\/users\/1"}],"replies":[{"embeddable":true,"href":"https:\/\/fernandadepilacao.com.br\/portal\/wp-json\/wp\/v2\/comments?post=1395"}],"version-history":[{"count":1,"href":"https:\/\/fernandadepilacao.com.br\/portal\/wp-json\/wp\/v2\/posts\/1395\/revisions"}],"predecessor-version":[{"id":1396,"href":"https:\/\/fernandadepilacao.com.br\/portal\/wp-json\/wp\/v2\/posts\/1395\/revisions\/1396"}],"wp:featuredmedia":[{"embeddable":true,"href":"https:\/\/fernandadepilacao.com.br\/portal\/wp-json\/wp\/v2\/media\/1394"}],"wp:attachment":[{"href":"https:\/\/fernandadepilacao.com.br\/portal\/wp-json\/wp\/v2\/media?parent=1395"}],"wp:term":[{"taxonomy":"category","embeddable":true,"href":"https:\/\/fernandadepilacao.com.br\/portal\/wp-json\/wp\/v2\/categories?post=1395"},{"taxonomy":"post_tag","embeddable":true,"href":"https:\/\/fernandadepilacao.com.br\/portal\/wp-json\/wp\/v2\/tags?post=1395"}],"curies":[{"name":"wp","href":"https:\/\/api.w.org\/{rel}","templated":true}]}}