{"id":1389,"date":"2026-03-08T16:01:30","date_gmt":"2026-03-08T19:01:30","guid":{"rendered":"https:\/\/fernandadepilacao.com.br\/portal\/2026\/03\/cuidados-essenciais-antes-e-depois-da-depilacao-fio-a-fio\/"},"modified":"2026-03-08T16:01:31","modified_gmt":"2026-03-08T19:01:31","slug":"cuidados-essenciais-antes-e-depois-da-depilacao-fio-a-fio","status":"publish","type":"post","link":"https:\/\/fernandadepilacao.com.br\/portal\/2026\/03\/cuidados-essenciais-antes-e-depois-da-depilacao-fio-a-fio\/","title":{"rendered":"Cuidados Essenciais Antes e Depois da Depila\u00e7\u00e3o Fio a Fio"},"content":{"rendered":"<article>\n<header>\n<h1>Cuidados Pr\u00e9 e P\u00f3s-Procedimento na Depila\u00e7\u00e3o Fio a Fio: Guia Completo para um Resultado Impec\u00e1vel<\/h1>\n<p>    <meta name=\"description\" content=\"Conhe\u00e7a quais s\u00e3o os cuidados essenciais antes e depois da depila\u00e7\u00e3o fio a fio para garantir uma pele lisinha, saud\u00e1vel e sem irrita\u00e7\u00f5es. Dicas de uma especialista para evitar foliculite, vermelhid\u00e3o e conquistar resultados duradouros!\" \/><br \/>\n  <\/header>\n<section>\n<h2>O que \u00e9 a depila\u00e7\u00e3o fio a fio?<\/h2>\n<p>A <strong>depila\u00e7\u00e3o fio a fio<\/strong> \u00e9 uma t\u00e9cnica que remove os pelos individualmente, proporcionando resultados extremamente detalhados e naturais. Muito procurada para \u00e1reas delicadas, como sobrancelhas e bu\u00e7o, essa t\u00e9cnica garante maior precis\u00e3o e um acabamento perfeito. Contudo, para alcan\u00e7ar o melhor resultado sem comprometer a sa\u00fade da pele, os <strong>cuidados antes e depois do procedimento<\/strong> s\u00e3o fundamentais.<\/p>\n<\/section>\n<section>\n<h2>Por que os cuidados pr\u00e9 e p\u00f3s depila\u00e7\u00e3o s\u00e3o importantes?<\/h2>\n<p>Apesar de ser uma t\u00e9cnica delicada e eficiente, a depila\u00e7\u00e3o fio a fio pode sensibilizar a pele e colaborar para o surgimento de rea\u00e7\u00f5es como <strong>vermelhid\u00e3o<\/strong>, descama\u00e7\u00e3o e at\u00e9 <strong>foliculite<\/strong>. Por isso, adotar uma rotina de cuidados \u00e9 indispens\u00e1vel para garantir:<\/p>\n<ul>\n<li><strong>Pele saud\u00e1vel<\/strong> e sem les\u00f5es;<\/li>\n<li><strong>Resultados mais duradouros<\/strong>;<\/li>\n<li><strong>Menos desconforto<\/strong> durante e ap\u00f3s o procedimento;<\/li>\n<li>Redu\u00e7\u00e3o de poss\u00edveis <strong>manchas<\/strong> e <strong>irrita\u00e7\u00f5es<\/strong>;<\/li>\n<li>Evitar infec\u00e7\u00f5es.<\/li>\n<\/ul>\n<\/section>\n<section>\n<h2>Cuidados pr\u00e9 depila\u00e7\u00e3o fio a fio<\/h2>\n<ol>\n<li><strong>Higienize a pele:<\/strong> Lave a \u00e1rea a ser depilada com \u00e1gua e sabonete neutro, removendo impurezas e oleosidade. Uma pele limpa previne infec\u00e7\u00f5es e facilita a remo\u00e7\u00e3o dos pelos.<\/li>\n<li><strong>Evite produtos agressivos:<\/strong> N\u00e3o utilize cremes, \u00e1cidos, maquiagens ou maquiagem na \u00e1rea um dia antes da depila\u00e7\u00e3o \u2013 isso diminui as chances de sensibiliza\u00e7\u00e3o e alergias.<\/li>\n<li><strong>Hidrata\u00e7\u00e3o em dia:<\/strong> Mantenha a pele hidratada nos dias anteriores, mas retire qualquer res\u00edduo antes do procedimento.<\/li>\n<li><strong>N\u00e3o exponha ao sol:<\/strong> Evite tomar sol ou fazer bronzeamento na \u00e1rea a ser depilada at\u00e9 48h antes, pois a pele sensibilizada pode ficar mais vulner\u00e1vel e manchar.<\/li>\n<li><strong>Comunique poss\u00edveis alergias:<\/strong> Informe o profissional caso tenha hist\u00f3rico de alergias a ceras, produtos ou materiais espec\u00edficos.<\/li>\n<\/ol>\n<\/section>\n<section>\n<h2>O que fazer ap\u00f3s a depila\u00e7\u00e3o fio a fio?<\/h2>\n<ol>\n<li><strong>Calma e cuidados nas primeiras horas:<\/strong> Evite tocar, co\u00e7ar ou esfregar a regi\u00e3o depilada. A pele pode ficar sens\u00edvel e propensa \u00e0 irrita\u00e7\u00e3o.<\/li>\n<li><strong>Aplique lo\u00e7\u00f5es calmantes:<\/strong> Produtos com camomila, aloe vera, ou \u00e1gua termal s\u00e3o \u00f3timas op\u00e7\u00f5es para aliviar vermelhid\u00e3o e ard\u00eancia.<\/li>\n<li><strong>Evite exposi\u00e7\u00e3o solar:<\/strong> Mantenha a \u00e1rea protegida do sol por pelo menos 24 horas. Use protetor solar se a regi\u00e3o for exposta.<\/li>\n<li><strong>Nada de maquiagem ou produtos fortes:<\/strong> Ap\u00f3s a depila\u00e7\u00e3o, n\u00e3o use maquiagem, \u00e1cidos, t\u00f4nicos ou qualquer produto abrasivo por 24-48h para evitar rea\u00e7\u00f5es desagrad\u00e1veis.<\/li>\n<li><strong>Mantenha a pele hidratada:<\/strong> Hidratantes leves ajudam a restaurar e proteger a pele. Escolha produtos sem fragr\u00e2ncia e hipoalerg\u00eanicos.<\/li>\n<li><strong>Aten\u00e7\u00e3o \u00e0 higiene:<\/strong> Evite piscinas, mar e saunas no dia do procedimento para reduzir o risco de infec\u00e7\u00e3o.<\/li>\n<\/ol>\n<\/section>\n<section>\n<h2>Principais d\u00favidas sobre depila\u00e7\u00e3o fio a fio<\/h2>\n<details>\n<summary><strong>Posso praticar atividade f\u00edsica depois da depila\u00e7\u00e3o?<\/strong><\/summary>\n<p>Prefira evitar exerc\u00edcios intensos e suor excessivo at\u00e9 24h ap\u00f3s a depila\u00e7\u00e3o para n\u00e3o irritar a pele.<\/p>\n<\/details>\n<details>\n<summary><strong>Quanto tempo dura o resultado da depila\u00e7\u00e3o fio a fio?<\/strong><\/summary>\n<p>Em geral, a pele permanece lisinha de 15 a 30 dias, variando de acordo com o ciclo de crescimento dos seus pelos e os cuidados adotados.<\/p>\n<\/details>\n<details>\n<summary><strong>Como evitar pelos encravados?<\/strong><\/summary>\n<p>Fa\u00e7a esfolia\u00e7\u00e3o suave uma vez por semana (exceto dois dias antes e ap\u00f3s a depila\u00e7\u00e3o), mantenha a pele hidratada e nunca tente remover pelos encravados com objetos pontiagudos.<\/p>\n<\/details>\n<\/section>\n<section>\n<h2>Conclus\u00e3o<\/h2>\n<p>Ao seguir um <strong>ritual de cuidados antes e depois da depila\u00e7\u00e3o fio a fio<\/strong>, voc\u00ea garante sa\u00fade, beleza e um resultado prolongado para sua pele. Procure sempre realizar o procedimento com profissionais qualificados e estruture sua rotina de cuidados para evitar desconfortos e conquistar aquele visual mais natural e sofisticado.<\/p>\n<\/section>\n<footer>\n<p><strong>Palavras-chave:<\/strong> depila\u00e7\u00e3o fio a fio, cuidados pr\u00e9 depila\u00e7\u00e3o, cuidados p\u00f3s depila\u00e7\u00e3o, preven\u00e7\u00e3o foliculite, como evitar pelos encravados, pele saud\u00e1vel depila\u00e7\u00e3o<\/p>\n<\/footer>\n<\/article>\n","protected":false},"excerpt":{"rendered":"<p>Cuidados Pr\u00e9 e P\u00f3s-Procedimento na Depila\u00e7\u00e3o Fio a Fio: Guia Completo para um Resultado Impec\u00e1vel O que \u00e9 a depila\u00e7\u00e3o fio a fio? A depila\u00e7\u00e3o fio a fio \u00e9 uma t\u00e9cnica que remove os pelos individualmente, proporcionando resultados extremamente detalhados e naturais. Muito procurada para \u00e1reas delicadas, como sobrancelhas e bu\u00e7o, essa t\u00e9cnica garante maior &hellip;<\/p>\n<p class=\"read-more\"> <a class=\"\" href=\"https:\/\/fernandadepilacao.com.br\/portal\/2026\/03\/cuidados-essenciais-antes-e-depois-da-depilacao-fio-a-fio\/\"> <span class=\"screen-reader-text\">Cuidados Essenciais Antes e Depois da Depila\u00e7\u00e3o Fio a Fio<\/span> Leia mais &raquo;<\/a><\/p>\n","protected":false},"author":1,"featured_media":1388,"comment_status":"open","ping_status":"open","sticky":false,"template":"","format":"standard","meta":[],"categories":[1],"tags":[],"yoast_head":"<!-- This site is optimized with the Yoast SEO plugin v18.4.1 - https:\/\/yoast.com\/wordpress\/plugins\/seo\/ -->\n<title>Cuidados Essenciais Antes e Depois da Depila\u00e7\u00e3o Fio a Fio - Fernanda Depila\u00e7\u00e3o<\/title>\n<meta name=\"robots\" content=\"index, follow, max-snippet:-1, max-image-preview:large, max-video-preview:-1\" \/>\n<link rel=\"canonical\" href=\"https:\/\/fernandadepilacao.com.br\/portal\/2026\/03\/cuidados-essenciais-antes-e-depois-da-depilacao-fio-a-fio\/\" \/>\n<meta property=\"og:locale\" content=\"pt_BR\" \/>\n<meta property=\"og:type\" content=\"article\" \/>\n<meta property=\"og:title\" content=\"Cuidados Essenciais Antes e Depois da Depila\u00e7\u00e3o Fio a Fio - Fernanda Depila\u00e7\u00e3o\" \/>\n<meta property=\"og:description\" content=\"Cuidados Pr\u00e9 e P\u00f3s-Procedimento na Depila\u00e7\u00e3o Fio a Fio: Guia Completo para um Resultado Impec\u00e1vel O que \u00e9 a depila\u00e7\u00e3o fio a fio? A depila\u00e7\u00e3o fio a fio \u00e9 uma t\u00e9cnica que remove os pelos individualmente, proporcionando resultados extremamente detalhados e naturais. Muito procurada para \u00e1reas delicadas, como sobrancelhas e bu\u00e7o, essa t\u00e9cnica garante maior &hellip; Cuidados Essenciais Antes e Depois da Depila\u00e7\u00e3o Fio a Fio Leia mais &raquo;\" \/>\n<meta property=\"og:url\" content=\"https:\/\/fernandadepilacao.com.br\/portal\/2026\/03\/cuidados-essenciais-antes-e-depois-da-depilacao-fio-a-fio\/\" \/>\n<meta property=\"og:site_name\" content=\"Fernanda Depila\u00e7\u00e3o\" \/>\n<meta property=\"article:publisher\" content=\"https:\/\/www.facebook.com\/ferjobdepilacao\" \/>\n<meta property=\"article:published_time\" content=\"2026-03-08T19:01:30+00:00\" \/>\n<meta property=\"article:modified_time\" content=\"2026-03-08T19:01:31+00:00\" \/>\n<meta name=\"twitter:card\" content=\"summary_large_image\" \/>\n<meta name=\"twitter:label1\" content=\"Escrito por\" \/>\n\t<meta name=\"twitter:data1\" content=\"fernandajob\" \/>\n\t<meta name=\"twitter:label2\" content=\"Est. tempo de leitura\" \/>\n\t<meta name=\"twitter:data2\" content=\"3 minutos\" \/>\n<script type=\"application\/ld+json\" class=\"yoast-schema-graph\">{\"@context\":\"https:\/\/schema.org\",\"@graph\":[{\"@type\":\"Organization\",\"@id\":\"https:\/\/fernandadepilacao.com.br\/portal\/#organization\",\"name\":\"Fernanda Depila\u00e7\u00e3o\",\"url\":\"https:\/\/fernandadepilacao.com.br\/portal\/\",\"sameAs\":[\"https:\/\/www.facebook.com\/ferjobdepilacao\",\"http:\/\/instagram.com\/fernanda_job\"],\"logo\":{\"@type\":\"ImageObject\",\"@id\":\"https:\/\/fernandadepilacao.com.br\/portal\/#logo\",\"inLanguage\":\"pt-BR\",\"url\":\"http:\/\/fernandadepilacao.com.br\/portal\/wp-content\/uploads\/2021\/03\/logo_fernanda.png\",\"contentUrl\":\"http:\/\/fernandadepilacao.com.br\/portal\/wp-content\/uploads\/2021\/03\/logo_fernanda.png\",\"width\":673,\"height\":688,\"caption\":\"Fernanda Depila\u00e7\u00e3o\"},\"image\":{\"@id\":\"https:\/\/fernandadepilacao.com.br\/portal\/#logo\"}},{\"@type\":\"WebSite\",\"@id\":\"https:\/\/fernandadepilacao.com.br\/portal\/#website\",\"url\":\"https:\/\/fernandadepilacao.com.br\/portal\/\",\"name\":\"Fernanda Depila\u00e7\u00e3o\",\"description\":\"\",\"publisher\":{\"@id\":\"https:\/\/fernandadepilacao.com.br\/portal\/#organization\"},\"potentialAction\":[{\"@type\":\"SearchAction\",\"target\":{\"@type\":\"EntryPoint\",\"urlTemplate\":\"https:\/\/fernandadepilacao.com.br\/portal\/?s={search_term_string}\"},\"query-input\":\"required name=search_term_string\"}],\"inLanguage\":\"pt-BR\"},{\"@type\":\"ImageObject\",\"@id\":\"https:\/\/fernandadepilacao.com.br\/portal\/2026\/03\/cuidados-essenciais-antes-e-depois-da-depilacao-fio-a-fio\/#primaryimage\",\"inLanguage\":\"pt-BR\",\"url\":\"https:\/\/fernandadepilacao.com.br\/portal\/wp-content\/uploads\/2026\/03\/20260308160127.png\",\"contentUrl\":\"https:\/\/fernandadepilacao.com.br\/portal\/wp-content\/uploads\/2026\/03\/20260308160127.png\",\"width\":500,\"height\":500},{\"@type\":\"WebPage\",\"@id\":\"https:\/\/fernandadepilacao.com.br\/portal\/2026\/03\/cuidados-essenciais-antes-e-depois-da-depilacao-fio-a-fio\/#webpage\",\"url\":\"https:\/\/fernandadepilacao.com.br\/portal\/2026\/03\/cuidados-essenciais-antes-e-depois-da-depilacao-fio-a-fio\/\",\"name\":\"Cuidados Essenciais Antes e Depois da Depila\u00e7\u00e3o Fio a Fio - Fernanda Depila\u00e7\u00e3o\",\"isPartOf\":{\"@id\":\"https:\/\/fernandadepilacao.com.br\/portal\/#website\"},\"primaryImageOfPage\":{\"@id\":\"https:\/\/fernandadepilacao.com.br\/portal\/2026\/03\/cuidados-essenciais-antes-e-depois-da-depilacao-fio-a-fio\/#primaryimage\"},\"datePublished\":\"2026-03-08T19:01:30+00:00\",\"dateModified\":\"2026-03-08T19:01:31+00:00\",\"breadcrumb\":{\"@id\":\"https:\/\/fernandadepilacao.com.br\/portal\/2026\/03\/cuidados-essenciais-antes-e-depois-da-depilacao-fio-a-fio\/#breadcrumb\"},\"inLanguage\":\"pt-BR\",\"potentialAction\":[{\"@type\":\"ReadAction\",\"target\":[\"https:\/\/fernandadepilacao.com.br\/portal\/2026\/03\/cuidados-essenciais-antes-e-depois-da-depilacao-fio-a-fio\/\"]}]},{\"@type\":\"BreadcrumbList\",\"@id\":\"https:\/\/fernandadepilacao.com.br\/portal\/2026\/03\/cuidados-essenciais-antes-e-depois-da-depilacao-fio-a-fio\/#breadcrumb\",\"itemListElement\":[{\"@type\":\"ListItem\",\"position\":1,\"name\":\"In\u00edcio\",\"item\":\"http:\/\/fernandadepilacao.com.br\/portal\/\"},{\"@type\":\"ListItem\",\"position\":2,\"name\":\"Cuidados Essenciais Antes e Depois da Depila\u00e7\u00e3o Fio a Fio\"}]},{\"@type\":\"Article\",\"@id\":\"https:\/\/fernandadepilacao.com.br\/portal\/2026\/03\/cuidados-essenciais-antes-e-depois-da-depilacao-fio-a-fio\/#article\",\"isPartOf\":{\"@id\":\"https:\/\/fernandadepilacao.com.br\/portal\/2026\/03\/cuidados-essenciais-antes-e-depois-da-depilacao-fio-a-fio\/#webpage\"},\"author\":{\"@id\":\"https:\/\/fernandadepilacao.com.br\/portal\/#\/schema\/person\/d00644c3bbfd9fd17711767a3b1abbd0\"},\"headline\":\"Cuidados Essenciais Antes e Depois da Depila\u00e7\u00e3o Fio a Fio\",\"datePublished\":\"2026-03-08T19:01:30+00:00\",\"dateModified\":\"2026-03-08T19:01:31+00:00\",\"mainEntityOfPage\":{\"@id\":\"https:\/\/fernandadepilacao.com.br\/portal\/2026\/03\/cuidados-essenciais-antes-e-depois-da-depilacao-fio-a-fio\/#webpage\"},\"wordCount\":672,\"commentCount\":0,\"publisher\":{\"@id\":\"https:\/\/fernandadepilacao.com.br\/portal\/#organization\"},\"image\":{\"@id\":\"https:\/\/fernandadepilacao.com.br\/portal\/2026\/03\/cuidados-essenciais-antes-e-depois-da-depilacao-fio-a-fio\/#primaryimage\"},\"thumbnailUrl\":\"https:\/\/fernandadepilacao.com.br\/portal\/wp-content\/uploads\/2026\/03\/20260308160127.png\",\"inLanguage\":\"pt-BR\",\"potentialAction\":[{\"@type\":\"CommentAction\",\"name\":\"Comment\",\"target\":[\"https:\/\/fernandadepilacao.com.br\/portal\/2026\/03\/cuidados-essenciais-antes-e-depois-da-depilacao-fio-a-fio\/#respond\"]}]},{\"@type\":\"Person\",\"@id\":\"https:\/\/fernandadepilacao.com.br\/portal\/#\/schema\/person\/d00644c3bbfd9fd17711767a3b1abbd0\",\"name\":\"fernandajob\",\"image\":{\"@type\":\"ImageObject\",\"@id\":\"https:\/\/fernandadepilacao.com.br\/portal\/#personlogo\",\"inLanguage\":\"pt-BR\",\"url\":\"https:\/\/secure.gravatar.com\/avatar\/6c2268a68d69a325906fbdccd74b18e6?s=96&d=mm&r=g\",\"contentUrl\":\"https:\/\/secure.gravatar.com\/avatar\/6c2268a68d69a325906fbdccd74b18e6?s=96&d=mm&r=g\",\"caption\":\"fernandajob\"},\"sameAs\":[\"http:\/\/fernandadepilacao.com.br\/portal\"]}]}<\/script>\n<!-- \/ Yoast SEO plugin. -->","yoast_head_json":{"title":"Cuidados Essenciais Antes e Depois da Depila\u00e7\u00e3o Fio a Fio - Fernanda Depila\u00e7\u00e3o","robots":{"index":"index","follow":"follow","max-snippet":"max-snippet:-1","max-image-preview":"max-image-preview:large","max-video-preview":"max-video-preview:-1"},"canonical":"https:\/\/fernandadepilacao.com.br\/portal\/2026\/03\/cuidados-essenciais-antes-e-depois-da-depilacao-fio-a-fio\/","og_locale":"pt_BR","og_type":"article","og_title":"Cuidados Essenciais Antes e Depois da Depila\u00e7\u00e3o Fio a Fio - Fernanda Depila\u00e7\u00e3o","og_description":"Cuidados Pr\u00e9 e P\u00f3s-Procedimento na Depila\u00e7\u00e3o Fio a Fio: Guia Completo para um Resultado Impec\u00e1vel O que \u00e9 a depila\u00e7\u00e3o fio a fio? A depila\u00e7\u00e3o fio a fio \u00e9 uma t\u00e9cnica que remove os pelos individualmente, proporcionando resultados extremamente detalhados e naturais. Muito procurada para \u00e1reas delicadas, como sobrancelhas e bu\u00e7o, essa t\u00e9cnica garante maior &hellip; Cuidados Essenciais Antes e Depois da Depila\u00e7\u00e3o Fio a Fio Leia mais &raquo;","og_url":"https:\/\/fernandadepilacao.com.br\/portal\/2026\/03\/cuidados-essenciais-antes-e-depois-da-depilacao-fio-a-fio\/","og_site_name":"Fernanda Depila\u00e7\u00e3o","article_publisher":"https:\/\/www.facebook.com\/ferjobdepilacao","article_published_time":"2026-03-08T19:01:30+00:00","article_modified_time":"2026-03-08T19:01:31+00:00","twitter_card":"summary_large_image","twitter_misc":{"Escrito por":"fernandajob","Est. tempo de leitura":"3 minutos"},"schema":{"@context":"https:\/\/schema.org","@graph":[{"@type":"Organization","@id":"https:\/\/fernandadepilacao.com.br\/portal\/#organization","name":"Fernanda Depila\u00e7\u00e3o","url":"https:\/\/fernandadepilacao.com.br\/portal\/","sameAs":["https:\/\/www.facebook.com\/ferjobdepilacao","http:\/\/instagram.com\/fernanda_job"],"logo":{"@type":"ImageObject","@id":"https:\/\/fernandadepilacao.com.br\/portal\/#logo","inLanguage":"pt-BR","url":"http:\/\/fernandadepilacao.com.br\/portal\/wp-content\/uploads\/2021\/03\/logo_fernanda.png","contentUrl":"http:\/\/fernandadepilacao.com.br\/portal\/wp-content\/uploads\/2021\/03\/logo_fernanda.png","width":673,"height":688,"caption":"Fernanda Depila\u00e7\u00e3o"},"image":{"@id":"https:\/\/fernandadepilacao.com.br\/portal\/#logo"}},{"@type":"WebSite","@id":"https:\/\/fernandadepilacao.com.br\/portal\/#website","url":"https:\/\/fernandadepilacao.com.br\/portal\/","name":"Fernanda Depila\u00e7\u00e3o","description":"","publisher":{"@id":"https:\/\/fernandadepilacao.com.br\/portal\/#organization"},"potentialAction":[{"@type":"SearchAction","target":{"@type":"EntryPoint","urlTemplate":"https:\/\/fernandadepilacao.com.br\/portal\/?s={search_term_string}"},"query-input":"required name=search_term_string"}],"inLanguage":"pt-BR"},{"@type":"ImageObject","@id":"https:\/\/fernandadepilacao.com.br\/portal\/2026\/03\/cuidados-essenciais-antes-e-depois-da-depilacao-fio-a-fio\/#primaryimage","inLanguage":"pt-BR","url":"https:\/\/fernandadepilacao.com.br\/portal\/wp-content\/uploads\/2026\/03\/20260308160127.png","contentUrl":"https:\/\/fernandadepilacao.com.br\/portal\/wp-content\/uploads\/2026\/03\/20260308160127.png","width":500,"height":500},{"@type":"WebPage","@id":"https:\/\/fernandadepilacao.com.br\/portal\/2026\/03\/cuidados-essenciais-antes-e-depois-da-depilacao-fio-a-fio\/#webpage","url":"https:\/\/fernandadepilacao.com.br\/portal\/2026\/03\/cuidados-essenciais-antes-e-depois-da-depilacao-fio-a-fio\/","name":"Cuidados Essenciais Antes e Depois da Depila\u00e7\u00e3o Fio a Fio - Fernanda Depila\u00e7\u00e3o","isPartOf":{"@id":"https:\/\/fernandadepilacao.com.br\/portal\/#website"},"primaryImageOfPage":{"@id":"https:\/\/fernandadepilacao.com.br\/portal\/2026\/03\/cuidados-essenciais-antes-e-depois-da-depilacao-fio-a-fio\/#primaryimage"},"datePublished":"2026-03-08T19:01:30+00:00","dateModified":"2026-03-08T19:01:31+00:00","breadcrumb":{"@id":"https:\/\/fernandadepilacao.com.br\/portal\/2026\/03\/cuidados-essenciais-antes-e-depois-da-depilacao-fio-a-fio\/#breadcrumb"},"inLanguage":"pt-BR","potentialAction":[{"@type":"ReadAction","target":["https:\/\/fernandadepilacao.com.br\/portal\/2026\/03\/cuidados-essenciais-antes-e-depois-da-depilacao-fio-a-fio\/"]}]},{"@type":"BreadcrumbList","@id":"https:\/\/fernandadepilacao.com.br\/portal\/2026\/03\/cuidados-essenciais-antes-e-depois-da-depilacao-fio-a-fio\/#breadcrumb","itemListElement":[{"@type":"ListItem","position":1,"name":"In\u00edcio","item":"http:\/\/fernandadepilacao.com.br\/portal\/"},{"@type":"ListItem","position":2,"name":"Cuidados Essenciais Antes e Depois da Depila\u00e7\u00e3o Fio a Fio"}]},{"@type":"Article","@id":"https:\/\/fernandadepilacao.com.br\/portal\/2026\/03\/cuidados-essenciais-antes-e-depois-da-depilacao-fio-a-fio\/#article","isPartOf":{"@id":"https:\/\/fernandadepilacao.com.br\/portal\/2026\/03\/cuidados-essenciais-antes-e-depois-da-depilacao-fio-a-fio\/#webpage"},"author":{"@id":"https:\/\/fernandadepilacao.com.br\/portal\/#\/schema\/person\/d00644c3bbfd9fd17711767a3b1abbd0"},"headline":"Cuidados Essenciais Antes e Depois da Depila\u00e7\u00e3o Fio a Fio","datePublished":"2026-03-08T19:01:30+00:00","dateModified":"2026-03-08T19:01:31+00:00","mainEntityOfPage":{"@id":"https:\/\/fernandadepilacao.com.br\/portal\/2026\/03\/cuidados-essenciais-antes-e-depois-da-depilacao-fio-a-fio\/#webpage"},"wordCount":672,"commentCount":0,"publisher":{"@id":"https:\/\/fernandadepilacao.com.br\/portal\/#organization"},"image":{"@id":"https:\/\/fernandadepilacao.com.br\/portal\/2026\/03\/cuidados-essenciais-antes-e-depois-da-depilacao-fio-a-fio\/#primaryimage"},"thumbnailUrl":"https:\/\/fernandadepilacao.com.br\/portal\/wp-content\/uploads\/2026\/03\/20260308160127.png","inLanguage":"pt-BR","potentialAction":[{"@type":"CommentAction","name":"Comment","target":["https:\/\/fernandadepilacao.com.br\/portal\/2026\/03\/cuidados-essenciais-antes-e-depois-da-depilacao-fio-a-fio\/#respond"]}]},{"@type":"Person","@id":"https:\/\/fernandadepilacao.com.br\/portal\/#\/schema\/person\/d00644c3bbfd9fd17711767a3b1abbd0","name":"fernandajob","image":{"@type":"ImageObject","@id":"https:\/\/fernandadepilacao.com.br\/portal\/#personlogo","inLanguage":"pt-BR","url":"https:\/\/secure.gravatar.com\/avatar\/6c2268a68d69a325906fbdccd74b18e6?s=96&d=mm&r=g","contentUrl":"https:\/\/secure.gravatar.com\/avatar\/6c2268a68d69a325906fbdccd74b18e6?s=96&d=mm&r=g","caption":"fernandajob"},"sameAs":["http:\/\/fernandadepilacao.com.br\/portal"]}]}},"uagb_featured_image_src":{"full":["https:\/\/fernandadepilacao.com.br\/portal\/wp-content\/uploads\/2026\/03\/20260308160127.png",500,500,false],"thumbnail":["https:\/\/fernandadepilacao.com.br\/portal\/wp-content\/uploads\/2026\/03\/20260308160127-150x150.png",150,150,true],"medium":["https:\/\/fernandadepilacao.com.br\/portal\/wp-content\/uploads\/2026\/03\/20260308160127-300x300.png",300,300,true],"medium_large":["https:\/\/fernandadepilacao.com.br\/portal\/wp-content\/uploads\/2026\/03\/20260308160127.png",500,500,false],"large":["https:\/\/fernandadepilacao.com.br\/portal\/wp-content\/uploads\/2026\/03\/20260308160127.png",500,500,false],"1536x1536":["https:\/\/fernandadepilacao.com.br\/portal\/wp-content\/uploads\/2026\/03\/20260308160127.png",500,500,false],"2048x2048":["https:\/\/fernandadepilacao.com.br\/portal\/wp-content\/uploads\/2026\/03\/20260308160127.png",500,500,false]},"uagb_author_info":{"display_name":"fernandajob","author_link":"https:\/\/fernandadepilacao.com.br\/portal\/author\/fernandajob\/"},"uagb_comment_info":0,"uagb_excerpt":"Cuidados Pr\u00e9 e P\u00f3s-Procedimento na Depila\u00e7\u00e3o Fio a Fio: Guia Completo para um Resultado Impec\u00e1vel O que \u00e9 a depila\u00e7\u00e3o fio a fio? A depila\u00e7\u00e3o fio a fio \u00e9 uma t\u00e9cnica que remove os pelos individualmente, proporcionando resultados extremamente detalhados e naturais. Muito procurada para \u00e1reas delicadas, como sobrancelhas e bu\u00e7o, essa t\u00e9cnica garante maior&hellip;","_links":{"self":[{"href":"https:\/\/fernandadepilacao.com.br\/portal\/wp-json\/wp\/v2\/posts\/1389"}],"collection":[{"href":"https:\/\/fernandadepilacao.com.br\/portal\/wp-json\/wp\/v2\/posts"}],"about":[{"href":"https:\/\/fernandadepilacao.com.br\/portal\/wp-json\/wp\/v2\/types\/post"}],"author":[{"embeddable":true,"href":"https:\/\/fernandadepilacao.com.br\/portal\/wp-json\/wp\/v2\/users\/1"}],"replies":[{"embeddable":true,"href":"https:\/\/fernandadepilacao.com.br\/portal\/wp-json\/wp\/v2\/comments?post=1389"}],"version-history":[{"count":1,"href":"https:\/\/fernandadepilacao.com.br\/portal\/wp-json\/wp\/v2\/posts\/1389\/revisions"}],"predecessor-version":[{"id":1390,"href":"https:\/\/fernandadepilacao.com.br\/portal\/wp-json\/wp\/v2\/posts\/1389\/revisions\/1390"}],"wp:featuredmedia":[{"embeddable":true,"href":"https:\/\/fernandadepilacao.com.br\/portal\/wp-json\/wp\/v2\/media\/1388"}],"wp:attachment":[{"href":"https:\/\/fernandadepilacao.com.br\/portal\/wp-json\/wp\/v2\/media?parent=1389"}],"wp:term":[{"taxonomy":"category","embeddable":true,"href":"https:\/\/fernandadepilacao.com.br\/portal\/wp-json\/wp\/v2\/categories?post=1389"},{"taxonomy":"post_tag","embeddable":true,"href":"https:\/\/fernandadepilacao.com.br\/portal\/wp-json\/wp\/v2\/tags?post=1389"}],"curies":[{"name":"wp","href":"https:\/\/api.w.org\/{rel}","templated":true}]}}