{"id":1374,"date":"2026-03-06T08:01:41","date_gmt":"2026-03-06T11:01:41","guid":{"rendered":"https:\/\/fernandadepilacao.com.br\/portal\/2026\/03\/principais-equipamentos-utilizados-na-termolise-para-depilacao-profissional\/"},"modified":"2026-03-06T08:01:42","modified_gmt":"2026-03-06T11:01:42","slug":"principais-equipamentos-utilizados-na-termolise-para-depilacao-profissional","status":"publish","type":"post","link":"https:\/\/fernandadepilacao.com.br\/portal\/2026\/03\/principais-equipamentos-utilizados-na-termolise-para-depilacao-profissional\/","title":{"rendered":"Principais Equipamentos Utilizados na Term\u00f3lise para Depila\u00e7\u00e3o Profissional"},"content":{"rendered":"<article>\n<header>\n<h1>Equipamentos Utilizados na Term\u00f3lise: Conhe\u00e7a os Principais Aliados da Depila\u00e7\u00e3o Eficiente<\/h1>\n<p><strong>Publicado em:<\/strong> <!-- insira a data da postagem aqui --> | <strong>Categoria:<\/strong> Depila\u00e7\u00e3o Profissional<\/p>\n<\/header>\n<section>\n<h2>O que \u00e9 a term\u00f3lise na depila\u00e7\u00e3o?<\/h2>\n<p>A <strong>term\u00f3lise<\/strong> \u00e9 uma t\u00e9cnica de depila\u00e7\u00e3o definitiva que utiliza a energia da corrente alternada de alta frequ\u00eancia (radiofrequ\u00eancia) para gerar calor e danificar o fol\u00edculo piloso, impedindo o crescimento de novos pelos. \u00c9 um m\u00e9todo seguro, eficaz e muito utilizado em cl\u00ednicas de est\u00e9tica, especialmente para \u00e1reas pequenas e delicadas, como bu\u00e7o, sobrancelha e axilas. Com a term\u00f3lise, \u00e9 poss\u00edvel conquistar uma pele lisa e sem pelos com bastante conforto e precis\u00e3o.<\/p>\n<\/section>\n<section>\n<h2>Principais equipamentos usados na term\u00f3lise<\/h2>\n<p>Para garantir os melhores resultados na depila\u00e7\u00e3o profissional, a escolha dos <strong>equipamentos de term\u00f3lise<\/strong> \u00e9 fundamental. Abaixo, confira quais s\u00e3o os equipamentos indispens\u00e1veis para a realiza\u00e7\u00e3o desse procedimento:<\/p>\n<ul>\n<li><strong>Aparelho de eletroterm\u00f3lise (eletrolisador):<\/strong> Este \u00e9 o equipamento principal para aplicar a corrente de alta frequ\u00eancia. Possui op\u00e7\u00f5es de ajuste de intensidade e tempo de aplica\u00e7\u00e3o, promovendo seguran\u00e7a e efici\u00eancia durante o uso.<\/li>\n<li><strong>Agulhas de eletrolise (ou sondas):<\/strong> S\u00e3o fin\u00edssimas e descart\u00e1veis, feitas de a\u00e7o inoxid\u00e1vel ou material isolante, sendo inseridas no fol\u00edculo piloso para conduzir a energia at\u00e9 a raiz do pelo. A escolha da agulha adequada depender\u00e1 da espessura do pelo e da sensibilidade da pele do cliente.<\/li>\n<li><strong>Caneta aplicadora:<\/strong> Dispositivo de precis\u00e3o que comporta a agulha, facilitando a manipula\u00e7\u00e3o da profissional para alcan\u00e7ar \u00e2ngulos corretos e eficiente destrui\u00e7\u00e3o do fol\u00edculo piloso.<\/li>\n<li><strong>Gerador de alta frequ\u00eancia:<\/strong> Nos aparelhos mais modernos, j\u00e1 est\u00e1 incluso no pr\u00f3prio eletroterm\u00f3lise. Respons\u00e1vel por transformar a corrente el\u00e9trica em energia t\u00e9rmica, que vai promover o aquecimento controlado da regi\u00e3o tratada.<\/li>\n<li><strong>Sistema de aterramento:<\/strong> Promove seguran\u00e7a durante o procedimento ao evitar qualquer dispers\u00e3o indevida de energia.<\/li>\n<li><strong>Painel digital de controle:<\/strong> Presente nos equipamentos mais atuais, permite controle preciso dos par\u00e2metros como tempo, intensidade e frequ\u00eancia da aplica\u00e7\u00e3o, otimizando resultados e diminuindo riscos de desconfortos.<\/li>\n<\/ul>\n<\/section>\n<section>\n<h2>Vantagens dos equipamentos modernos para term\u00f3lise<\/h2>\n<p>Com os avan\u00e7os tecnol\u00f3gicos, os equipamentos utilizados na <strong>term\u00f3lise<\/strong> est\u00e3o cada vez mais seguros, eficientes e confort\u00e1veis para quem busca <strong>depila\u00e7\u00e3o definitiva<\/strong>. Confira algumas vantagens:<\/p>\n<ul>\n<li><strong>Maior precis\u00e3o:<\/strong> O controle digital e as agulhas de alta qualidade permitem tratar fol\u00edculos finos e \u00e1reas pequenas com m\u00e1xima efici\u00eancia.<\/li>\n<li><strong>Mais conforto:<\/strong> Ajustes de intensidade e tempo tornam a experi\u00eancia mais agrad\u00e1vel, minimizando sensa\u00e7\u00f5es desconfort\u00e1veis para o cliente.<\/li>\n<li><strong>Resultados duradouros:<\/strong> Quando o procedimento \u00e9 realizado por um profissional habilitado, com equipamentos certificados, os resultados s\u00e3o mais consistentes e de longa dura\u00e7\u00e3o.<\/li>\n<li><strong>Seguran\u00e7a:<\/strong> Sistemas de aterramento e sensores modernos colaboram para um procedimento livre de riscos, respeitando as normas da ANVISA.<\/li>\n<\/ul>\n<\/section>\n<section>\n<h2>Diferen\u00e7as entre term\u00f3lise, blend e eletrolise galv\u00e2nica<\/h2>\n<p>Embora muitas pessoas confundam os termos, cada t\u00e9cnica de <strong>depila\u00e7\u00e3o definitiva<\/strong> utiliza tipos diferentes de corrente el\u00e9trica e equipamentos. A <strong>term\u00f3lise<\/strong> utiliza alta frequ\u00eancia, promovendo calor intenso e r\u00e1pido; j\u00e1 o <strong>blend<\/strong> \u00e9 a associa\u00e7\u00e3o entre term\u00f3lise e eletr\u00f3lise galv\u00e2nica, combinando os benef\u00edcios das duas t\u00e9cnicas para casos espec\u00edficos; e a <strong>eletr\u00f3lise galv\u00e2nica<\/strong> usa corrente cont\u00ednua para formar uma subst\u00e2ncia c\u00e1ustica que destr\u00f3i o fol\u00edculo piloso.<\/p>\n<p>Os equipamentos utilizados podem ser h\u00edbridos (multifuncionais, para v\u00e1rios m\u00e9todos) ou dedicados para cada t\u00e9cnica. Uma avalia\u00e7\u00e3o profissional \u00e9 sempre recomendada para indicar a op\u00e7\u00e3o ideal para cada caso.<\/p>\n<\/section>\n<section>\n<h2>Cuidados e manuten\u00e7\u00e3o dos equipamentos<\/h2>\n<p>Manter os <strong>equipamentos para term\u00f3lise<\/strong> em perfeito estado \u00e9 essencial para garantir a seguran\u00e7a dos clientes e a efic\u00e1cia do procedimento. As principais recomenda\u00e7\u00f5es s\u00e3o:<\/p>\n<ul>\n<li>Realizar higieniza\u00e7\u00e3o rigorosa das canetas e pain\u00e9is conforme orienta\u00e7\u00f5es do fabricante.<\/li>\n<li>Sempre utilizar agulhas descart\u00e1veis e esterilizadas.<\/li>\n<li>Fazer manuten\u00e7\u00e3o preventiva dos aparelhos em assist\u00eancia autorizada.<\/li>\n<li>Armazenar os equipamentos em local limpo e seco.<\/li>\n<li>Ficar atento \u00e0 certifica\u00e7\u00e3o dos produtos junto \u00e0 ANVISA.<\/li>\n<\/ul>\n<\/section>\n<section>\n<h2>D\u00favidas frequentes sobre equipamentos de term\u00f3lise<\/h2>\n<dl>\n<dt>Os aparelhos de term\u00f3lise d\u00e3o choque?<\/dt>\n<dd>Quando operados corretamente, n\u00e3o h\u00e1 risco de choque ao cliente. Os sistemas modernos possuem aterramento e controles de seguran\u00e7a altamente eficazes.<\/dd>\n<dt>Qual equipamento de term\u00f3lise \u00e9 o melhor?<\/dt>\n<dd>O melhor equipamento \u00e9 o que possui registro na ANVISA e atende \u00e0s necessidades t\u00e9cnicas da cl\u00ednica, permitindo regulagens precisas e oferecendo acess\u00f3rios de qualidade.<\/dd>\n<dt>Os equipamentos de term\u00f3lise causam dor?<\/dt>\n<dd>A sensibilidade varia de acordo com cada pessoa, mas os aparelhos atuais permitem um procedimento mais confort\u00e1vel, com ajustes personalizados.<\/dd>\n<\/dl>\n<\/section>\n<section>\n<h2>Conclus\u00e3o<\/h2>\n<p>A escolha dos <strong>equipamentos de term\u00f3lise<\/strong> \u00e9 determinante para uma <strong>depila\u00e7\u00e3o definitiva<\/strong> de qualidade e segura. Priorizar tecnologia, seguran\u00e7a e manuten\u00e7\u00e3o adequada \u00e9 fundamental para obter uma pele lisa, saud\u00e1vel e sem riscos. Consulte sempre um profissional de confian\u00e7a para realizar seu procedimento!<\/p>\n<\/section>\n<\/article>\n","protected":false},"excerpt":{"rendered":"<p>Equipamentos Utilizados na Term\u00f3lise: Conhe\u00e7a os Principais Aliados da Depila\u00e7\u00e3o Eficiente Publicado em: | Categoria: Depila\u00e7\u00e3o Profissional O que \u00e9 a term\u00f3lise na depila\u00e7\u00e3o? A term\u00f3lise \u00e9 uma t\u00e9cnica de depila\u00e7\u00e3o definitiva que utiliza a energia da corrente alternada de alta frequ\u00eancia (radiofrequ\u00eancia) para gerar calor e danificar o fol\u00edculo piloso, impedindo o crescimento de &hellip;<\/p>\n<p class=\"read-more\"> <a class=\"\" href=\"https:\/\/fernandadepilacao.com.br\/portal\/2026\/03\/principais-equipamentos-utilizados-na-termolise-para-depilacao-profissional\/\"> <span class=\"screen-reader-text\">Principais Equipamentos Utilizados na Term\u00f3lise para Depila\u00e7\u00e3o Profissional<\/span> Leia mais &raquo;<\/a><\/p>\n","protected":false},"author":1,"featured_media":1373,"comment_status":"open","ping_status":"open","sticky":false,"template":"","format":"standard","meta":[],"categories":[1],"tags":[],"yoast_head":"<!-- This site is optimized with the Yoast SEO plugin v18.4.1 - https:\/\/yoast.com\/wordpress\/plugins\/seo\/ -->\n<title>Principais Equipamentos Utilizados na Term\u00f3lise para Depila\u00e7\u00e3o Profissional - Fernanda Depila\u00e7\u00e3o<\/title>\n<meta name=\"robots\" content=\"index, follow, max-snippet:-1, max-image-preview:large, max-video-preview:-1\" \/>\n<link rel=\"canonical\" href=\"https:\/\/fernandadepilacao.com.br\/portal\/2026\/03\/principais-equipamentos-utilizados-na-termolise-para-depilacao-profissional\/\" \/>\n<meta property=\"og:locale\" content=\"pt_BR\" \/>\n<meta property=\"og:type\" content=\"article\" \/>\n<meta property=\"og:title\" content=\"Principais Equipamentos Utilizados na Term\u00f3lise para Depila\u00e7\u00e3o Profissional - Fernanda Depila\u00e7\u00e3o\" \/>\n<meta property=\"og:description\" content=\"Equipamentos Utilizados na Term\u00f3lise: Conhe\u00e7a os Principais Aliados da Depila\u00e7\u00e3o Eficiente Publicado em: | Categoria: Depila\u00e7\u00e3o Profissional O que \u00e9 a term\u00f3lise na depila\u00e7\u00e3o? A term\u00f3lise \u00e9 uma t\u00e9cnica de depila\u00e7\u00e3o definitiva que utiliza a energia da corrente alternada de alta frequ\u00eancia (radiofrequ\u00eancia) para gerar calor e danificar o fol\u00edculo piloso, impedindo o crescimento de &hellip; Principais Equipamentos Utilizados na Term\u00f3lise para Depila\u00e7\u00e3o Profissional Leia mais &raquo;\" \/>\n<meta property=\"og:url\" content=\"https:\/\/fernandadepilacao.com.br\/portal\/2026\/03\/principais-equipamentos-utilizados-na-termolise-para-depilacao-profissional\/\" \/>\n<meta property=\"og:site_name\" content=\"Fernanda Depila\u00e7\u00e3o\" \/>\n<meta property=\"article:publisher\" content=\"https:\/\/www.facebook.com\/ferjobdepilacao\" \/>\n<meta property=\"article:published_time\" content=\"2026-03-06T11:01:41+00:00\" \/>\n<meta property=\"article:modified_time\" content=\"2026-03-06T11:01:42+00:00\" \/>\n<meta name=\"twitter:card\" content=\"summary_large_image\" \/>\n<meta name=\"twitter:label1\" content=\"Escrito por\" \/>\n\t<meta name=\"twitter:data1\" content=\"fernandajob\" \/>\n\t<meta name=\"twitter:label2\" content=\"Est. tempo de leitura\" \/>\n\t<meta name=\"twitter:data2\" content=\"4 minutos\" \/>\n<script type=\"application\/ld+json\" class=\"yoast-schema-graph\">{\"@context\":\"https:\/\/schema.org\",\"@graph\":[{\"@type\":\"Organization\",\"@id\":\"https:\/\/fernandadepilacao.com.br\/portal\/#organization\",\"name\":\"Fernanda Depila\u00e7\u00e3o\",\"url\":\"https:\/\/fernandadepilacao.com.br\/portal\/\",\"sameAs\":[\"https:\/\/www.facebook.com\/ferjobdepilacao\",\"http:\/\/instagram.com\/fernanda_job\"],\"logo\":{\"@type\":\"ImageObject\",\"@id\":\"https:\/\/fernandadepilacao.com.br\/portal\/#logo\",\"inLanguage\":\"pt-BR\",\"url\":\"http:\/\/fernandadepilacao.com.br\/portal\/wp-content\/uploads\/2021\/03\/logo_fernanda.png\",\"contentUrl\":\"http:\/\/fernandadepilacao.com.br\/portal\/wp-content\/uploads\/2021\/03\/logo_fernanda.png\",\"width\":673,\"height\":688,\"caption\":\"Fernanda Depila\u00e7\u00e3o\"},\"image\":{\"@id\":\"https:\/\/fernandadepilacao.com.br\/portal\/#logo\"}},{\"@type\":\"WebSite\",\"@id\":\"https:\/\/fernandadepilacao.com.br\/portal\/#website\",\"url\":\"https:\/\/fernandadepilacao.com.br\/portal\/\",\"name\":\"Fernanda Depila\u00e7\u00e3o\",\"description\":\"\",\"publisher\":{\"@id\":\"https:\/\/fernandadepilacao.com.br\/portal\/#organization\"},\"potentialAction\":[{\"@type\":\"SearchAction\",\"target\":{\"@type\":\"EntryPoint\",\"urlTemplate\":\"https:\/\/fernandadepilacao.com.br\/portal\/?s={search_term_string}\"},\"query-input\":\"required name=search_term_string\"}],\"inLanguage\":\"pt-BR\"},{\"@type\":\"ImageObject\",\"@id\":\"https:\/\/fernandadepilacao.com.br\/portal\/2026\/03\/principais-equipamentos-utilizados-na-termolise-para-depilacao-profissional\/#primaryimage\",\"inLanguage\":\"pt-BR\",\"url\":\"https:\/\/fernandadepilacao.com.br\/portal\/wp-content\/uploads\/2026\/03\/20260306080137.png\",\"contentUrl\":\"https:\/\/fernandadepilacao.com.br\/portal\/wp-content\/uploads\/2026\/03\/20260306080137.png\",\"width\":500,\"height\":500},{\"@type\":\"WebPage\",\"@id\":\"https:\/\/fernandadepilacao.com.br\/portal\/2026\/03\/principais-equipamentos-utilizados-na-termolise-para-depilacao-profissional\/#webpage\",\"url\":\"https:\/\/fernandadepilacao.com.br\/portal\/2026\/03\/principais-equipamentos-utilizados-na-termolise-para-depilacao-profissional\/\",\"name\":\"Principais Equipamentos Utilizados na Term\u00f3lise para Depila\u00e7\u00e3o Profissional - Fernanda Depila\u00e7\u00e3o\",\"isPartOf\":{\"@id\":\"https:\/\/fernandadepilacao.com.br\/portal\/#website\"},\"primaryImageOfPage\":{\"@id\":\"https:\/\/fernandadepilacao.com.br\/portal\/2026\/03\/principais-equipamentos-utilizados-na-termolise-para-depilacao-profissional\/#primaryimage\"},\"datePublished\":\"2026-03-06T11:01:41+00:00\",\"dateModified\":\"2026-03-06T11:01:42+00:00\",\"breadcrumb\":{\"@id\":\"https:\/\/fernandadepilacao.com.br\/portal\/2026\/03\/principais-equipamentos-utilizados-na-termolise-para-depilacao-profissional\/#breadcrumb\"},\"inLanguage\":\"pt-BR\",\"potentialAction\":[{\"@type\":\"ReadAction\",\"target\":[\"https:\/\/fernandadepilacao.com.br\/portal\/2026\/03\/principais-equipamentos-utilizados-na-termolise-para-depilacao-profissional\/\"]}]},{\"@type\":\"BreadcrumbList\",\"@id\":\"https:\/\/fernandadepilacao.com.br\/portal\/2026\/03\/principais-equipamentos-utilizados-na-termolise-para-depilacao-profissional\/#breadcrumb\",\"itemListElement\":[{\"@type\":\"ListItem\",\"position\":1,\"name\":\"In\u00edcio\",\"item\":\"http:\/\/fernandadepilacao.com.br\/portal\/\"},{\"@type\":\"ListItem\",\"position\":2,\"name\":\"Principais Equipamentos Utilizados na Term\u00f3lise para Depila\u00e7\u00e3o Profissional\"}]},{\"@type\":\"Article\",\"@id\":\"https:\/\/fernandadepilacao.com.br\/portal\/2026\/03\/principais-equipamentos-utilizados-na-termolise-para-depilacao-profissional\/#article\",\"isPartOf\":{\"@id\":\"https:\/\/fernandadepilacao.com.br\/portal\/2026\/03\/principais-equipamentos-utilizados-na-termolise-para-depilacao-profissional\/#webpage\"},\"author\":{\"@id\":\"https:\/\/fernandadepilacao.com.br\/portal\/#\/schema\/person\/d00644c3bbfd9fd17711767a3b1abbd0\"},\"headline\":\"Principais Equipamentos Utilizados na Term\u00f3lise para Depila\u00e7\u00e3o Profissional\",\"datePublished\":\"2026-03-06T11:01:41+00:00\",\"dateModified\":\"2026-03-06T11:01:42+00:00\",\"mainEntityOfPage\":{\"@id\":\"https:\/\/fernandadepilacao.com.br\/portal\/2026\/03\/principais-equipamentos-utilizados-na-termolise-para-depilacao-profissional\/#webpage\"},\"wordCount\":856,\"commentCount\":0,\"publisher\":{\"@id\":\"https:\/\/fernandadepilacao.com.br\/portal\/#organization\"},\"image\":{\"@id\":\"https:\/\/fernandadepilacao.com.br\/portal\/2026\/03\/principais-equipamentos-utilizados-na-termolise-para-depilacao-profissional\/#primaryimage\"},\"thumbnailUrl\":\"https:\/\/fernandadepilacao.com.br\/portal\/wp-content\/uploads\/2026\/03\/20260306080137.png\",\"inLanguage\":\"pt-BR\",\"potentialAction\":[{\"@type\":\"CommentAction\",\"name\":\"Comment\",\"target\":[\"https:\/\/fernandadepilacao.com.br\/portal\/2026\/03\/principais-equipamentos-utilizados-na-termolise-para-depilacao-profissional\/#respond\"]}]},{\"@type\":\"Person\",\"@id\":\"https:\/\/fernandadepilacao.com.br\/portal\/#\/schema\/person\/d00644c3bbfd9fd17711767a3b1abbd0\",\"name\":\"fernandajob\",\"image\":{\"@type\":\"ImageObject\",\"@id\":\"https:\/\/fernandadepilacao.com.br\/portal\/#personlogo\",\"inLanguage\":\"pt-BR\",\"url\":\"https:\/\/secure.gravatar.com\/avatar\/6c2268a68d69a325906fbdccd74b18e6?s=96&d=mm&r=g\",\"contentUrl\":\"https:\/\/secure.gravatar.com\/avatar\/6c2268a68d69a325906fbdccd74b18e6?s=96&d=mm&r=g\",\"caption\":\"fernandajob\"},\"sameAs\":[\"http:\/\/fernandadepilacao.com.br\/portal\"]}]}<\/script>\n<!-- \/ Yoast SEO plugin. -->","yoast_head_json":{"title":"Principais Equipamentos Utilizados na Term\u00f3lise para Depila\u00e7\u00e3o Profissional - Fernanda Depila\u00e7\u00e3o","robots":{"index":"index","follow":"follow","max-snippet":"max-snippet:-1","max-image-preview":"max-image-preview:large","max-video-preview":"max-video-preview:-1"},"canonical":"https:\/\/fernandadepilacao.com.br\/portal\/2026\/03\/principais-equipamentos-utilizados-na-termolise-para-depilacao-profissional\/","og_locale":"pt_BR","og_type":"article","og_title":"Principais Equipamentos Utilizados na Term\u00f3lise para Depila\u00e7\u00e3o Profissional - Fernanda Depila\u00e7\u00e3o","og_description":"Equipamentos Utilizados na Term\u00f3lise: Conhe\u00e7a os Principais Aliados da Depila\u00e7\u00e3o Eficiente Publicado em: | Categoria: Depila\u00e7\u00e3o Profissional O que \u00e9 a term\u00f3lise na depila\u00e7\u00e3o? A term\u00f3lise \u00e9 uma t\u00e9cnica de depila\u00e7\u00e3o definitiva que utiliza a energia da corrente alternada de alta frequ\u00eancia (radiofrequ\u00eancia) para gerar calor e danificar o fol\u00edculo piloso, impedindo o crescimento de &hellip; Principais Equipamentos Utilizados na Term\u00f3lise para Depila\u00e7\u00e3o Profissional Leia mais &raquo;","og_url":"https:\/\/fernandadepilacao.com.br\/portal\/2026\/03\/principais-equipamentos-utilizados-na-termolise-para-depilacao-profissional\/","og_site_name":"Fernanda Depila\u00e7\u00e3o","article_publisher":"https:\/\/www.facebook.com\/ferjobdepilacao","article_published_time":"2026-03-06T11:01:41+00:00","article_modified_time":"2026-03-06T11:01:42+00:00","twitter_card":"summary_large_image","twitter_misc":{"Escrito por":"fernandajob","Est. tempo de leitura":"4 minutos"},"schema":{"@context":"https:\/\/schema.org","@graph":[{"@type":"Organization","@id":"https:\/\/fernandadepilacao.com.br\/portal\/#organization","name":"Fernanda Depila\u00e7\u00e3o","url":"https:\/\/fernandadepilacao.com.br\/portal\/","sameAs":["https:\/\/www.facebook.com\/ferjobdepilacao","http:\/\/instagram.com\/fernanda_job"],"logo":{"@type":"ImageObject","@id":"https:\/\/fernandadepilacao.com.br\/portal\/#logo","inLanguage":"pt-BR","url":"http:\/\/fernandadepilacao.com.br\/portal\/wp-content\/uploads\/2021\/03\/logo_fernanda.png","contentUrl":"http:\/\/fernandadepilacao.com.br\/portal\/wp-content\/uploads\/2021\/03\/logo_fernanda.png","width":673,"height":688,"caption":"Fernanda Depila\u00e7\u00e3o"},"image":{"@id":"https:\/\/fernandadepilacao.com.br\/portal\/#logo"}},{"@type":"WebSite","@id":"https:\/\/fernandadepilacao.com.br\/portal\/#website","url":"https:\/\/fernandadepilacao.com.br\/portal\/","name":"Fernanda Depila\u00e7\u00e3o","description":"","publisher":{"@id":"https:\/\/fernandadepilacao.com.br\/portal\/#organization"},"potentialAction":[{"@type":"SearchAction","target":{"@type":"EntryPoint","urlTemplate":"https:\/\/fernandadepilacao.com.br\/portal\/?s={search_term_string}"},"query-input":"required name=search_term_string"}],"inLanguage":"pt-BR"},{"@type":"ImageObject","@id":"https:\/\/fernandadepilacao.com.br\/portal\/2026\/03\/principais-equipamentos-utilizados-na-termolise-para-depilacao-profissional\/#primaryimage","inLanguage":"pt-BR","url":"https:\/\/fernandadepilacao.com.br\/portal\/wp-content\/uploads\/2026\/03\/20260306080137.png","contentUrl":"https:\/\/fernandadepilacao.com.br\/portal\/wp-content\/uploads\/2026\/03\/20260306080137.png","width":500,"height":500},{"@type":"WebPage","@id":"https:\/\/fernandadepilacao.com.br\/portal\/2026\/03\/principais-equipamentos-utilizados-na-termolise-para-depilacao-profissional\/#webpage","url":"https:\/\/fernandadepilacao.com.br\/portal\/2026\/03\/principais-equipamentos-utilizados-na-termolise-para-depilacao-profissional\/","name":"Principais Equipamentos Utilizados na Term\u00f3lise para Depila\u00e7\u00e3o Profissional - Fernanda Depila\u00e7\u00e3o","isPartOf":{"@id":"https:\/\/fernandadepilacao.com.br\/portal\/#website"},"primaryImageOfPage":{"@id":"https:\/\/fernandadepilacao.com.br\/portal\/2026\/03\/principais-equipamentos-utilizados-na-termolise-para-depilacao-profissional\/#primaryimage"},"datePublished":"2026-03-06T11:01:41+00:00","dateModified":"2026-03-06T11:01:42+00:00","breadcrumb":{"@id":"https:\/\/fernandadepilacao.com.br\/portal\/2026\/03\/principais-equipamentos-utilizados-na-termolise-para-depilacao-profissional\/#breadcrumb"},"inLanguage":"pt-BR","potentialAction":[{"@type":"ReadAction","target":["https:\/\/fernandadepilacao.com.br\/portal\/2026\/03\/principais-equipamentos-utilizados-na-termolise-para-depilacao-profissional\/"]}]},{"@type":"BreadcrumbList","@id":"https:\/\/fernandadepilacao.com.br\/portal\/2026\/03\/principais-equipamentos-utilizados-na-termolise-para-depilacao-profissional\/#breadcrumb","itemListElement":[{"@type":"ListItem","position":1,"name":"In\u00edcio","item":"http:\/\/fernandadepilacao.com.br\/portal\/"},{"@type":"ListItem","position":2,"name":"Principais Equipamentos Utilizados na Term\u00f3lise para Depila\u00e7\u00e3o Profissional"}]},{"@type":"Article","@id":"https:\/\/fernandadepilacao.com.br\/portal\/2026\/03\/principais-equipamentos-utilizados-na-termolise-para-depilacao-profissional\/#article","isPartOf":{"@id":"https:\/\/fernandadepilacao.com.br\/portal\/2026\/03\/principais-equipamentos-utilizados-na-termolise-para-depilacao-profissional\/#webpage"},"author":{"@id":"https:\/\/fernandadepilacao.com.br\/portal\/#\/schema\/person\/d00644c3bbfd9fd17711767a3b1abbd0"},"headline":"Principais Equipamentos Utilizados na Term\u00f3lise para Depila\u00e7\u00e3o Profissional","datePublished":"2026-03-06T11:01:41+00:00","dateModified":"2026-03-06T11:01:42+00:00","mainEntityOfPage":{"@id":"https:\/\/fernandadepilacao.com.br\/portal\/2026\/03\/principais-equipamentos-utilizados-na-termolise-para-depilacao-profissional\/#webpage"},"wordCount":856,"commentCount":0,"publisher":{"@id":"https:\/\/fernandadepilacao.com.br\/portal\/#organization"},"image":{"@id":"https:\/\/fernandadepilacao.com.br\/portal\/2026\/03\/principais-equipamentos-utilizados-na-termolise-para-depilacao-profissional\/#primaryimage"},"thumbnailUrl":"https:\/\/fernandadepilacao.com.br\/portal\/wp-content\/uploads\/2026\/03\/20260306080137.png","inLanguage":"pt-BR","potentialAction":[{"@type":"CommentAction","name":"Comment","target":["https:\/\/fernandadepilacao.com.br\/portal\/2026\/03\/principais-equipamentos-utilizados-na-termolise-para-depilacao-profissional\/#respond"]}]},{"@type":"Person","@id":"https:\/\/fernandadepilacao.com.br\/portal\/#\/schema\/person\/d00644c3bbfd9fd17711767a3b1abbd0","name":"fernandajob","image":{"@type":"ImageObject","@id":"https:\/\/fernandadepilacao.com.br\/portal\/#personlogo","inLanguage":"pt-BR","url":"https:\/\/secure.gravatar.com\/avatar\/6c2268a68d69a325906fbdccd74b18e6?s=96&d=mm&r=g","contentUrl":"https:\/\/secure.gravatar.com\/avatar\/6c2268a68d69a325906fbdccd74b18e6?s=96&d=mm&r=g","caption":"fernandajob"},"sameAs":["http:\/\/fernandadepilacao.com.br\/portal"]}]}},"uagb_featured_image_src":{"full":["https:\/\/fernandadepilacao.com.br\/portal\/wp-content\/uploads\/2026\/03\/20260306080137.png",500,500,false],"thumbnail":["https:\/\/fernandadepilacao.com.br\/portal\/wp-content\/uploads\/2026\/03\/20260306080137-150x150.png",150,150,true],"medium":["https:\/\/fernandadepilacao.com.br\/portal\/wp-content\/uploads\/2026\/03\/20260306080137-300x300.png",300,300,true],"medium_large":["https:\/\/fernandadepilacao.com.br\/portal\/wp-content\/uploads\/2026\/03\/20260306080137.png",500,500,false],"large":["https:\/\/fernandadepilacao.com.br\/portal\/wp-content\/uploads\/2026\/03\/20260306080137.png",500,500,false],"1536x1536":["https:\/\/fernandadepilacao.com.br\/portal\/wp-content\/uploads\/2026\/03\/20260306080137.png",500,500,false],"2048x2048":["https:\/\/fernandadepilacao.com.br\/portal\/wp-content\/uploads\/2026\/03\/20260306080137.png",500,500,false]},"uagb_author_info":{"display_name":"fernandajob","author_link":"https:\/\/fernandadepilacao.com.br\/portal\/author\/fernandajob\/"},"uagb_comment_info":0,"uagb_excerpt":"Equipamentos Utilizados na Term\u00f3lise: Conhe\u00e7a os Principais Aliados da Depila\u00e7\u00e3o Eficiente Publicado em: | Categoria: Depila\u00e7\u00e3o Profissional O que \u00e9 a term\u00f3lise na depila\u00e7\u00e3o? A term\u00f3lise \u00e9 uma t\u00e9cnica de depila\u00e7\u00e3o definitiva que utiliza a energia da corrente alternada de alta frequ\u00eancia (radiofrequ\u00eancia) para gerar calor e danificar o fol\u00edculo piloso, impedindo o crescimento de&hellip;","_links":{"self":[{"href":"https:\/\/fernandadepilacao.com.br\/portal\/wp-json\/wp\/v2\/posts\/1374"}],"collection":[{"href":"https:\/\/fernandadepilacao.com.br\/portal\/wp-json\/wp\/v2\/posts"}],"about":[{"href":"https:\/\/fernandadepilacao.com.br\/portal\/wp-json\/wp\/v2\/types\/post"}],"author":[{"embeddable":true,"href":"https:\/\/fernandadepilacao.com.br\/portal\/wp-json\/wp\/v2\/users\/1"}],"replies":[{"embeddable":true,"href":"https:\/\/fernandadepilacao.com.br\/portal\/wp-json\/wp\/v2\/comments?post=1374"}],"version-history":[{"count":1,"href":"https:\/\/fernandadepilacao.com.br\/portal\/wp-json\/wp\/v2\/posts\/1374\/revisions"}],"predecessor-version":[{"id":1375,"href":"https:\/\/fernandadepilacao.com.br\/portal\/wp-json\/wp\/v2\/posts\/1374\/revisions\/1375"}],"wp:featuredmedia":[{"embeddable":true,"href":"https:\/\/fernandadepilacao.com.br\/portal\/wp-json\/wp\/v2\/media\/1373"}],"wp:attachment":[{"href":"https:\/\/fernandadepilacao.com.br\/portal\/wp-json\/wp\/v2\/media?parent=1374"}],"wp:term":[{"taxonomy":"category","embeddable":true,"href":"https:\/\/fernandadepilacao.com.br\/portal\/wp-json\/wp\/v2\/categories?post=1374"},{"taxonomy":"post_tag","embeddable":true,"href":"https:\/\/fernandadepilacao.com.br\/portal\/wp-json\/wp\/v2\/tags?post=1374"}],"curies":[{"name":"wp","href":"https:\/\/api.w.org\/{rel}","templated":true}]}}