{"id":1371,"date":"2026-03-06T00:01:44","date_gmt":"2026-03-06T03:01:44","guid":{"rendered":"https:\/\/fernandadepilacao.com.br\/portal\/2026\/03\/indicacoes-contraindicacoes-termolise-depilacao-guia-completo\/"},"modified":"2026-03-06T00:01:45","modified_gmt":"2026-03-06T03:01:45","slug":"indicacoes-contraindicacoes-termolise-depilacao-guia-completo","status":"publish","type":"post","link":"https:\/\/fernandadepilacao.com.br\/portal\/2026\/03\/indicacoes-contraindicacoes-termolise-depilacao-guia-completo\/","title":{"rendered":"Indica\u00e7\u00f5es e Contraindica\u00e7\u00f5es da Term\u00f3lise na Depila\u00e7\u00e3o: Guia Completo para Cuidados e Resultados"},"content":{"rendered":"<article>\n<header>\n<h1>Indica\u00e7\u00f5es e Contraindica\u00e7\u00f5es da Term\u00f3lise na Depila\u00e7\u00e3o: Tudo o Que Voc\u00ea Precisa Saber<\/h1>\n<p>    <meta name=\"description\" content=\"Descubra quais s\u00e3o as indica\u00e7\u00f5es e contraindica\u00e7\u00f5es da term\u00f3lise na depila\u00e7\u00e3o. Informe-se, cuide da sua pele e saiba se esse m\u00e9todo \u00e9 ideal para voc\u00ea!\" \/><br \/>\n  <\/header>\n<section>\n<h2>O Que \u00c9 Term\u00f3lise?<\/h2>\n<p>A <strong>term\u00f3lise<\/strong> \u00e9 uma t\u00e9cnica avan\u00e7ada de <strong>depila\u00e7\u00e3o definitiva<\/strong>, muito utilizada em cl\u00ednicas de est\u00e9tica. Tamb\u00e9m conhecida como depila\u00e7\u00e3o el\u00e9trica ou eletr\u00f3lise por term\u00f3lise, esse procedimento utiliza uma corrente de alta frequ\u00eancia para gerar calor, que destr\u00f3i as c\u00e9lulas respons\u00e1veis pelo crescimento do pelo, atingindo a raiz do fol\u00edculo piloso. O principal objetivo da term\u00f3lise \u00e9 oferecer uma solu\u00e7\u00e3o duradoura e eficaz para quem deseja se livrar dos pelos indesejados de forma segura e eficiente.<\/p>\n<\/section>\n<section>\n<h2>Como Funciona a Term\u00f3lise?<\/h2>\n<p>No processo de term\u00f3lise, uma agulha muito fina \u00e9 inserida at\u00e9 a base do pelo, onde \u00e9 aplicado o calor gerado pela corrente el\u00e9trica de alta frequ\u00eancia. Esse calor destr\u00f3i o bulbo piloso, impedindo o crescimento de novos fios no local. Por ser um m\u00e9todo que exige precis\u00e3o t\u00e9cnica, \u00e9 fundamental que seja realizado por um profissional qualificado, garantindo a m\u00e1xima seguran\u00e7a e resultados satisfat\u00f3rios.<\/p>\n<\/section>\n<section>\n<h2>Indica\u00e7\u00f5es da Term\u00f3lise<\/h2>\n<p>A term\u00f3lise \u00e9 indicada para pessoas que desejam eliminar os <strong>pelos definitivamente<\/strong>, especialmente em \u00e1reas menores ou de precis\u00e3o, como:<\/p>\n<ul>\n<li>Bu\u00e7o (l\u00e1bio superior)<\/li>\n<li>Sobrancelhas<\/li>\n<li>Queixo<\/li>\n<li>Regi\u00e3o auricular (orelhas)<\/li>\n<li>Linha da mand\u00edbula<\/li>\n<li>Axilas e virilha (casos espec\u00edficos)<\/li>\n<li>Pelos brancos ou claros, que n\u00e3o respondem ao laser ou \u00e0 luz pulsada intensa (IPL)<\/li>\n<li>Pessoas com contraindica\u00e7\u00e3o para outros m\u00e9todos de depila\u00e7\u00e3o definitiva<\/li>\n<\/ul>\n<p>A term\u00f3lise \u00e9 muito procurada por quem apresenta <strong>foliculite<\/strong> frequente devido aos m\u00e9todos tradicionais, como l\u00e2mina ou cera, pois ela ajuda a tratar e prevenir o surgimento dessa condi\u00e7\u00e3o.<\/p>\n<\/section>\n<section>\n<h2>Contraindica\u00e7\u00f5es da Term\u00f3lise<\/h2>\n<p>Apesar de ser segura e eficaz, a term\u00f3lise possui contraindica\u00e7\u00f5es. Ela n\u00e3o \u00e9 recomendada para:<\/p>\n<ul>\n<li>Pessoas com <strong>marca-passo<\/strong> ou outros dispositivos eletr\u00f4nicos implantados<\/li>\n<li>Gestantes<\/li>\n<li>Portadores de doen\u00e7as de pele em atividade, como herpes ou infec\u00e7\u00f5es bacterianas na \u00e1rea a ser tratada<\/li>\n<li>Pessoas com <strong>diabetes descompensado<\/strong> ou que tenham m\u00e1 cicatriza\u00e7\u00e3o<\/li>\n<li>Indiv\u00edduos que estejam em tratamento com medicamentos fotossensibilizantes ou anticoagulantes<\/li>\n<li>\u00c1reas com presen\u00e7a de nevos (pintas) suspeitas ou les\u00f5es dermatol\u00f3gicas n\u00e3o diagnosticadas<\/li>\n<\/ul>\n<p>Antes de iniciar a term\u00f3lise, \u00e9 fundamental uma <strong>avalia\u00e7\u00e3o individualizada<\/strong>. O profissional de est\u00e9tica analisar\u00e1 o hist\u00f3rico de sa\u00fade do cliente e as caracter\u00edsticas da pele para garantir a seguran\u00e7a do procedimento.<\/p>\n<\/section>\n<section>\n<h2>Benef\u00edcios da Term\u00f3lise<\/h2>\n<ul>\n<li>Resultados definitivos para elimina\u00e7\u00e3o dos pelos<\/li>\n<li>Indica\u00e7\u00e3o para todos os tipos de pelo e pele<\/li>\n<li>Seguran\u00e7a e precis\u00e3o, principalmente em \u00e1reas delicadas<\/li>\n<li>Procedimento individualizado, fio a fio, proporcionando naturalidade<\/li>\n<\/ul>\n<\/section>\n<section>\n<h2>Cuidados Antes e Ap\u00f3s o Procedimento<\/h2>\n<p>Alguns cuidados importantes devem ser seguidos antes e ap\u00f3s a sess\u00e3o de term\u00f3lise para garantir uma \u00f3tima recupera\u00e7\u00e3o e maximizar os resultados:<\/p>\n<h3>Antes da Sess\u00e3o:<\/h3>\n<ul>\n<li>N\u00e3o expor a \u00e1rea ao sol dias antes do procedimento<\/li>\n<li>N\u00e3o utilizar m\u00e9todos agressivos de depila\u00e7\u00e3o, como cera ou pin\u00e7a<\/li>\n<li>Cuidar da higiene da pele no local a ser tratado<\/li>\n<\/ul>\n<h3>Ap\u00f3s a Sess\u00e3o:<\/h3>\n<ul>\n<li>Evite exposi\u00e7\u00e3o solar direta nas pr\u00f3ximas 48 horas<\/li>\n<li>Utilize filtro solar adequado diariamente<\/li>\n<li>N\u00e3o manipule ou arranque crostinhas que possam se formar<\/li>\n<li>Siga as orienta\u00e7\u00f5es do profissional, principalmente quanto ao uso de cremes calmantes e antiss\u00e9pticos<\/li>\n<\/ul>\n<\/section>\n<section>\n<h2>Perguntas Frequentes sobre Term\u00f3lise<\/h2>\n<dl>\n<dt>1. Term\u00f3lise d\u00f3i?<\/dt>\n<dd>O procedimento pode causar desconforto leve ou uma sensa\u00e7\u00e3o de pinica\u00e7\u00e3o. Muitas pessoas relatam que \u00e9 totalmente suport\u00e1vel, especialmente em \u00e1reas pequenas.<\/dd>\n<dt>2. Quantas sess\u00f5es s\u00e3o necess\u00e1rias?<\/dt>\n<dd>O n\u00famero de sess\u00f5es depende da \u00e1rea, densidade e espessura dos fios. Geralmente, s\u00e3o necess\u00e1rias m\u00faltiplas sess\u00f5es para eliminar todos os pelos devido ao ciclo de crescimento dos fios.<\/dd>\n<dt>3. A term\u00f3lise pode manchar a pele?<\/dt>\n<dd>Quando realizada corretamente, a chance de manchas \u00e9 m\u00ednima. Cuidados p\u00f3s-sess\u00e3o s\u00e3o essenciais para evitar complica\u00e7\u00f5es.<\/dd>\n<\/dl>\n<\/section>\n<section>\n<h2>Conclus\u00e3o<\/h2>\n<p>A <strong>term\u00f3lise<\/strong> \u00e9 um m\u00e9todo seguro, eficaz e definitivo de <strong>depila\u00e7\u00e3o<\/strong> para quem busca praticidade e resultados duradouros. Sempre busque cl\u00ednicas autorizadas e profissionais capacitados para garantir a sa\u00fade da sua pele. Caso tenha d\u00favidas, realize uma avalia\u00e7\u00e3o pr\u00e9via e esclare\u00e7a todas as perguntas antes de agendar sua sess\u00e3o.<\/p>\n<\/section>\n<footer>\n<p>Palavras-chave: term\u00f3lise, depila\u00e7\u00e3o definitiva, contraindica\u00e7\u00f5es term\u00f3lise, indica\u00e7\u00f5es term\u00f3lise, depila\u00e7\u00e3o el\u00e9trica, foliculite, cuidados p\u00f3s-depila\u00e7\u00e3o.<\/p>\n<\/footer>\n<\/article>\n","protected":false},"excerpt":{"rendered":"<p>Indica\u00e7\u00f5es e Contraindica\u00e7\u00f5es da Term\u00f3lise na Depila\u00e7\u00e3o: Tudo o Que Voc\u00ea Precisa Saber O Que \u00c9 Term\u00f3lise? A term\u00f3lise \u00e9 uma t\u00e9cnica avan\u00e7ada de depila\u00e7\u00e3o definitiva, muito utilizada em cl\u00ednicas de est\u00e9tica. Tamb\u00e9m conhecida como depila\u00e7\u00e3o el\u00e9trica ou eletr\u00f3lise por term\u00f3lise, esse procedimento utiliza uma corrente de alta frequ\u00eancia para gerar calor, que destr\u00f3i as &hellip;<\/p>\n<p class=\"read-more\"> <a class=\"\" href=\"https:\/\/fernandadepilacao.com.br\/portal\/2026\/03\/indicacoes-contraindicacoes-termolise-depilacao-guia-completo\/\"> <span class=\"screen-reader-text\">Indica\u00e7\u00f5es e Contraindica\u00e7\u00f5es da Term\u00f3lise na Depila\u00e7\u00e3o: Guia Completo para Cuidados e Resultados<\/span> Leia mais &raquo;<\/a><\/p>\n","protected":false},"author":1,"featured_media":1370,"comment_status":"open","ping_status":"open","sticky":false,"template":"","format":"standard","meta":[],"categories":[1],"tags":[],"yoast_head":"<!-- This site is optimized with the Yoast SEO plugin v18.4.1 - https:\/\/yoast.com\/wordpress\/plugins\/seo\/ -->\n<title>Indica\u00e7\u00f5es e Contraindica\u00e7\u00f5es da Term\u00f3lise na Depila\u00e7\u00e3o: Guia Completo para Cuidados e Resultados - Fernanda Depila\u00e7\u00e3o<\/title>\n<meta name=\"robots\" content=\"index, follow, max-snippet:-1, max-image-preview:large, max-video-preview:-1\" \/>\n<link rel=\"canonical\" href=\"https:\/\/fernandadepilacao.com.br\/portal\/2026\/03\/indicacoes-contraindicacoes-termolise-depilacao-guia-completo\/\" \/>\n<meta property=\"og:locale\" content=\"pt_BR\" \/>\n<meta property=\"og:type\" content=\"article\" \/>\n<meta property=\"og:title\" content=\"Indica\u00e7\u00f5es e Contraindica\u00e7\u00f5es da Term\u00f3lise na Depila\u00e7\u00e3o: Guia Completo para Cuidados e Resultados - Fernanda Depila\u00e7\u00e3o\" \/>\n<meta property=\"og:description\" content=\"Indica\u00e7\u00f5es e Contraindica\u00e7\u00f5es da Term\u00f3lise na Depila\u00e7\u00e3o: Tudo o Que Voc\u00ea Precisa Saber O Que \u00c9 Term\u00f3lise? A term\u00f3lise \u00e9 uma t\u00e9cnica avan\u00e7ada de depila\u00e7\u00e3o definitiva, muito utilizada em cl\u00ednicas de est\u00e9tica. Tamb\u00e9m conhecida como depila\u00e7\u00e3o el\u00e9trica ou eletr\u00f3lise por term\u00f3lise, esse procedimento utiliza uma corrente de alta frequ\u00eancia para gerar calor, que destr\u00f3i as &hellip; Indica\u00e7\u00f5es e Contraindica\u00e7\u00f5es da Term\u00f3lise na Depila\u00e7\u00e3o: Guia Completo para Cuidados e Resultados Leia mais &raquo;\" \/>\n<meta property=\"og:url\" content=\"https:\/\/fernandadepilacao.com.br\/portal\/2026\/03\/indicacoes-contraindicacoes-termolise-depilacao-guia-completo\/\" \/>\n<meta property=\"og:site_name\" content=\"Fernanda Depila\u00e7\u00e3o\" \/>\n<meta property=\"article:publisher\" content=\"https:\/\/www.facebook.com\/ferjobdepilacao\" \/>\n<meta property=\"article:published_time\" content=\"2026-03-06T03:01:44+00:00\" \/>\n<meta property=\"article:modified_time\" content=\"2026-03-06T03:01:45+00:00\" \/>\n<meta name=\"twitter:card\" content=\"summary_large_image\" \/>\n<meta name=\"twitter:label1\" content=\"Escrito por\" \/>\n\t<meta name=\"twitter:data1\" content=\"fernandajob\" \/>\n\t<meta name=\"twitter:label2\" content=\"Est. tempo de leitura\" \/>\n\t<meta name=\"twitter:data2\" content=\"4 minutos\" \/>\n<script type=\"application\/ld+json\" class=\"yoast-schema-graph\">{\"@context\":\"https:\/\/schema.org\",\"@graph\":[{\"@type\":\"Organization\",\"@id\":\"https:\/\/fernandadepilacao.com.br\/portal\/#organization\",\"name\":\"Fernanda Depila\u00e7\u00e3o\",\"url\":\"https:\/\/fernandadepilacao.com.br\/portal\/\",\"sameAs\":[\"https:\/\/www.facebook.com\/ferjobdepilacao\",\"http:\/\/instagram.com\/fernanda_job\"],\"logo\":{\"@type\":\"ImageObject\",\"@id\":\"https:\/\/fernandadepilacao.com.br\/portal\/#logo\",\"inLanguage\":\"pt-BR\",\"url\":\"http:\/\/fernandadepilacao.com.br\/portal\/wp-content\/uploads\/2021\/03\/logo_fernanda.png\",\"contentUrl\":\"http:\/\/fernandadepilacao.com.br\/portal\/wp-content\/uploads\/2021\/03\/logo_fernanda.png\",\"width\":673,\"height\":688,\"caption\":\"Fernanda Depila\u00e7\u00e3o\"},\"image\":{\"@id\":\"https:\/\/fernandadepilacao.com.br\/portal\/#logo\"}},{\"@type\":\"WebSite\",\"@id\":\"https:\/\/fernandadepilacao.com.br\/portal\/#website\",\"url\":\"https:\/\/fernandadepilacao.com.br\/portal\/\",\"name\":\"Fernanda Depila\u00e7\u00e3o\",\"description\":\"\",\"publisher\":{\"@id\":\"https:\/\/fernandadepilacao.com.br\/portal\/#organization\"},\"potentialAction\":[{\"@type\":\"SearchAction\",\"target\":{\"@type\":\"EntryPoint\",\"urlTemplate\":\"https:\/\/fernandadepilacao.com.br\/portal\/?s={search_term_string}\"},\"query-input\":\"required name=search_term_string\"}],\"inLanguage\":\"pt-BR\"},{\"@type\":\"ImageObject\",\"@id\":\"https:\/\/fernandadepilacao.com.br\/portal\/2026\/03\/indicacoes-contraindicacoes-termolise-depilacao-guia-completo\/#primaryimage\",\"inLanguage\":\"pt-BR\",\"url\":\"https:\/\/fernandadepilacao.com.br\/portal\/wp-content\/uploads\/2026\/03\/20260306000141.png\",\"contentUrl\":\"https:\/\/fernandadepilacao.com.br\/portal\/wp-content\/uploads\/2026\/03\/20260306000141.png\",\"width\":500,\"height\":500},{\"@type\":\"WebPage\",\"@id\":\"https:\/\/fernandadepilacao.com.br\/portal\/2026\/03\/indicacoes-contraindicacoes-termolise-depilacao-guia-completo\/#webpage\",\"url\":\"https:\/\/fernandadepilacao.com.br\/portal\/2026\/03\/indicacoes-contraindicacoes-termolise-depilacao-guia-completo\/\",\"name\":\"Indica\u00e7\u00f5es e Contraindica\u00e7\u00f5es da Term\u00f3lise na Depila\u00e7\u00e3o: Guia Completo para Cuidados e Resultados - Fernanda Depila\u00e7\u00e3o\",\"isPartOf\":{\"@id\":\"https:\/\/fernandadepilacao.com.br\/portal\/#website\"},\"primaryImageOfPage\":{\"@id\":\"https:\/\/fernandadepilacao.com.br\/portal\/2026\/03\/indicacoes-contraindicacoes-termolise-depilacao-guia-completo\/#primaryimage\"},\"datePublished\":\"2026-03-06T03:01:44+00:00\",\"dateModified\":\"2026-03-06T03:01:45+00:00\",\"breadcrumb\":{\"@id\":\"https:\/\/fernandadepilacao.com.br\/portal\/2026\/03\/indicacoes-contraindicacoes-termolise-depilacao-guia-completo\/#breadcrumb\"},\"inLanguage\":\"pt-BR\",\"potentialAction\":[{\"@type\":\"ReadAction\",\"target\":[\"https:\/\/fernandadepilacao.com.br\/portal\/2026\/03\/indicacoes-contraindicacoes-termolise-depilacao-guia-completo\/\"]}]},{\"@type\":\"BreadcrumbList\",\"@id\":\"https:\/\/fernandadepilacao.com.br\/portal\/2026\/03\/indicacoes-contraindicacoes-termolise-depilacao-guia-completo\/#breadcrumb\",\"itemListElement\":[{\"@type\":\"ListItem\",\"position\":1,\"name\":\"In\u00edcio\",\"item\":\"http:\/\/fernandadepilacao.com.br\/portal\/\"},{\"@type\":\"ListItem\",\"position\":2,\"name\":\"Indica\u00e7\u00f5es e Contraindica\u00e7\u00f5es da Term\u00f3lise na Depila\u00e7\u00e3o: Guia Completo para Cuidados e Resultados\"}]},{\"@type\":\"Article\",\"@id\":\"https:\/\/fernandadepilacao.com.br\/portal\/2026\/03\/indicacoes-contraindicacoes-termolise-depilacao-guia-completo\/#article\",\"isPartOf\":{\"@id\":\"https:\/\/fernandadepilacao.com.br\/portal\/2026\/03\/indicacoes-contraindicacoes-termolise-depilacao-guia-completo\/#webpage\"},\"author\":{\"@id\":\"https:\/\/fernandadepilacao.com.br\/portal\/#\/schema\/person\/d00644c3bbfd9fd17711767a3b1abbd0\"},\"headline\":\"Indica\u00e7\u00f5es e Contraindica\u00e7\u00f5es da Term\u00f3lise na Depila\u00e7\u00e3o: Guia Completo para Cuidados e Resultados\",\"datePublished\":\"2026-03-06T03:01:44+00:00\",\"dateModified\":\"2026-03-06T03:01:45+00:00\",\"mainEntityOfPage\":{\"@id\":\"https:\/\/fernandadepilacao.com.br\/portal\/2026\/03\/indicacoes-contraindicacoes-termolise-depilacao-guia-completo\/#webpage\"},\"wordCount\":778,\"commentCount\":0,\"publisher\":{\"@id\":\"https:\/\/fernandadepilacao.com.br\/portal\/#organization\"},\"image\":{\"@id\":\"https:\/\/fernandadepilacao.com.br\/portal\/2026\/03\/indicacoes-contraindicacoes-termolise-depilacao-guia-completo\/#primaryimage\"},\"thumbnailUrl\":\"https:\/\/fernandadepilacao.com.br\/portal\/wp-content\/uploads\/2026\/03\/20260306000141.png\",\"inLanguage\":\"pt-BR\",\"potentialAction\":[{\"@type\":\"CommentAction\",\"name\":\"Comment\",\"target\":[\"https:\/\/fernandadepilacao.com.br\/portal\/2026\/03\/indicacoes-contraindicacoes-termolise-depilacao-guia-completo\/#respond\"]}]},{\"@type\":\"Person\",\"@id\":\"https:\/\/fernandadepilacao.com.br\/portal\/#\/schema\/person\/d00644c3bbfd9fd17711767a3b1abbd0\",\"name\":\"fernandajob\",\"image\":{\"@type\":\"ImageObject\",\"@id\":\"https:\/\/fernandadepilacao.com.br\/portal\/#personlogo\",\"inLanguage\":\"pt-BR\",\"url\":\"https:\/\/secure.gravatar.com\/avatar\/6c2268a68d69a325906fbdccd74b18e6?s=96&d=mm&r=g\",\"contentUrl\":\"https:\/\/secure.gravatar.com\/avatar\/6c2268a68d69a325906fbdccd74b18e6?s=96&d=mm&r=g\",\"caption\":\"fernandajob\"},\"sameAs\":[\"http:\/\/fernandadepilacao.com.br\/portal\"]}]}<\/script>\n<!-- \/ Yoast SEO plugin. -->","yoast_head_json":{"title":"Indica\u00e7\u00f5es e Contraindica\u00e7\u00f5es da Term\u00f3lise na Depila\u00e7\u00e3o: Guia Completo para Cuidados e Resultados - Fernanda Depila\u00e7\u00e3o","robots":{"index":"index","follow":"follow","max-snippet":"max-snippet:-1","max-image-preview":"max-image-preview:large","max-video-preview":"max-video-preview:-1"},"canonical":"https:\/\/fernandadepilacao.com.br\/portal\/2026\/03\/indicacoes-contraindicacoes-termolise-depilacao-guia-completo\/","og_locale":"pt_BR","og_type":"article","og_title":"Indica\u00e7\u00f5es e Contraindica\u00e7\u00f5es da Term\u00f3lise na Depila\u00e7\u00e3o: Guia Completo para Cuidados e Resultados - Fernanda Depila\u00e7\u00e3o","og_description":"Indica\u00e7\u00f5es e Contraindica\u00e7\u00f5es da Term\u00f3lise na Depila\u00e7\u00e3o: Tudo o Que Voc\u00ea Precisa Saber O Que \u00c9 Term\u00f3lise? A term\u00f3lise \u00e9 uma t\u00e9cnica avan\u00e7ada de depila\u00e7\u00e3o definitiva, muito utilizada em cl\u00ednicas de est\u00e9tica. Tamb\u00e9m conhecida como depila\u00e7\u00e3o el\u00e9trica ou eletr\u00f3lise por term\u00f3lise, esse procedimento utiliza uma corrente de alta frequ\u00eancia para gerar calor, que destr\u00f3i as &hellip; Indica\u00e7\u00f5es e Contraindica\u00e7\u00f5es da Term\u00f3lise na Depila\u00e7\u00e3o: Guia Completo para Cuidados e Resultados Leia mais &raquo;","og_url":"https:\/\/fernandadepilacao.com.br\/portal\/2026\/03\/indicacoes-contraindicacoes-termolise-depilacao-guia-completo\/","og_site_name":"Fernanda Depila\u00e7\u00e3o","article_publisher":"https:\/\/www.facebook.com\/ferjobdepilacao","article_published_time":"2026-03-06T03:01:44+00:00","article_modified_time":"2026-03-06T03:01:45+00:00","twitter_card":"summary_large_image","twitter_misc":{"Escrito por":"fernandajob","Est. tempo de leitura":"4 minutos"},"schema":{"@context":"https:\/\/schema.org","@graph":[{"@type":"Organization","@id":"https:\/\/fernandadepilacao.com.br\/portal\/#organization","name":"Fernanda Depila\u00e7\u00e3o","url":"https:\/\/fernandadepilacao.com.br\/portal\/","sameAs":["https:\/\/www.facebook.com\/ferjobdepilacao","http:\/\/instagram.com\/fernanda_job"],"logo":{"@type":"ImageObject","@id":"https:\/\/fernandadepilacao.com.br\/portal\/#logo","inLanguage":"pt-BR","url":"http:\/\/fernandadepilacao.com.br\/portal\/wp-content\/uploads\/2021\/03\/logo_fernanda.png","contentUrl":"http:\/\/fernandadepilacao.com.br\/portal\/wp-content\/uploads\/2021\/03\/logo_fernanda.png","width":673,"height":688,"caption":"Fernanda Depila\u00e7\u00e3o"},"image":{"@id":"https:\/\/fernandadepilacao.com.br\/portal\/#logo"}},{"@type":"WebSite","@id":"https:\/\/fernandadepilacao.com.br\/portal\/#website","url":"https:\/\/fernandadepilacao.com.br\/portal\/","name":"Fernanda Depila\u00e7\u00e3o","description":"","publisher":{"@id":"https:\/\/fernandadepilacao.com.br\/portal\/#organization"},"potentialAction":[{"@type":"SearchAction","target":{"@type":"EntryPoint","urlTemplate":"https:\/\/fernandadepilacao.com.br\/portal\/?s={search_term_string}"},"query-input":"required name=search_term_string"}],"inLanguage":"pt-BR"},{"@type":"ImageObject","@id":"https:\/\/fernandadepilacao.com.br\/portal\/2026\/03\/indicacoes-contraindicacoes-termolise-depilacao-guia-completo\/#primaryimage","inLanguage":"pt-BR","url":"https:\/\/fernandadepilacao.com.br\/portal\/wp-content\/uploads\/2026\/03\/20260306000141.png","contentUrl":"https:\/\/fernandadepilacao.com.br\/portal\/wp-content\/uploads\/2026\/03\/20260306000141.png","width":500,"height":500},{"@type":"WebPage","@id":"https:\/\/fernandadepilacao.com.br\/portal\/2026\/03\/indicacoes-contraindicacoes-termolise-depilacao-guia-completo\/#webpage","url":"https:\/\/fernandadepilacao.com.br\/portal\/2026\/03\/indicacoes-contraindicacoes-termolise-depilacao-guia-completo\/","name":"Indica\u00e7\u00f5es e Contraindica\u00e7\u00f5es da Term\u00f3lise na Depila\u00e7\u00e3o: Guia Completo para Cuidados e Resultados - Fernanda Depila\u00e7\u00e3o","isPartOf":{"@id":"https:\/\/fernandadepilacao.com.br\/portal\/#website"},"primaryImageOfPage":{"@id":"https:\/\/fernandadepilacao.com.br\/portal\/2026\/03\/indicacoes-contraindicacoes-termolise-depilacao-guia-completo\/#primaryimage"},"datePublished":"2026-03-06T03:01:44+00:00","dateModified":"2026-03-06T03:01:45+00:00","breadcrumb":{"@id":"https:\/\/fernandadepilacao.com.br\/portal\/2026\/03\/indicacoes-contraindicacoes-termolise-depilacao-guia-completo\/#breadcrumb"},"inLanguage":"pt-BR","potentialAction":[{"@type":"ReadAction","target":["https:\/\/fernandadepilacao.com.br\/portal\/2026\/03\/indicacoes-contraindicacoes-termolise-depilacao-guia-completo\/"]}]},{"@type":"BreadcrumbList","@id":"https:\/\/fernandadepilacao.com.br\/portal\/2026\/03\/indicacoes-contraindicacoes-termolise-depilacao-guia-completo\/#breadcrumb","itemListElement":[{"@type":"ListItem","position":1,"name":"In\u00edcio","item":"http:\/\/fernandadepilacao.com.br\/portal\/"},{"@type":"ListItem","position":2,"name":"Indica\u00e7\u00f5es e Contraindica\u00e7\u00f5es da Term\u00f3lise na Depila\u00e7\u00e3o: Guia Completo para Cuidados e Resultados"}]},{"@type":"Article","@id":"https:\/\/fernandadepilacao.com.br\/portal\/2026\/03\/indicacoes-contraindicacoes-termolise-depilacao-guia-completo\/#article","isPartOf":{"@id":"https:\/\/fernandadepilacao.com.br\/portal\/2026\/03\/indicacoes-contraindicacoes-termolise-depilacao-guia-completo\/#webpage"},"author":{"@id":"https:\/\/fernandadepilacao.com.br\/portal\/#\/schema\/person\/d00644c3bbfd9fd17711767a3b1abbd0"},"headline":"Indica\u00e7\u00f5es e Contraindica\u00e7\u00f5es da Term\u00f3lise na Depila\u00e7\u00e3o: Guia Completo para Cuidados e Resultados","datePublished":"2026-03-06T03:01:44+00:00","dateModified":"2026-03-06T03:01:45+00:00","mainEntityOfPage":{"@id":"https:\/\/fernandadepilacao.com.br\/portal\/2026\/03\/indicacoes-contraindicacoes-termolise-depilacao-guia-completo\/#webpage"},"wordCount":778,"commentCount":0,"publisher":{"@id":"https:\/\/fernandadepilacao.com.br\/portal\/#organization"},"image":{"@id":"https:\/\/fernandadepilacao.com.br\/portal\/2026\/03\/indicacoes-contraindicacoes-termolise-depilacao-guia-completo\/#primaryimage"},"thumbnailUrl":"https:\/\/fernandadepilacao.com.br\/portal\/wp-content\/uploads\/2026\/03\/20260306000141.png","inLanguage":"pt-BR","potentialAction":[{"@type":"CommentAction","name":"Comment","target":["https:\/\/fernandadepilacao.com.br\/portal\/2026\/03\/indicacoes-contraindicacoes-termolise-depilacao-guia-completo\/#respond"]}]},{"@type":"Person","@id":"https:\/\/fernandadepilacao.com.br\/portal\/#\/schema\/person\/d00644c3bbfd9fd17711767a3b1abbd0","name":"fernandajob","image":{"@type":"ImageObject","@id":"https:\/\/fernandadepilacao.com.br\/portal\/#personlogo","inLanguage":"pt-BR","url":"https:\/\/secure.gravatar.com\/avatar\/6c2268a68d69a325906fbdccd74b18e6?s=96&d=mm&r=g","contentUrl":"https:\/\/secure.gravatar.com\/avatar\/6c2268a68d69a325906fbdccd74b18e6?s=96&d=mm&r=g","caption":"fernandajob"},"sameAs":["http:\/\/fernandadepilacao.com.br\/portal"]}]}},"uagb_featured_image_src":{"full":["https:\/\/fernandadepilacao.com.br\/portal\/wp-content\/uploads\/2026\/03\/20260306000141.png",500,500,false],"thumbnail":["https:\/\/fernandadepilacao.com.br\/portal\/wp-content\/uploads\/2026\/03\/20260306000141-150x150.png",150,150,true],"medium":["https:\/\/fernandadepilacao.com.br\/portal\/wp-content\/uploads\/2026\/03\/20260306000141-300x300.png",300,300,true],"medium_large":["https:\/\/fernandadepilacao.com.br\/portal\/wp-content\/uploads\/2026\/03\/20260306000141.png",500,500,false],"large":["https:\/\/fernandadepilacao.com.br\/portal\/wp-content\/uploads\/2026\/03\/20260306000141.png",500,500,false],"1536x1536":["https:\/\/fernandadepilacao.com.br\/portal\/wp-content\/uploads\/2026\/03\/20260306000141.png",500,500,false],"2048x2048":["https:\/\/fernandadepilacao.com.br\/portal\/wp-content\/uploads\/2026\/03\/20260306000141.png",500,500,false]},"uagb_author_info":{"display_name":"fernandajob","author_link":"https:\/\/fernandadepilacao.com.br\/portal\/author\/fernandajob\/"},"uagb_comment_info":0,"uagb_excerpt":"Indica\u00e7\u00f5es e Contraindica\u00e7\u00f5es da Term\u00f3lise na Depila\u00e7\u00e3o: Tudo o Que Voc\u00ea Precisa Saber O Que \u00c9 Term\u00f3lise? A term\u00f3lise \u00e9 uma t\u00e9cnica avan\u00e7ada de depila\u00e7\u00e3o definitiva, muito utilizada em cl\u00ednicas de est\u00e9tica. Tamb\u00e9m conhecida como depila\u00e7\u00e3o el\u00e9trica ou eletr\u00f3lise por term\u00f3lise, esse procedimento utiliza uma corrente de alta frequ\u00eancia para gerar calor, que destr\u00f3i as&hellip;","_links":{"self":[{"href":"https:\/\/fernandadepilacao.com.br\/portal\/wp-json\/wp\/v2\/posts\/1371"}],"collection":[{"href":"https:\/\/fernandadepilacao.com.br\/portal\/wp-json\/wp\/v2\/posts"}],"about":[{"href":"https:\/\/fernandadepilacao.com.br\/portal\/wp-json\/wp\/v2\/types\/post"}],"author":[{"embeddable":true,"href":"https:\/\/fernandadepilacao.com.br\/portal\/wp-json\/wp\/v2\/users\/1"}],"replies":[{"embeddable":true,"href":"https:\/\/fernandadepilacao.com.br\/portal\/wp-json\/wp\/v2\/comments?post=1371"}],"version-history":[{"count":1,"href":"https:\/\/fernandadepilacao.com.br\/portal\/wp-json\/wp\/v2\/posts\/1371\/revisions"}],"predecessor-version":[{"id":1372,"href":"https:\/\/fernandadepilacao.com.br\/portal\/wp-json\/wp\/v2\/posts\/1371\/revisions\/1372"}],"wp:featuredmedia":[{"embeddable":true,"href":"https:\/\/fernandadepilacao.com.br\/portal\/wp-json\/wp\/v2\/media\/1370"}],"wp:attachment":[{"href":"https:\/\/fernandadepilacao.com.br\/portal\/wp-json\/wp\/v2\/media?parent=1371"}],"wp:term":[{"taxonomy":"category","embeddable":true,"href":"https:\/\/fernandadepilacao.com.br\/portal\/wp-json\/wp\/v2\/categories?post=1371"},{"taxonomy":"post_tag","embeddable":true,"href":"https:\/\/fernandadepilacao.com.br\/portal\/wp-json\/wp\/v2\/tags?post=1371"}],"curies":[{"name":"wp","href":"https:\/\/api.w.org\/{rel}","templated":true}]}}