{"id":1365,"date":"2026-03-04T00:01:33","date_gmt":"2026-03-04T03:01:33","guid":{"rendered":"https:\/\/fernandadepilacao.com.br\/portal\/2026\/03\/cuidados-pele-evitar-sol-pos-depilacao\/"},"modified":"2026-03-04T00:01:34","modified_gmt":"2026-03-04T03:01:34","slug":"cuidados-pele-evitar-sol-pos-depilacao","status":"publish","type":"post","link":"https:\/\/fernandadepilacao.com.br\/portal\/2026\/03\/cuidados-pele-evitar-sol-pos-depilacao\/","title":{"rendered":"Cuidados com a Pele: Por que Evitar Sol Ap\u00f3s Depila\u00e7\u00e3o"},"content":{"rendered":"<p><!DOCTYPE html><br \/>\n<html lang=\"pt-BR\"><br \/>\n<head><br \/>\n<meta charset=\"UTF-8\"><br \/>\n<title>Por Que Evitar Exposi\u00e7\u00e3o Solar Ap\u00f3s Procedimentos de Depila\u00e7\u00e3o: Cuidados Essenciais com a Sua Pele<\/title><br \/>\n<meta name=\"description\" content=\"Descubra por que \u00e9 fundamental evitar o sol ap\u00f3s a depila\u00e7\u00e3o. Veja dicas de cuidados com a pele, preven\u00e7\u00e3o de manchas e como garantir uma pele saud\u00e1vel.\" \/><br \/>\n<\/head><br \/>\n<body><\/p>\n<article>\n<header>\n<h1>Por Que Evitar Exposi\u00e7\u00e3o Solar Ap\u00f3s Procedimentos de Depila\u00e7\u00e3o: Cuidados Essenciais com a Sua Pele<\/h1>\n<\/header>\n<section>\n<p><strong>A depila\u00e7\u00e3o<\/strong> est\u00e1 entre os procedimentos est\u00e9ticos mais procurados por quem deseja uma pele lisinha e livre de pelos indesejados. Seja <strong>depila\u00e7\u00e3o com cera<\/strong>, l\u00e2mina, creme depilat\u00f3rio ou t\u00e9cnicas mais avan\u00e7adas como a <strong>depila\u00e7\u00e3o a laser<\/strong>, todos esses m\u00e9todos removem parcialmente a barreira de prote\u00e7\u00e3o natural da pele. Isso torna extremamente importante seguir orienta\u00e7\u00f5es espec\u00edficas para preservar a sa\u00fade da pele \u2014 e a principal delas \u00e9 evitar a <strong>exposi\u00e7\u00e3o solar logo ap\u00f3s o procedimento<\/strong>.<\/p>\n<\/section>\n<section>\n<h2>Por Que a Pele Precisa de Cuidados Especiais Ap\u00f3s a Depila\u00e7\u00e3o?<\/h2>\n<p>Durante a depila\u00e7\u00e3o, uma <strong>camada de prote\u00e7\u00e3o superficial da pele<\/strong> pode ser removida ou sensibilizada, tornando-a mais propensa a irrita\u00e7\u00f5es, manchas e queimaduras. Pequenas les\u00f5es microsc\u00f3picas podem se formar, causando uma leve inflama\u00e7\u00e3o local conhecida como &#8220;eritema p\u00f3s-depilat\u00f3rio&#8221;. Al\u00e9m disso, a remo\u00e7\u00e3o dos pelos facilita o acesso dos <strong>raios ultravioleta (UV)<\/strong> \u00e0s camadas mais profundas da pele.<\/p>\n<\/section>\n<section>\n<h2>Riscos da Exposi\u00e7\u00e3o Solar Ap\u00f3s a Depila\u00e7\u00e3o<\/h2>\n<ul>\n<li><strong>Manchas escuras (hiperpigmenta\u00e7\u00e3o):<\/strong> A exposi\u00e7\u00e3o direta ao sol logo ap\u00f3s a depila\u00e7\u00e3o aumenta significativamente o risco de forma\u00e7\u00e3o de <strong>manchas<\/strong> pelo est\u00edmulo da produ\u00e7\u00e3o de melanina na \u00e1rea sensibilizada.<\/li>\n<li><strong>Queimaduras solares:<\/strong> A pele rec\u00e9m-depilada \u00e9 naturalmente mais sens\u00edvel, podendo sofrer <strong>queimaduras<\/strong> mesmo ap\u00f3s poucos minutos ao sol.<\/li>\n<li><strong>Irrita\u00e7\u00f5es e descama\u00e7\u00e3o:<\/strong> Vermelhid\u00e3o, ardor e descama\u00e7\u00e3o s\u00e3o comuns na pele exposta ao sol, especialmente ap\u00f3s ter passado por um procedimento depilat\u00f3rio.<\/li>\n<li><strong>Envelhecimento precoce da pele:<\/strong> A radia\u00e7\u00e3o solar estimula o aumento de radicais livres, acelerando o processo de envelhecimento cut\u00e2neo, principalmente em peles fragilizadas.<\/li>\n<\/ul>\n<\/section>\n<section>\n<h2>Quanto Tempo Devo Esperar Para Tomar Sol Ap\u00f3s Depilar?<\/h2>\n<p>O tempo ideal para evitar a exposi\u00e7\u00e3o ao sol pode variar conforme o tipo de depila\u00e7\u00e3o e sensibilidade individual:<\/p>\n<ul>\n<li><strong>Depila\u00e7\u00e3o com cera ou l\u00e2mina:<\/strong> Recomenda-se aguardar <strong>48 horas<\/strong> para retomar a exposi\u00e7\u00e3o solar, sempre usando protetor solar alto (FPS 30 ou mais).<\/li>\n<li><strong>Depila\u00e7\u00e3o a laser ou luz pulsada:<\/strong> O per\u00edodo de espera \u00e9 ainda maior: <strong>pelo menos 7 a 15 dias<\/strong>, conforme orienta\u00e7\u00e3o do profissional respons\u00e1vel, pois essas t\u00e9cnicas sensibilizam a pele de forma mais intensa.<\/li>\n<\/ul>\n<\/section>\n<section>\n<h2>Cuidados Indispens\u00e1veis com a Pele Ap\u00f3s a Depila\u00e7\u00e3o<\/h2>\n<ol>\n<li><strong>Evite exposi\u00e7\u00e3o solar nas primeiras 48 horas<\/strong> ou conforme indicado acima.<\/li>\n<li><strong>Use roupas leves e que cubram a \u00e1rea depilada<\/strong>, evitando tecidos sint\u00e9ticos ou apertados.<\/li>\n<li><strong>Hidrate a pele<\/strong> com produtos calmantes como aloe vera, bepantol ou cremes p\u00f3s-depilat\u00f3rios, sempre sem \u00e1lcool.<\/li>\n<li><strong>Evite \u00e1gua muito quente<\/strong> nas primeiras horas ap\u00f3s a depila\u00e7\u00e3o para n\u00e3o acentuar a sensibilidade.<\/li>\n<li><strong>Aplique filtro solar<\/strong> diariamente, mesmo em dias nublados ou dentro de casa.<\/li>\n<\/ol>\n<\/section>\n<section>\n<h2>Perguntas Frequentes (FAQ)<\/h2>\n<dl>\n<dt>Posso ir \u00e0 praia ou piscina logo ap\u00f3s depilar?<\/dt>\n<dd>O ideal \u00e9 <strong>esperar pelo menos 48 horas<\/strong>, pois cloro, sal e areia podem irritar ainda mais a pele al\u00e9m do risco do sol.<\/dd>\n<dt>Se eu precisar sair de casa ap\u00f3s a depila\u00e7\u00e3o, o que devo fazer?<\/dt>\n<dd>Use <strong>roupas que cubram a \u00e1rea depilada<\/strong> e n\u00e3o se esque\u00e7a do <strong>protetor solar<\/strong>, reaplicando a cada duas horas.<\/dd>\n<\/dl>\n<\/section>\n<section>\n<h2>Conclus\u00e3o<\/h2>\n<p>Cuidar da pele ap\u00f3s a depila\u00e7\u00e3o \u00e9 fundamental n\u00e3o apenas para garantir resultados mais duradouros, mas, principalmente, para <strong>evitar manchas, queimaduras e complica\u00e7\u00f5es<\/strong>. Siga sempre as orienta\u00e7\u00f5es do seu profissional e evite exposi\u00e7\u00e3o solar logo ap\u00f3s o procedimento. Assim, voc\u00ea garante uma pele <strong>saud\u00e1vel, bonita e sem riscos<\/strong>.<\/p>\n<\/section>\n<footer>\n<p><em>Lembre-se: a <strong>preven\u00e7\u00e3o<\/strong> \u00e9 sempre o melhor caminho para manter a sa\u00fade e a beleza da sua pele!<\/em><\/p>\n<\/footer>\n<\/article>\n<p><\/body><br \/>\n<\/html><\/p>\n","protected":false},"excerpt":{"rendered":"<p>Por Que Evitar Exposi\u00e7\u00e3o Solar Ap\u00f3s Procedimentos de Depila\u00e7\u00e3o: Cuidados Essenciais com a Sua Pele Por Que Evitar Exposi\u00e7\u00e3o Solar Ap\u00f3s Procedimentos de Depila\u00e7\u00e3o: Cuidados Essenciais com a Sua Pele A depila\u00e7\u00e3o est\u00e1 entre os procedimentos est\u00e9ticos mais procurados por quem deseja uma pele lisinha e livre de pelos indesejados. Seja depila\u00e7\u00e3o com cera, l\u00e2mina, &hellip;<\/p>\n<p class=\"read-more\"> <a class=\"\" href=\"https:\/\/fernandadepilacao.com.br\/portal\/2026\/03\/cuidados-pele-evitar-sol-pos-depilacao\/\"> <span class=\"screen-reader-text\">Cuidados com a Pele: Por que Evitar Sol Ap\u00f3s Depila\u00e7\u00e3o<\/span> Leia mais &raquo;<\/a><\/p>\n","protected":false},"author":1,"featured_media":1364,"comment_status":"open","ping_status":"open","sticky":false,"template":"","format":"standard","meta":[],"categories":[1],"tags":[],"yoast_head":"<!-- This site is optimized with the Yoast SEO plugin v18.4.1 - https:\/\/yoast.com\/wordpress\/plugins\/seo\/ -->\n<title>Cuidados com a Pele: Por que Evitar Sol Ap\u00f3s Depila\u00e7\u00e3o - Fernanda Depila\u00e7\u00e3o<\/title>\n<meta name=\"robots\" content=\"index, follow, max-snippet:-1, max-image-preview:large, max-video-preview:-1\" \/>\n<link rel=\"canonical\" href=\"https:\/\/fernandadepilacao.com.br\/portal\/2026\/03\/cuidados-pele-evitar-sol-pos-depilacao\/\" \/>\n<meta property=\"og:locale\" content=\"pt_BR\" \/>\n<meta property=\"og:type\" content=\"article\" \/>\n<meta property=\"og:title\" content=\"Cuidados com a Pele: Por que Evitar Sol Ap\u00f3s Depila\u00e7\u00e3o - Fernanda Depila\u00e7\u00e3o\" \/>\n<meta property=\"og:description\" content=\"Por Que Evitar Exposi\u00e7\u00e3o Solar Ap\u00f3s Procedimentos de Depila\u00e7\u00e3o: Cuidados Essenciais com a Sua Pele Por Que Evitar Exposi\u00e7\u00e3o Solar Ap\u00f3s Procedimentos de Depila\u00e7\u00e3o: Cuidados Essenciais com a Sua Pele A depila\u00e7\u00e3o est\u00e1 entre os procedimentos est\u00e9ticos mais procurados por quem deseja uma pele lisinha e livre de pelos indesejados. Seja depila\u00e7\u00e3o com cera, l\u00e2mina, &hellip; Cuidados com a Pele: Por que Evitar Sol Ap\u00f3s Depila\u00e7\u00e3o Leia mais &raquo;\" \/>\n<meta property=\"og:url\" content=\"https:\/\/fernandadepilacao.com.br\/portal\/2026\/03\/cuidados-pele-evitar-sol-pos-depilacao\/\" \/>\n<meta property=\"og:site_name\" content=\"Fernanda Depila\u00e7\u00e3o\" \/>\n<meta property=\"article:publisher\" content=\"https:\/\/www.facebook.com\/ferjobdepilacao\" \/>\n<meta property=\"article:published_time\" content=\"2026-03-04T03:01:33+00:00\" \/>\n<meta property=\"article:modified_time\" content=\"2026-03-04T03:01:34+00:00\" \/>\n<meta name=\"twitter:card\" content=\"summary_large_image\" \/>\n<meta name=\"twitter:label1\" content=\"Escrito por\" \/>\n\t<meta name=\"twitter:data1\" content=\"fernandajob\" \/>\n\t<meta name=\"twitter:label2\" content=\"Est. tempo de leitura\" \/>\n\t<meta name=\"twitter:data2\" content=\"3 minutos\" \/>\n<script type=\"application\/ld+json\" class=\"yoast-schema-graph\">{\"@context\":\"https:\/\/schema.org\",\"@graph\":[{\"@type\":\"Organization\",\"@id\":\"https:\/\/fernandadepilacao.com.br\/portal\/#organization\",\"name\":\"Fernanda Depila\u00e7\u00e3o\",\"url\":\"https:\/\/fernandadepilacao.com.br\/portal\/\",\"sameAs\":[\"https:\/\/www.facebook.com\/ferjobdepilacao\",\"http:\/\/instagram.com\/fernanda_job\"],\"logo\":{\"@type\":\"ImageObject\",\"@id\":\"https:\/\/fernandadepilacao.com.br\/portal\/#logo\",\"inLanguage\":\"pt-BR\",\"url\":\"http:\/\/fernandadepilacao.com.br\/portal\/wp-content\/uploads\/2021\/03\/logo_fernanda.png\",\"contentUrl\":\"http:\/\/fernandadepilacao.com.br\/portal\/wp-content\/uploads\/2021\/03\/logo_fernanda.png\",\"width\":673,\"height\":688,\"caption\":\"Fernanda Depila\u00e7\u00e3o\"},\"image\":{\"@id\":\"https:\/\/fernandadepilacao.com.br\/portal\/#logo\"}},{\"@type\":\"WebSite\",\"@id\":\"https:\/\/fernandadepilacao.com.br\/portal\/#website\",\"url\":\"https:\/\/fernandadepilacao.com.br\/portal\/\",\"name\":\"Fernanda Depila\u00e7\u00e3o\",\"description\":\"\",\"publisher\":{\"@id\":\"https:\/\/fernandadepilacao.com.br\/portal\/#organization\"},\"potentialAction\":[{\"@type\":\"SearchAction\",\"target\":{\"@type\":\"EntryPoint\",\"urlTemplate\":\"https:\/\/fernandadepilacao.com.br\/portal\/?s={search_term_string}\"},\"query-input\":\"required name=search_term_string\"}],\"inLanguage\":\"pt-BR\"},{\"@type\":\"ImageObject\",\"@id\":\"https:\/\/fernandadepilacao.com.br\/portal\/2026\/03\/cuidados-pele-evitar-sol-pos-depilacao\/#primaryimage\",\"inLanguage\":\"pt-BR\",\"url\":\"https:\/\/fernandadepilacao.com.br\/portal\/wp-content\/uploads\/2026\/03\/20260304000130.png\",\"contentUrl\":\"https:\/\/fernandadepilacao.com.br\/portal\/wp-content\/uploads\/2026\/03\/20260304000130.png\",\"width\":500,\"height\":500},{\"@type\":\"WebPage\",\"@id\":\"https:\/\/fernandadepilacao.com.br\/portal\/2026\/03\/cuidados-pele-evitar-sol-pos-depilacao\/#webpage\",\"url\":\"https:\/\/fernandadepilacao.com.br\/portal\/2026\/03\/cuidados-pele-evitar-sol-pos-depilacao\/\",\"name\":\"Cuidados com a Pele: Por que Evitar Sol Ap\u00f3s Depila\u00e7\u00e3o - Fernanda Depila\u00e7\u00e3o\",\"isPartOf\":{\"@id\":\"https:\/\/fernandadepilacao.com.br\/portal\/#website\"},\"primaryImageOfPage\":{\"@id\":\"https:\/\/fernandadepilacao.com.br\/portal\/2026\/03\/cuidados-pele-evitar-sol-pos-depilacao\/#primaryimage\"},\"datePublished\":\"2026-03-04T03:01:33+00:00\",\"dateModified\":\"2026-03-04T03:01:34+00:00\",\"breadcrumb\":{\"@id\":\"https:\/\/fernandadepilacao.com.br\/portal\/2026\/03\/cuidados-pele-evitar-sol-pos-depilacao\/#breadcrumb\"},\"inLanguage\":\"pt-BR\",\"potentialAction\":[{\"@type\":\"ReadAction\",\"target\":[\"https:\/\/fernandadepilacao.com.br\/portal\/2026\/03\/cuidados-pele-evitar-sol-pos-depilacao\/\"]}]},{\"@type\":\"BreadcrumbList\",\"@id\":\"https:\/\/fernandadepilacao.com.br\/portal\/2026\/03\/cuidados-pele-evitar-sol-pos-depilacao\/#breadcrumb\",\"itemListElement\":[{\"@type\":\"ListItem\",\"position\":1,\"name\":\"In\u00edcio\",\"item\":\"http:\/\/fernandadepilacao.com.br\/portal\/\"},{\"@type\":\"ListItem\",\"position\":2,\"name\":\"Cuidados com a Pele: Por que Evitar Sol Ap\u00f3s Depila\u00e7\u00e3o\"}]},{\"@type\":\"Article\",\"@id\":\"https:\/\/fernandadepilacao.com.br\/portal\/2026\/03\/cuidados-pele-evitar-sol-pos-depilacao\/#article\",\"isPartOf\":{\"@id\":\"https:\/\/fernandadepilacao.com.br\/portal\/2026\/03\/cuidados-pele-evitar-sol-pos-depilacao\/#webpage\"},\"author\":{\"@id\":\"https:\/\/fernandadepilacao.com.br\/portal\/#\/schema\/person\/d00644c3bbfd9fd17711767a3b1abbd0\"},\"headline\":\"Cuidados com a Pele: Por que Evitar Sol Ap\u00f3s Depila\u00e7\u00e3o\",\"datePublished\":\"2026-03-04T03:01:33+00:00\",\"dateModified\":\"2026-03-04T03:01:34+00:00\",\"mainEntityOfPage\":{\"@id\":\"https:\/\/fernandadepilacao.com.br\/portal\/2026\/03\/cuidados-pele-evitar-sol-pos-depilacao\/#webpage\"},\"wordCount\":659,\"commentCount\":0,\"publisher\":{\"@id\":\"https:\/\/fernandadepilacao.com.br\/portal\/#organization\"},\"image\":{\"@id\":\"https:\/\/fernandadepilacao.com.br\/portal\/2026\/03\/cuidados-pele-evitar-sol-pos-depilacao\/#primaryimage\"},\"thumbnailUrl\":\"https:\/\/fernandadepilacao.com.br\/portal\/wp-content\/uploads\/2026\/03\/20260304000130.png\",\"inLanguage\":\"pt-BR\",\"potentialAction\":[{\"@type\":\"CommentAction\",\"name\":\"Comment\",\"target\":[\"https:\/\/fernandadepilacao.com.br\/portal\/2026\/03\/cuidados-pele-evitar-sol-pos-depilacao\/#respond\"]}]},{\"@type\":\"Person\",\"@id\":\"https:\/\/fernandadepilacao.com.br\/portal\/#\/schema\/person\/d00644c3bbfd9fd17711767a3b1abbd0\",\"name\":\"fernandajob\",\"image\":{\"@type\":\"ImageObject\",\"@id\":\"https:\/\/fernandadepilacao.com.br\/portal\/#personlogo\",\"inLanguage\":\"pt-BR\",\"url\":\"https:\/\/secure.gravatar.com\/avatar\/6c2268a68d69a325906fbdccd74b18e6?s=96&d=mm&r=g\",\"contentUrl\":\"https:\/\/secure.gravatar.com\/avatar\/6c2268a68d69a325906fbdccd74b18e6?s=96&d=mm&r=g\",\"caption\":\"fernandajob\"},\"sameAs\":[\"http:\/\/fernandadepilacao.com.br\/portal\"]}]}<\/script>\n<!-- \/ Yoast SEO plugin. -->","yoast_head_json":{"title":"Cuidados com a Pele: Por que Evitar Sol Ap\u00f3s Depila\u00e7\u00e3o - Fernanda Depila\u00e7\u00e3o","robots":{"index":"index","follow":"follow","max-snippet":"max-snippet:-1","max-image-preview":"max-image-preview:large","max-video-preview":"max-video-preview:-1"},"canonical":"https:\/\/fernandadepilacao.com.br\/portal\/2026\/03\/cuidados-pele-evitar-sol-pos-depilacao\/","og_locale":"pt_BR","og_type":"article","og_title":"Cuidados com a Pele: Por que Evitar Sol Ap\u00f3s Depila\u00e7\u00e3o - Fernanda Depila\u00e7\u00e3o","og_description":"Por Que Evitar Exposi\u00e7\u00e3o Solar Ap\u00f3s Procedimentos de Depila\u00e7\u00e3o: Cuidados Essenciais com a Sua Pele Por Que Evitar Exposi\u00e7\u00e3o Solar Ap\u00f3s Procedimentos de Depila\u00e7\u00e3o: Cuidados Essenciais com a Sua Pele A depila\u00e7\u00e3o est\u00e1 entre os procedimentos est\u00e9ticos mais procurados por quem deseja uma pele lisinha e livre de pelos indesejados. Seja depila\u00e7\u00e3o com cera, l\u00e2mina, &hellip; Cuidados com a Pele: Por que Evitar Sol Ap\u00f3s Depila\u00e7\u00e3o Leia mais &raquo;","og_url":"https:\/\/fernandadepilacao.com.br\/portal\/2026\/03\/cuidados-pele-evitar-sol-pos-depilacao\/","og_site_name":"Fernanda Depila\u00e7\u00e3o","article_publisher":"https:\/\/www.facebook.com\/ferjobdepilacao","article_published_time":"2026-03-04T03:01:33+00:00","article_modified_time":"2026-03-04T03:01:34+00:00","twitter_card":"summary_large_image","twitter_misc":{"Escrito por":"fernandajob","Est. tempo de leitura":"3 minutos"},"schema":{"@context":"https:\/\/schema.org","@graph":[{"@type":"Organization","@id":"https:\/\/fernandadepilacao.com.br\/portal\/#organization","name":"Fernanda Depila\u00e7\u00e3o","url":"https:\/\/fernandadepilacao.com.br\/portal\/","sameAs":["https:\/\/www.facebook.com\/ferjobdepilacao","http:\/\/instagram.com\/fernanda_job"],"logo":{"@type":"ImageObject","@id":"https:\/\/fernandadepilacao.com.br\/portal\/#logo","inLanguage":"pt-BR","url":"http:\/\/fernandadepilacao.com.br\/portal\/wp-content\/uploads\/2021\/03\/logo_fernanda.png","contentUrl":"http:\/\/fernandadepilacao.com.br\/portal\/wp-content\/uploads\/2021\/03\/logo_fernanda.png","width":673,"height":688,"caption":"Fernanda Depila\u00e7\u00e3o"},"image":{"@id":"https:\/\/fernandadepilacao.com.br\/portal\/#logo"}},{"@type":"WebSite","@id":"https:\/\/fernandadepilacao.com.br\/portal\/#website","url":"https:\/\/fernandadepilacao.com.br\/portal\/","name":"Fernanda Depila\u00e7\u00e3o","description":"","publisher":{"@id":"https:\/\/fernandadepilacao.com.br\/portal\/#organization"},"potentialAction":[{"@type":"SearchAction","target":{"@type":"EntryPoint","urlTemplate":"https:\/\/fernandadepilacao.com.br\/portal\/?s={search_term_string}"},"query-input":"required name=search_term_string"}],"inLanguage":"pt-BR"},{"@type":"ImageObject","@id":"https:\/\/fernandadepilacao.com.br\/portal\/2026\/03\/cuidados-pele-evitar-sol-pos-depilacao\/#primaryimage","inLanguage":"pt-BR","url":"https:\/\/fernandadepilacao.com.br\/portal\/wp-content\/uploads\/2026\/03\/20260304000130.png","contentUrl":"https:\/\/fernandadepilacao.com.br\/portal\/wp-content\/uploads\/2026\/03\/20260304000130.png","width":500,"height":500},{"@type":"WebPage","@id":"https:\/\/fernandadepilacao.com.br\/portal\/2026\/03\/cuidados-pele-evitar-sol-pos-depilacao\/#webpage","url":"https:\/\/fernandadepilacao.com.br\/portal\/2026\/03\/cuidados-pele-evitar-sol-pos-depilacao\/","name":"Cuidados com a Pele: Por que Evitar Sol Ap\u00f3s Depila\u00e7\u00e3o - Fernanda Depila\u00e7\u00e3o","isPartOf":{"@id":"https:\/\/fernandadepilacao.com.br\/portal\/#website"},"primaryImageOfPage":{"@id":"https:\/\/fernandadepilacao.com.br\/portal\/2026\/03\/cuidados-pele-evitar-sol-pos-depilacao\/#primaryimage"},"datePublished":"2026-03-04T03:01:33+00:00","dateModified":"2026-03-04T03:01:34+00:00","breadcrumb":{"@id":"https:\/\/fernandadepilacao.com.br\/portal\/2026\/03\/cuidados-pele-evitar-sol-pos-depilacao\/#breadcrumb"},"inLanguage":"pt-BR","potentialAction":[{"@type":"ReadAction","target":["https:\/\/fernandadepilacao.com.br\/portal\/2026\/03\/cuidados-pele-evitar-sol-pos-depilacao\/"]}]},{"@type":"BreadcrumbList","@id":"https:\/\/fernandadepilacao.com.br\/portal\/2026\/03\/cuidados-pele-evitar-sol-pos-depilacao\/#breadcrumb","itemListElement":[{"@type":"ListItem","position":1,"name":"In\u00edcio","item":"http:\/\/fernandadepilacao.com.br\/portal\/"},{"@type":"ListItem","position":2,"name":"Cuidados com a Pele: Por que Evitar Sol Ap\u00f3s Depila\u00e7\u00e3o"}]},{"@type":"Article","@id":"https:\/\/fernandadepilacao.com.br\/portal\/2026\/03\/cuidados-pele-evitar-sol-pos-depilacao\/#article","isPartOf":{"@id":"https:\/\/fernandadepilacao.com.br\/portal\/2026\/03\/cuidados-pele-evitar-sol-pos-depilacao\/#webpage"},"author":{"@id":"https:\/\/fernandadepilacao.com.br\/portal\/#\/schema\/person\/d00644c3bbfd9fd17711767a3b1abbd0"},"headline":"Cuidados com a Pele: Por que Evitar Sol Ap\u00f3s Depila\u00e7\u00e3o","datePublished":"2026-03-04T03:01:33+00:00","dateModified":"2026-03-04T03:01:34+00:00","mainEntityOfPage":{"@id":"https:\/\/fernandadepilacao.com.br\/portal\/2026\/03\/cuidados-pele-evitar-sol-pos-depilacao\/#webpage"},"wordCount":659,"commentCount":0,"publisher":{"@id":"https:\/\/fernandadepilacao.com.br\/portal\/#organization"},"image":{"@id":"https:\/\/fernandadepilacao.com.br\/portal\/2026\/03\/cuidados-pele-evitar-sol-pos-depilacao\/#primaryimage"},"thumbnailUrl":"https:\/\/fernandadepilacao.com.br\/portal\/wp-content\/uploads\/2026\/03\/20260304000130.png","inLanguage":"pt-BR","potentialAction":[{"@type":"CommentAction","name":"Comment","target":["https:\/\/fernandadepilacao.com.br\/portal\/2026\/03\/cuidados-pele-evitar-sol-pos-depilacao\/#respond"]}]},{"@type":"Person","@id":"https:\/\/fernandadepilacao.com.br\/portal\/#\/schema\/person\/d00644c3bbfd9fd17711767a3b1abbd0","name":"fernandajob","image":{"@type":"ImageObject","@id":"https:\/\/fernandadepilacao.com.br\/portal\/#personlogo","inLanguage":"pt-BR","url":"https:\/\/secure.gravatar.com\/avatar\/6c2268a68d69a325906fbdccd74b18e6?s=96&d=mm&r=g","contentUrl":"https:\/\/secure.gravatar.com\/avatar\/6c2268a68d69a325906fbdccd74b18e6?s=96&d=mm&r=g","caption":"fernandajob"},"sameAs":["http:\/\/fernandadepilacao.com.br\/portal"]}]}},"uagb_featured_image_src":{"full":["https:\/\/fernandadepilacao.com.br\/portal\/wp-content\/uploads\/2026\/03\/20260304000130.png",500,500,false],"thumbnail":["https:\/\/fernandadepilacao.com.br\/portal\/wp-content\/uploads\/2026\/03\/20260304000130-150x150.png",150,150,true],"medium":["https:\/\/fernandadepilacao.com.br\/portal\/wp-content\/uploads\/2026\/03\/20260304000130-300x300.png",300,300,true],"medium_large":["https:\/\/fernandadepilacao.com.br\/portal\/wp-content\/uploads\/2026\/03\/20260304000130.png",500,500,false],"large":["https:\/\/fernandadepilacao.com.br\/portal\/wp-content\/uploads\/2026\/03\/20260304000130.png",500,500,false],"1536x1536":["https:\/\/fernandadepilacao.com.br\/portal\/wp-content\/uploads\/2026\/03\/20260304000130.png",500,500,false],"2048x2048":["https:\/\/fernandadepilacao.com.br\/portal\/wp-content\/uploads\/2026\/03\/20260304000130.png",500,500,false]},"uagb_author_info":{"display_name":"fernandajob","author_link":"https:\/\/fernandadepilacao.com.br\/portal\/author\/fernandajob\/"},"uagb_comment_info":0,"uagb_excerpt":"Por Que Evitar Exposi\u00e7\u00e3o Solar Ap\u00f3s Procedimentos de Depila\u00e7\u00e3o: Cuidados Essenciais com a Sua Pele Por Que Evitar Exposi\u00e7\u00e3o Solar Ap\u00f3s Procedimentos de Depila\u00e7\u00e3o: Cuidados Essenciais com a Sua Pele A depila\u00e7\u00e3o est\u00e1 entre os procedimentos est\u00e9ticos mais procurados por quem deseja uma pele lisinha e livre de pelos indesejados. Seja depila\u00e7\u00e3o com cera, l\u00e2mina,&hellip;","_links":{"self":[{"href":"https:\/\/fernandadepilacao.com.br\/portal\/wp-json\/wp\/v2\/posts\/1365"}],"collection":[{"href":"https:\/\/fernandadepilacao.com.br\/portal\/wp-json\/wp\/v2\/posts"}],"about":[{"href":"https:\/\/fernandadepilacao.com.br\/portal\/wp-json\/wp\/v2\/types\/post"}],"author":[{"embeddable":true,"href":"https:\/\/fernandadepilacao.com.br\/portal\/wp-json\/wp\/v2\/users\/1"}],"replies":[{"embeddable":true,"href":"https:\/\/fernandadepilacao.com.br\/portal\/wp-json\/wp\/v2\/comments?post=1365"}],"version-history":[{"count":1,"href":"https:\/\/fernandadepilacao.com.br\/portal\/wp-json\/wp\/v2\/posts\/1365\/revisions"}],"predecessor-version":[{"id":1366,"href":"https:\/\/fernandadepilacao.com.br\/portal\/wp-json\/wp\/v2\/posts\/1365\/revisions\/1366"}],"wp:featuredmedia":[{"embeddable":true,"href":"https:\/\/fernandadepilacao.com.br\/portal\/wp-json\/wp\/v2\/media\/1364"}],"wp:attachment":[{"href":"https:\/\/fernandadepilacao.com.br\/portal\/wp-json\/wp\/v2\/media?parent=1365"}],"wp:term":[{"taxonomy":"category","embeddable":true,"href":"https:\/\/fernandadepilacao.com.br\/portal\/wp-json\/wp\/v2\/categories?post=1365"},{"taxonomy":"post_tag","embeddable":true,"href":"https:\/\/fernandadepilacao.com.br\/portal\/wp-json\/wp\/v2\/tags?post=1365"}],"curies":[{"name":"wp","href":"https:\/\/api.w.org\/{rel}","templated":true}]}}