{"id":1362,"date":"2026-03-03T16:01:50","date_gmt":"2026-03-03T19:01:50","guid":{"rendered":"https:\/\/fernandadepilacao.com.br\/portal\/2026\/03\/como-produtos-calmantes-e-cicatrizantes-transformam-o-cuidado-pos-depilacao\/"},"modified":"2026-03-03T16:01:51","modified_gmt":"2026-03-03T19:01:51","slug":"como-produtos-calmantes-e-cicatrizantes-transformam-o-cuidado-pos-depilacao","status":"publish","type":"post","link":"https:\/\/fernandadepilacao.com.br\/portal\/2026\/03\/como-produtos-calmantes-e-cicatrizantes-transformam-o-cuidado-pos-depilacao\/","title":{"rendered":"Como Produtos Calmantes e Cicatrizantes Transformam o Cuidado P\u00f3s-Depila\u00e7\u00e3o"},"content":{"rendered":"<article>\n<header>\n<h1>Como Produtos Calmantes e Cicatrizantes Podem Transformar o Seu P\u00f3s-Depila\u00e7\u00e3o<\/h1>\n<p><strong>Descubra quais s\u00e3o os melhores cuidados para a pele ap\u00f3s a depila\u00e7\u00e3o, diminua a vermelhid\u00e3o, ard\u00eancia e evite pelos encravados.<\/strong><\/p>\n<\/header>\n<section>\n<h2>Por Que \u00c9 T\u00e3o Importante Cuidar da Pele Ap\u00f3s a Depila\u00e7\u00e3o?<\/h2>\n<p>A <strong>depila\u00e7\u00e3o<\/strong> \u00e9 um dos procedimentos est\u00e9ticos mais procurados por quem busca uma pele lisinha, sem pelos e com aspecto saud\u00e1vel. No entanto, o processo pode agredir a pele, resultando em desconfortos como ard\u00eancia, vermelhid\u00e3o, coceira ou at\u00e9 pequenas les\u00f5es. Por isso, utilizar <strong>produtos calmantes e cicatrizantes<\/strong> p\u00f3s-depila\u00e7\u00e3o \u00e9 essencial para garantir uma recupera\u00e7\u00e3o r\u00e1pida, evitar irrita\u00e7\u00f5es e poss\u00edveis infec\u00e7\u00f5es.<\/p>\n<\/section>\n<section>\n<h2>Principais Rea\u00e7\u00f5es da Pele Ap\u00f3s a Depila\u00e7\u00e3o<\/h2>\n<ul>\n<li><strong>Hiperemia (vermelhid\u00e3o):<\/strong> Resposta natural ao trauma causado pela remo\u00e7\u00e3o dos pelos.<\/li>\n<li><strong>Microles\u00f5es:<\/strong> Pequenos machucados invis\u00edveis a olho nu facilitam a entrada de micro-organismos.<\/li>\n<li><strong>Ressecamento:<\/strong> A retirada do pelo pode levar embora parte da camada protetora da pele.<\/li>\n<li><strong>Foliculite:<\/strong> Inflama\u00e7\u00e3o dos fol\u00edculos pilosos, que pode resultar em pelos encravados e p\u00fastulas.<\/li>\n<\/ul>\n<p>Nessas situa\u00e7\u00f5es, os <strong>cosm\u00e9ticos p\u00f3s-depilat\u00f3rios<\/strong> s\u00e3o grandes aliados!<\/p>\n<\/section>\n<section>\n<h2>Como Agem os Produtos Calmantes e Cicatrizantes?<\/h2>\n<p>Ap\u00f3s a depila\u00e7\u00e3o, a barreira cut\u00e2nea est\u00e1 sens\u00edvel. Os produtos calmantes e cicatrizantes possuem ativos que reduzem a inflama\u00e7\u00e3o, acalmam sensa\u00e7\u00e3o de ardor, hidratam e auxiliam na regenera\u00e7\u00e3o dos tecidos. Entre os ingredientes mais comuns e eficazes est\u00e3o:<\/p>\n<ul>\n<li><strong>Aloe vera (babosa):<\/strong> Hidrata, refresca e acelera o processo de cicatriza\u00e7\u00e3o natural.<\/li>\n<li><strong>Pantenol:<\/strong> Conhecido como pr\u00f3-vitamina B5, ajuda na regenera\u00e7\u00e3o da pele e reduz o desconforto.<\/li>\n<li><strong>Camomila:<\/strong> Tem a\u00e7\u00e3o calmante, diminuindo a vermelhid\u00e3o e a sensa\u00e7\u00e3o de pele quente.<\/li>\n<li><strong>Cal\u00eandula:<\/strong> Cicatrizante natural, ideal para evitar irrita\u00e7\u00e3o e melhorar a textura da pele.<\/li>\n<li><strong>\u00d3leo de melaleuca (tea tree):<\/strong> Antiss\u00e9ptico, auxilia na preven\u00e7\u00e3o de foliculite e infec\u00e7\u00f5es.<\/li>\n<\/ul>\n<\/section>\n<section>\n<h2>Dicas de Ouro para o Cuidado P\u00f3s-Depila\u00e7\u00e3o<\/h2>\n<ol>\n<li><strong>Lave a pele suavemente:<\/strong> Use \u00e1gua fria ou morna e sabonetes suaves. Evite esfregar.<\/li>\n<li><strong>Aplique uma lo\u00e7\u00e3o p\u00f3s-depilat\u00f3ria:<\/strong> Prefira f\u00f3rmulas livres de \u00e1lcool ou fragr\u00e2ncias fortes para n\u00e3o irritar ainda mais.<\/li>\n<li><strong>Hidrate diariamente:<\/strong> O uso de cremes hidratantes calmantes mant\u00e9m a barreira de prote\u00e7\u00e3o da pele saud\u00e1vel.<\/li>\n<li><strong>Evite exposi\u00e7\u00e3o solar:<\/strong> Por pelo menos 24h, para prevenir manchas.<\/li>\n<li><strong>Vestu\u00e1rio leve:<\/strong> Use roupas de algod\u00e3o e folgadas para n\u00e3o causar atrito no local depilado.<\/li>\n<\/ol>\n<p>Essas pr\u00e1ticas simples fazem toda a diferen\u00e7a na preven\u00e7\u00e3o de inc\u00f4modos e deixam a pele pronta para aproveitar o melhor resultado da depila\u00e7\u00e3o.<\/p>\n<\/section>\n<section>\n<h2>Quais Produtos Escolher para o P\u00f3s-Depila\u00e7\u00e3o?<\/h2>\n<p>Existem diversas op\u00e7\u00f5es no mercado de <strong>pensados especificamente para o cuidado p\u00f3s-depilat\u00f3rio<\/strong>. Antes de escolher, verifique se o produto:<\/p>\n<ul>\n<li>Possui <strong>ativos naturais calmantes e cicatrizantes<\/strong>;<\/li>\n<li>Tem textura leve, f\u00e1cil de espalhar e r\u00e1pida absor\u00e7\u00e3o;<\/li>\n<li>\u00c9 dermatologicamente testado;<\/li>\n<li>N\u00e3o cont\u00e9m \u00e1lcool ou corantes artificiais;<\/li>\n<li>Indicado para o seu tipo de pele.<\/li>\n<\/ul>\n<p>Procure sempre <strong>consultar um profissional de est\u00e9tica<\/strong> para indica\u00e7\u00f5es adequadas e personalizadas.<\/p>\n<\/section>\n<section>\n<h2>Perguntas Frequentes sobre Produtos P\u00f3s-Depila\u00e7\u00e3o<\/h2>\n<div itemscope itemtype=\"https:\/\/schema.org\/FAQPage\">\n<div itemprop=\"mainEntity\" itemscope itemtype=\"https:\/\/schema.org\/Question\">\n<h3 itemprop=\"name\">Posso usar hidratante comum ap\u00f3s a depila\u00e7\u00e3o?<\/h3>\n<div itemprop=\"acceptedAnswer\" itemscope itemtype=\"https:\/\/schema.org\/Answer\">\n<p itemprop=\"text\">D\u00ea prefer\u00eancia para hidratantes calmantes, livres de \u00e1lcool, corantes e perfumes. Hidratantes comuns podem irritar se forem muito adstringentes ou perfumados.<\/p>\n<\/p><\/div>\n<\/p><\/div>\n<div itemprop=\"mainEntity\" itemscope itemtype=\"https:\/\/schema.org\/Question\">\n<h3 itemprop=\"name\">Com que frequ\u00eancia devo aplicar o produto p\u00f3s-depilat\u00f3rio?<\/h3>\n<div itemprop=\"acceptedAnswer\" itemscope itemtype=\"https:\/\/schema.org\/Answer\">\n<p itemprop=\"text\">Logo ap\u00f3s a depila\u00e7\u00e3o e nas primeiras 24-48 horas, aplique de 2 a 3 vezes ao dia, ou conforme orienta\u00e7\u00e3o do profissional.<\/p>\n<\/p><\/div>\n<\/p><\/div>\n<div itemprop=\"mainEntity\" itemscope itemtype=\"https:\/\/schema.org\/Question\">\n<h3 itemprop=\"name\">Quem tem pele sens\u00edvel pode usar?<\/h3>\n<div itemprop=\"acceptedAnswer\" itemscope itemtype=\"https:\/\/schema.org\/Answer\">\n<p itemprop=\"text\">Sim! Inclusive, \u00e9 fundamental para quem tem pele sens\u00edvel. Opte por f\u00f3rmulas hipoalerg\u00eanicas e testadas dermatologicamente.<\/p>\n<\/p><\/div>\n<\/p><\/div>\n<\/p><\/div>\n<\/section>\n<section>\n<h2>Conclus\u00e3o<\/h2>\n<p>O <strong>uso de produtos calmantes e cicatrizantes p\u00f3s-depila\u00e7\u00e3o<\/strong> \u00e9 parte essencial de um ritual de beleza saud\u00e1vel. Eles n\u00e3o s\u00f3 restauram a integridade da pele, mas tamb\u00e9m proporcionam conforto imediato e previnem complica\u00e7\u00f5es como irrita\u00e7\u00f5es e foliculite. Cuide da sua pele com carinho ap\u00f3s cada sess\u00e3o de depila\u00e7\u00e3o e garanta uma sensa\u00e7\u00e3o de bem-estar prolongada e uma apar\u00eancia impec\u00e1vel.<\/p>\n<p><em>Cuidar do p\u00f3s-depila\u00e7\u00e3o \u00e9 autocuidado que faz diferen\u00e7a \u2014 sua pele agradece!<\/em><\/p>\n<\/section>\n<footer>\n<p>Gostou deste conte\u00fado? Compartilhe e ajude outras pessoas a terem uma experi\u00eancia positiva com a depila\u00e7\u00e3o!<\/p>\n<p><strong>Palavras-chave:<\/strong> produtos calmantes p\u00f3s-depila\u00e7\u00e3o, cuidados ap\u00f3s depila\u00e7\u00e3o, lo\u00e7\u00e3o cicatrizante depila\u00e7\u00e3o, dicas p\u00f3s-depila\u00e7\u00e3o, aloe vera depila\u00e7\u00e3o, foliculite p\u00f3s-depila\u00e7\u00e3o, hidrata\u00e7\u00e3o ap\u00f3s depila\u00e7\u00e3o.<\/p>\n<\/footer>\n<\/article>\n","protected":false},"excerpt":{"rendered":"<p>Como Produtos Calmantes e Cicatrizantes Podem Transformar o Seu P\u00f3s-Depila\u00e7\u00e3o Descubra quais s\u00e3o os melhores cuidados para a pele ap\u00f3s a depila\u00e7\u00e3o, diminua a vermelhid\u00e3o, ard\u00eancia e evite pelos encravados. Por Que \u00c9 T\u00e3o Importante Cuidar da Pele Ap\u00f3s a Depila\u00e7\u00e3o? A depila\u00e7\u00e3o \u00e9 um dos procedimentos est\u00e9ticos mais procurados por quem busca uma pele &hellip;<\/p>\n<p class=\"read-more\"> <a class=\"\" href=\"https:\/\/fernandadepilacao.com.br\/portal\/2026\/03\/como-produtos-calmantes-e-cicatrizantes-transformam-o-cuidado-pos-depilacao\/\"> <span class=\"screen-reader-text\">Como Produtos Calmantes e Cicatrizantes Transformam o Cuidado P\u00f3s-Depila\u00e7\u00e3o<\/span> Leia mais &raquo;<\/a><\/p>\n","protected":false},"author":1,"featured_media":1361,"comment_status":"open","ping_status":"open","sticky":false,"template":"","format":"standard","meta":[],"categories":[1],"tags":[],"yoast_head":"<!-- This site is optimized with the Yoast SEO plugin v18.4.1 - https:\/\/yoast.com\/wordpress\/plugins\/seo\/ -->\n<title>Como Produtos Calmantes e Cicatrizantes Transformam o Cuidado P\u00f3s-Depila\u00e7\u00e3o - Fernanda Depila\u00e7\u00e3o<\/title>\n<meta name=\"robots\" content=\"index, follow, max-snippet:-1, max-image-preview:large, max-video-preview:-1\" \/>\n<link rel=\"canonical\" href=\"https:\/\/fernandadepilacao.com.br\/portal\/2026\/03\/como-produtos-calmantes-e-cicatrizantes-transformam-o-cuidado-pos-depilacao\/\" \/>\n<meta property=\"og:locale\" content=\"pt_BR\" \/>\n<meta property=\"og:type\" content=\"article\" \/>\n<meta property=\"og:title\" content=\"Como Produtos Calmantes e Cicatrizantes Transformam o Cuidado P\u00f3s-Depila\u00e7\u00e3o - Fernanda Depila\u00e7\u00e3o\" \/>\n<meta property=\"og:description\" content=\"Como Produtos Calmantes e Cicatrizantes Podem Transformar o Seu P\u00f3s-Depila\u00e7\u00e3o Descubra quais s\u00e3o os melhores cuidados para a pele ap\u00f3s a depila\u00e7\u00e3o, diminua a vermelhid\u00e3o, ard\u00eancia e evite pelos encravados. Por Que \u00c9 T\u00e3o Importante Cuidar da Pele Ap\u00f3s a Depila\u00e7\u00e3o? A depila\u00e7\u00e3o \u00e9 um dos procedimentos est\u00e9ticos mais procurados por quem busca uma pele &hellip; Como Produtos Calmantes e Cicatrizantes Transformam o Cuidado P\u00f3s-Depila\u00e7\u00e3o Leia mais &raquo;\" \/>\n<meta property=\"og:url\" content=\"https:\/\/fernandadepilacao.com.br\/portal\/2026\/03\/como-produtos-calmantes-e-cicatrizantes-transformam-o-cuidado-pos-depilacao\/\" \/>\n<meta property=\"og:site_name\" content=\"Fernanda Depila\u00e7\u00e3o\" \/>\n<meta property=\"article:publisher\" content=\"https:\/\/www.facebook.com\/ferjobdepilacao\" \/>\n<meta property=\"article:published_time\" content=\"2026-03-03T19:01:50+00:00\" \/>\n<meta property=\"article:modified_time\" content=\"2026-03-03T19:01:51+00:00\" \/>\n<meta name=\"twitter:card\" content=\"summary_large_image\" \/>\n<meta name=\"twitter:label1\" content=\"Escrito por\" \/>\n\t<meta name=\"twitter:data1\" content=\"fernandajob\" \/>\n\t<meta name=\"twitter:label2\" content=\"Est. tempo de leitura\" \/>\n\t<meta name=\"twitter:data2\" content=\"4 minutos\" \/>\n<script type=\"application\/ld+json\" class=\"yoast-schema-graph\">{\"@context\":\"https:\/\/schema.org\",\"@graph\":[{\"@type\":\"Organization\",\"@id\":\"https:\/\/fernandadepilacao.com.br\/portal\/#organization\",\"name\":\"Fernanda Depila\u00e7\u00e3o\",\"url\":\"https:\/\/fernandadepilacao.com.br\/portal\/\",\"sameAs\":[\"https:\/\/www.facebook.com\/ferjobdepilacao\",\"http:\/\/instagram.com\/fernanda_job\"],\"logo\":{\"@type\":\"ImageObject\",\"@id\":\"https:\/\/fernandadepilacao.com.br\/portal\/#logo\",\"inLanguage\":\"pt-BR\",\"url\":\"http:\/\/fernandadepilacao.com.br\/portal\/wp-content\/uploads\/2021\/03\/logo_fernanda.png\",\"contentUrl\":\"http:\/\/fernandadepilacao.com.br\/portal\/wp-content\/uploads\/2021\/03\/logo_fernanda.png\",\"width\":673,\"height\":688,\"caption\":\"Fernanda Depila\u00e7\u00e3o\"},\"image\":{\"@id\":\"https:\/\/fernandadepilacao.com.br\/portal\/#logo\"}},{\"@type\":\"WebSite\",\"@id\":\"https:\/\/fernandadepilacao.com.br\/portal\/#website\",\"url\":\"https:\/\/fernandadepilacao.com.br\/portal\/\",\"name\":\"Fernanda Depila\u00e7\u00e3o\",\"description\":\"\",\"publisher\":{\"@id\":\"https:\/\/fernandadepilacao.com.br\/portal\/#organization\"},\"potentialAction\":[{\"@type\":\"SearchAction\",\"target\":{\"@type\":\"EntryPoint\",\"urlTemplate\":\"https:\/\/fernandadepilacao.com.br\/portal\/?s={search_term_string}\"},\"query-input\":\"required name=search_term_string\"}],\"inLanguage\":\"pt-BR\"},{\"@type\":\"ImageObject\",\"@id\":\"https:\/\/fernandadepilacao.com.br\/portal\/2026\/03\/como-produtos-calmantes-e-cicatrizantes-transformam-o-cuidado-pos-depilacao\/#primaryimage\",\"inLanguage\":\"pt-BR\",\"url\":\"https:\/\/fernandadepilacao.com.br\/portal\/wp-content\/uploads\/2026\/03\/20260303160147.png\",\"contentUrl\":\"https:\/\/fernandadepilacao.com.br\/portal\/wp-content\/uploads\/2026\/03\/20260303160147.png\",\"width\":500,\"height\":500},{\"@type\":\"WebPage\",\"@id\":\"https:\/\/fernandadepilacao.com.br\/portal\/2026\/03\/como-produtos-calmantes-e-cicatrizantes-transformam-o-cuidado-pos-depilacao\/#webpage\",\"url\":\"https:\/\/fernandadepilacao.com.br\/portal\/2026\/03\/como-produtos-calmantes-e-cicatrizantes-transformam-o-cuidado-pos-depilacao\/\",\"name\":\"Como Produtos Calmantes e Cicatrizantes Transformam o Cuidado P\u00f3s-Depila\u00e7\u00e3o - Fernanda Depila\u00e7\u00e3o\",\"isPartOf\":{\"@id\":\"https:\/\/fernandadepilacao.com.br\/portal\/#website\"},\"primaryImageOfPage\":{\"@id\":\"https:\/\/fernandadepilacao.com.br\/portal\/2026\/03\/como-produtos-calmantes-e-cicatrizantes-transformam-o-cuidado-pos-depilacao\/#primaryimage\"},\"datePublished\":\"2026-03-03T19:01:50+00:00\",\"dateModified\":\"2026-03-03T19:01:51+00:00\",\"breadcrumb\":{\"@id\":\"https:\/\/fernandadepilacao.com.br\/portal\/2026\/03\/como-produtos-calmantes-e-cicatrizantes-transformam-o-cuidado-pos-depilacao\/#breadcrumb\"},\"inLanguage\":\"pt-BR\",\"potentialAction\":[{\"@type\":\"ReadAction\",\"target\":[\"https:\/\/fernandadepilacao.com.br\/portal\/2026\/03\/como-produtos-calmantes-e-cicatrizantes-transformam-o-cuidado-pos-depilacao\/\"]}]},{\"@type\":\"BreadcrumbList\",\"@id\":\"https:\/\/fernandadepilacao.com.br\/portal\/2026\/03\/como-produtos-calmantes-e-cicatrizantes-transformam-o-cuidado-pos-depilacao\/#breadcrumb\",\"itemListElement\":[{\"@type\":\"ListItem\",\"position\":1,\"name\":\"In\u00edcio\",\"item\":\"http:\/\/fernandadepilacao.com.br\/portal\/\"},{\"@type\":\"ListItem\",\"position\":2,\"name\":\"Como Produtos Calmantes e Cicatrizantes Transformam o Cuidado P\u00f3s-Depila\u00e7\u00e3o\"}]},{\"@type\":\"Article\",\"@id\":\"https:\/\/fernandadepilacao.com.br\/portal\/2026\/03\/como-produtos-calmantes-e-cicatrizantes-transformam-o-cuidado-pos-depilacao\/#article\",\"isPartOf\":{\"@id\":\"https:\/\/fernandadepilacao.com.br\/portal\/2026\/03\/como-produtos-calmantes-e-cicatrizantes-transformam-o-cuidado-pos-depilacao\/#webpage\"},\"author\":{\"@id\":\"https:\/\/fernandadepilacao.com.br\/portal\/#\/schema\/person\/d00644c3bbfd9fd17711767a3b1abbd0\"},\"headline\":\"Como Produtos Calmantes e Cicatrizantes Transformam o Cuidado P\u00f3s-Depila\u00e7\u00e3o\",\"datePublished\":\"2026-03-03T19:01:50+00:00\",\"dateModified\":\"2026-03-03T19:01:51+00:00\",\"mainEntityOfPage\":{\"@id\":\"https:\/\/fernandadepilacao.com.br\/portal\/2026\/03\/como-produtos-calmantes-e-cicatrizantes-transformam-o-cuidado-pos-depilacao\/#webpage\"},\"wordCount\":778,\"commentCount\":0,\"publisher\":{\"@id\":\"https:\/\/fernandadepilacao.com.br\/portal\/#organization\"},\"image\":{\"@id\":\"https:\/\/fernandadepilacao.com.br\/portal\/2026\/03\/como-produtos-calmantes-e-cicatrizantes-transformam-o-cuidado-pos-depilacao\/#primaryimage\"},\"thumbnailUrl\":\"https:\/\/fernandadepilacao.com.br\/portal\/wp-content\/uploads\/2026\/03\/20260303160147.png\",\"inLanguage\":\"pt-BR\",\"potentialAction\":[{\"@type\":\"CommentAction\",\"name\":\"Comment\",\"target\":[\"https:\/\/fernandadepilacao.com.br\/portal\/2026\/03\/como-produtos-calmantes-e-cicatrizantes-transformam-o-cuidado-pos-depilacao\/#respond\"]}]},{\"@type\":\"Person\",\"@id\":\"https:\/\/fernandadepilacao.com.br\/portal\/#\/schema\/person\/d00644c3bbfd9fd17711767a3b1abbd0\",\"name\":\"fernandajob\",\"image\":{\"@type\":\"ImageObject\",\"@id\":\"https:\/\/fernandadepilacao.com.br\/portal\/#personlogo\",\"inLanguage\":\"pt-BR\",\"url\":\"https:\/\/secure.gravatar.com\/avatar\/6c2268a68d69a325906fbdccd74b18e6?s=96&d=mm&r=g\",\"contentUrl\":\"https:\/\/secure.gravatar.com\/avatar\/6c2268a68d69a325906fbdccd74b18e6?s=96&d=mm&r=g\",\"caption\":\"fernandajob\"},\"sameAs\":[\"http:\/\/fernandadepilacao.com.br\/portal\"]}]}<\/script>\n<!-- \/ Yoast SEO plugin. -->","yoast_head_json":{"title":"Como Produtos Calmantes e Cicatrizantes Transformam o Cuidado P\u00f3s-Depila\u00e7\u00e3o - Fernanda Depila\u00e7\u00e3o","robots":{"index":"index","follow":"follow","max-snippet":"max-snippet:-1","max-image-preview":"max-image-preview:large","max-video-preview":"max-video-preview:-1"},"canonical":"https:\/\/fernandadepilacao.com.br\/portal\/2026\/03\/como-produtos-calmantes-e-cicatrizantes-transformam-o-cuidado-pos-depilacao\/","og_locale":"pt_BR","og_type":"article","og_title":"Como Produtos Calmantes e Cicatrizantes Transformam o Cuidado P\u00f3s-Depila\u00e7\u00e3o - Fernanda Depila\u00e7\u00e3o","og_description":"Como Produtos Calmantes e Cicatrizantes Podem Transformar o Seu P\u00f3s-Depila\u00e7\u00e3o Descubra quais s\u00e3o os melhores cuidados para a pele ap\u00f3s a depila\u00e7\u00e3o, diminua a vermelhid\u00e3o, ard\u00eancia e evite pelos encravados. Por Que \u00c9 T\u00e3o Importante Cuidar da Pele Ap\u00f3s a Depila\u00e7\u00e3o? A depila\u00e7\u00e3o \u00e9 um dos procedimentos est\u00e9ticos mais procurados por quem busca uma pele &hellip; Como Produtos Calmantes e Cicatrizantes Transformam o Cuidado P\u00f3s-Depila\u00e7\u00e3o Leia mais &raquo;","og_url":"https:\/\/fernandadepilacao.com.br\/portal\/2026\/03\/como-produtos-calmantes-e-cicatrizantes-transformam-o-cuidado-pos-depilacao\/","og_site_name":"Fernanda Depila\u00e7\u00e3o","article_publisher":"https:\/\/www.facebook.com\/ferjobdepilacao","article_published_time":"2026-03-03T19:01:50+00:00","article_modified_time":"2026-03-03T19:01:51+00:00","twitter_card":"summary_large_image","twitter_misc":{"Escrito por":"fernandajob","Est. tempo de leitura":"4 minutos"},"schema":{"@context":"https:\/\/schema.org","@graph":[{"@type":"Organization","@id":"https:\/\/fernandadepilacao.com.br\/portal\/#organization","name":"Fernanda Depila\u00e7\u00e3o","url":"https:\/\/fernandadepilacao.com.br\/portal\/","sameAs":["https:\/\/www.facebook.com\/ferjobdepilacao","http:\/\/instagram.com\/fernanda_job"],"logo":{"@type":"ImageObject","@id":"https:\/\/fernandadepilacao.com.br\/portal\/#logo","inLanguage":"pt-BR","url":"http:\/\/fernandadepilacao.com.br\/portal\/wp-content\/uploads\/2021\/03\/logo_fernanda.png","contentUrl":"http:\/\/fernandadepilacao.com.br\/portal\/wp-content\/uploads\/2021\/03\/logo_fernanda.png","width":673,"height":688,"caption":"Fernanda Depila\u00e7\u00e3o"},"image":{"@id":"https:\/\/fernandadepilacao.com.br\/portal\/#logo"}},{"@type":"WebSite","@id":"https:\/\/fernandadepilacao.com.br\/portal\/#website","url":"https:\/\/fernandadepilacao.com.br\/portal\/","name":"Fernanda Depila\u00e7\u00e3o","description":"","publisher":{"@id":"https:\/\/fernandadepilacao.com.br\/portal\/#organization"},"potentialAction":[{"@type":"SearchAction","target":{"@type":"EntryPoint","urlTemplate":"https:\/\/fernandadepilacao.com.br\/portal\/?s={search_term_string}"},"query-input":"required name=search_term_string"}],"inLanguage":"pt-BR"},{"@type":"ImageObject","@id":"https:\/\/fernandadepilacao.com.br\/portal\/2026\/03\/como-produtos-calmantes-e-cicatrizantes-transformam-o-cuidado-pos-depilacao\/#primaryimage","inLanguage":"pt-BR","url":"https:\/\/fernandadepilacao.com.br\/portal\/wp-content\/uploads\/2026\/03\/20260303160147.png","contentUrl":"https:\/\/fernandadepilacao.com.br\/portal\/wp-content\/uploads\/2026\/03\/20260303160147.png","width":500,"height":500},{"@type":"WebPage","@id":"https:\/\/fernandadepilacao.com.br\/portal\/2026\/03\/como-produtos-calmantes-e-cicatrizantes-transformam-o-cuidado-pos-depilacao\/#webpage","url":"https:\/\/fernandadepilacao.com.br\/portal\/2026\/03\/como-produtos-calmantes-e-cicatrizantes-transformam-o-cuidado-pos-depilacao\/","name":"Como Produtos Calmantes e Cicatrizantes Transformam o Cuidado P\u00f3s-Depila\u00e7\u00e3o - Fernanda Depila\u00e7\u00e3o","isPartOf":{"@id":"https:\/\/fernandadepilacao.com.br\/portal\/#website"},"primaryImageOfPage":{"@id":"https:\/\/fernandadepilacao.com.br\/portal\/2026\/03\/como-produtos-calmantes-e-cicatrizantes-transformam-o-cuidado-pos-depilacao\/#primaryimage"},"datePublished":"2026-03-03T19:01:50+00:00","dateModified":"2026-03-03T19:01:51+00:00","breadcrumb":{"@id":"https:\/\/fernandadepilacao.com.br\/portal\/2026\/03\/como-produtos-calmantes-e-cicatrizantes-transformam-o-cuidado-pos-depilacao\/#breadcrumb"},"inLanguage":"pt-BR","potentialAction":[{"@type":"ReadAction","target":["https:\/\/fernandadepilacao.com.br\/portal\/2026\/03\/como-produtos-calmantes-e-cicatrizantes-transformam-o-cuidado-pos-depilacao\/"]}]},{"@type":"BreadcrumbList","@id":"https:\/\/fernandadepilacao.com.br\/portal\/2026\/03\/como-produtos-calmantes-e-cicatrizantes-transformam-o-cuidado-pos-depilacao\/#breadcrumb","itemListElement":[{"@type":"ListItem","position":1,"name":"In\u00edcio","item":"http:\/\/fernandadepilacao.com.br\/portal\/"},{"@type":"ListItem","position":2,"name":"Como Produtos Calmantes e Cicatrizantes Transformam o Cuidado P\u00f3s-Depila\u00e7\u00e3o"}]},{"@type":"Article","@id":"https:\/\/fernandadepilacao.com.br\/portal\/2026\/03\/como-produtos-calmantes-e-cicatrizantes-transformam-o-cuidado-pos-depilacao\/#article","isPartOf":{"@id":"https:\/\/fernandadepilacao.com.br\/portal\/2026\/03\/como-produtos-calmantes-e-cicatrizantes-transformam-o-cuidado-pos-depilacao\/#webpage"},"author":{"@id":"https:\/\/fernandadepilacao.com.br\/portal\/#\/schema\/person\/d00644c3bbfd9fd17711767a3b1abbd0"},"headline":"Como Produtos Calmantes e Cicatrizantes Transformam o Cuidado P\u00f3s-Depila\u00e7\u00e3o","datePublished":"2026-03-03T19:01:50+00:00","dateModified":"2026-03-03T19:01:51+00:00","mainEntityOfPage":{"@id":"https:\/\/fernandadepilacao.com.br\/portal\/2026\/03\/como-produtos-calmantes-e-cicatrizantes-transformam-o-cuidado-pos-depilacao\/#webpage"},"wordCount":778,"commentCount":0,"publisher":{"@id":"https:\/\/fernandadepilacao.com.br\/portal\/#organization"},"image":{"@id":"https:\/\/fernandadepilacao.com.br\/portal\/2026\/03\/como-produtos-calmantes-e-cicatrizantes-transformam-o-cuidado-pos-depilacao\/#primaryimage"},"thumbnailUrl":"https:\/\/fernandadepilacao.com.br\/portal\/wp-content\/uploads\/2026\/03\/20260303160147.png","inLanguage":"pt-BR","potentialAction":[{"@type":"CommentAction","name":"Comment","target":["https:\/\/fernandadepilacao.com.br\/portal\/2026\/03\/como-produtos-calmantes-e-cicatrizantes-transformam-o-cuidado-pos-depilacao\/#respond"]}]},{"@type":"Person","@id":"https:\/\/fernandadepilacao.com.br\/portal\/#\/schema\/person\/d00644c3bbfd9fd17711767a3b1abbd0","name":"fernandajob","image":{"@type":"ImageObject","@id":"https:\/\/fernandadepilacao.com.br\/portal\/#personlogo","inLanguage":"pt-BR","url":"https:\/\/secure.gravatar.com\/avatar\/6c2268a68d69a325906fbdccd74b18e6?s=96&d=mm&r=g","contentUrl":"https:\/\/secure.gravatar.com\/avatar\/6c2268a68d69a325906fbdccd74b18e6?s=96&d=mm&r=g","caption":"fernandajob"},"sameAs":["http:\/\/fernandadepilacao.com.br\/portal"]}]}},"uagb_featured_image_src":{"full":["https:\/\/fernandadepilacao.com.br\/portal\/wp-content\/uploads\/2026\/03\/20260303160147.png",500,500,false],"thumbnail":["https:\/\/fernandadepilacao.com.br\/portal\/wp-content\/uploads\/2026\/03\/20260303160147-150x150.png",150,150,true],"medium":["https:\/\/fernandadepilacao.com.br\/portal\/wp-content\/uploads\/2026\/03\/20260303160147-300x300.png",300,300,true],"medium_large":["https:\/\/fernandadepilacao.com.br\/portal\/wp-content\/uploads\/2026\/03\/20260303160147.png",500,500,false],"large":["https:\/\/fernandadepilacao.com.br\/portal\/wp-content\/uploads\/2026\/03\/20260303160147.png",500,500,false],"1536x1536":["https:\/\/fernandadepilacao.com.br\/portal\/wp-content\/uploads\/2026\/03\/20260303160147.png",500,500,false],"2048x2048":["https:\/\/fernandadepilacao.com.br\/portal\/wp-content\/uploads\/2026\/03\/20260303160147.png",500,500,false]},"uagb_author_info":{"display_name":"fernandajob","author_link":"https:\/\/fernandadepilacao.com.br\/portal\/author\/fernandajob\/"},"uagb_comment_info":0,"uagb_excerpt":"Como Produtos Calmantes e Cicatrizantes Podem Transformar o Seu P\u00f3s-Depila\u00e7\u00e3o Descubra quais s\u00e3o os melhores cuidados para a pele ap\u00f3s a depila\u00e7\u00e3o, diminua a vermelhid\u00e3o, ard\u00eancia e evite pelos encravados. Por Que \u00c9 T\u00e3o Importante Cuidar da Pele Ap\u00f3s a Depila\u00e7\u00e3o? A depila\u00e7\u00e3o \u00e9 um dos procedimentos est\u00e9ticos mais procurados por quem busca uma pele&hellip;","_links":{"self":[{"href":"https:\/\/fernandadepilacao.com.br\/portal\/wp-json\/wp\/v2\/posts\/1362"}],"collection":[{"href":"https:\/\/fernandadepilacao.com.br\/portal\/wp-json\/wp\/v2\/posts"}],"about":[{"href":"https:\/\/fernandadepilacao.com.br\/portal\/wp-json\/wp\/v2\/types\/post"}],"author":[{"embeddable":true,"href":"https:\/\/fernandadepilacao.com.br\/portal\/wp-json\/wp\/v2\/users\/1"}],"replies":[{"embeddable":true,"href":"https:\/\/fernandadepilacao.com.br\/portal\/wp-json\/wp\/v2\/comments?post=1362"}],"version-history":[{"count":1,"href":"https:\/\/fernandadepilacao.com.br\/portal\/wp-json\/wp\/v2\/posts\/1362\/revisions"}],"predecessor-version":[{"id":1363,"href":"https:\/\/fernandadepilacao.com.br\/portal\/wp-json\/wp\/v2\/posts\/1362\/revisions\/1363"}],"wp:featuredmedia":[{"embeddable":true,"href":"https:\/\/fernandadepilacao.com.br\/portal\/wp-json\/wp\/v2\/media\/1361"}],"wp:attachment":[{"href":"https:\/\/fernandadepilacao.com.br\/portal\/wp-json\/wp\/v2\/media?parent=1362"}],"wp:term":[{"taxonomy":"category","embeddable":true,"href":"https:\/\/fernandadepilacao.com.br\/portal\/wp-json\/wp\/v2\/categories?post=1362"},{"taxonomy":"post_tag","embeddable":true,"href":"https:\/\/fernandadepilacao.com.br\/portal\/wp-json\/wp\/v2\/tags?post=1362"}],"curies":[{"name":"wp","href":"https:\/\/api.w.org\/{rel}","templated":true}]}}