{"id":1356,"date":"2026-03-03T00:01:56","date_gmt":"2026-03-03T03:01:56","guid":{"rendered":"https:\/\/fernandadepilacao.com.br\/portal\/2026\/03\/cuidados-essenciais-prevenir-irritacoes-alergias-pele-pos-depilacao\/"},"modified":"2026-03-03T00:01:57","modified_gmt":"2026-03-03T03:01:57","slug":"cuidados-essenciais-prevenir-irritacoes-alergias-pele-pos-depilacao","status":"publish","type":"post","link":"https:\/\/fernandadepilacao.com.br\/portal\/2026\/03\/cuidados-essenciais-prevenir-irritacoes-alergias-pele-pos-depilacao\/","title":{"rendered":"Cuidados Essenciais para Prevenir Irrita\u00e7\u00f5es e Alergias na Pele ap\u00f3s Depila\u00e7\u00e3o"},"content":{"rendered":"<article>\n<header>\n<h1>Cuidados Essenciais para Evitar Irrita\u00e7\u00f5es e Alergias na Pele ap\u00f3s a Depila\u00e7\u00e3o<\/h1>\n<p>    <meta name=\"description\" content=\"Descubra os principais cuidados para evitar irrita\u00e7\u00f5es e alergias na pele ap\u00f3s a depila\u00e7\u00e3o. Veja dicas de prepara\u00e7\u00e3o, m\u00e9todos seguros e hidrata\u00e7\u00e3o para garantir uma pele saud\u00e1vel e livre de desconfortos.\"><br \/>\n    <meta name=\"keywords\" content=\"cuidados p\u00f3s-depila\u00e7\u00e3o, alergia na pele, irrita\u00e7\u00e3o depila\u00e7\u00e3o, hidrata\u00e7\u00e3o p\u00f3s depila\u00e7\u00e3o, m\u00e9todos depilat\u00f3rios, pele saud\u00e1vel\"><br \/>\n  <\/header>\n<section>\n<h2>Por que \u00e9 importante cuidar da pele ap\u00f3s a depila\u00e7\u00e3o?<\/h2>\n<p>A depila\u00e7\u00e3o \u00e9 um procedimento muito procurado para manter a pele lisinha e livre de pelos. No entanto, sem os cuidados corretos, \u00e9 comum surgir <strong>vermelhid\u00e3o, irrita\u00e7\u00e3o e at\u00e9 alergias<\/strong> ap\u00f3s o processo. Essas rea\u00e7\u00f5es ocorrem porque a depila\u00e7\u00e3o \u2014 seja com cera, l\u00e2mina, creme depilat\u00f3rio ou outros m\u00e9todos \u2014 retira n\u00e3o somente o pelo, mas tamb\u00e9m afeta a primeira camada da pele (a epiderme), deixando-a mais vulner\u00e1vel a agress\u00f5es externas.<\/p>\n<\/section>\n<section>\n<h2>Preparando a pele antes da depila\u00e7\u00e3o<\/h2>\n<ul>\n<li><strong>Higieniza\u00e7\u00e3o adequada:<\/strong> Lave bem a \u00e1rea a ser depilada com sabonete neutro, removendo suor, res\u00edduos de cosm\u00e9ticos e impurezas. Isso ajuda a prevenir o risco de inflama\u00e7\u00e3o e foliculite (inflama\u00e7\u00e3o dos fol\u00edculos pilosos).<\/li>\n<li><strong>Esfolia\u00e7\u00e3o suave:<\/strong> Realize uma <a href=\"https:\/\/www.google.com\/search?q=esfolia\u00e7\u00e3o+suave+antes+da+depila\u00e7\u00e3o\" target=\"_blank\" rel=\"noopener\">esfolia\u00e7\u00e3o suave<\/a> dois dias antes da depila\u00e7\u00e3o. Isso remove c\u00e9lulas mortas, desobstrui os poros e facilita a remo\u00e7\u00e3o dos pelos, diminuindo as chances de pelos encravados.<\/li>\n<li><strong>Aviso para peles sens\u00edveis:<\/strong> Evite esfoliar nas 24 horas que antecedem a depila\u00e7\u00e3o caso sua pele seja sens\u00edvel, para n\u00e3o provocar microles\u00f5es.<\/li>\n<li><strong>N\u00e3o utilize cremes hidratantes ou \u00f3leos:<\/strong> No dia da depila\u00e7\u00e3o, evite usar hidratantes ou \u00f3leos na regi\u00e3o, pois eles podem dificultar a ader\u00eancia da cera ou de outros m\u00e9todos depilat\u00f3rios.<\/li>\n<\/ul>\n<\/section>\n<section>\n<h2>Durante a depila\u00e7\u00e3o: t\u00e9cnicas para minimizar riscos<\/h2>\n<ul>\n<li><strong>Cera na temperatura ideal:<\/strong> Certifique-se de que a cera n\u00e3o est\u00e1 muito quente. <a href=\"https:\/\/www.google.com\/search?q=temperatura+cera+depilat\u00f3ria\" target=\"_blank\" rel=\"noopener\">Queimaduras<\/a> s\u00e3o uma causa comum de irrita\u00e7\u00f5es.<\/li>\n<li><strong>Dire\u00e7\u00e3o correta:<\/strong> Sempre remova a cera ou utilize a l\u00e2mina na dire\u00e7\u00e3o do crescimento dos pelos. Isso evita a quebra do fio e reduz o trauma cut\u00e2neo.<\/li>\n<li><strong>Instrumentos esterilizados:<\/strong> Se utilizar pin\u00e7a, l\u00e2mina ou aparelhos el\u00e9tricos, garanta que estejam devidamente limpos e esterilizados para evitar contamina\u00e7\u00e3o e prolifera\u00e7\u00e3o de bact\u00e9rias.<\/li>\n<li><strong>Evite repassar no mesmo local:<\/strong> Repetir a passagem da cera ou da l\u00e2mina na mesma \u00e1rea pode danificar a barreira cut\u00e2nea e causar manchas, irrita\u00e7\u00f5es e ressecamento.<\/li>\n<\/ul>\n<\/section>\n<section>\n<h2>Cuidados p\u00f3s-depila\u00e7\u00e3o: como acalmar e proteger a pele<\/h2>\n<ol>\n<li><strong>Compressa fria:<\/strong> Aplicar <a href=\"https:\/\/www.google.com\/search?q=compressa+fria+para+pele+irritada\" target=\"_blank\" rel=\"noopener\">compressas frias<\/a> logo ap\u00f3s a depila\u00e7\u00e3o ajuda a acalmar a pele, reduzir o incha\u00e7o, ardor e vermelhid\u00e3o.<\/li>\n<li><strong>Hidrata\u00e7\u00e3o:<\/strong> Use cremes calmantes com <em>camomila<\/em>, <em>cal\u00eandula<\/em> ou <em>aloe vera<\/em>, ingredientes conhecidos por suas propriedades calmantes e anti-inflamat\u00f3rias.<\/li>\n<li><strong>Evitar roupas apertadas:<\/strong> D\u00ea prefer\u00eancia a roupas leves e de algod\u00e3o nas primeiras 24 horas, evitando atrito e prolifera\u00e7\u00e3o bacteriana.<\/li>\n<li><strong>Nada de sol ou piscina:<\/strong> Evite exposi\u00e7\u00e3o solar, \u00e1gua do mar e piscina por pelo menos 24 horas. \u00c1gua clorada e radia\u00e7\u00e3o solar podem agravar a irrita\u00e7\u00e3o e causar manchas.<\/li>\n<li><strong>N\u00e3o coce ou esfregue a regi\u00e3o:<\/strong> Co\u00e7ar s\u00f3 aumenta o risco de infeccionar e prolonga o desconforto. Se surgirem bolinhas ou alergia, mantenha a regi\u00e3o limpa e procure orienta\u00e7\u00e3o caso persista.<\/li>\n<\/ol>\n<\/section>\n<section>\n<h2>Principais d\u00favidas sobre alergia e irrita\u00e7\u00e3o na depila\u00e7\u00e3o<\/h2>\n<dl>\n<dt><strong>O que \u00e9 normal ap\u00f3s depilar?<\/strong><\/dt>\n<dd>\u00c9 comum leve vermelhid\u00e3o, ardor ou sensibilidade que costuma passar em poucas horas.<\/dd>\n<dt><strong>Quando se preocupar?<\/strong><\/dt>\n<dd>Se surgirem bolhas, coceira intensa, descama\u00e7\u00e3o ou feridas, procure um dermatologista. Pode indicar <a href=\"https:\/\/www.google.com\/search?q=dermatite+al\u00e9rgica+depila\u00e7\u00e3o\" target=\"_blank\" rel=\"noopener\">dermatite al\u00e9rgica<\/a> ou infec\u00e7\u00e3o.<\/dd>\n<dt><strong>Depilar durante o ciclo menstrual faz diferen\u00e7a?<\/strong><\/dt>\n<dd>Sim. Durante o per\u00edodo menstrual e pr\u00e9-menstrual, a pele fica mais sens\u00edvel, aumentando o risco de dor e irrita\u00e7\u00e3o.<\/dd>\n<dt><strong>Quem tem alergia pode depilar?<\/strong><\/dt>\n<dd>Pessoas al\u00e9rgicas devem evitar produtos perfumados e optar por m\u00e9todos hipoalerg\u00eanicos. Testar em uma pequena \u00e1rea \u00e9 recomendado.<\/dd>\n<\/dl>\n<\/section>\n<section>\n<h2>Dicas extras para deixar a pele linda e saud\u00e1vel<\/h2>\n<ul>\n<li>Mantenha a pele sempre bem hidratada, com produtos pr\u00f3prios para o seu tipo de pele.<\/li>\n<li>Beba bastante \u00e1gua para garantir a sa\u00fade da pele de dentro para fora.<\/li>\n<li>N\u00e3o esque\u00e7a do protetor solar, inclusive nos per\u00edodos sem exposi\u00e7\u00e3o direta.<\/li>\n<li>Prefira agendar sess\u00f5es de depila\u00e7\u00e3o em hor\u00e1rios mais frescos, para evitar suor excessivo no p\u00f3s-procedimento.<\/li>\n<\/ul>\n<\/section>\n<section>\n<h2>Conclus\u00e3o<\/h2>\n<p>Seguindo estes cuidados antes, durante e ap\u00f3s a depila\u00e7\u00e3o, \u00e9 poss\u00edvel ter resultados excelentes, evitando desconfortos como irrita\u00e7\u00e3o da pele, alergias e pelos encravados. Um pouco de aten\u00e7\u00e3o e carinho com sua pele faz toda a diferen\u00e7a para manter a beleza, maciez e autoestima l\u00e1 no alto!<\/p>\n<p>Se tiver d\u00favidas espec\u00edficas ou apresentar rea\u00e7\u00f5es fora do comum, n\u00e3o hesite em procurar um (a) dermatologista para orienta\u00e7\u00e3o personalizada.<\/p>\n<\/section>\n<footer>\n<p><strong>Palavras-chave:<\/strong> cuidados p\u00f3s-depila\u00e7\u00e3o, alergia na pele, irrita\u00e7\u00e3o depila\u00e7\u00e3o, hidrata\u00e7\u00e3o p\u00f3s depila\u00e7\u00e3o, m\u00e9todos depilat\u00f3rios, pele saud\u00e1vel.<\/p>\n<\/footer>\n<\/article>\n","protected":false},"excerpt":{"rendered":"<p>Cuidados Essenciais para Evitar Irrita\u00e7\u00f5es e Alergias na Pele ap\u00f3s a Depila\u00e7\u00e3o Por que \u00e9 importante cuidar da pele ap\u00f3s a depila\u00e7\u00e3o? A depila\u00e7\u00e3o \u00e9 um procedimento muito procurado para manter a pele lisinha e livre de pelos. No entanto, sem os cuidados corretos, \u00e9 comum surgir vermelhid\u00e3o, irrita\u00e7\u00e3o e at\u00e9 alergias ap\u00f3s o processo. &hellip;<\/p>\n<p class=\"read-more\"> <a class=\"\" href=\"https:\/\/fernandadepilacao.com.br\/portal\/2026\/03\/cuidados-essenciais-prevenir-irritacoes-alergias-pele-pos-depilacao\/\"> <span class=\"screen-reader-text\">Cuidados Essenciais para Prevenir Irrita\u00e7\u00f5es e Alergias na Pele ap\u00f3s Depila\u00e7\u00e3o<\/span> Leia mais &raquo;<\/a><\/p>\n","protected":false},"author":1,"featured_media":1355,"comment_status":"open","ping_status":"open","sticky":false,"template":"","format":"standard","meta":[],"categories":[1],"tags":[],"yoast_head":"<!-- This site is optimized with the Yoast SEO plugin v18.4.1 - https:\/\/yoast.com\/wordpress\/plugins\/seo\/ -->\n<title>Cuidados Essenciais para Prevenir Irrita\u00e7\u00f5es e Alergias na Pele ap\u00f3s Depila\u00e7\u00e3o - Fernanda Depila\u00e7\u00e3o<\/title>\n<meta name=\"robots\" content=\"index, follow, max-snippet:-1, max-image-preview:large, max-video-preview:-1\" \/>\n<link rel=\"canonical\" href=\"https:\/\/fernandadepilacao.com.br\/portal\/2026\/03\/cuidados-essenciais-prevenir-irritacoes-alergias-pele-pos-depilacao\/\" \/>\n<meta property=\"og:locale\" content=\"pt_BR\" \/>\n<meta property=\"og:type\" content=\"article\" \/>\n<meta property=\"og:title\" content=\"Cuidados Essenciais para Prevenir Irrita\u00e7\u00f5es e Alergias na Pele ap\u00f3s Depila\u00e7\u00e3o - Fernanda Depila\u00e7\u00e3o\" \/>\n<meta property=\"og:description\" content=\"Cuidados Essenciais para Evitar Irrita\u00e7\u00f5es e Alergias na Pele ap\u00f3s a Depila\u00e7\u00e3o Por que \u00e9 importante cuidar da pele ap\u00f3s a depila\u00e7\u00e3o? A depila\u00e7\u00e3o \u00e9 um procedimento muito procurado para manter a pele lisinha e livre de pelos. No entanto, sem os cuidados corretos, \u00e9 comum surgir vermelhid\u00e3o, irrita\u00e7\u00e3o e at\u00e9 alergias ap\u00f3s o processo. &hellip; Cuidados Essenciais para Prevenir Irrita\u00e7\u00f5es e Alergias na Pele ap\u00f3s Depila\u00e7\u00e3o Leia mais &raquo;\" \/>\n<meta property=\"og:url\" content=\"https:\/\/fernandadepilacao.com.br\/portal\/2026\/03\/cuidados-essenciais-prevenir-irritacoes-alergias-pele-pos-depilacao\/\" \/>\n<meta property=\"og:site_name\" content=\"Fernanda Depila\u00e7\u00e3o\" \/>\n<meta property=\"article:publisher\" content=\"https:\/\/www.facebook.com\/ferjobdepilacao\" \/>\n<meta property=\"article:published_time\" content=\"2026-03-03T03:01:56+00:00\" \/>\n<meta property=\"article:modified_time\" content=\"2026-03-03T03:01:57+00:00\" \/>\n<meta name=\"twitter:card\" content=\"summary_large_image\" \/>\n<meta name=\"twitter:label1\" content=\"Escrito por\" \/>\n\t<meta name=\"twitter:data1\" content=\"fernandajob\" \/>\n\t<meta name=\"twitter:label2\" content=\"Est. tempo de leitura\" \/>\n\t<meta name=\"twitter:data2\" content=\"4 minutos\" \/>\n<script type=\"application\/ld+json\" class=\"yoast-schema-graph\">{\"@context\":\"https:\/\/schema.org\",\"@graph\":[{\"@type\":\"Organization\",\"@id\":\"https:\/\/fernandadepilacao.com.br\/portal\/#organization\",\"name\":\"Fernanda Depila\u00e7\u00e3o\",\"url\":\"https:\/\/fernandadepilacao.com.br\/portal\/\",\"sameAs\":[\"https:\/\/www.facebook.com\/ferjobdepilacao\",\"http:\/\/instagram.com\/fernanda_job\"],\"logo\":{\"@type\":\"ImageObject\",\"@id\":\"https:\/\/fernandadepilacao.com.br\/portal\/#logo\",\"inLanguage\":\"pt-BR\",\"url\":\"http:\/\/fernandadepilacao.com.br\/portal\/wp-content\/uploads\/2021\/03\/logo_fernanda.png\",\"contentUrl\":\"http:\/\/fernandadepilacao.com.br\/portal\/wp-content\/uploads\/2021\/03\/logo_fernanda.png\",\"width\":673,\"height\":688,\"caption\":\"Fernanda Depila\u00e7\u00e3o\"},\"image\":{\"@id\":\"https:\/\/fernandadepilacao.com.br\/portal\/#logo\"}},{\"@type\":\"WebSite\",\"@id\":\"https:\/\/fernandadepilacao.com.br\/portal\/#website\",\"url\":\"https:\/\/fernandadepilacao.com.br\/portal\/\",\"name\":\"Fernanda Depila\u00e7\u00e3o\",\"description\":\"\",\"publisher\":{\"@id\":\"https:\/\/fernandadepilacao.com.br\/portal\/#organization\"},\"potentialAction\":[{\"@type\":\"SearchAction\",\"target\":{\"@type\":\"EntryPoint\",\"urlTemplate\":\"https:\/\/fernandadepilacao.com.br\/portal\/?s={search_term_string}\"},\"query-input\":\"required name=search_term_string\"}],\"inLanguage\":\"pt-BR\"},{\"@type\":\"ImageObject\",\"@id\":\"https:\/\/fernandadepilacao.com.br\/portal\/2026\/03\/cuidados-essenciais-prevenir-irritacoes-alergias-pele-pos-depilacao\/#primaryimage\",\"inLanguage\":\"pt-BR\",\"url\":\"https:\/\/fernandadepilacao.com.br\/portal\/wp-content\/uploads\/2026\/03\/20260303000153.png\",\"contentUrl\":\"https:\/\/fernandadepilacao.com.br\/portal\/wp-content\/uploads\/2026\/03\/20260303000153.png\",\"width\":500,\"height\":500},{\"@type\":\"WebPage\",\"@id\":\"https:\/\/fernandadepilacao.com.br\/portal\/2026\/03\/cuidados-essenciais-prevenir-irritacoes-alergias-pele-pos-depilacao\/#webpage\",\"url\":\"https:\/\/fernandadepilacao.com.br\/portal\/2026\/03\/cuidados-essenciais-prevenir-irritacoes-alergias-pele-pos-depilacao\/\",\"name\":\"Cuidados Essenciais para Prevenir Irrita\u00e7\u00f5es e Alergias na Pele ap\u00f3s Depila\u00e7\u00e3o - Fernanda Depila\u00e7\u00e3o\",\"isPartOf\":{\"@id\":\"https:\/\/fernandadepilacao.com.br\/portal\/#website\"},\"primaryImageOfPage\":{\"@id\":\"https:\/\/fernandadepilacao.com.br\/portal\/2026\/03\/cuidados-essenciais-prevenir-irritacoes-alergias-pele-pos-depilacao\/#primaryimage\"},\"datePublished\":\"2026-03-03T03:01:56+00:00\",\"dateModified\":\"2026-03-03T03:01:57+00:00\",\"breadcrumb\":{\"@id\":\"https:\/\/fernandadepilacao.com.br\/portal\/2026\/03\/cuidados-essenciais-prevenir-irritacoes-alergias-pele-pos-depilacao\/#breadcrumb\"},\"inLanguage\":\"pt-BR\",\"potentialAction\":[{\"@type\":\"ReadAction\",\"target\":[\"https:\/\/fernandadepilacao.com.br\/portal\/2026\/03\/cuidados-essenciais-prevenir-irritacoes-alergias-pele-pos-depilacao\/\"]}]},{\"@type\":\"BreadcrumbList\",\"@id\":\"https:\/\/fernandadepilacao.com.br\/portal\/2026\/03\/cuidados-essenciais-prevenir-irritacoes-alergias-pele-pos-depilacao\/#breadcrumb\",\"itemListElement\":[{\"@type\":\"ListItem\",\"position\":1,\"name\":\"In\u00edcio\",\"item\":\"http:\/\/fernandadepilacao.com.br\/portal\/\"},{\"@type\":\"ListItem\",\"position\":2,\"name\":\"Cuidados Essenciais para Prevenir Irrita\u00e7\u00f5es e Alergias na Pele ap\u00f3s Depila\u00e7\u00e3o\"}]},{\"@type\":\"Article\",\"@id\":\"https:\/\/fernandadepilacao.com.br\/portal\/2026\/03\/cuidados-essenciais-prevenir-irritacoes-alergias-pele-pos-depilacao\/#article\",\"isPartOf\":{\"@id\":\"https:\/\/fernandadepilacao.com.br\/portal\/2026\/03\/cuidados-essenciais-prevenir-irritacoes-alergias-pele-pos-depilacao\/#webpage\"},\"author\":{\"@id\":\"https:\/\/fernandadepilacao.com.br\/portal\/#\/schema\/person\/d00644c3bbfd9fd17711767a3b1abbd0\"},\"headline\":\"Cuidados Essenciais para Prevenir Irrita\u00e7\u00f5es e Alergias na Pele ap\u00f3s Depila\u00e7\u00e3o\",\"datePublished\":\"2026-03-03T03:01:56+00:00\",\"dateModified\":\"2026-03-03T03:01:57+00:00\",\"mainEntityOfPage\":{\"@id\":\"https:\/\/fernandadepilacao.com.br\/portal\/2026\/03\/cuidados-essenciais-prevenir-irritacoes-alergias-pele-pos-depilacao\/#webpage\"},\"wordCount\":817,\"commentCount\":0,\"publisher\":{\"@id\":\"https:\/\/fernandadepilacao.com.br\/portal\/#organization\"},\"image\":{\"@id\":\"https:\/\/fernandadepilacao.com.br\/portal\/2026\/03\/cuidados-essenciais-prevenir-irritacoes-alergias-pele-pos-depilacao\/#primaryimage\"},\"thumbnailUrl\":\"https:\/\/fernandadepilacao.com.br\/portal\/wp-content\/uploads\/2026\/03\/20260303000153.png\",\"inLanguage\":\"pt-BR\",\"potentialAction\":[{\"@type\":\"CommentAction\",\"name\":\"Comment\",\"target\":[\"https:\/\/fernandadepilacao.com.br\/portal\/2026\/03\/cuidados-essenciais-prevenir-irritacoes-alergias-pele-pos-depilacao\/#respond\"]}]},{\"@type\":\"Person\",\"@id\":\"https:\/\/fernandadepilacao.com.br\/portal\/#\/schema\/person\/d00644c3bbfd9fd17711767a3b1abbd0\",\"name\":\"fernandajob\",\"image\":{\"@type\":\"ImageObject\",\"@id\":\"https:\/\/fernandadepilacao.com.br\/portal\/#personlogo\",\"inLanguage\":\"pt-BR\",\"url\":\"https:\/\/secure.gravatar.com\/avatar\/6c2268a68d69a325906fbdccd74b18e6?s=96&d=mm&r=g\",\"contentUrl\":\"https:\/\/secure.gravatar.com\/avatar\/6c2268a68d69a325906fbdccd74b18e6?s=96&d=mm&r=g\",\"caption\":\"fernandajob\"},\"sameAs\":[\"http:\/\/fernandadepilacao.com.br\/portal\"]}]}<\/script>\n<!-- \/ Yoast SEO plugin. -->","yoast_head_json":{"title":"Cuidados Essenciais para Prevenir Irrita\u00e7\u00f5es e Alergias na Pele ap\u00f3s Depila\u00e7\u00e3o - Fernanda Depila\u00e7\u00e3o","robots":{"index":"index","follow":"follow","max-snippet":"max-snippet:-1","max-image-preview":"max-image-preview:large","max-video-preview":"max-video-preview:-1"},"canonical":"https:\/\/fernandadepilacao.com.br\/portal\/2026\/03\/cuidados-essenciais-prevenir-irritacoes-alergias-pele-pos-depilacao\/","og_locale":"pt_BR","og_type":"article","og_title":"Cuidados Essenciais para Prevenir Irrita\u00e7\u00f5es e Alergias na Pele ap\u00f3s Depila\u00e7\u00e3o - Fernanda Depila\u00e7\u00e3o","og_description":"Cuidados Essenciais para Evitar Irrita\u00e7\u00f5es e Alergias na Pele ap\u00f3s a Depila\u00e7\u00e3o Por que \u00e9 importante cuidar da pele ap\u00f3s a depila\u00e7\u00e3o? A depila\u00e7\u00e3o \u00e9 um procedimento muito procurado para manter a pele lisinha e livre de pelos. No entanto, sem os cuidados corretos, \u00e9 comum surgir vermelhid\u00e3o, irrita\u00e7\u00e3o e at\u00e9 alergias ap\u00f3s o processo. &hellip; Cuidados Essenciais para Prevenir Irrita\u00e7\u00f5es e Alergias na Pele ap\u00f3s Depila\u00e7\u00e3o Leia mais &raquo;","og_url":"https:\/\/fernandadepilacao.com.br\/portal\/2026\/03\/cuidados-essenciais-prevenir-irritacoes-alergias-pele-pos-depilacao\/","og_site_name":"Fernanda Depila\u00e7\u00e3o","article_publisher":"https:\/\/www.facebook.com\/ferjobdepilacao","article_published_time":"2026-03-03T03:01:56+00:00","article_modified_time":"2026-03-03T03:01:57+00:00","twitter_card":"summary_large_image","twitter_misc":{"Escrito por":"fernandajob","Est. tempo de leitura":"4 minutos"},"schema":{"@context":"https:\/\/schema.org","@graph":[{"@type":"Organization","@id":"https:\/\/fernandadepilacao.com.br\/portal\/#organization","name":"Fernanda Depila\u00e7\u00e3o","url":"https:\/\/fernandadepilacao.com.br\/portal\/","sameAs":["https:\/\/www.facebook.com\/ferjobdepilacao","http:\/\/instagram.com\/fernanda_job"],"logo":{"@type":"ImageObject","@id":"https:\/\/fernandadepilacao.com.br\/portal\/#logo","inLanguage":"pt-BR","url":"http:\/\/fernandadepilacao.com.br\/portal\/wp-content\/uploads\/2021\/03\/logo_fernanda.png","contentUrl":"http:\/\/fernandadepilacao.com.br\/portal\/wp-content\/uploads\/2021\/03\/logo_fernanda.png","width":673,"height":688,"caption":"Fernanda Depila\u00e7\u00e3o"},"image":{"@id":"https:\/\/fernandadepilacao.com.br\/portal\/#logo"}},{"@type":"WebSite","@id":"https:\/\/fernandadepilacao.com.br\/portal\/#website","url":"https:\/\/fernandadepilacao.com.br\/portal\/","name":"Fernanda Depila\u00e7\u00e3o","description":"","publisher":{"@id":"https:\/\/fernandadepilacao.com.br\/portal\/#organization"},"potentialAction":[{"@type":"SearchAction","target":{"@type":"EntryPoint","urlTemplate":"https:\/\/fernandadepilacao.com.br\/portal\/?s={search_term_string}"},"query-input":"required name=search_term_string"}],"inLanguage":"pt-BR"},{"@type":"ImageObject","@id":"https:\/\/fernandadepilacao.com.br\/portal\/2026\/03\/cuidados-essenciais-prevenir-irritacoes-alergias-pele-pos-depilacao\/#primaryimage","inLanguage":"pt-BR","url":"https:\/\/fernandadepilacao.com.br\/portal\/wp-content\/uploads\/2026\/03\/20260303000153.png","contentUrl":"https:\/\/fernandadepilacao.com.br\/portal\/wp-content\/uploads\/2026\/03\/20260303000153.png","width":500,"height":500},{"@type":"WebPage","@id":"https:\/\/fernandadepilacao.com.br\/portal\/2026\/03\/cuidados-essenciais-prevenir-irritacoes-alergias-pele-pos-depilacao\/#webpage","url":"https:\/\/fernandadepilacao.com.br\/portal\/2026\/03\/cuidados-essenciais-prevenir-irritacoes-alergias-pele-pos-depilacao\/","name":"Cuidados Essenciais para Prevenir Irrita\u00e7\u00f5es e Alergias na Pele ap\u00f3s Depila\u00e7\u00e3o - Fernanda Depila\u00e7\u00e3o","isPartOf":{"@id":"https:\/\/fernandadepilacao.com.br\/portal\/#website"},"primaryImageOfPage":{"@id":"https:\/\/fernandadepilacao.com.br\/portal\/2026\/03\/cuidados-essenciais-prevenir-irritacoes-alergias-pele-pos-depilacao\/#primaryimage"},"datePublished":"2026-03-03T03:01:56+00:00","dateModified":"2026-03-03T03:01:57+00:00","breadcrumb":{"@id":"https:\/\/fernandadepilacao.com.br\/portal\/2026\/03\/cuidados-essenciais-prevenir-irritacoes-alergias-pele-pos-depilacao\/#breadcrumb"},"inLanguage":"pt-BR","potentialAction":[{"@type":"ReadAction","target":["https:\/\/fernandadepilacao.com.br\/portal\/2026\/03\/cuidados-essenciais-prevenir-irritacoes-alergias-pele-pos-depilacao\/"]}]},{"@type":"BreadcrumbList","@id":"https:\/\/fernandadepilacao.com.br\/portal\/2026\/03\/cuidados-essenciais-prevenir-irritacoes-alergias-pele-pos-depilacao\/#breadcrumb","itemListElement":[{"@type":"ListItem","position":1,"name":"In\u00edcio","item":"http:\/\/fernandadepilacao.com.br\/portal\/"},{"@type":"ListItem","position":2,"name":"Cuidados Essenciais para Prevenir Irrita\u00e7\u00f5es e Alergias na Pele ap\u00f3s Depila\u00e7\u00e3o"}]},{"@type":"Article","@id":"https:\/\/fernandadepilacao.com.br\/portal\/2026\/03\/cuidados-essenciais-prevenir-irritacoes-alergias-pele-pos-depilacao\/#article","isPartOf":{"@id":"https:\/\/fernandadepilacao.com.br\/portal\/2026\/03\/cuidados-essenciais-prevenir-irritacoes-alergias-pele-pos-depilacao\/#webpage"},"author":{"@id":"https:\/\/fernandadepilacao.com.br\/portal\/#\/schema\/person\/d00644c3bbfd9fd17711767a3b1abbd0"},"headline":"Cuidados Essenciais para Prevenir Irrita\u00e7\u00f5es e Alergias na Pele ap\u00f3s Depila\u00e7\u00e3o","datePublished":"2026-03-03T03:01:56+00:00","dateModified":"2026-03-03T03:01:57+00:00","mainEntityOfPage":{"@id":"https:\/\/fernandadepilacao.com.br\/portal\/2026\/03\/cuidados-essenciais-prevenir-irritacoes-alergias-pele-pos-depilacao\/#webpage"},"wordCount":817,"commentCount":0,"publisher":{"@id":"https:\/\/fernandadepilacao.com.br\/portal\/#organization"},"image":{"@id":"https:\/\/fernandadepilacao.com.br\/portal\/2026\/03\/cuidados-essenciais-prevenir-irritacoes-alergias-pele-pos-depilacao\/#primaryimage"},"thumbnailUrl":"https:\/\/fernandadepilacao.com.br\/portal\/wp-content\/uploads\/2026\/03\/20260303000153.png","inLanguage":"pt-BR","potentialAction":[{"@type":"CommentAction","name":"Comment","target":["https:\/\/fernandadepilacao.com.br\/portal\/2026\/03\/cuidados-essenciais-prevenir-irritacoes-alergias-pele-pos-depilacao\/#respond"]}]},{"@type":"Person","@id":"https:\/\/fernandadepilacao.com.br\/portal\/#\/schema\/person\/d00644c3bbfd9fd17711767a3b1abbd0","name":"fernandajob","image":{"@type":"ImageObject","@id":"https:\/\/fernandadepilacao.com.br\/portal\/#personlogo","inLanguage":"pt-BR","url":"https:\/\/secure.gravatar.com\/avatar\/6c2268a68d69a325906fbdccd74b18e6?s=96&d=mm&r=g","contentUrl":"https:\/\/secure.gravatar.com\/avatar\/6c2268a68d69a325906fbdccd74b18e6?s=96&d=mm&r=g","caption":"fernandajob"},"sameAs":["http:\/\/fernandadepilacao.com.br\/portal"]}]}},"uagb_featured_image_src":{"full":["https:\/\/fernandadepilacao.com.br\/portal\/wp-content\/uploads\/2026\/03\/20260303000153.png",500,500,false],"thumbnail":["https:\/\/fernandadepilacao.com.br\/portal\/wp-content\/uploads\/2026\/03\/20260303000153-150x150.png",150,150,true],"medium":["https:\/\/fernandadepilacao.com.br\/portal\/wp-content\/uploads\/2026\/03\/20260303000153-300x300.png",300,300,true],"medium_large":["https:\/\/fernandadepilacao.com.br\/portal\/wp-content\/uploads\/2026\/03\/20260303000153.png",500,500,false],"large":["https:\/\/fernandadepilacao.com.br\/portal\/wp-content\/uploads\/2026\/03\/20260303000153.png",500,500,false],"1536x1536":["https:\/\/fernandadepilacao.com.br\/portal\/wp-content\/uploads\/2026\/03\/20260303000153.png",500,500,false],"2048x2048":["https:\/\/fernandadepilacao.com.br\/portal\/wp-content\/uploads\/2026\/03\/20260303000153.png",500,500,false]},"uagb_author_info":{"display_name":"fernandajob","author_link":"https:\/\/fernandadepilacao.com.br\/portal\/author\/fernandajob\/"},"uagb_comment_info":0,"uagb_excerpt":"Cuidados Essenciais para Evitar Irrita\u00e7\u00f5es e Alergias na Pele ap\u00f3s a Depila\u00e7\u00e3o Por que \u00e9 importante cuidar da pele ap\u00f3s a depila\u00e7\u00e3o? A depila\u00e7\u00e3o \u00e9 um procedimento muito procurado para manter a pele lisinha e livre de pelos. No entanto, sem os cuidados corretos, \u00e9 comum surgir vermelhid\u00e3o, irrita\u00e7\u00e3o e at\u00e9 alergias ap\u00f3s o processo.&hellip;","_links":{"self":[{"href":"https:\/\/fernandadepilacao.com.br\/portal\/wp-json\/wp\/v2\/posts\/1356"}],"collection":[{"href":"https:\/\/fernandadepilacao.com.br\/portal\/wp-json\/wp\/v2\/posts"}],"about":[{"href":"https:\/\/fernandadepilacao.com.br\/portal\/wp-json\/wp\/v2\/types\/post"}],"author":[{"embeddable":true,"href":"https:\/\/fernandadepilacao.com.br\/portal\/wp-json\/wp\/v2\/users\/1"}],"replies":[{"embeddable":true,"href":"https:\/\/fernandadepilacao.com.br\/portal\/wp-json\/wp\/v2\/comments?post=1356"}],"version-history":[{"count":1,"href":"https:\/\/fernandadepilacao.com.br\/portal\/wp-json\/wp\/v2\/posts\/1356\/revisions"}],"predecessor-version":[{"id":1357,"href":"https:\/\/fernandadepilacao.com.br\/portal\/wp-json\/wp\/v2\/posts\/1356\/revisions\/1357"}],"wp:featuredmedia":[{"embeddable":true,"href":"https:\/\/fernandadepilacao.com.br\/portal\/wp-json\/wp\/v2\/media\/1355"}],"wp:attachment":[{"href":"https:\/\/fernandadepilacao.com.br\/portal\/wp-json\/wp\/v2\/media?parent=1356"}],"wp:term":[{"taxonomy":"category","embeddable":true,"href":"https:\/\/fernandadepilacao.com.br\/portal\/wp-json\/wp\/v2\/categories?post=1356"},{"taxonomy":"post_tag","embeddable":true,"href":"https:\/\/fernandadepilacao.com.br\/portal\/wp-json\/wp\/v2\/tags?post=1356"}],"curies":[{"name":"wp","href":"https:\/\/api.w.org\/{rel}","templated":true}]}}