{"id":1353,"date":"2026-03-02T16:01:36","date_gmt":"2026-03-02T19:01:36","guid":{"rendered":"https:\/\/fernandadepilacao.com.br\/portal\/2026\/03\/guia-completo-prevenir-foliculite-pos-depilacao\/"},"modified":"2026-03-02T16:01:37","modified_gmt":"2026-03-02T19:01:37","slug":"guia-completo-prevenir-foliculite-pos-depilacao","status":"publish","type":"post","link":"https:\/\/fernandadepilacao.com.br\/portal\/2026\/03\/guia-completo-prevenir-foliculite-pos-depilacao\/","title":{"rendered":"Guia Completo para Prevenir Foliculite Ap\u00f3s a Depila\u00e7\u00e3o"},"content":{"rendered":"<article>\n<header>\n<h1>Como Prevenir Foliculite Ap\u00f3s a Depila\u00e7\u00e3o: Dicas Profissionais para uma Pele Saud\u00e1vel<\/h1>\n<p><strong>Descubra o que \u00e9 foliculite, por que ela ocorre ap\u00f3s a depila\u00e7\u00e3o e como evit\u00e1-la com cuidados essenciais.<\/strong><\/p>\n<\/header>\n<section>\n<h2>O que \u00e9 foliculite?<\/h2>\n<p>A <strong>foliculite<\/strong> \u00e9 um processo inflamat\u00f3rio dos fol\u00edculos pilosos, aqueles &#8220;buraquinhos&#8221; microsc\u00f3picos na pele por onde nascem os pelos. Ela se manifesta como pequenas bolinhas avermelhadas, \u00e0s vezes com pus, podendo causar desconforto, coceira e at\u00e9 dor. Esse problema \u00e9 bastante comum ap\u00f3s procedimentos de <strong>depila\u00e7\u00e3o com cera<\/strong>, l\u00e2mina, depilador el\u00e9trico ou qualquer m\u00e9todo que remova o pelo pela raiz.<\/p>\n<\/section>\n<section>\n<h2>Por que a foliculite aparece ap\u00f3s a depila\u00e7\u00e3o?<\/h2>\n<p>A depila\u00e7\u00e3o, especialmente as mais agressivas (como a <strong>depila\u00e7\u00e3o com cera quente<\/strong> ou com <strong>l\u00e2mina<\/strong>), pode causar microles\u00f5es na pele e facilitar a entrada de bact\u00e9rias, principalmente as presentes na pr\u00f3pria flora da pele. Al\u00e9m disso, pelo encravado \u00e9 um dos fatores que contribuem para a obstru\u00e7\u00e3o dos fol\u00edculos e inflama\u00e7\u00e3o local. Por isso, quem tem pelos mais grossos e encaracolados tem maior propens\u00e3o \u00e0 <strong>foliculite p\u00f3s-depila\u00e7\u00e3o<\/strong>.<\/p>\n<\/section>\n<section>\n<h2>Principais fatores de risco para foliculite ap\u00f3s a depila\u00e7\u00e3o<\/h2>\n<ul>\n<li>Pele sens\u00edvel ou ressecada<\/li>\n<li>M\u00e9todo de depila\u00e7\u00e3o inadequado ao seu tipo de pele<\/li>\n<li>Falta de higiene do local e dos instrumentos utilizados<\/li>\n<li>Uso de roupas muito justas ap\u00f3s a depila\u00e7\u00e3o<\/li>\n<li>Suor excessivo e atrito constante no local depilado<\/li>\n<\/ul>\n<\/section>\n<section>\n<h2>Como prevenir a foliculite ap\u00f3s a depila\u00e7\u00e3o?<\/h2>\n<p>Aqui v\u00e3o <strong>dicas fundamentais para evitar foliculite<\/strong> e garantir uma pele lisinha e livre de inc\u00f4modos:<\/p>\n<ol>\n<li>\n        <strong>Higienize bem a pele antes da depila\u00e7\u00e3o:<\/strong><br \/>\n        <span>Use sabonete neutro ou antiss\u00e9ptico para eliminar impurezas e minimizar o risco de infec\u00e7\u00e3o.<\/span>\n      <\/li>\n<li>\n        <strong>Prefira m\u00e9todos de depila\u00e7\u00e3o adequados ao seu tipo de pele:<\/strong><br \/>\n        <span>Quem tem pele sens\u00edvel deve evitar l\u00e2minas e optar por menos agressivos, como cera vegetal ou depila\u00e7\u00e3o a laser.<\/span>\n      <\/li>\n<li>\n        <strong>Evite passar a l\u00e2mina no sentido contr\u00e1rio ao crescimento do pelo:<\/strong><br \/>\n        <span>Isso reduz as chances de encravamento e irrita\u00e7\u00e3o.<\/span>\n      <\/li>\n<li>\n        <strong>Esfolie a pele regularmente:<\/strong><br \/>\n        <span>A esfolia\u00e7\u00e3o 1 a 2 vezes por semana previne o ac\u00famulo de c\u00e9lulas mortas que facilitam o encravamento dos pelos.<\/span>\n      <\/li>\n<li>\n        <strong>Use produtos calmantes e hidratantes ap\u00f3s a depila\u00e7\u00e3o:<\/strong><br \/>\n        <span>Prefira lo\u00e7\u00f5es calmantes \u00e0 base de camomila, aloe vera ou ch\u00e1 verde.<\/span>\n      <\/li>\n<li>\n        <strong>Evite roupas apertadas ap\u00f3s o procedimento:<\/strong><br \/>\n        <span>O atrito e o calor favorecem a prolifera\u00e7\u00e3o de bact\u00e9rias. Opte por roupas leves e respir\u00e1veis por, pelo menos, 24 horas.<\/span>\n      <\/li>\n<li>\n        <strong>N\u00e3o coce ou esprema as les\u00f5es se aparecerem:<\/strong><br \/>\n        <span>Isso pode piorar o quadro e causar manchas ou cicatrizes.<\/span>\n      <\/li>\n<\/ol>\n<\/section>\n<section>\n<h2>Quando procurar um profissional?<\/h2>\n<p>Se mesmo com todos os cuidados voc\u00ea notar um aumento de les\u00f5es, presen\u00e7a de pus, dor intensa ou sintomas como febre, \u00e9 fundamental procurar um dermatologista. Em alguns casos, apenas um profissional pode indicar o <strong>tratamento para foliculite<\/strong> mais adequado.<\/p>\n<\/section>\n<section>\n<h2>Perguntas frequentes sobre foliculite e depila\u00e7\u00e3o<\/h2>\n<details>\n<summary>Foliculite \u00e9 contagiosa?<\/summary>\n<p>N\u00e3o, a foliculite causada pela depila\u00e7\u00e3o n\u00e3o \u00e9 contagiosa, mas pode ser agravada se houver infec\u00e7\u00e3o por bact\u00e9rias ou fungos.<\/p>\n<\/details>\n<details>\n<summary>Qual melhor m\u00e9todo de depila\u00e7\u00e3o para quem tem foliculite?<\/summary>\n<p>A <strong>depila\u00e7\u00e3o a laser<\/strong> costuma ser a mais indicada, pois reduz progressivamente o crescimento dos pelos e o risco de encravamento.<\/p>\n<\/details>\n<details>\n<summary>Posso depilar mesmo tendo foliculite?<\/summary>\n<p>Evite depilar a \u00e1rea inflamada. Deixe a pele se recuperar antes de realizar um novo procedimento para evitar agravamento.<\/p>\n<\/details>\n<\/section>\n<footer>\n<p><strong>Cuide da sua pele com carinho e aten\u00e7\u00e3o!<\/strong> Com as orienta\u00e7\u00f5es corretas, \u00e9 poss\u00edvel minimizar os riscos de foliculite ap\u00f3s a depila\u00e7\u00e3o e conquistar uma pele lisinha, saud\u00e1vel e bonita. Siga estas dicas sempre que for se depilar e, ao sinal de qualquer altera\u00e7\u00e3o, procure ajuda especializada.<\/p>\n<p>Continue acompanhando nosso blog para mais informa\u00e7\u00f5es sobre sa\u00fade, beleza e cuidados com a pele.<\/p>\n<\/footer>\n<\/article>\n","protected":false},"excerpt":{"rendered":"<p>Como Prevenir Foliculite Ap\u00f3s a Depila\u00e7\u00e3o: Dicas Profissionais para uma Pele Saud\u00e1vel Descubra o que \u00e9 foliculite, por que ela ocorre ap\u00f3s a depila\u00e7\u00e3o e como evit\u00e1-la com cuidados essenciais. O que \u00e9 foliculite? A foliculite \u00e9 um processo inflamat\u00f3rio dos fol\u00edculos pilosos, aqueles &#8220;buraquinhos&#8221; microsc\u00f3picos na pele por onde nascem os pelos. Ela se &hellip;<\/p>\n<p class=\"read-more\"> <a class=\"\" href=\"https:\/\/fernandadepilacao.com.br\/portal\/2026\/03\/guia-completo-prevenir-foliculite-pos-depilacao\/\"> <span class=\"screen-reader-text\">Guia Completo para Prevenir Foliculite Ap\u00f3s a Depila\u00e7\u00e3o<\/span> Leia mais &raquo;<\/a><\/p>\n","protected":false},"author":1,"featured_media":1352,"comment_status":"open","ping_status":"open","sticky":false,"template":"","format":"standard","meta":[],"categories":[1],"tags":[],"yoast_head":"<!-- This site is optimized with the Yoast SEO plugin v18.4.1 - https:\/\/yoast.com\/wordpress\/plugins\/seo\/ -->\n<title>Guia Completo para Prevenir Foliculite Ap\u00f3s a Depila\u00e7\u00e3o - Fernanda Depila\u00e7\u00e3o<\/title>\n<meta name=\"robots\" content=\"index, follow, max-snippet:-1, max-image-preview:large, max-video-preview:-1\" \/>\n<link rel=\"canonical\" href=\"https:\/\/fernandadepilacao.com.br\/portal\/2026\/03\/guia-completo-prevenir-foliculite-pos-depilacao\/\" \/>\n<meta property=\"og:locale\" content=\"pt_BR\" \/>\n<meta property=\"og:type\" content=\"article\" \/>\n<meta property=\"og:title\" content=\"Guia Completo para Prevenir Foliculite Ap\u00f3s a Depila\u00e7\u00e3o - Fernanda Depila\u00e7\u00e3o\" \/>\n<meta property=\"og:description\" content=\"Como Prevenir Foliculite Ap\u00f3s a Depila\u00e7\u00e3o: Dicas Profissionais para uma Pele Saud\u00e1vel Descubra o que \u00e9 foliculite, por que ela ocorre ap\u00f3s a depila\u00e7\u00e3o e como evit\u00e1-la com cuidados essenciais. O que \u00e9 foliculite? A foliculite \u00e9 um processo inflamat\u00f3rio dos fol\u00edculos pilosos, aqueles &#8220;buraquinhos&#8221; microsc\u00f3picos na pele por onde nascem os pelos. Ela se &hellip; Guia Completo para Prevenir Foliculite Ap\u00f3s a Depila\u00e7\u00e3o Leia mais &raquo;\" \/>\n<meta property=\"og:url\" content=\"https:\/\/fernandadepilacao.com.br\/portal\/2026\/03\/guia-completo-prevenir-foliculite-pos-depilacao\/\" \/>\n<meta property=\"og:site_name\" content=\"Fernanda Depila\u00e7\u00e3o\" \/>\n<meta property=\"article:publisher\" content=\"https:\/\/www.facebook.com\/ferjobdepilacao\" \/>\n<meta property=\"article:published_time\" content=\"2026-03-02T19:01:36+00:00\" \/>\n<meta property=\"article:modified_time\" content=\"2026-03-02T19:01:37+00:00\" \/>\n<meta name=\"twitter:card\" content=\"summary_large_image\" \/>\n<meta name=\"twitter:label1\" content=\"Escrito por\" \/>\n\t<meta name=\"twitter:data1\" content=\"fernandajob\" \/>\n\t<meta name=\"twitter:label2\" content=\"Est. tempo de leitura\" \/>\n\t<meta name=\"twitter:data2\" content=\"3 minutos\" \/>\n<script type=\"application\/ld+json\" class=\"yoast-schema-graph\">{\"@context\":\"https:\/\/schema.org\",\"@graph\":[{\"@type\":\"Organization\",\"@id\":\"https:\/\/fernandadepilacao.com.br\/portal\/#organization\",\"name\":\"Fernanda Depila\u00e7\u00e3o\",\"url\":\"https:\/\/fernandadepilacao.com.br\/portal\/\",\"sameAs\":[\"https:\/\/www.facebook.com\/ferjobdepilacao\",\"http:\/\/instagram.com\/fernanda_job\"],\"logo\":{\"@type\":\"ImageObject\",\"@id\":\"https:\/\/fernandadepilacao.com.br\/portal\/#logo\",\"inLanguage\":\"pt-BR\",\"url\":\"http:\/\/fernandadepilacao.com.br\/portal\/wp-content\/uploads\/2021\/03\/logo_fernanda.png\",\"contentUrl\":\"http:\/\/fernandadepilacao.com.br\/portal\/wp-content\/uploads\/2021\/03\/logo_fernanda.png\",\"width\":673,\"height\":688,\"caption\":\"Fernanda Depila\u00e7\u00e3o\"},\"image\":{\"@id\":\"https:\/\/fernandadepilacao.com.br\/portal\/#logo\"}},{\"@type\":\"WebSite\",\"@id\":\"https:\/\/fernandadepilacao.com.br\/portal\/#website\",\"url\":\"https:\/\/fernandadepilacao.com.br\/portal\/\",\"name\":\"Fernanda Depila\u00e7\u00e3o\",\"description\":\"\",\"publisher\":{\"@id\":\"https:\/\/fernandadepilacao.com.br\/portal\/#organization\"},\"potentialAction\":[{\"@type\":\"SearchAction\",\"target\":{\"@type\":\"EntryPoint\",\"urlTemplate\":\"https:\/\/fernandadepilacao.com.br\/portal\/?s={search_term_string}\"},\"query-input\":\"required name=search_term_string\"}],\"inLanguage\":\"pt-BR\"},{\"@type\":\"ImageObject\",\"@id\":\"https:\/\/fernandadepilacao.com.br\/portal\/2026\/03\/guia-completo-prevenir-foliculite-pos-depilacao\/#primaryimage\",\"inLanguage\":\"pt-BR\",\"url\":\"https:\/\/fernandadepilacao.com.br\/portal\/wp-content\/uploads\/2026\/03\/20260302160134.png\",\"contentUrl\":\"https:\/\/fernandadepilacao.com.br\/portal\/wp-content\/uploads\/2026\/03\/20260302160134.png\",\"width\":500,\"height\":500},{\"@type\":\"WebPage\",\"@id\":\"https:\/\/fernandadepilacao.com.br\/portal\/2026\/03\/guia-completo-prevenir-foliculite-pos-depilacao\/#webpage\",\"url\":\"https:\/\/fernandadepilacao.com.br\/portal\/2026\/03\/guia-completo-prevenir-foliculite-pos-depilacao\/\",\"name\":\"Guia Completo para Prevenir Foliculite Ap\u00f3s a Depila\u00e7\u00e3o - Fernanda Depila\u00e7\u00e3o\",\"isPartOf\":{\"@id\":\"https:\/\/fernandadepilacao.com.br\/portal\/#website\"},\"primaryImageOfPage\":{\"@id\":\"https:\/\/fernandadepilacao.com.br\/portal\/2026\/03\/guia-completo-prevenir-foliculite-pos-depilacao\/#primaryimage\"},\"datePublished\":\"2026-03-02T19:01:36+00:00\",\"dateModified\":\"2026-03-02T19:01:37+00:00\",\"breadcrumb\":{\"@id\":\"https:\/\/fernandadepilacao.com.br\/portal\/2026\/03\/guia-completo-prevenir-foliculite-pos-depilacao\/#breadcrumb\"},\"inLanguage\":\"pt-BR\",\"potentialAction\":[{\"@type\":\"ReadAction\",\"target\":[\"https:\/\/fernandadepilacao.com.br\/portal\/2026\/03\/guia-completo-prevenir-foliculite-pos-depilacao\/\"]}]},{\"@type\":\"BreadcrumbList\",\"@id\":\"https:\/\/fernandadepilacao.com.br\/portal\/2026\/03\/guia-completo-prevenir-foliculite-pos-depilacao\/#breadcrumb\",\"itemListElement\":[{\"@type\":\"ListItem\",\"position\":1,\"name\":\"In\u00edcio\",\"item\":\"http:\/\/fernandadepilacao.com.br\/portal\/\"},{\"@type\":\"ListItem\",\"position\":2,\"name\":\"Guia Completo para Prevenir Foliculite Ap\u00f3s a Depila\u00e7\u00e3o\"}]},{\"@type\":\"Article\",\"@id\":\"https:\/\/fernandadepilacao.com.br\/portal\/2026\/03\/guia-completo-prevenir-foliculite-pos-depilacao\/#article\",\"isPartOf\":{\"@id\":\"https:\/\/fernandadepilacao.com.br\/portal\/2026\/03\/guia-completo-prevenir-foliculite-pos-depilacao\/#webpage\"},\"author\":{\"@id\":\"https:\/\/fernandadepilacao.com.br\/portal\/#\/schema\/person\/d00644c3bbfd9fd17711767a3b1abbd0\"},\"headline\":\"Guia Completo para Prevenir Foliculite Ap\u00f3s a Depila\u00e7\u00e3o\",\"datePublished\":\"2026-03-02T19:01:36+00:00\",\"dateModified\":\"2026-03-02T19:01:37+00:00\",\"mainEntityOfPage\":{\"@id\":\"https:\/\/fernandadepilacao.com.br\/portal\/2026\/03\/guia-completo-prevenir-foliculite-pos-depilacao\/#webpage\"},\"wordCount\":665,\"commentCount\":0,\"publisher\":{\"@id\":\"https:\/\/fernandadepilacao.com.br\/portal\/#organization\"},\"image\":{\"@id\":\"https:\/\/fernandadepilacao.com.br\/portal\/2026\/03\/guia-completo-prevenir-foliculite-pos-depilacao\/#primaryimage\"},\"thumbnailUrl\":\"https:\/\/fernandadepilacao.com.br\/portal\/wp-content\/uploads\/2026\/03\/20260302160134.png\",\"inLanguage\":\"pt-BR\",\"potentialAction\":[{\"@type\":\"CommentAction\",\"name\":\"Comment\",\"target\":[\"https:\/\/fernandadepilacao.com.br\/portal\/2026\/03\/guia-completo-prevenir-foliculite-pos-depilacao\/#respond\"]}]},{\"@type\":\"Person\",\"@id\":\"https:\/\/fernandadepilacao.com.br\/portal\/#\/schema\/person\/d00644c3bbfd9fd17711767a3b1abbd0\",\"name\":\"fernandajob\",\"image\":{\"@type\":\"ImageObject\",\"@id\":\"https:\/\/fernandadepilacao.com.br\/portal\/#personlogo\",\"inLanguage\":\"pt-BR\",\"url\":\"https:\/\/secure.gravatar.com\/avatar\/6c2268a68d69a325906fbdccd74b18e6?s=96&d=mm&r=g\",\"contentUrl\":\"https:\/\/secure.gravatar.com\/avatar\/6c2268a68d69a325906fbdccd74b18e6?s=96&d=mm&r=g\",\"caption\":\"fernandajob\"},\"sameAs\":[\"http:\/\/fernandadepilacao.com.br\/portal\"]}]}<\/script>\n<!-- \/ Yoast SEO plugin. -->","yoast_head_json":{"title":"Guia Completo para Prevenir Foliculite Ap\u00f3s a Depila\u00e7\u00e3o - Fernanda Depila\u00e7\u00e3o","robots":{"index":"index","follow":"follow","max-snippet":"max-snippet:-1","max-image-preview":"max-image-preview:large","max-video-preview":"max-video-preview:-1"},"canonical":"https:\/\/fernandadepilacao.com.br\/portal\/2026\/03\/guia-completo-prevenir-foliculite-pos-depilacao\/","og_locale":"pt_BR","og_type":"article","og_title":"Guia Completo para Prevenir Foliculite Ap\u00f3s a Depila\u00e7\u00e3o - Fernanda Depila\u00e7\u00e3o","og_description":"Como Prevenir Foliculite Ap\u00f3s a Depila\u00e7\u00e3o: Dicas Profissionais para uma Pele Saud\u00e1vel Descubra o que \u00e9 foliculite, por que ela ocorre ap\u00f3s a depila\u00e7\u00e3o e como evit\u00e1-la com cuidados essenciais. O que \u00e9 foliculite? A foliculite \u00e9 um processo inflamat\u00f3rio dos fol\u00edculos pilosos, aqueles &#8220;buraquinhos&#8221; microsc\u00f3picos na pele por onde nascem os pelos. Ela se &hellip; Guia Completo para Prevenir Foliculite Ap\u00f3s a Depila\u00e7\u00e3o Leia mais &raquo;","og_url":"https:\/\/fernandadepilacao.com.br\/portal\/2026\/03\/guia-completo-prevenir-foliculite-pos-depilacao\/","og_site_name":"Fernanda Depila\u00e7\u00e3o","article_publisher":"https:\/\/www.facebook.com\/ferjobdepilacao","article_published_time":"2026-03-02T19:01:36+00:00","article_modified_time":"2026-03-02T19:01:37+00:00","twitter_card":"summary_large_image","twitter_misc":{"Escrito por":"fernandajob","Est. tempo de leitura":"3 minutos"},"schema":{"@context":"https:\/\/schema.org","@graph":[{"@type":"Organization","@id":"https:\/\/fernandadepilacao.com.br\/portal\/#organization","name":"Fernanda Depila\u00e7\u00e3o","url":"https:\/\/fernandadepilacao.com.br\/portal\/","sameAs":["https:\/\/www.facebook.com\/ferjobdepilacao","http:\/\/instagram.com\/fernanda_job"],"logo":{"@type":"ImageObject","@id":"https:\/\/fernandadepilacao.com.br\/portal\/#logo","inLanguage":"pt-BR","url":"http:\/\/fernandadepilacao.com.br\/portal\/wp-content\/uploads\/2021\/03\/logo_fernanda.png","contentUrl":"http:\/\/fernandadepilacao.com.br\/portal\/wp-content\/uploads\/2021\/03\/logo_fernanda.png","width":673,"height":688,"caption":"Fernanda Depila\u00e7\u00e3o"},"image":{"@id":"https:\/\/fernandadepilacao.com.br\/portal\/#logo"}},{"@type":"WebSite","@id":"https:\/\/fernandadepilacao.com.br\/portal\/#website","url":"https:\/\/fernandadepilacao.com.br\/portal\/","name":"Fernanda Depila\u00e7\u00e3o","description":"","publisher":{"@id":"https:\/\/fernandadepilacao.com.br\/portal\/#organization"},"potentialAction":[{"@type":"SearchAction","target":{"@type":"EntryPoint","urlTemplate":"https:\/\/fernandadepilacao.com.br\/portal\/?s={search_term_string}"},"query-input":"required name=search_term_string"}],"inLanguage":"pt-BR"},{"@type":"ImageObject","@id":"https:\/\/fernandadepilacao.com.br\/portal\/2026\/03\/guia-completo-prevenir-foliculite-pos-depilacao\/#primaryimage","inLanguage":"pt-BR","url":"https:\/\/fernandadepilacao.com.br\/portal\/wp-content\/uploads\/2026\/03\/20260302160134.png","contentUrl":"https:\/\/fernandadepilacao.com.br\/portal\/wp-content\/uploads\/2026\/03\/20260302160134.png","width":500,"height":500},{"@type":"WebPage","@id":"https:\/\/fernandadepilacao.com.br\/portal\/2026\/03\/guia-completo-prevenir-foliculite-pos-depilacao\/#webpage","url":"https:\/\/fernandadepilacao.com.br\/portal\/2026\/03\/guia-completo-prevenir-foliculite-pos-depilacao\/","name":"Guia Completo para Prevenir Foliculite Ap\u00f3s a Depila\u00e7\u00e3o - Fernanda Depila\u00e7\u00e3o","isPartOf":{"@id":"https:\/\/fernandadepilacao.com.br\/portal\/#website"},"primaryImageOfPage":{"@id":"https:\/\/fernandadepilacao.com.br\/portal\/2026\/03\/guia-completo-prevenir-foliculite-pos-depilacao\/#primaryimage"},"datePublished":"2026-03-02T19:01:36+00:00","dateModified":"2026-03-02T19:01:37+00:00","breadcrumb":{"@id":"https:\/\/fernandadepilacao.com.br\/portal\/2026\/03\/guia-completo-prevenir-foliculite-pos-depilacao\/#breadcrumb"},"inLanguage":"pt-BR","potentialAction":[{"@type":"ReadAction","target":["https:\/\/fernandadepilacao.com.br\/portal\/2026\/03\/guia-completo-prevenir-foliculite-pos-depilacao\/"]}]},{"@type":"BreadcrumbList","@id":"https:\/\/fernandadepilacao.com.br\/portal\/2026\/03\/guia-completo-prevenir-foliculite-pos-depilacao\/#breadcrumb","itemListElement":[{"@type":"ListItem","position":1,"name":"In\u00edcio","item":"http:\/\/fernandadepilacao.com.br\/portal\/"},{"@type":"ListItem","position":2,"name":"Guia Completo para Prevenir Foliculite Ap\u00f3s a Depila\u00e7\u00e3o"}]},{"@type":"Article","@id":"https:\/\/fernandadepilacao.com.br\/portal\/2026\/03\/guia-completo-prevenir-foliculite-pos-depilacao\/#article","isPartOf":{"@id":"https:\/\/fernandadepilacao.com.br\/portal\/2026\/03\/guia-completo-prevenir-foliculite-pos-depilacao\/#webpage"},"author":{"@id":"https:\/\/fernandadepilacao.com.br\/portal\/#\/schema\/person\/d00644c3bbfd9fd17711767a3b1abbd0"},"headline":"Guia Completo para Prevenir Foliculite Ap\u00f3s a Depila\u00e7\u00e3o","datePublished":"2026-03-02T19:01:36+00:00","dateModified":"2026-03-02T19:01:37+00:00","mainEntityOfPage":{"@id":"https:\/\/fernandadepilacao.com.br\/portal\/2026\/03\/guia-completo-prevenir-foliculite-pos-depilacao\/#webpage"},"wordCount":665,"commentCount":0,"publisher":{"@id":"https:\/\/fernandadepilacao.com.br\/portal\/#organization"},"image":{"@id":"https:\/\/fernandadepilacao.com.br\/portal\/2026\/03\/guia-completo-prevenir-foliculite-pos-depilacao\/#primaryimage"},"thumbnailUrl":"https:\/\/fernandadepilacao.com.br\/portal\/wp-content\/uploads\/2026\/03\/20260302160134.png","inLanguage":"pt-BR","potentialAction":[{"@type":"CommentAction","name":"Comment","target":["https:\/\/fernandadepilacao.com.br\/portal\/2026\/03\/guia-completo-prevenir-foliculite-pos-depilacao\/#respond"]}]},{"@type":"Person","@id":"https:\/\/fernandadepilacao.com.br\/portal\/#\/schema\/person\/d00644c3bbfd9fd17711767a3b1abbd0","name":"fernandajob","image":{"@type":"ImageObject","@id":"https:\/\/fernandadepilacao.com.br\/portal\/#personlogo","inLanguage":"pt-BR","url":"https:\/\/secure.gravatar.com\/avatar\/6c2268a68d69a325906fbdccd74b18e6?s=96&d=mm&r=g","contentUrl":"https:\/\/secure.gravatar.com\/avatar\/6c2268a68d69a325906fbdccd74b18e6?s=96&d=mm&r=g","caption":"fernandajob"},"sameAs":["http:\/\/fernandadepilacao.com.br\/portal"]}]}},"uagb_featured_image_src":{"full":["https:\/\/fernandadepilacao.com.br\/portal\/wp-content\/uploads\/2026\/03\/20260302160134.png",500,500,false],"thumbnail":["https:\/\/fernandadepilacao.com.br\/portal\/wp-content\/uploads\/2026\/03\/20260302160134-150x150.png",150,150,true],"medium":["https:\/\/fernandadepilacao.com.br\/portal\/wp-content\/uploads\/2026\/03\/20260302160134-300x300.png",300,300,true],"medium_large":["https:\/\/fernandadepilacao.com.br\/portal\/wp-content\/uploads\/2026\/03\/20260302160134.png",500,500,false],"large":["https:\/\/fernandadepilacao.com.br\/portal\/wp-content\/uploads\/2026\/03\/20260302160134.png",500,500,false],"1536x1536":["https:\/\/fernandadepilacao.com.br\/portal\/wp-content\/uploads\/2026\/03\/20260302160134.png",500,500,false],"2048x2048":["https:\/\/fernandadepilacao.com.br\/portal\/wp-content\/uploads\/2026\/03\/20260302160134.png",500,500,false]},"uagb_author_info":{"display_name":"fernandajob","author_link":"https:\/\/fernandadepilacao.com.br\/portal\/author\/fernandajob\/"},"uagb_comment_info":0,"uagb_excerpt":"Como Prevenir Foliculite Ap\u00f3s a Depila\u00e7\u00e3o: Dicas Profissionais para uma Pele Saud\u00e1vel Descubra o que \u00e9 foliculite, por que ela ocorre ap\u00f3s a depila\u00e7\u00e3o e como evit\u00e1-la com cuidados essenciais. O que \u00e9 foliculite? A foliculite \u00e9 um processo inflamat\u00f3rio dos fol\u00edculos pilosos, aqueles &#8220;buraquinhos&#8221; microsc\u00f3picos na pele por onde nascem os pelos. Ela se&hellip;","_links":{"self":[{"href":"https:\/\/fernandadepilacao.com.br\/portal\/wp-json\/wp\/v2\/posts\/1353"}],"collection":[{"href":"https:\/\/fernandadepilacao.com.br\/portal\/wp-json\/wp\/v2\/posts"}],"about":[{"href":"https:\/\/fernandadepilacao.com.br\/portal\/wp-json\/wp\/v2\/types\/post"}],"author":[{"embeddable":true,"href":"https:\/\/fernandadepilacao.com.br\/portal\/wp-json\/wp\/v2\/users\/1"}],"replies":[{"embeddable":true,"href":"https:\/\/fernandadepilacao.com.br\/portal\/wp-json\/wp\/v2\/comments?post=1353"}],"version-history":[{"count":1,"href":"https:\/\/fernandadepilacao.com.br\/portal\/wp-json\/wp\/v2\/posts\/1353\/revisions"}],"predecessor-version":[{"id":1354,"href":"https:\/\/fernandadepilacao.com.br\/portal\/wp-json\/wp\/v2\/posts\/1353\/revisions\/1354"}],"wp:featuredmedia":[{"embeddable":true,"href":"https:\/\/fernandadepilacao.com.br\/portal\/wp-json\/wp\/v2\/media\/1352"}],"wp:attachment":[{"href":"https:\/\/fernandadepilacao.com.br\/portal\/wp-json\/wp\/v2\/media?parent=1353"}],"wp:term":[{"taxonomy":"category","embeddable":true,"href":"https:\/\/fernandadepilacao.com.br\/portal\/wp-json\/wp\/v2\/categories?post=1353"},{"taxonomy":"post_tag","embeddable":true,"href":"https:\/\/fernandadepilacao.com.br\/portal\/wp-json\/wp\/v2\/tags?post=1353"}],"curies":[{"name":"wp","href":"https:\/\/api.w.org\/{rel}","templated":true}]}}