{"id":1302,"date":"2026-02-20T00:02:04","date_gmt":"2026-02-20T03:02:04","guid":{"rendered":"https:\/\/fernandadepilacao.com.br\/portal\/2026\/02\/foliculite-em-peles-negras-como-prevenir-e-cuidados-essenciais-apos-a-depilacao\/"},"modified":"2026-02-20T00:02:05","modified_gmt":"2026-02-20T03:02:05","slug":"foliculite-em-peles-negras-como-prevenir-e-cuidados-essenciais-apos-a-depilacao","status":"publish","type":"post","link":"https:\/\/fernandadepilacao.com.br\/portal\/2026\/02\/foliculite-em-peles-negras-como-prevenir-e-cuidados-essenciais-apos-a-depilacao\/","title":{"rendered":"Foliculite em Peles Negras: Como Prevenir e Cuidados Essenciais Ap\u00f3s a Depila\u00e7\u00e3o"},"content":{"rendered":"<p><!DOCTYPE html><br \/>\n<html lang=\"pt-br\"><br \/>\n<head><br \/>\n<meta charset=\"UTF-8\"><br \/>\n<meta name=\"viewport\" content=\"width=device-width, initial-scale=1.0\"><br \/>\n<title>Riscos de Foliculite e Como Evitar em Peles Negras<\/title><br \/>\n<meta name=\"description\" content=\"Aprenda como evitar a foliculite ap\u00f3s depila\u00e7\u00e3o em peles negras, cuidados essenciais, preven\u00e7\u00e3o, tratamentos e dicas de especialistas. Evite manchas e desconfortos!\"><br \/>\n<\/head><br \/>\n<body><\/p>\n<article>\n<header>\n<h1>Riscos de Foliculite e Como Evitar em Peles Negras<\/h1>\n<\/header>\n<section>\n<p>\n      A <strong>foliculite<\/strong> \u00e9 um quadro que preocupa bastante quem realiza procedimentos de <strong>depila\u00e7\u00e3o<\/strong>. Para pessoas com <strong>pele negra<\/strong>, os cuidados devem ser redobrados, j\u00e1 que esse tipo de pele costuma ser mais sens\u00edvel a inflama\u00e7\u00f5es e a desenvolver <strong>manchas escuras<\/strong> (hiperpigmenta\u00e7\u00e3o p\u00f3s-inflamat\u00f3ria). Este artigo traz informa\u00e7\u00f5es essenciais sobre os <strong>riscos de foliculite<\/strong> em peles negras e dicas valiosas de <strong>preven\u00e7\u00e3o, tratamento e cuidados no p\u00f3s-depilat\u00f3rio<\/strong>.\n    <\/p>\n<\/section>\n<section>\n<h2>O que \u00e9 foliculite?<\/h2>\n<p>\n      Foliculite \u00e9 uma <strong>infec\u00e7\u00e3o ou inflama\u00e7\u00e3o dos fol\u00edculos pilosos<\/strong>, ou seja, os &#8220;buraquinhos&#8221; de onde nascem os pelos. Ela pode aparecer como <strong>pequenas espinhas vermelhas<\/strong>, bolinhas com pus, coceira, dor e at\u00e9 manchas. Pode acontecer por atrito, suor excessivo, uso de roupas justas, mas \u00e9 muito comum ap\u00f3s m\u00e9todos de depila\u00e7\u00e3o como <strong>cera, l\u00e2mina ou cremes depilat\u00f3rios<\/strong>.\n    <\/p>\n<p>\n      A <strong>foliculite em pele negra<\/strong> merece aten\u00e7\u00e3o ainda maior, j\u00e1 que essa pele possui uma tend\u00eancia natural \u00e0 forma\u00e7\u00e3o de manchas quando ocorre qualquer tipo de inflama\u00e7\u00e3o.<\/p>\n<\/section>\n<section>\n<h2>Por que peles negras t\u00eam mais tend\u00eancia a foliculite e manchas?<\/h2>\n<ul>\n<li>\n        <strong>Pelos mais encaracolados ou curvos:<\/strong> Os pelos das peles negras costumam ser mais encravados porque tendem a crescer &#8220;curvando&#8221; para dentro da pele, provocando o chamado <strong>pseudofoliculite<\/strong> ou pelo encravado.\n      <\/li>\n<li>\n        <strong>Hiperpigmenta\u00e7\u00e3o p\u00f3s-inflamat\u00f3ria:<\/strong> Quando a pele negra inflama, ela pode responder escurecendo a regi\u00e3o, formando aquelas manchas marrons ou acinzentadas.\n      <\/li>\n<li><strong>Sensibilidade:<\/strong> Embora a pele negra seja mais resistente ao sol, ela pode ser mais sens\u00edvel \u00e0 a\u00e7\u00f5es mec\u00e2nicas, como depila\u00e7\u00e3o, e produtos qu\u00edmicos intensos.<\/li>\n<\/ul>\n<\/section>\n<section>\n<h2>Riscos de foliculite ap\u00f3s a depila\u00e7\u00e3o em pele negra<\/h2>\n<p>\n    Dependendo do <strong>m\u00e9todo de depila\u00e7\u00e3o<\/strong> utilizado, os riscos de desenvolver foliculite aumentam. <strong>L\u00e2minas de barbear<\/strong> e <strong>cera<\/strong> s\u00e3o grandes causadores de microles\u00f5es e traumas na pele, facilitando o surgimento de quadros inflamat\u00f3rios. Alguns fatores de risco:\n    <\/p>\n<ul>\n<li>Barbear em sentido contr\u00e1rio ao crescimento dos pelos<\/li>\n<li>Falta de hidrata\u00e7\u00e3o e preparo da pele antes da depila\u00e7\u00e3o<\/li>\n<li>Uso de roupas apertadas logo ap\u00f3s depilar<\/li>\n<li>Pele com produ\u00e7\u00e3o acentuada de sebo, comum em algumas \u00e1reas do corpo<\/li>\n<li>Ambiente abafado e contato com suor excessivo<\/li>\n<\/ul>\n<\/section>\n<section>\n<h2>Principais formas de prevenir a foliculite em peles negras<\/h2>\n<ol>\n<li>\n        <strong>Lave e esfolie a pele antes depilar:<\/strong> Realizar uma <strong>esfolia\u00e7\u00e3o suave<\/strong> de 1 a 2 vezes por semana previne o pelo encravado, removendo c\u00e9lulas mortas e promovendo a &#8220;desobstru\u00e7\u00e3o&#8221; dos fol\u00edculos. No dia da depila\u00e7\u00e3o, lave com sabonete suave e \u00e1gua morna para dilatar os poros.\n      <\/li>\n<li>\n        <strong>Escolha o m\u00e9todo de depila\u00e7\u00e3o ideal:<\/strong> T\u00e9cnicas como <strong>depila\u00e7\u00e3o a laser<\/strong> ou com luz pulsada (sempre realizadas por profissionais experientes em pele negra!) oferecem menor risco de foliculite. Por\u00e9m, se usar cera ou l\u00e2mina, prefira os produtos de melhor qualidade e t\u00e9cnicas menos agressivas.\n      <\/li>\n<li>\n        <strong>Evite manipula\u00e7\u00e3o excessiva:<\/strong> N\u00e3o esprema, puxe ou tente &#8220;arrancar&#8221; pelos encravados em casa. Isso pode agravar a inflama\u00e7\u00e3o e gerar <strong>manchas permanentes na pele negra<\/strong>.\n      <\/li>\n<li>\n        <strong>Hidrate intensamente:<\/strong> O uso de <strong>hidratantes calmantes<\/strong> ajuda na regenera\u00e7\u00e3o, reduzindo o risco de foliculite e forma\u00e7\u00e3o de manchas. Prefira hidratantes sem \u00e1lcool e, se puder, aposte em ativos como aloe vera ou cal\u00eandula.\n      <\/li>\n<li>\n        <strong>Evite exposi\u00e7\u00e3o ao sol ap\u00f3s a depila\u00e7\u00e3o:<\/strong> A pele muito sens\u00edvel, inflamada ou machucada pela depila\u00e7\u00e3o pode manchar mais facilmente quando exposta ao sol.<\/li>\n<li><strong>Use roupas leves:<\/strong> D\u00ea prefer\u00eancia a roupas soltinhas e tecidos naturais, como algod\u00e3o, at\u00e9 48h ap\u00f3s a depila\u00e7\u00e3o.<\/li>\n<\/ol>\n<\/section>\n<section>\n<h2>Dicas r\u00e1pidas de cuidados p\u00f3s-depila\u00e7\u00e3o para peles negras<\/h2>\n<ul>\n<li>Lave com sabonetes neutros e evite buchas ou esponjas \u00e1speras<\/li>\n<li>Se aparecer foliculite, use compressas frias ou lo\u00e7\u00f5es calmantes<\/li>\n<li>Nunca use produtos com \u00e1lcool, perfume ou esfoliantes logo ap\u00f3s depilar<\/li>\n<li>Caso surja pus, dor ou manchas persistentes, procure um dermatologista<\/li>\n<\/ul>\n<\/section>\n<section>\n<h2>Quando procurar um dermatologista?<\/h2>\n<p>\n    Se a foliculite se repetir com frequ\u00eancia, apresentar <strong>quadro infeccioso<\/strong> (com pus, vermelhid\u00e3o intensa, dor forte), ou se surgirem <strong>manchas escuras que n\u00e3o desaparecem<\/strong>, \u00e9 indispens\u00e1vel consultar um profissional da sa\u00fade da pele. Tratamentos com antibi\u00f3ticos t\u00f3picos, clareadores espec\u00edficos para peles negras e orienta\u00e7\u00e3o adequada fazem toda diferen\u00e7a para evitar cicatrizes e preservar a <strong>sa\u00fade e beleza da sua pele<\/strong>.\n    <\/p>\n<\/section>\n<section>\n<h2>Conclus\u00e3o<\/h2>\n<p>\n      <strong>Evitar a foliculite em peles negras requer aten\u00e7\u00e3o especial<\/strong> em todas as etapas do autocuidado. A escolha do <strong>m\u00e9todo de depila\u00e7\u00e3o<\/strong> correto, a prepara\u00e7\u00e3o da pele e os cuidados p\u00f3s-depilat\u00f3rios s\u00e3o fundamentais para minimizar riscos, evitar manchas e garantir uma pele saud\u00e1vel e bonita por mais tempo. Invista em produtos adequados, siga as dicas e conte sempre com profissionais experientes para tirar d\u00favidas e orientar as melhores pr\u00e1ticas para o seu tipo de pele.\n    <\/p>\n<\/section>\n<footer>\n<p>\n      <strong>Palavras-chave:<\/strong> foliculite, foliculite em pele negra, depila\u00e7\u00e3o pele negra, manchas pele negra, preven\u00e7\u00e3o foliculite, cuidados p\u00f3s-depila\u00e7\u00e3o, pele negra, hidrata\u00e7\u00e3o, dermatologista.\n    <\/p>\n<\/footer>\n<\/article>\n<p><\/body><br \/>\n<\/html><\/p>\n","protected":false},"excerpt":{"rendered":"<p>Riscos de Foliculite e Como Evitar em Peles Negras Riscos de Foliculite e Como Evitar em Peles Negras A foliculite \u00e9 um quadro que preocupa bastante quem realiza procedimentos de depila\u00e7\u00e3o. Para pessoas com pele negra, os cuidados devem ser redobrados, j\u00e1 que esse tipo de pele costuma ser mais sens\u00edvel a inflama\u00e7\u00f5es e a &hellip;<\/p>\n<p class=\"read-more\"> <a class=\"\" href=\"https:\/\/fernandadepilacao.com.br\/portal\/2026\/02\/foliculite-em-peles-negras-como-prevenir-e-cuidados-essenciais-apos-a-depilacao\/\"> <span class=\"screen-reader-text\">Foliculite em Peles Negras: Como Prevenir e Cuidados Essenciais Ap\u00f3s a Depila\u00e7\u00e3o<\/span> Leia mais &raquo;<\/a><\/p>\n","protected":false},"author":1,"featured_media":1301,"comment_status":"open","ping_status":"open","sticky":false,"template":"","format":"standard","meta":[],"categories":[1],"tags":[],"yoast_head":"<!-- This site is optimized with the Yoast SEO plugin v18.4.1 - https:\/\/yoast.com\/wordpress\/plugins\/seo\/ -->\n<title>Foliculite em Peles Negras: Como Prevenir e Cuidados Essenciais Ap\u00f3s a Depila\u00e7\u00e3o - Fernanda Depila\u00e7\u00e3o<\/title>\n<meta name=\"robots\" content=\"index, follow, max-snippet:-1, max-image-preview:large, max-video-preview:-1\" \/>\n<link rel=\"canonical\" href=\"https:\/\/fernandadepilacao.com.br\/portal\/2026\/02\/foliculite-em-peles-negras-como-prevenir-e-cuidados-essenciais-apos-a-depilacao\/\" \/>\n<meta property=\"og:locale\" content=\"pt_BR\" \/>\n<meta property=\"og:type\" content=\"article\" \/>\n<meta property=\"og:title\" content=\"Foliculite em Peles Negras: Como Prevenir e Cuidados Essenciais Ap\u00f3s a Depila\u00e7\u00e3o - Fernanda Depila\u00e7\u00e3o\" \/>\n<meta property=\"og:description\" content=\"Riscos de Foliculite e Como Evitar em Peles Negras Riscos de Foliculite e Como Evitar em Peles Negras A foliculite \u00e9 um quadro que preocupa bastante quem realiza procedimentos de depila\u00e7\u00e3o. Para pessoas com pele negra, os cuidados devem ser redobrados, j\u00e1 que esse tipo de pele costuma ser mais sens\u00edvel a inflama\u00e7\u00f5es e a &hellip; Foliculite em Peles Negras: Como Prevenir e Cuidados Essenciais Ap\u00f3s a Depila\u00e7\u00e3o Leia mais &raquo;\" \/>\n<meta property=\"og:url\" content=\"https:\/\/fernandadepilacao.com.br\/portal\/2026\/02\/foliculite-em-peles-negras-como-prevenir-e-cuidados-essenciais-apos-a-depilacao\/\" \/>\n<meta property=\"og:site_name\" content=\"Fernanda Depila\u00e7\u00e3o\" \/>\n<meta property=\"article:publisher\" content=\"https:\/\/www.facebook.com\/ferjobdepilacao\" \/>\n<meta property=\"article:published_time\" content=\"2026-02-20T03:02:04+00:00\" \/>\n<meta property=\"article:modified_time\" content=\"2026-02-20T03:02:05+00:00\" \/>\n<meta name=\"twitter:card\" content=\"summary_large_image\" \/>\n<meta name=\"twitter:label1\" content=\"Escrito por\" \/>\n\t<meta name=\"twitter:data1\" content=\"fernandajob\" \/>\n\t<meta name=\"twitter:label2\" content=\"Est. tempo de leitura\" \/>\n\t<meta name=\"twitter:data2\" content=\"4 minutos\" \/>\n<script type=\"application\/ld+json\" class=\"yoast-schema-graph\">{\"@context\":\"https:\/\/schema.org\",\"@graph\":[{\"@type\":\"Organization\",\"@id\":\"https:\/\/fernandadepilacao.com.br\/portal\/#organization\",\"name\":\"Fernanda Depila\u00e7\u00e3o\",\"url\":\"https:\/\/fernandadepilacao.com.br\/portal\/\",\"sameAs\":[\"https:\/\/www.facebook.com\/ferjobdepilacao\",\"http:\/\/instagram.com\/fernanda_job\"],\"logo\":{\"@type\":\"ImageObject\",\"@id\":\"https:\/\/fernandadepilacao.com.br\/portal\/#logo\",\"inLanguage\":\"pt-BR\",\"url\":\"http:\/\/fernandadepilacao.com.br\/portal\/wp-content\/uploads\/2021\/03\/logo_fernanda.png\",\"contentUrl\":\"http:\/\/fernandadepilacao.com.br\/portal\/wp-content\/uploads\/2021\/03\/logo_fernanda.png\",\"width\":673,\"height\":688,\"caption\":\"Fernanda Depila\u00e7\u00e3o\"},\"image\":{\"@id\":\"https:\/\/fernandadepilacao.com.br\/portal\/#logo\"}},{\"@type\":\"WebSite\",\"@id\":\"https:\/\/fernandadepilacao.com.br\/portal\/#website\",\"url\":\"https:\/\/fernandadepilacao.com.br\/portal\/\",\"name\":\"Fernanda Depila\u00e7\u00e3o\",\"description\":\"\",\"publisher\":{\"@id\":\"https:\/\/fernandadepilacao.com.br\/portal\/#organization\"},\"potentialAction\":[{\"@type\":\"SearchAction\",\"target\":{\"@type\":\"EntryPoint\",\"urlTemplate\":\"https:\/\/fernandadepilacao.com.br\/portal\/?s={search_term_string}\"},\"query-input\":\"required name=search_term_string\"}],\"inLanguage\":\"pt-BR\"},{\"@type\":\"ImageObject\",\"@id\":\"https:\/\/fernandadepilacao.com.br\/portal\/2026\/02\/foliculite-em-peles-negras-como-prevenir-e-cuidados-essenciais-apos-a-depilacao\/#primaryimage\",\"inLanguage\":\"pt-BR\",\"url\":\"https:\/\/fernandadepilacao.com.br\/portal\/wp-content\/uploads\/2026\/02\/20260220000202.png\",\"contentUrl\":\"https:\/\/fernandadepilacao.com.br\/portal\/wp-content\/uploads\/2026\/02\/20260220000202.png\",\"width\":500,\"height\":500},{\"@type\":\"WebPage\",\"@id\":\"https:\/\/fernandadepilacao.com.br\/portal\/2026\/02\/foliculite-em-peles-negras-como-prevenir-e-cuidados-essenciais-apos-a-depilacao\/#webpage\",\"url\":\"https:\/\/fernandadepilacao.com.br\/portal\/2026\/02\/foliculite-em-peles-negras-como-prevenir-e-cuidados-essenciais-apos-a-depilacao\/\",\"name\":\"Foliculite em Peles Negras: Como Prevenir e Cuidados Essenciais Ap\u00f3s a Depila\u00e7\u00e3o - Fernanda Depila\u00e7\u00e3o\",\"isPartOf\":{\"@id\":\"https:\/\/fernandadepilacao.com.br\/portal\/#website\"},\"primaryImageOfPage\":{\"@id\":\"https:\/\/fernandadepilacao.com.br\/portal\/2026\/02\/foliculite-em-peles-negras-como-prevenir-e-cuidados-essenciais-apos-a-depilacao\/#primaryimage\"},\"datePublished\":\"2026-02-20T03:02:04+00:00\",\"dateModified\":\"2026-02-20T03:02:05+00:00\",\"breadcrumb\":{\"@id\":\"https:\/\/fernandadepilacao.com.br\/portal\/2026\/02\/foliculite-em-peles-negras-como-prevenir-e-cuidados-essenciais-apos-a-depilacao\/#breadcrumb\"},\"inLanguage\":\"pt-BR\",\"potentialAction\":[{\"@type\":\"ReadAction\",\"target\":[\"https:\/\/fernandadepilacao.com.br\/portal\/2026\/02\/foliculite-em-peles-negras-como-prevenir-e-cuidados-essenciais-apos-a-depilacao\/\"]}]},{\"@type\":\"BreadcrumbList\",\"@id\":\"https:\/\/fernandadepilacao.com.br\/portal\/2026\/02\/foliculite-em-peles-negras-como-prevenir-e-cuidados-essenciais-apos-a-depilacao\/#breadcrumb\",\"itemListElement\":[{\"@type\":\"ListItem\",\"position\":1,\"name\":\"In\u00edcio\",\"item\":\"http:\/\/fernandadepilacao.com.br\/portal\/\"},{\"@type\":\"ListItem\",\"position\":2,\"name\":\"Foliculite em Peles Negras: Como Prevenir e Cuidados Essenciais Ap\u00f3s a Depila\u00e7\u00e3o\"}]},{\"@type\":\"Article\",\"@id\":\"https:\/\/fernandadepilacao.com.br\/portal\/2026\/02\/foliculite-em-peles-negras-como-prevenir-e-cuidados-essenciais-apos-a-depilacao\/#article\",\"isPartOf\":{\"@id\":\"https:\/\/fernandadepilacao.com.br\/portal\/2026\/02\/foliculite-em-peles-negras-como-prevenir-e-cuidados-essenciais-apos-a-depilacao\/#webpage\"},\"author\":{\"@id\":\"https:\/\/fernandadepilacao.com.br\/portal\/#\/schema\/person\/d00644c3bbfd9fd17711767a3b1abbd0\"},\"headline\":\"Foliculite em Peles Negras: Como Prevenir e Cuidados Essenciais Ap\u00f3s a Depila\u00e7\u00e3o\",\"datePublished\":\"2026-02-20T03:02:04+00:00\",\"dateModified\":\"2026-02-20T03:02:05+00:00\",\"mainEntityOfPage\":{\"@id\":\"https:\/\/fernandadepilacao.com.br\/portal\/2026\/02\/foliculite-em-peles-negras-como-prevenir-e-cuidados-essenciais-apos-a-depilacao\/#webpage\"},\"wordCount\":861,\"commentCount\":0,\"publisher\":{\"@id\":\"https:\/\/fernandadepilacao.com.br\/portal\/#organization\"},\"image\":{\"@id\":\"https:\/\/fernandadepilacao.com.br\/portal\/2026\/02\/foliculite-em-peles-negras-como-prevenir-e-cuidados-essenciais-apos-a-depilacao\/#primaryimage\"},\"thumbnailUrl\":\"https:\/\/fernandadepilacao.com.br\/portal\/wp-content\/uploads\/2026\/02\/20260220000202.png\",\"inLanguage\":\"pt-BR\",\"potentialAction\":[{\"@type\":\"CommentAction\",\"name\":\"Comment\",\"target\":[\"https:\/\/fernandadepilacao.com.br\/portal\/2026\/02\/foliculite-em-peles-negras-como-prevenir-e-cuidados-essenciais-apos-a-depilacao\/#respond\"]}]},{\"@type\":\"Person\",\"@id\":\"https:\/\/fernandadepilacao.com.br\/portal\/#\/schema\/person\/d00644c3bbfd9fd17711767a3b1abbd0\",\"name\":\"fernandajob\",\"image\":{\"@type\":\"ImageObject\",\"@id\":\"https:\/\/fernandadepilacao.com.br\/portal\/#personlogo\",\"inLanguage\":\"pt-BR\",\"url\":\"https:\/\/secure.gravatar.com\/avatar\/6c2268a68d69a325906fbdccd74b18e6?s=96&d=mm&r=g\",\"contentUrl\":\"https:\/\/secure.gravatar.com\/avatar\/6c2268a68d69a325906fbdccd74b18e6?s=96&d=mm&r=g\",\"caption\":\"fernandajob\"},\"sameAs\":[\"http:\/\/fernandadepilacao.com.br\/portal\"]}]}<\/script>\n<!-- \/ Yoast SEO plugin. -->","yoast_head_json":{"title":"Foliculite em Peles Negras: Como Prevenir e Cuidados Essenciais Ap\u00f3s a Depila\u00e7\u00e3o - Fernanda Depila\u00e7\u00e3o","robots":{"index":"index","follow":"follow","max-snippet":"max-snippet:-1","max-image-preview":"max-image-preview:large","max-video-preview":"max-video-preview:-1"},"canonical":"https:\/\/fernandadepilacao.com.br\/portal\/2026\/02\/foliculite-em-peles-negras-como-prevenir-e-cuidados-essenciais-apos-a-depilacao\/","og_locale":"pt_BR","og_type":"article","og_title":"Foliculite em Peles Negras: Como Prevenir e Cuidados Essenciais Ap\u00f3s a Depila\u00e7\u00e3o - Fernanda Depila\u00e7\u00e3o","og_description":"Riscos de Foliculite e Como Evitar em Peles Negras Riscos de Foliculite e Como Evitar em Peles Negras A foliculite \u00e9 um quadro que preocupa bastante quem realiza procedimentos de depila\u00e7\u00e3o. Para pessoas com pele negra, os cuidados devem ser redobrados, j\u00e1 que esse tipo de pele costuma ser mais sens\u00edvel a inflama\u00e7\u00f5es e a &hellip; Foliculite em Peles Negras: Como Prevenir e Cuidados Essenciais Ap\u00f3s a Depila\u00e7\u00e3o Leia mais &raquo;","og_url":"https:\/\/fernandadepilacao.com.br\/portal\/2026\/02\/foliculite-em-peles-negras-como-prevenir-e-cuidados-essenciais-apos-a-depilacao\/","og_site_name":"Fernanda Depila\u00e7\u00e3o","article_publisher":"https:\/\/www.facebook.com\/ferjobdepilacao","article_published_time":"2026-02-20T03:02:04+00:00","article_modified_time":"2026-02-20T03:02:05+00:00","twitter_card":"summary_large_image","twitter_misc":{"Escrito por":"fernandajob","Est. tempo de leitura":"4 minutos"},"schema":{"@context":"https:\/\/schema.org","@graph":[{"@type":"Organization","@id":"https:\/\/fernandadepilacao.com.br\/portal\/#organization","name":"Fernanda Depila\u00e7\u00e3o","url":"https:\/\/fernandadepilacao.com.br\/portal\/","sameAs":["https:\/\/www.facebook.com\/ferjobdepilacao","http:\/\/instagram.com\/fernanda_job"],"logo":{"@type":"ImageObject","@id":"https:\/\/fernandadepilacao.com.br\/portal\/#logo","inLanguage":"pt-BR","url":"http:\/\/fernandadepilacao.com.br\/portal\/wp-content\/uploads\/2021\/03\/logo_fernanda.png","contentUrl":"http:\/\/fernandadepilacao.com.br\/portal\/wp-content\/uploads\/2021\/03\/logo_fernanda.png","width":673,"height":688,"caption":"Fernanda Depila\u00e7\u00e3o"},"image":{"@id":"https:\/\/fernandadepilacao.com.br\/portal\/#logo"}},{"@type":"WebSite","@id":"https:\/\/fernandadepilacao.com.br\/portal\/#website","url":"https:\/\/fernandadepilacao.com.br\/portal\/","name":"Fernanda Depila\u00e7\u00e3o","description":"","publisher":{"@id":"https:\/\/fernandadepilacao.com.br\/portal\/#organization"},"potentialAction":[{"@type":"SearchAction","target":{"@type":"EntryPoint","urlTemplate":"https:\/\/fernandadepilacao.com.br\/portal\/?s={search_term_string}"},"query-input":"required name=search_term_string"}],"inLanguage":"pt-BR"},{"@type":"ImageObject","@id":"https:\/\/fernandadepilacao.com.br\/portal\/2026\/02\/foliculite-em-peles-negras-como-prevenir-e-cuidados-essenciais-apos-a-depilacao\/#primaryimage","inLanguage":"pt-BR","url":"https:\/\/fernandadepilacao.com.br\/portal\/wp-content\/uploads\/2026\/02\/20260220000202.png","contentUrl":"https:\/\/fernandadepilacao.com.br\/portal\/wp-content\/uploads\/2026\/02\/20260220000202.png","width":500,"height":500},{"@type":"WebPage","@id":"https:\/\/fernandadepilacao.com.br\/portal\/2026\/02\/foliculite-em-peles-negras-como-prevenir-e-cuidados-essenciais-apos-a-depilacao\/#webpage","url":"https:\/\/fernandadepilacao.com.br\/portal\/2026\/02\/foliculite-em-peles-negras-como-prevenir-e-cuidados-essenciais-apos-a-depilacao\/","name":"Foliculite em Peles Negras: Como Prevenir e Cuidados Essenciais Ap\u00f3s a Depila\u00e7\u00e3o - Fernanda Depila\u00e7\u00e3o","isPartOf":{"@id":"https:\/\/fernandadepilacao.com.br\/portal\/#website"},"primaryImageOfPage":{"@id":"https:\/\/fernandadepilacao.com.br\/portal\/2026\/02\/foliculite-em-peles-negras-como-prevenir-e-cuidados-essenciais-apos-a-depilacao\/#primaryimage"},"datePublished":"2026-02-20T03:02:04+00:00","dateModified":"2026-02-20T03:02:05+00:00","breadcrumb":{"@id":"https:\/\/fernandadepilacao.com.br\/portal\/2026\/02\/foliculite-em-peles-negras-como-prevenir-e-cuidados-essenciais-apos-a-depilacao\/#breadcrumb"},"inLanguage":"pt-BR","potentialAction":[{"@type":"ReadAction","target":["https:\/\/fernandadepilacao.com.br\/portal\/2026\/02\/foliculite-em-peles-negras-como-prevenir-e-cuidados-essenciais-apos-a-depilacao\/"]}]},{"@type":"BreadcrumbList","@id":"https:\/\/fernandadepilacao.com.br\/portal\/2026\/02\/foliculite-em-peles-negras-como-prevenir-e-cuidados-essenciais-apos-a-depilacao\/#breadcrumb","itemListElement":[{"@type":"ListItem","position":1,"name":"In\u00edcio","item":"http:\/\/fernandadepilacao.com.br\/portal\/"},{"@type":"ListItem","position":2,"name":"Foliculite em Peles Negras: Como Prevenir e Cuidados Essenciais Ap\u00f3s a Depila\u00e7\u00e3o"}]},{"@type":"Article","@id":"https:\/\/fernandadepilacao.com.br\/portal\/2026\/02\/foliculite-em-peles-negras-como-prevenir-e-cuidados-essenciais-apos-a-depilacao\/#article","isPartOf":{"@id":"https:\/\/fernandadepilacao.com.br\/portal\/2026\/02\/foliculite-em-peles-negras-como-prevenir-e-cuidados-essenciais-apos-a-depilacao\/#webpage"},"author":{"@id":"https:\/\/fernandadepilacao.com.br\/portal\/#\/schema\/person\/d00644c3bbfd9fd17711767a3b1abbd0"},"headline":"Foliculite em Peles Negras: Como Prevenir e Cuidados Essenciais Ap\u00f3s a Depila\u00e7\u00e3o","datePublished":"2026-02-20T03:02:04+00:00","dateModified":"2026-02-20T03:02:05+00:00","mainEntityOfPage":{"@id":"https:\/\/fernandadepilacao.com.br\/portal\/2026\/02\/foliculite-em-peles-negras-como-prevenir-e-cuidados-essenciais-apos-a-depilacao\/#webpage"},"wordCount":861,"commentCount":0,"publisher":{"@id":"https:\/\/fernandadepilacao.com.br\/portal\/#organization"},"image":{"@id":"https:\/\/fernandadepilacao.com.br\/portal\/2026\/02\/foliculite-em-peles-negras-como-prevenir-e-cuidados-essenciais-apos-a-depilacao\/#primaryimage"},"thumbnailUrl":"https:\/\/fernandadepilacao.com.br\/portal\/wp-content\/uploads\/2026\/02\/20260220000202.png","inLanguage":"pt-BR","potentialAction":[{"@type":"CommentAction","name":"Comment","target":["https:\/\/fernandadepilacao.com.br\/portal\/2026\/02\/foliculite-em-peles-negras-como-prevenir-e-cuidados-essenciais-apos-a-depilacao\/#respond"]}]},{"@type":"Person","@id":"https:\/\/fernandadepilacao.com.br\/portal\/#\/schema\/person\/d00644c3bbfd9fd17711767a3b1abbd0","name":"fernandajob","image":{"@type":"ImageObject","@id":"https:\/\/fernandadepilacao.com.br\/portal\/#personlogo","inLanguage":"pt-BR","url":"https:\/\/secure.gravatar.com\/avatar\/6c2268a68d69a325906fbdccd74b18e6?s=96&d=mm&r=g","contentUrl":"https:\/\/secure.gravatar.com\/avatar\/6c2268a68d69a325906fbdccd74b18e6?s=96&d=mm&r=g","caption":"fernandajob"},"sameAs":["http:\/\/fernandadepilacao.com.br\/portal"]}]}},"uagb_featured_image_src":{"full":["https:\/\/fernandadepilacao.com.br\/portal\/wp-content\/uploads\/2026\/02\/20260220000202.png",500,500,false],"thumbnail":["https:\/\/fernandadepilacao.com.br\/portal\/wp-content\/uploads\/2026\/02\/20260220000202-150x150.png",150,150,true],"medium":["https:\/\/fernandadepilacao.com.br\/portal\/wp-content\/uploads\/2026\/02\/20260220000202-300x300.png",300,300,true],"medium_large":["https:\/\/fernandadepilacao.com.br\/portal\/wp-content\/uploads\/2026\/02\/20260220000202.png",500,500,false],"large":["https:\/\/fernandadepilacao.com.br\/portal\/wp-content\/uploads\/2026\/02\/20260220000202.png",500,500,false],"1536x1536":["https:\/\/fernandadepilacao.com.br\/portal\/wp-content\/uploads\/2026\/02\/20260220000202.png",500,500,false],"2048x2048":["https:\/\/fernandadepilacao.com.br\/portal\/wp-content\/uploads\/2026\/02\/20260220000202.png",500,500,false]},"uagb_author_info":{"display_name":"fernandajob","author_link":"https:\/\/fernandadepilacao.com.br\/portal\/author\/fernandajob\/"},"uagb_comment_info":0,"uagb_excerpt":"Riscos de Foliculite e Como Evitar em Peles Negras Riscos de Foliculite e Como Evitar em Peles Negras A foliculite \u00e9 um quadro que preocupa bastante quem realiza procedimentos de depila\u00e7\u00e3o. Para pessoas com pele negra, os cuidados devem ser redobrados, j\u00e1 que esse tipo de pele costuma ser mais sens\u00edvel a inflama\u00e7\u00f5es e a&hellip;","_links":{"self":[{"href":"https:\/\/fernandadepilacao.com.br\/portal\/wp-json\/wp\/v2\/posts\/1302"}],"collection":[{"href":"https:\/\/fernandadepilacao.com.br\/portal\/wp-json\/wp\/v2\/posts"}],"about":[{"href":"https:\/\/fernandadepilacao.com.br\/portal\/wp-json\/wp\/v2\/types\/post"}],"author":[{"embeddable":true,"href":"https:\/\/fernandadepilacao.com.br\/portal\/wp-json\/wp\/v2\/users\/1"}],"replies":[{"embeddable":true,"href":"https:\/\/fernandadepilacao.com.br\/portal\/wp-json\/wp\/v2\/comments?post=1302"}],"version-history":[{"count":1,"href":"https:\/\/fernandadepilacao.com.br\/portal\/wp-json\/wp\/v2\/posts\/1302\/revisions"}],"predecessor-version":[{"id":1303,"href":"https:\/\/fernandadepilacao.com.br\/portal\/wp-json\/wp\/v2\/posts\/1302\/revisions\/1303"}],"wp:featuredmedia":[{"embeddable":true,"href":"https:\/\/fernandadepilacao.com.br\/portal\/wp-json\/wp\/v2\/media\/1301"}],"wp:attachment":[{"href":"https:\/\/fernandadepilacao.com.br\/portal\/wp-json\/wp\/v2\/media?parent=1302"}],"wp:term":[{"taxonomy":"category","embeddable":true,"href":"https:\/\/fernandadepilacao.com.br\/portal\/wp-json\/wp\/v2\/categories?post=1302"},{"taxonomy":"post_tag","embeddable":true,"href":"https:\/\/fernandadepilacao.com.br\/portal\/wp-json\/wp\/v2\/tags?post=1302"}],"curies":[{"name":"wp","href":"https:\/\/api.w.org\/{rel}","templated":true}]}}