{"id":1194,"date":"2026-01-24T16:01:26","date_gmt":"2026-01-24T19:01:26","guid":{"rendered":"https:\/\/fernandadepilacao.com.br\/portal\/2026\/01\/guia-completo-indicacoes-contraindicacoes-cuidados-depilacao\/"},"modified":"2026-01-24T16:01:27","modified_gmt":"2026-01-24T19:01:27","slug":"guia-completo-indicacoes-contraindicacoes-cuidados-depilacao","status":"publish","type":"post","link":"https:\/\/fernandadepilacao.com.br\/portal\/2026\/01\/guia-completo-indicacoes-contraindicacoes-cuidados-depilacao\/","title":{"rendered":"Guia Completo: Indica\u00e7\u00f5es, Contraindica\u00e7\u00f5es e Cuidados na Depila\u00e7\u00e3o"},"content":{"rendered":"<article>\n<header>\n<h1>Indica\u00e7\u00f5es, contraindica\u00e7\u00f5es e cuidados necess\u00e1rios antes e ap\u00f3s a depila\u00e7\u00e3o<\/h1>\n<p>A depila\u00e7\u00e3o \u00e9 um dos procedimentos est\u00e9ticos mais procurados nos sal\u00f5es de beleza e cl\u00ednicas de est\u00e9tica. Seja com cera, laser, linha ou outros m\u00e9todos, a remo\u00e7\u00e3o dos pelos proporciona pele mais lisa, confort\u00e1vel e maior sensa\u00e7\u00e3o de higiene. Por\u00e9m, para garantir seguran\u00e7a e resultados duradouros, \u00e9 fundamental conhecer as indica\u00e7\u00f5es, contraindica\u00e7\u00f5es e os cuidados essenciais antes e ap\u00f3s o procedimento.<\/p>\n<\/header>\n<section>\n<h2>Principais indica\u00e7\u00f5es para a depila\u00e7\u00e3o<\/h2>\n<p>A depila\u00e7\u00e3o pode ser indicada para homens e mulheres que desejam eliminar os pelos em diferentes regi\u00f5es do corpo, como axilas, pernas, virilha, bu\u00e7o, rosto e costas. O procedimento tamb\u00e9m \u00e9 recomendado para:<\/p>\n<ul>\n<li>Redu\u00e7\u00e3o de pelos encravados (foliculite).<\/li>\n<li>Diminui\u00e7\u00e3o da transpira\u00e7\u00e3o local.<\/li>\n<li>Promo\u00e7\u00e3o da higiene e bem-estar, especialmente durante o ver\u00e3o.<\/li>\n<li>Conquistar uma pele mais lisa e macia.<\/li>\n<li>Quem busca praticidade no dia a dia.<\/li>\n<\/ul>\n<p>No caso de m\u00e9todos como a depila\u00e7\u00e3o a laser, ainda h\u00e1 a vantagem de redu\u00e7\u00e3o progressiva dos pelos, podendo torn\u00e1-los mais finos e claros com o passar das sess\u00f5es.<\/p>\n<\/section>\n<section>\n<h2>Contraindica\u00e7\u00f5es da depila\u00e7\u00e3o<\/h2>\n<p>Nem todos podem ou devem realizar qualquer m\u00e9todo de depila\u00e7\u00e3o. Algumas contraindica\u00e7\u00f5es devem ser observadas com aten\u00e7\u00e3o para preservar a sa\u00fade da pele e evitar complica\u00e7\u00f5es:<\/p>\n<ul>\n<li><strong>Les\u00f5es ativas<\/strong>: Feridas, cortes, queimaduras, infec\u00e7\u00f5es ou inflama\u00e7\u00f5es na pele impedem a depila\u00e7\u00e3o no local afetado.<\/li>\n<li><strong>Doen\u00e7as dermatol\u00f3gicas<\/strong>: Condi\u00e7\u00f5es como psor\u00edase, dermatite, eczema e herpes precisam ser tratadas antes do procedimento.<\/li>\n<li><strong>Uso de medica\u00e7\u00f5es fotossensibilizantes<\/strong>: Pessoas em tratamento com alguns antibi\u00f3ticos, isotretino\u00edna (Roacutan), \u00e1cidos ou medicamentos que deixam a pele sens\u00edvel \u00e0 luz n\u00e3o devem realizar depila\u00e7\u00e3o a laser ou com cera quente.<\/li>\n<li><strong>Gravidez<\/strong>: Embora n\u00e3o seja proibida, \u00e9 preciso conversar com o obstetra para avaliar riscos em determinados casos, especialmente em procedimentos com laser.<\/li>\n<li><strong>Varizes proeminentes<\/strong>: A depila\u00e7\u00e3o sobre veias varicosas pode aumentar o desconforto e os riscos de complica\u00e7\u00f5es.<\/li>\n<li><strong>Alergia a componentes da cera ou cremes depilat\u00f3rios<\/strong>: Sempre realize teste de sensibilidade antes da primeira aplica\u00e7\u00e3o.<\/li>\n<\/ul>\n<p>Procure um profissional qualificado para avalia\u00e7\u00e3o individual e conversar sobre o m\u00e9todo mais seguro para seu caso.<\/p>\n<\/section>\n<section>\n<h2>Cuidados necess\u00e1rios antes da depila\u00e7\u00e3o<\/h2>\n<ul>\n<li>Lave bem a \u00e1rea a ser depilada com \u00e1gua e sabonete neutro.<\/li>\n<li>Evite o uso de cremes, \u00f3leos ou lo\u00e7\u00f5es hidratantes no dia do procedimento.<\/li>\n<li>No caso da depila\u00e7\u00e3o a laser, n\u00e3o exponha a pele ao sol nos dias que antecedem a sess\u00e3o e suspenda o uso de autobronzeadores.<\/li>\n<li>Caso utilize l\u00e2mina, aguarde ao menos 10 dias para o crescimento ideal do pelo antes de depilar com cera ou laser.<\/li>\n<li>Informe ao profissional sobre alergias, doen\u00e7as de pele ou uso de medicamentos controlados.<\/li>\n<li>Hidrate a pele nos dias anteriores (exceto no dia da depila\u00e7\u00e3o), ela responde melhor ao procedimento.<\/li>\n<\/ul>\n<\/section>\n<section>\n<h2>Cuidados imediatos ap\u00f3s a depila\u00e7\u00e3o<\/h2>\n<ul>\n<li>Evite exposi\u00e7\u00e3o solar nas primeiras 48 horas ap\u00f3s o procedimento; se precisar sair, use filtro solar com alto fator de prote\u00e7\u00e3o.<\/li>\n<li>Prefira roupas leves e evite tecidos sint\u00e9ticos que abafem a pele rec\u00e9m-depilada.<\/li>\n<li>Suspender a pr\u00e1tica de atividades f\u00edsicas intensas por pelo menos 24 horas para evitar suor excessivo e irrita\u00e7\u00f5es.<\/li>\n<li>N\u00e3o esfregue ou coce a \u00e1rea depilada.<\/li>\n<li>Use lo\u00e7\u00f5es calmantes como \u00e1gua termal, compressas frias ou produtos \u00e0 base de camomila e aloe vera para aliviar a vermelhid\u00e3o.<\/li>\n<li>Evite piscinas, saunas e banhos muito quentes por 48 horas.<\/li>\n<li>Mantenha a pele hidratada a partir do segundo dia ap\u00f3s a depila\u00e7\u00e3o.<\/li>\n<\/ul>\n<p>Caso surjam sinais de alergia, irrita\u00e7\u00e3o acentuada, coceira ou bolhas, procure orienta\u00e7\u00e3o de um dermatologista ou profissional de est\u00e9tica qualificado.<\/p>\n<\/section>\n<section>\n<h2>Perguntas frequentes sobre depila\u00e7\u00e3o<\/h2>\n<dl>\n<dt><strong>Qual a melhor \u00e9poca para depilar a pele?<\/strong><\/dt>\n<dd>O ideal \u00e9 evitar depila\u00e7\u00e3o em dias que antecedem exposi\u00e7\u00e3o prolongada ao sol, viagens a praias ou piscinas. O inverno \u00e9 um per\u00edodo favor\u00e1vel, j\u00e1 que a pele fica mais protegida.<\/dd>\n<dt><strong>Depila\u00e7\u00e3o causa manchas?<\/strong><\/dt>\n<dd>Quando feita corretamente e com os cuidados necess\u00e1rios, a depila\u00e7\u00e3o n\u00e3o causa manchas. Por\u00e9m, exposi\u00e7\u00e3o solar ap\u00f3s o procedimento e atrito com roupas apertadas podem favorecer o surgimento de hiperpigmenta\u00e7\u00f5es.<\/dd>\n<dt><strong>Qual m\u00e9todo \u00e9 indicado para peles sens\u00edveis?<\/strong><\/dt>\n<dd>Peles sens\u00edveis devem optar por m\u00e9todos menos agressivos, como a depila\u00e7\u00e3o com linha ou cremes depilat\u00f3rios espec\u00edficos. A depila\u00e7\u00e3o a laser tamb\u00e9m pode ser uma op\u00e7\u00e3o sob acompanhamento profissional para evitar irrita\u00e7\u00f5es.<\/dd>\n<\/dl>\n<\/section>\n<section>\n<h2>Conclus\u00e3o<\/h2>\n<p>Adotar boas pr\u00e1ticas de <strong>depila\u00e7\u00e3o<\/strong> \u00e9 essencial para manter a sa\u00fade da sua pele, evitar alergias, irrita\u00e7\u00f5es e conquistar resultados duradouros. Respeite sempre as <strong>indica\u00e7\u00f5es<\/strong>, preste aten\u00e7\u00e3o \u00e0s <strong>contraindica\u00e7\u00f5es<\/strong> e priorize os <strong>cuidados antes e ap\u00f3s o procedimento<\/strong>. Conte sempre com profissionais qualificados, realize avalia\u00e7\u00f5es personalizadas e siga as orienta\u00e7\u00f5es para garantir conforto, suavidade e seguran\u00e7a na sua rotina de beleza.<\/p>\n<\/section>\n<\/article>\n","protected":false},"excerpt":{"rendered":"<p>Indica\u00e7\u00f5es, contraindica\u00e7\u00f5es e cuidados necess\u00e1rios antes e ap\u00f3s a depila\u00e7\u00e3o A depila\u00e7\u00e3o \u00e9 um dos procedimentos est\u00e9ticos mais procurados nos sal\u00f5es de beleza e cl\u00ednicas de est\u00e9tica. Seja com cera, laser, linha ou outros m\u00e9todos, a remo\u00e7\u00e3o dos pelos proporciona pele mais lisa, confort\u00e1vel e maior sensa\u00e7\u00e3o de higiene. Por\u00e9m, para garantir seguran\u00e7a e resultados &hellip;<\/p>\n<p class=\"read-more\"> <a class=\"\" href=\"https:\/\/fernandadepilacao.com.br\/portal\/2026\/01\/guia-completo-indicacoes-contraindicacoes-cuidados-depilacao\/\"> <span class=\"screen-reader-text\">Guia Completo: Indica\u00e7\u00f5es, Contraindica\u00e7\u00f5es e Cuidados na Depila\u00e7\u00e3o<\/span> Leia mais &raquo;<\/a><\/p>\n","protected":false},"author":1,"featured_media":1193,"comment_status":"open","ping_status":"open","sticky":false,"template":"","format":"standard","meta":[],"categories":[1],"tags":[],"yoast_head":"<!-- This site is optimized with the Yoast SEO plugin v18.4.1 - https:\/\/yoast.com\/wordpress\/plugins\/seo\/ -->\n<title>Guia Completo: Indica\u00e7\u00f5es, Contraindica\u00e7\u00f5es e Cuidados na Depila\u00e7\u00e3o - Fernanda Depila\u00e7\u00e3o<\/title>\n<meta name=\"robots\" content=\"index, follow, max-snippet:-1, max-image-preview:large, max-video-preview:-1\" \/>\n<link rel=\"canonical\" href=\"https:\/\/fernandadepilacao.com.br\/portal\/2026\/01\/guia-completo-indicacoes-contraindicacoes-cuidados-depilacao\/\" \/>\n<meta property=\"og:locale\" content=\"pt_BR\" \/>\n<meta property=\"og:type\" content=\"article\" \/>\n<meta property=\"og:title\" content=\"Guia Completo: Indica\u00e7\u00f5es, Contraindica\u00e7\u00f5es e Cuidados na Depila\u00e7\u00e3o - Fernanda Depila\u00e7\u00e3o\" \/>\n<meta property=\"og:description\" content=\"Indica\u00e7\u00f5es, contraindica\u00e7\u00f5es e cuidados necess\u00e1rios antes e ap\u00f3s a depila\u00e7\u00e3o A depila\u00e7\u00e3o \u00e9 um dos procedimentos est\u00e9ticos mais procurados nos sal\u00f5es de beleza e cl\u00ednicas de est\u00e9tica. Seja com cera, laser, linha ou outros m\u00e9todos, a remo\u00e7\u00e3o dos pelos proporciona pele mais lisa, confort\u00e1vel e maior sensa\u00e7\u00e3o de higiene. Por\u00e9m, para garantir seguran\u00e7a e resultados &hellip; Guia Completo: Indica\u00e7\u00f5es, Contraindica\u00e7\u00f5es e Cuidados na Depila\u00e7\u00e3o Leia mais &raquo;\" \/>\n<meta property=\"og:url\" content=\"https:\/\/fernandadepilacao.com.br\/portal\/2026\/01\/guia-completo-indicacoes-contraindicacoes-cuidados-depilacao\/\" \/>\n<meta property=\"og:site_name\" content=\"Fernanda Depila\u00e7\u00e3o\" \/>\n<meta property=\"article:publisher\" content=\"https:\/\/www.facebook.com\/ferjobdepilacao\" \/>\n<meta property=\"article:published_time\" content=\"2026-01-24T19:01:26+00:00\" \/>\n<meta property=\"article:modified_time\" content=\"2026-01-24T19:01:27+00:00\" \/>\n<meta name=\"twitter:card\" content=\"summary_large_image\" \/>\n<meta name=\"twitter:label1\" content=\"Escrito por\" \/>\n\t<meta name=\"twitter:data1\" content=\"fernandajob\" \/>\n\t<meta name=\"twitter:label2\" content=\"Est. tempo de leitura\" \/>\n\t<meta name=\"twitter:data2\" content=\"4 minutos\" \/>\n<script type=\"application\/ld+json\" class=\"yoast-schema-graph\">{\"@context\":\"https:\/\/schema.org\",\"@graph\":[{\"@type\":\"Organization\",\"@id\":\"https:\/\/fernandadepilacao.com.br\/portal\/#organization\",\"name\":\"Fernanda Depila\u00e7\u00e3o\",\"url\":\"https:\/\/fernandadepilacao.com.br\/portal\/\",\"sameAs\":[\"https:\/\/www.facebook.com\/ferjobdepilacao\",\"http:\/\/instagram.com\/fernanda_job\"],\"logo\":{\"@type\":\"ImageObject\",\"@id\":\"https:\/\/fernandadepilacao.com.br\/portal\/#logo\",\"inLanguage\":\"pt-BR\",\"url\":\"http:\/\/fernandadepilacao.com.br\/portal\/wp-content\/uploads\/2021\/03\/logo_fernanda.png\",\"contentUrl\":\"http:\/\/fernandadepilacao.com.br\/portal\/wp-content\/uploads\/2021\/03\/logo_fernanda.png\",\"width\":673,\"height\":688,\"caption\":\"Fernanda Depila\u00e7\u00e3o\"},\"image\":{\"@id\":\"https:\/\/fernandadepilacao.com.br\/portal\/#logo\"}},{\"@type\":\"WebSite\",\"@id\":\"https:\/\/fernandadepilacao.com.br\/portal\/#website\",\"url\":\"https:\/\/fernandadepilacao.com.br\/portal\/\",\"name\":\"Fernanda Depila\u00e7\u00e3o\",\"description\":\"\",\"publisher\":{\"@id\":\"https:\/\/fernandadepilacao.com.br\/portal\/#organization\"},\"potentialAction\":[{\"@type\":\"SearchAction\",\"target\":{\"@type\":\"EntryPoint\",\"urlTemplate\":\"https:\/\/fernandadepilacao.com.br\/portal\/?s={search_term_string}\"},\"query-input\":\"required name=search_term_string\"}],\"inLanguage\":\"pt-BR\"},{\"@type\":\"ImageObject\",\"@id\":\"https:\/\/fernandadepilacao.com.br\/portal\/2026\/01\/guia-completo-indicacoes-contraindicacoes-cuidados-depilacao\/#primaryimage\",\"inLanguage\":\"pt-BR\",\"url\":\"https:\/\/fernandadepilacao.com.br\/portal\/wp-content\/uploads\/2026\/01\/20260124160123.png\",\"contentUrl\":\"https:\/\/fernandadepilacao.com.br\/portal\/wp-content\/uploads\/2026\/01\/20260124160123.png\",\"width\":500,\"height\":500},{\"@type\":\"WebPage\",\"@id\":\"https:\/\/fernandadepilacao.com.br\/portal\/2026\/01\/guia-completo-indicacoes-contraindicacoes-cuidados-depilacao\/#webpage\",\"url\":\"https:\/\/fernandadepilacao.com.br\/portal\/2026\/01\/guia-completo-indicacoes-contraindicacoes-cuidados-depilacao\/\",\"name\":\"Guia Completo: Indica\u00e7\u00f5es, Contraindica\u00e7\u00f5es e Cuidados na Depila\u00e7\u00e3o - Fernanda Depila\u00e7\u00e3o\",\"isPartOf\":{\"@id\":\"https:\/\/fernandadepilacao.com.br\/portal\/#website\"},\"primaryImageOfPage\":{\"@id\":\"https:\/\/fernandadepilacao.com.br\/portal\/2026\/01\/guia-completo-indicacoes-contraindicacoes-cuidados-depilacao\/#primaryimage\"},\"datePublished\":\"2026-01-24T19:01:26+00:00\",\"dateModified\":\"2026-01-24T19:01:27+00:00\",\"breadcrumb\":{\"@id\":\"https:\/\/fernandadepilacao.com.br\/portal\/2026\/01\/guia-completo-indicacoes-contraindicacoes-cuidados-depilacao\/#breadcrumb\"},\"inLanguage\":\"pt-BR\",\"potentialAction\":[{\"@type\":\"ReadAction\",\"target\":[\"https:\/\/fernandadepilacao.com.br\/portal\/2026\/01\/guia-completo-indicacoes-contraindicacoes-cuidados-depilacao\/\"]}]},{\"@type\":\"BreadcrumbList\",\"@id\":\"https:\/\/fernandadepilacao.com.br\/portal\/2026\/01\/guia-completo-indicacoes-contraindicacoes-cuidados-depilacao\/#breadcrumb\",\"itemListElement\":[{\"@type\":\"ListItem\",\"position\":1,\"name\":\"In\u00edcio\",\"item\":\"http:\/\/fernandadepilacao.com.br\/portal\/\"},{\"@type\":\"ListItem\",\"position\":2,\"name\":\"Guia Completo: Indica\u00e7\u00f5es, Contraindica\u00e7\u00f5es e Cuidados na Depila\u00e7\u00e3o\"}]},{\"@type\":\"Article\",\"@id\":\"https:\/\/fernandadepilacao.com.br\/portal\/2026\/01\/guia-completo-indicacoes-contraindicacoes-cuidados-depilacao\/#article\",\"isPartOf\":{\"@id\":\"https:\/\/fernandadepilacao.com.br\/portal\/2026\/01\/guia-completo-indicacoes-contraindicacoes-cuidados-depilacao\/#webpage\"},\"author\":{\"@id\":\"https:\/\/fernandadepilacao.com.br\/portal\/#\/schema\/person\/d00644c3bbfd9fd17711767a3b1abbd0\"},\"headline\":\"Guia Completo: Indica\u00e7\u00f5es, Contraindica\u00e7\u00f5es e Cuidados na Depila\u00e7\u00e3o\",\"datePublished\":\"2026-01-24T19:01:26+00:00\",\"dateModified\":\"2026-01-24T19:01:27+00:00\",\"mainEntityOfPage\":{\"@id\":\"https:\/\/fernandadepilacao.com.br\/portal\/2026\/01\/guia-completo-indicacoes-contraindicacoes-cuidados-depilacao\/#webpage\"},\"wordCount\":865,\"commentCount\":0,\"publisher\":{\"@id\":\"https:\/\/fernandadepilacao.com.br\/portal\/#organization\"},\"image\":{\"@id\":\"https:\/\/fernandadepilacao.com.br\/portal\/2026\/01\/guia-completo-indicacoes-contraindicacoes-cuidados-depilacao\/#primaryimage\"},\"thumbnailUrl\":\"https:\/\/fernandadepilacao.com.br\/portal\/wp-content\/uploads\/2026\/01\/20260124160123.png\",\"inLanguage\":\"pt-BR\",\"potentialAction\":[{\"@type\":\"CommentAction\",\"name\":\"Comment\",\"target\":[\"https:\/\/fernandadepilacao.com.br\/portal\/2026\/01\/guia-completo-indicacoes-contraindicacoes-cuidados-depilacao\/#respond\"]}]},{\"@type\":\"Person\",\"@id\":\"https:\/\/fernandadepilacao.com.br\/portal\/#\/schema\/person\/d00644c3bbfd9fd17711767a3b1abbd0\",\"name\":\"fernandajob\",\"image\":{\"@type\":\"ImageObject\",\"@id\":\"https:\/\/fernandadepilacao.com.br\/portal\/#personlogo\",\"inLanguage\":\"pt-BR\",\"url\":\"https:\/\/secure.gravatar.com\/avatar\/6c2268a68d69a325906fbdccd74b18e6?s=96&d=mm&r=g\",\"contentUrl\":\"https:\/\/secure.gravatar.com\/avatar\/6c2268a68d69a325906fbdccd74b18e6?s=96&d=mm&r=g\",\"caption\":\"fernandajob\"},\"sameAs\":[\"http:\/\/fernandadepilacao.com.br\/portal\"]}]}<\/script>\n<!-- \/ Yoast SEO plugin. -->","yoast_head_json":{"title":"Guia Completo: Indica\u00e7\u00f5es, Contraindica\u00e7\u00f5es e Cuidados na Depila\u00e7\u00e3o - Fernanda Depila\u00e7\u00e3o","robots":{"index":"index","follow":"follow","max-snippet":"max-snippet:-1","max-image-preview":"max-image-preview:large","max-video-preview":"max-video-preview:-1"},"canonical":"https:\/\/fernandadepilacao.com.br\/portal\/2026\/01\/guia-completo-indicacoes-contraindicacoes-cuidados-depilacao\/","og_locale":"pt_BR","og_type":"article","og_title":"Guia Completo: Indica\u00e7\u00f5es, Contraindica\u00e7\u00f5es e Cuidados na Depila\u00e7\u00e3o - Fernanda Depila\u00e7\u00e3o","og_description":"Indica\u00e7\u00f5es, contraindica\u00e7\u00f5es e cuidados necess\u00e1rios antes e ap\u00f3s a depila\u00e7\u00e3o A depila\u00e7\u00e3o \u00e9 um dos procedimentos est\u00e9ticos mais procurados nos sal\u00f5es de beleza e cl\u00ednicas de est\u00e9tica. Seja com cera, laser, linha ou outros m\u00e9todos, a remo\u00e7\u00e3o dos pelos proporciona pele mais lisa, confort\u00e1vel e maior sensa\u00e7\u00e3o de higiene. Por\u00e9m, para garantir seguran\u00e7a e resultados &hellip; Guia Completo: Indica\u00e7\u00f5es, Contraindica\u00e7\u00f5es e Cuidados na Depila\u00e7\u00e3o Leia mais &raquo;","og_url":"https:\/\/fernandadepilacao.com.br\/portal\/2026\/01\/guia-completo-indicacoes-contraindicacoes-cuidados-depilacao\/","og_site_name":"Fernanda Depila\u00e7\u00e3o","article_publisher":"https:\/\/www.facebook.com\/ferjobdepilacao","article_published_time":"2026-01-24T19:01:26+00:00","article_modified_time":"2026-01-24T19:01:27+00:00","twitter_card":"summary_large_image","twitter_misc":{"Escrito por":"fernandajob","Est. tempo de leitura":"4 minutos"},"schema":{"@context":"https:\/\/schema.org","@graph":[{"@type":"Organization","@id":"https:\/\/fernandadepilacao.com.br\/portal\/#organization","name":"Fernanda Depila\u00e7\u00e3o","url":"https:\/\/fernandadepilacao.com.br\/portal\/","sameAs":["https:\/\/www.facebook.com\/ferjobdepilacao","http:\/\/instagram.com\/fernanda_job"],"logo":{"@type":"ImageObject","@id":"https:\/\/fernandadepilacao.com.br\/portal\/#logo","inLanguage":"pt-BR","url":"http:\/\/fernandadepilacao.com.br\/portal\/wp-content\/uploads\/2021\/03\/logo_fernanda.png","contentUrl":"http:\/\/fernandadepilacao.com.br\/portal\/wp-content\/uploads\/2021\/03\/logo_fernanda.png","width":673,"height":688,"caption":"Fernanda Depila\u00e7\u00e3o"},"image":{"@id":"https:\/\/fernandadepilacao.com.br\/portal\/#logo"}},{"@type":"WebSite","@id":"https:\/\/fernandadepilacao.com.br\/portal\/#website","url":"https:\/\/fernandadepilacao.com.br\/portal\/","name":"Fernanda Depila\u00e7\u00e3o","description":"","publisher":{"@id":"https:\/\/fernandadepilacao.com.br\/portal\/#organization"},"potentialAction":[{"@type":"SearchAction","target":{"@type":"EntryPoint","urlTemplate":"https:\/\/fernandadepilacao.com.br\/portal\/?s={search_term_string}"},"query-input":"required name=search_term_string"}],"inLanguage":"pt-BR"},{"@type":"ImageObject","@id":"https:\/\/fernandadepilacao.com.br\/portal\/2026\/01\/guia-completo-indicacoes-contraindicacoes-cuidados-depilacao\/#primaryimage","inLanguage":"pt-BR","url":"https:\/\/fernandadepilacao.com.br\/portal\/wp-content\/uploads\/2026\/01\/20260124160123.png","contentUrl":"https:\/\/fernandadepilacao.com.br\/portal\/wp-content\/uploads\/2026\/01\/20260124160123.png","width":500,"height":500},{"@type":"WebPage","@id":"https:\/\/fernandadepilacao.com.br\/portal\/2026\/01\/guia-completo-indicacoes-contraindicacoes-cuidados-depilacao\/#webpage","url":"https:\/\/fernandadepilacao.com.br\/portal\/2026\/01\/guia-completo-indicacoes-contraindicacoes-cuidados-depilacao\/","name":"Guia Completo: Indica\u00e7\u00f5es, Contraindica\u00e7\u00f5es e Cuidados na Depila\u00e7\u00e3o - Fernanda Depila\u00e7\u00e3o","isPartOf":{"@id":"https:\/\/fernandadepilacao.com.br\/portal\/#website"},"primaryImageOfPage":{"@id":"https:\/\/fernandadepilacao.com.br\/portal\/2026\/01\/guia-completo-indicacoes-contraindicacoes-cuidados-depilacao\/#primaryimage"},"datePublished":"2026-01-24T19:01:26+00:00","dateModified":"2026-01-24T19:01:27+00:00","breadcrumb":{"@id":"https:\/\/fernandadepilacao.com.br\/portal\/2026\/01\/guia-completo-indicacoes-contraindicacoes-cuidados-depilacao\/#breadcrumb"},"inLanguage":"pt-BR","potentialAction":[{"@type":"ReadAction","target":["https:\/\/fernandadepilacao.com.br\/portal\/2026\/01\/guia-completo-indicacoes-contraindicacoes-cuidados-depilacao\/"]}]},{"@type":"BreadcrumbList","@id":"https:\/\/fernandadepilacao.com.br\/portal\/2026\/01\/guia-completo-indicacoes-contraindicacoes-cuidados-depilacao\/#breadcrumb","itemListElement":[{"@type":"ListItem","position":1,"name":"In\u00edcio","item":"http:\/\/fernandadepilacao.com.br\/portal\/"},{"@type":"ListItem","position":2,"name":"Guia Completo: Indica\u00e7\u00f5es, Contraindica\u00e7\u00f5es e Cuidados na Depila\u00e7\u00e3o"}]},{"@type":"Article","@id":"https:\/\/fernandadepilacao.com.br\/portal\/2026\/01\/guia-completo-indicacoes-contraindicacoes-cuidados-depilacao\/#article","isPartOf":{"@id":"https:\/\/fernandadepilacao.com.br\/portal\/2026\/01\/guia-completo-indicacoes-contraindicacoes-cuidados-depilacao\/#webpage"},"author":{"@id":"https:\/\/fernandadepilacao.com.br\/portal\/#\/schema\/person\/d00644c3bbfd9fd17711767a3b1abbd0"},"headline":"Guia Completo: Indica\u00e7\u00f5es, Contraindica\u00e7\u00f5es e Cuidados na Depila\u00e7\u00e3o","datePublished":"2026-01-24T19:01:26+00:00","dateModified":"2026-01-24T19:01:27+00:00","mainEntityOfPage":{"@id":"https:\/\/fernandadepilacao.com.br\/portal\/2026\/01\/guia-completo-indicacoes-contraindicacoes-cuidados-depilacao\/#webpage"},"wordCount":865,"commentCount":0,"publisher":{"@id":"https:\/\/fernandadepilacao.com.br\/portal\/#organization"},"image":{"@id":"https:\/\/fernandadepilacao.com.br\/portal\/2026\/01\/guia-completo-indicacoes-contraindicacoes-cuidados-depilacao\/#primaryimage"},"thumbnailUrl":"https:\/\/fernandadepilacao.com.br\/portal\/wp-content\/uploads\/2026\/01\/20260124160123.png","inLanguage":"pt-BR","potentialAction":[{"@type":"CommentAction","name":"Comment","target":["https:\/\/fernandadepilacao.com.br\/portal\/2026\/01\/guia-completo-indicacoes-contraindicacoes-cuidados-depilacao\/#respond"]}]},{"@type":"Person","@id":"https:\/\/fernandadepilacao.com.br\/portal\/#\/schema\/person\/d00644c3bbfd9fd17711767a3b1abbd0","name":"fernandajob","image":{"@type":"ImageObject","@id":"https:\/\/fernandadepilacao.com.br\/portal\/#personlogo","inLanguage":"pt-BR","url":"https:\/\/secure.gravatar.com\/avatar\/6c2268a68d69a325906fbdccd74b18e6?s=96&d=mm&r=g","contentUrl":"https:\/\/secure.gravatar.com\/avatar\/6c2268a68d69a325906fbdccd74b18e6?s=96&d=mm&r=g","caption":"fernandajob"},"sameAs":["http:\/\/fernandadepilacao.com.br\/portal"]}]}},"uagb_featured_image_src":{"full":["https:\/\/fernandadepilacao.com.br\/portal\/wp-content\/uploads\/2026\/01\/20260124160123.png",500,500,false],"thumbnail":["https:\/\/fernandadepilacao.com.br\/portal\/wp-content\/uploads\/2026\/01\/20260124160123-150x150.png",150,150,true],"medium":["https:\/\/fernandadepilacao.com.br\/portal\/wp-content\/uploads\/2026\/01\/20260124160123-300x300.png",300,300,true],"medium_large":["https:\/\/fernandadepilacao.com.br\/portal\/wp-content\/uploads\/2026\/01\/20260124160123.png",500,500,false],"large":["https:\/\/fernandadepilacao.com.br\/portal\/wp-content\/uploads\/2026\/01\/20260124160123.png",500,500,false],"1536x1536":["https:\/\/fernandadepilacao.com.br\/portal\/wp-content\/uploads\/2026\/01\/20260124160123.png",500,500,false],"2048x2048":["https:\/\/fernandadepilacao.com.br\/portal\/wp-content\/uploads\/2026\/01\/20260124160123.png",500,500,false]},"uagb_author_info":{"display_name":"fernandajob","author_link":"https:\/\/fernandadepilacao.com.br\/portal\/author\/fernandajob\/"},"uagb_comment_info":0,"uagb_excerpt":"Indica\u00e7\u00f5es, contraindica\u00e7\u00f5es e cuidados necess\u00e1rios antes e ap\u00f3s a depila\u00e7\u00e3o A depila\u00e7\u00e3o \u00e9 um dos procedimentos est\u00e9ticos mais procurados nos sal\u00f5es de beleza e cl\u00ednicas de est\u00e9tica. Seja com cera, laser, linha ou outros m\u00e9todos, a remo\u00e7\u00e3o dos pelos proporciona pele mais lisa, confort\u00e1vel e maior sensa\u00e7\u00e3o de higiene. Por\u00e9m, para garantir seguran\u00e7a e resultados&hellip;","_links":{"self":[{"href":"https:\/\/fernandadepilacao.com.br\/portal\/wp-json\/wp\/v2\/posts\/1194"}],"collection":[{"href":"https:\/\/fernandadepilacao.com.br\/portal\/wp-json\/wp\/v2\/posts"}],"about":[{"href":"https:\/\/fernandadepilacao.com.br\/portal\/wp-json\/wp\/v2\/types\/post"}],"author":[{"embeddable":true,"href":"https:\/\/fernandadepilacao.com.br\/portal\/wp-json\/wp\/v2\/users\/1"}],"replies":[{"embeddable":true,"href":"https:\/\/fernandadepilacao.com.br\/portal\/wp-json\/wp\/v2\/comments?post=1194"}],"version-history":[{"count":1,"href":"https:\/\/fernandadepilacao.com.br\/portal\/wp-json\/wp\/v2\/posts\/1194\/revisions"}],"predecessor-version":[{"id":1195,"href":"https:\/\/fernandadepilacao.com.br\/portal\/wp-json\/wp\/v2\/posts\/1194\/revisions\/1195"}],"wp:featuredmedia":[{"embeddable":true,"href":"https:\/\/fernandadepilacao.com.br\/portal\/wp-json\/wp\/v2\/media\/1193"}],"wp:attachment":[{"href":"https:\/\/fernandadepilacao.com.br\/portal\/wp-json\/wp\/v2\/media?parent=1194"}],"wp:term":[{"taxonomy":"category","embeddable":true,"href":"https:\/\/fernandadepilacao.com.br\/portal\/wp-json\/wp\/v2\/categories?post=1194"},{"taxonomy":"post_tag","embeddable":true,"href":"https:\/\/fernandadepilacao.com.br\/portal\/wp-json\/wp\/v2\/tags?post=1194"}],"curies":[{"name":"wp","href":"https:\/\/api.w.org\/{rel}","templated":true}]}}