{"id":1179,"date":"2026-01-22T16:01:55","date_gmt":"2026-01-22T19:01:55","guid":{"rendered":"https:\/\/fernandadepilacao.com.br\/portal\/2026\/01\/guia-completo-prevencao-tratamento-foliculite-pelos-encravados\/"},"modified":"2026-01-22T16:01:56","modified_gmt":"2026-01-22T19:01:56","slug":"guia-completo-prevencao-tratamento-foliculite-pelos-encravados","status":"publish","type":"post","link":"https:\/\/fernandadepilacao.com.br\/portal\/2026\/01\/guia-completo-prevencao-tratamento-foliculite-pelos-encravados\/","title":{"rendered":"Guia Completo para Preven\u00e7\u00e3o e Tratamento de Foliculite e Pelos Encravados"},"content":{"rendered":"<p><!DOCTYPE html><br \/>\n<html lang=\"pt-br\"><br \/>\n<head><br \/>\n  <meta charset=\"UTF-8\"><br \/>\n  <title>Preven\u00e7\u00e3o e Tratamento de Foliculite e Pelos Encravados: Tudo o que Voc\u00ea Precisa Saber<\/title><br \/>\n  <meta name=\"description\" content=\"Aprenda como prevenir e tratar foliculite e pelos encravados com dicas de especialistas em depila\u00e7\u00e3o. Informe-se sobre causas, sintomas, tratamento e cuidados p\u00f3s-depila\u00e7\u00e3o para manter a pele lisa, saud\u00e1vel e sem manchas.\"\/><br \/>\n  <meta name=\"viewport\" content=\"width=device-width, initial-scale=1.0\"><br \/>\n  <meta name=\"keywords\" content=\"foliculite, pelos encravados, depila\u00e7\u00e3o, preven\u00e7\u00e3o de foliculite, tratamento de foliculite, sa\u00fade da pele, cuidados com a pele, depila\u00e7\u00e3o segura, manchas p\u00f3s-depila\u00e7\u00e3o, est\u00e9tica\"><br \/>\n<\/head><br \/>\n<body><\/p>\n<article>\n<header>\n<h1>Preven\u00e7\u00e3o e Tratamento de Foliculite e Pelos Encravados: Guia Completo<\/h1>\n<p><strong>Foliculite<\/strong> e <strong>pelos encravados<\/strong> s\u00e3o queixas muito comuns ap\u00f3s procedimentos de <a href=\"\/depilacao\">depila\u00e7\u00e3o<\/a> com l\u00e2mina, cera, ou mesmo aparelhos el\u00e9tricos. Saber como preveni-los e trat\u00e1-los \u00e9 fundamental para manter a pele lisa, saud\u00e1vel e livre de manchas e desconfortos. Descubra nesse artigo as melhores pr\u00e1ticas, causas e dicas essenciais para evitar esse problema e tratar caso j\u00e1 esteja acontecendo.<\/p>\n<\/header>\n<section>\n<h2>O Que \u00c9 Foliculite?<\/h2>\n<p>A foliculite \u00e9 um processo inflamat\u00f3rio que ocorre no fol\u00edculo piloso, ou seja, na &#8220;raiz&#8221; do pelo. \u00c9 frequentemente causada por bact\u00e9rias (principalmente a <em>Staphylococcus aureus<\/em>), mas tamb\u00e9m pode estar relacionada ao trauma f\u00edsico causado pela depila\u00e7\u00e3o. Quando a inflama\u00e7\u00e3o acontece, \u00e9 comum notar pequenas bolinhas vermelhas, coceira, sensa\u00e7\u00e3o de queimor, e em alguns casos, forma\u00e7\u00e3o de pus.<\/p>\n<\/section>\n<section>\n<h2>Entendendo os Pelos Encravados<\/h2>\n<p>Pelos encravados s\u00e3o aqueles que, ao inv\u00e9s de crescerem livremente pela superf\u00edcie da pele, acabam ficando presos dentro do fol\u00edculo, frequentemente devido ao ac\u00famulo de c\u00e9lulas mortas ou pelo afinamento e enfraquecimento dos fios ap\u00f3s os m\u00e9todos de depila\u00e7\u00e3o. Isso pode causar inflama\u00e7\u00e3o local, dor, vermelhid\u00e3o e, muitas vezes, manchas escuras, principalmente em pessoas com a pele mais pigmentada.<\/p>\n<\/section>\n<section>\n<h2>Por Que a Foliculite e Pelos Encravados Surgem Ap\u00f3s a Depila\u00e7\u00e3o?<\/h2>\n<ul>\n<li><strong>Uso de l\u00e2minas sem higieniza\u00e7\u00e3o:<\/strong> pode aumentar o risco de infec\u00e7\u00f5es bacterianas.<\/li>\n<li><strong>Crescimento do pelo abaixo da superf\u00edcie da pele:<\/strong> com o uso de cera ou outros m\u00e9todos que arrancam o pelo pela raiz, o novo fio pode ter dificuldade de atravessar a pele.<\/li>\n<li><strong>Ac\u00famulo de c\u00e9lulas mortas:<\/strong> torna a pele &#8220;grossa&#8221;, dificultando a sa\u00edda do fio.<\/li>\n<li><strong>Agress\u00e3o mec\u00e2nica:<\/strong> repeti\u00e7\u00f5es do atrito, roupas apertadas e suor excessivo tamb\u00e9m contribuem para agravar o quadro.<\/li>\n<\/ul>\n<\/section>\n<section>\n<h2>Como Prevenir Foliculite e Pelos Encravados?<\/h2>\n<ol>\n<li><strong>Invista em esfolia\u00e7\u00e3o regular<\/strong>\n<p>Uma a duas vezes por semana aplique um esfoliante suave na regi\u00e3o a ser depilada. Isso ajuda a remover c\u00e9lulas mortas e evita que o pelo fique preso sob a pele.<\/p>\n<\/li>\n<li><strong>Prefira roupas leves no p\u00f3s-depila\u00e7\u00e3o<\/strong>\n<p>Ap\u00f3s a depila\u00e7\u00e3o, evite roupas apertadas que podem causar atrito e agravar o quadro.<\/p>\n<\/li>\n<li><strong>Mantenha o local limpo e seco<\/strong>\n<p>A higiene \u00e9 essencial! Ap\u00f3s depilar, limpe a regi\u00e3o com sabonete neutro e mantenha seca para inibir a prolifera\u00e7\u00e3o de bact\u00e9rias.<\/p>\n<\/li>\n<li><strong>D\u00ea aten\u00e7\u00e3o aos utens\u00edlios e materiais<\/strong>\n<p>Sempre utilize l\u00e2minas descart\u00e1veis, ceras de proced\u00eancia confi\u00e1vel e materiais esterilizados.<\/p>\n<\/li>\n<li><strong>Evite manipular a regi\u00e3o<\/strong>\n<p>Cutucar, espremer ou tentar &#8220;tirar&#8221; o pelo encravado pode piorar a inflama\u00e7\u00e3o e deixar manchas permanentes.<\/p>\n<\/li>\n<\/ol>\n<\/section>\n<section>\n<h2>Tratamento para Foliculite e Pelos Encravados: Primeiros Socorros e Cuidados Di\u00e1rios<\/h2>\n<p>Se j\u00e1 apareceu foliculite ou pelos encravados, fique tranquila(o). Alguns cuidados simples ajudam muito na recupera\u00e7\u00e3o:<\/p>\n<ul>\n<li><strong>Compressas mornas<\/strong>: auxiliam a acalmar a inflama\u00e7\u00e3o e ajudar na &#8220;sa\u00edda&#8221; do pelo.<\/li>\n<li><strong>Uso de pomadas cicatrizantes ou anti-inflamat\u00f3rias<\/strong>: (sempre com orienta\u00e7\u00e3o profissional) podem ajudar a controlar a inflama\u00e7\u00e3o.<\/li>\n<li><strong>Hidrate a pele<\/strong>: escolha hidratantes sem fragr\u00e2ncia e hipoalerg\u00eanicos, eles fortalecem a barreira cut\u00e2nea.<\/li>\n<li><strong>Abstenha-se de depilar a \u00e1rea afetada at\u00e9 a melhora<\/strong>: para n\u00e3o agravar ou espalhar a infec\u00e7\u00e3o.<\/li>\n<\/ul>\n<p>Em casos persistentes, com pus, dor intensa, febre ou se o quadro n\u00e3o melhorar ap\u00f3s alguns dias, procure um dermatologista para avalia\u00e7\u00e3o detalhada.<\/p>\n<\/section>\n<section>\n<h2><span style=\"color: #5c2d91;\">Dicas Extras Para Manter a Pele Sempre Linda Ap\u00f3s a Depila\u00e7\u00e3o<\/span><\/h2>\n<ul>\n<li>Lave a zona depilada com \u00e1gua fria ap\u00f3s o procedimento.<\/li>\n<li>Evite exposi\u00e7\u00e3o solar nas primeiras 24h para prevenir manchas.<\/li>\n<li>Use filtro solar mesmo em \u00e1reas normalmente cobertas, como virilha e axilas, se forem ficar expostas.<\/li>\n<li>Evite frequentar saunas, piscinas e academias nas primeiras 24-48h.<\/li>\n<\/ul>\n<\/section>\n<section>\n<h2>Qual o Melhor M\u00e9todo de Depila\u00e7\u00e3o Para Evitar Foliculite?<\/h2>\n<p>M\u00e9todos como a <strong>fotodepila\u00e7\u00e3o<\/strong> ou <strong>depila\u00e7\u00e3o a laser<\/strong> reduzem significativamente a chance do surgimento de foliculite e pelos encravados ao diminuir o n\u00famero de pelos, tornando-os mais finos e espa\u00e7ados. Converse com uma profissional de confian\u00e7a para avaliar qual t\u00e9cnica \u00e9 mais adequada ao seu tipo de pele e hist\u00f3rico de sa\u00fade.<\/p>\n<\/section>\n<footer>\n<h3>Conclus\u00e3o<\/h3>\n<p>Prevenir e tratar a foliculite e os pelos encravados \u00e9 totalmente poss\u00edvel com pequenos h\u00e1bitos no dia a dia e escolha consciente do m\u00e9todo de depila\u00e7\u00e3o. Cuide de sua pele com carinho, siga as orienta\u00e7\u00f5es e busque ajuda profissional sempre que necess\u00e1rio. Manter a pele lisa, saud\u00e1vel e bonita \u00e9 uma realidade ao alcance de todos!<\/p>\n<p><strong>Se voc\u00ea gostou deste artigo, compartilhe essas dicas!<\/strong> Deseja saber mais sobre depila\u00e7\u00e3o segura? Confira outros posts no nosso blog.<\/p>\n<\/footer>\n<\/article>\n<p><\/body><br \/>\n<\/html><\/p>\n","protected":false},"excerpt":{"rendered":"<p>Preven\u00e7\u00e3o e Tratamento de Foliculite e Pelos Encravados: Tudo o que Voc\u00ea Precisa Saber Preven\u00e7\u00e3o e Tratamento de Foliculite e Pelos Encravados: Guia Completo Foliculite e pelos encravados s\u00e3o queixas muito comuns ap\u00f3s procedimentos de depila\u00e7\u00e3o com l\u00e2mina, cera, ou mesmo aparelhos el\u00e9tricos. Saber como preveni-los e trat\u00e1-los \u00e9 fundamental para manter a pele lisa, &hellip;<\/p>\n<p class=\"read-more\"> <a class=\"\" href=\"https:\/\/fernandadepilacao.com.br\/portal\/2026\/01\/guia-completo-prevencao-tratamento-foliculite-pelos-encravados\/\"> <span class=\"screen-reader-text\">Guia Completo para Preven\u00e7\u00e3o e Tratamento de Foliculite e Pelos Encravados<\/span> Leia mais &raquo;<\/a><\/p>\n","protected":false},"author":1,"featured_media":1178,"comment_status":"open","ping_status":"open","sticky":false,"template":"","format":"standard","meta":[],"categories":[1],"tags":[],"yoast_head":"<!-- This site is optimized with the Yoast SEO plugin v18.4.1 - https:\/\/yoast.com\/wordpress\/plugins\/seo\/ -->\n<title>Guia Completo para Preven\u00e7\u00e3o e Tratamento de Foliculite e Pelos Encravados - Fernanda Depila\u00e7\u00e3o<\/title>\n<meta name=\"robots\" content=\"index, follow, max-snippet:-1, max-image-preview:large, max-video-preview:-1\" \/>\n<link rel=\"canonical\" href=\"https:\/\/fernandadepilacao.com.br\/portal\/2026\/01\/guia-completo-prevencao-tratamento-foliculite-pelos-encravados\/\" \/>\n<meta property=\"og:locale\" content=\"pt_BR\" \/>\n<meta property=\"og:type\" content=\"article\" \/>\n<meta property=\"og:title\" content=\"Guia Completo para Preven\u00e7\u00e3o e Tratamento de Foliculite e Pelos Encravados - Fernanda Depila\u00e7\u00e3o\" \/>\n<meta property=\"og:description\" content=\"Preven\u00e7\u00e3o e Tratamento de Foliculite e Pelos Encravados: Tudo o que Voc\u00ea Precisa Saber Preven\u00e7\u00e3o e Tratamento de Foliculite e Pelos Encravados: Guia Completo Foliculite e pelos encravados s\u00e3o queixas muito comuns ap\u00f3s procedimentos de depila\u00e7\u00e3o com l\u00e2mina, cera, ou mesmo aparelhos el\u00e9tricos. Saber como preveni-los e trat\u00e1-los \u00e9 fundamental para manter a pele lisa, &hellip; Guia Completo para Preven\u00e7\u00e3o e Tratamento de Foliculite e Pelos Encravados Leia mais &raquo;\" \/>\n<meta property=\"og:url\" content=\"https:\/\/fernandadepilacao.com.br\/portal\/2026\/01\/guia-completo-prevencao-tratamento-foliculite-pelos-encravados\/\" \/>\n<meta property=\"og:site_name\" content=\"Fernanda Depila\u00e7\u00e3o\" \/>\n<meta property=\"article:publisher\" content=\"https:\/\/www.facebook.com\/ferjobdepilacao\" \/>\n<meta property=\"article:published_time\" content=\"2026-01-22T19:01:55+00:00\" \/>\n<meta property=\"article:modified_time\" content=\"2026-01-22T19:01:56+00:00\" \/>\n<meta name=\"twitter:card\" content=\"summary_large_image\" \/>\n<meta name=\"twitter:label1\" content=\"Escrito por\" \/>\n\t<meta name=\"twitter:data1\" content=\"fernandajob\" \/>\n\t<meta name=\"twitter:label2\" content=\"Est. tempo de leitura\" \/>\n\t<meta name=\"twitter:data2\" content=\"4 minutos\" \/>\n<script type=\"application\/ld+json\" class=\"yoast-schema-graph\">{\"@context\":\"https:\/\/schema.org\",\"@graph\":[{\"@type\":\"Organization\",\"@id\":\"https:\/\/fernandadepilacao.com.br\/portal\/#organization\",\"name\":\"Fernanda Depila\u00e7\u00e3o\",\"url\":\"https:\/\/fernandadepilacao.com.br\/portal\/\",\"sameAs\":[\"https:\/\/www.facebook.com\/ferjobdepilacao\",\"http:\/\/instagram.com\/fernanda_job\"],\"logo\":{\"@type\":\"ImageObject\",\"@id\":\"https:\/\/fernandadepilacao.com.br\/portal\/#logo\",\"inLanguage\":\"pt-BR\",\"url\":\"http:\/\/fernandadepilacao.com.br\/portal\/wp-content\/uploads\/2021\/03\/logo_fernanda.png\",\"contentUrl\":\"http:\/\/fernandadepilacao.com.br\/portal\/wp-content\/uploads\/2021\/03\/logo_fernanda.png\",\"width\":673,\"height\":688,\"caption\":\"Fernanda Depila\u00e7\u00e3o\"},\"image\":{\"@id\":\"https:\/\/fernandadepilacao.com.br\/portal\/#logo\"}},{\"@type\":\"WebSite\",\"@id\":\"https:\/\/fernandadepilacao.com.br\/portal\/#website\",\"url\":\"https:\/\/fernandadepilacao.com.br\/portal\/\",\"name\":\"Fernanda Depila\u00e7\u00e3o\",\"description\":\"\",\"publisher\":{\"@id\":\"https:\/\/fernandadepilacao.com.br\/portal\/#organization\"},\"potentialAction\":[{\"@type\":\"SearchAction\",\"target\":{\"@type\":\"EntryPoint\",\"urlTemplate\":\"https:\/\/fernandadepilacao.com.br\/portal\/?s={search_term_string}\"},\"query-input\":\"required name=search_term_string\"}],\"inLanguage\":\"pt-BR\"},{\"@type\":\"ImageObject\",\"@id\":\"https:\/\/fernandadepilacao.com.br\/portal\/2026\/01\/guia-completo-prevencao-tratamento-foliculite-pelos-encravados\/#primaryimage\",\"inLanguage\":\"pt-BR\",\"url\":\"https:\/\/fernandadepilacao.com.br\/portal\/wp-content\/uploads\/2026\/01\/20260122160152.png\",\"contentUrl\":\"https:\/\/fernandadepilacao.com.br\/portal\/wp-content\/uploads\/2026\/01\/20260122160152.png\",\"width\":500,\"height\":500},{\"@type\":\"WebPage\",\"@id\":\"https:\/\/fernandadepilacao.com.br\/portal\/2026\/01\/guia-completo-prevencao-tratamento-foliculite-pelos-encravados\/#webpage\",\"url\":\"https:\/\/fernandadepilacao.com.br\/portal\/2026\/01\/guia-completo-prevencao-tratamento-foliculite-pelos-encravados\/\",\"name\":\"Guia Completo para Preven\u00e7\u00e3o e Tratamento de Foliculite e Pelos Encravados - Fernanda Depila\u00e7\u00e3o\",\"isPartOf\":{\"@id\":\"https:\/\/fernandadepilacao.com.br\/portal\/#website\"},\"primaryImageOfPage\":{\"@id\":\"https:\/\/fernandadepilacao.com.br\/portal\/2026\/01\/guia-completo-prevencao-tratamento-foliculite-pelos-encravados\/#primaryimage\"},\"datePublished\":\"2026-01-22T19:01:55+00:00\",\"dateModified\":\"2026-01-22T19:01:56+00:00\",\"breadcrumb\":{\"@id\":\"https:\/\/fernandadepilacao.com.br\/portal\/2026\/01\/guia-completo-prevencao-tratamento-foliculite-pelos-encravados\/#breadcrumb\"},\"inLanguage\":\"pt-BR\",\"potentialAction\":[{\"@type\":\"ReadAction\",\"target\":[\"https:\/\/fernandadepilacao.com.br\/portal\/2026\/01\/guia-completo-prevencao-tratamento-foliculite-pelos-encravados\/\"]}]},{\"@type\":\"BreadcrumbList\",\"@id\":\"https:\/\/fernandadepilacao.com.br\/portal\/2026\/01\/guia-completo-prevencao-tratamento-foliculite-pelos-encravados\/#breadcrumb\",\"itemListElement\":[{\"@type\":\"ListItem\",\"position\":1,\"name\":\"In\u00edcio\",\"item\":\"http:\/\/fernandadepilacao.com.br\/portal\/\"},{\"@type\":\"ListItem\",\"position\":2,\"name\":\"Guia Completo para Preven\u00e7\u00e3o e Tratamento de Foliculite e Pelos Encravados\"}]},{\"@type\":\"Article\",\"@id\":\"https:\/\/fernandadepilacao.com.br\/portal\/2026\/01\/guia-completo-prevencao-tratamento-foliculite-pelos-encravados\/#article\",\"isPartOf\":{\"@id\":\"https:\/\/fernandadepilacao.com.br\/portal\/2026\/01\/guia-completo-prevencao-tratamento-foliculite-pelos-encravados\/#webpage\"},\"author\":{\"@id\":\"https:\/\/fernandadepilacao.com.br\/portal\/#\/schema\/person\/d00644c3bbfd9fd17711767a3b1abbd0\"},\"headline\":\"Guia Completo para Preven\u00e7\u00e3o e Tratamento de Foliculite e Pelos Encravados\",\"datePublished\":\"2026-01-22T19:01:55+00:00\",\"dateModified\":\"2026-01-22T19:01:56+00:00\",\"mainEntityOfPage\":{\"@id\":\"https:\/\/fernandadepilacao.com.br\/portal\/2026\/01\/guia-completo-prevencao-tratamento-foliculite-pelos-encravados\/#webpage\"},\"wordCount\":824,\"commentCount\":0,\"publisher\":{\"@id\":\"https:\/\/fernandadepilacao.com.br\/portal\/#organization\"},\"image\":{\"@id\":\"https:\/\/fernandadepilacao.com.br\/portal\/2026\/01\/guia-completo-prevencao-tratamento-foliculite-pelos-encravados\/#primaryimage\"},\"thumbnailUrl\":\"https:\/\/fernandadepilacao.com.br\/portal\/wp-content\/uploads\/2026\/01\/20260122160152.png\",\"inLanguage\":\"pt-BR\",\"potentialAction\":[{\"@type\":\"CommentAction\",\"name\":\"Comment\",\"target\":[\"https:\/\/fernandadepilacao.com.br\/portal\/2026\/01\/guia-completo-prevencao-tratamento-foliculite-pelos-encravados\/#respond\"]}]},{\"@type\":\"Person\",\"@id\":\"https:\/\/fernandadepilacao.com.br\/portal\/#\/schema\/person\/d00644c3bbfd9fd17711767a3b1abbd0\",\"name\":\"fernandajob\",\"image\":{\"@type\":\"ImageObject\",\"@id\":\"https:\/\/fernandadepilacao.com.br\/portal\/#personlogo\",\"inLanguage\":\"pt-BR\",\"url\":\"https:\/\/secure.gravatar.com\/avatar\/6c2268a68d69a325906fbdccd74b18e6?s=96&d=mm&r=g\",\"contentUrl\":\"https:\/\/secure.gravatar.com\/avatar\/6c2268a68d69a325906fbdccd74b18e6?s=96&d=mm&r=g\",\"caption\":\"fernandajob\"},\"sameAs\":[\"http:\/\/fernandadepilacao.com.br\/portal\"]}]}<\/script>\n<!-- \/ Yoast SEO plugin. -->","yoast_head_json":{"title":"Guia Completo para Preven\u00e7\u00e3o e Tratamento de Foliculite e Pelos Encravados - Fernanda Depila\u00e7\u00e3o","robots":{"index":"index","follow":"follow","max-snippet":"max-snippet:-1","max-image-preview":"max-image-preview:large","max-video-preview":"max-video-preview:-1"},"canonical":"https:\/\/fernandadepilacao.com.br\/portal\/2026\/01\/guia-completo-prevencao-tratamento-foliculite-pelos-encravados\/","og_locale":"pt_BR","og_type":"article","og_title":"Guia Completo para Preven\u00e7\u00e3o e Tratamento de Foliculite e Pelos Encravados - Fernanda Depila\u00e7\u00e3o","og_description":"Preven\u00e7\u00e3o e Tratamento de Foliculite e Pelos Encravados: Tudo o que Voc\u00ea Precisa Saber Preven\u00e7\u00e3o e Tratamento de Foliculite e Pelos Encravados: Guia Completo Foliculite e pelos encravados s\u00e3o queixas muito comuns ap\u00f3s procedimentos de depila\u00e7\u00e3o com l\u00e2mina, cera, ou mesmo aparelhos el\u00e9tricos. Saber como preveni-los e trat\u00e1-los \u00e9 fundamental para manter a pele lisa, &hellip; Guia Completo para Preven\u00e7\u00e3o e Tratamento de Foliculite e Pelos Encravados Leia mais &raquo;","og_url":"https:\/\/fernandadepilacao.com.br\/portal\/2026\/01\/guia-completo-prevencao-tratamento-foliculite-pelos-encravados\/","og_site_name":"Fernanda Depila\u00e7\u00e3o","article_publisher":"https:\/\/www.facebook.com\/ferjobdepilacao","article_published_time":"2026-01-22T19:01:55+00:00","article_modified_time":"2026-01-22T19:01:56+00:00","twitter_card":"summary_large_image","twitter_misc":{"Escrito por":"fernandajob","Est. tempo de leitura":"4 minutos"},"schema":{"@context":"https:\/\/schema.org","@graph":[{"@type":"Organization","@id":"https:\/\/fernandadepilacao.com.br\/portal\/#organization","name":"Fernanda Depila\u00e7\u00e3o","url":"https:\/\/fernandadepilacao.com.br\/portal\/","sameAs":["https:\/\/www.facebook.com\/ferjobdepilacao","http:\/\/instagram.com\/fernanda_job"],"logo":{"@type":"ImageObject","@id":"https:\/\/fernandadepilacao.com.br\/portal\/#logo","inLanguage":"pt-BR","url":"http:\/\/fernandadepilacao.com.br\/portal\/wp-content\/uploads\/2021\/03\/logo_fernanda.png","contentUrl":"http:\/\/fernandadepilacao.com.br\/portal\/wp-content\/uploads\/2021\/03\/logo_fernanda.png","width":673,"height":688,"caption":"Fernanda Depila\u00e7\u00e3o"},"image":{"@id":"https:\/\/fernandadepilacao.com.br\/portal\/#logo"}},{"@type":"WebSite","@id":"https:\/\/fernandadepilacao.com.br\/portal\/#website","url":"https:\/\/fernandadepilacao.com.br\/portal\/","name":"Fernanda Depila\u00e7\u00e3o","description":"","publisher":{"@id":"https:\/\/fernandadepilacao.com.br\/portal\/#organization"},"potentialAction":[{"@type":"SearchAction","target":{"@type":"EntryPoint","urlTemplate":"https:\/\/fernandadepilacao.com.br\/portal\/?s={search_term_string}"},"query-input":"required name=search_term_string"}],"inLanguage":"pt-BR"},{"@type":"ImageObject","@id":"https:\/\/fernandadepilacao.com.br\/portal\/2026\/01\/guia-completo-prevencao-tratamento-foliculite-pelos-encravados\/#primaryimage","inLanguage":"pt-BR","url":"https:\/\/fernandadepilacao.com.br\/portal\/wp-content\/uploads\/2026\/01\/20260122160152.png","contentUrl":"https:\/\/fernandadepilacao.com.br\/portal\/wp-content\/uploads\/2026\/01\/20260122160152.png","width":500,"height":500},{"@type":"WebPage","@id":"https:\/\/fernandadepilacao.com.br\/portal\/2026\/01\/guia-completo-prevencao-tratamento-foliculite-pelos-encravados\/#webpage","url":"https:\/\/fernandadepilacao.com.br\/portal\/2026\/01\/guia-completo-prevencao-tratamento-foliculite-pelos-encravados\/","name":"Guia Completo para Preven\u00e7\u00e3o e Tratamento de Foliculite e Pelos Encravados - Fernanda Depila\u00e7\u00e3o","isPartOf":{"@id":"https:\/\/fernandadepilacao.com.br\/portal\/#website"},"primaryImageOfPage":{"@id":"https:\/\/fernandadepilacao.com.br\/portal\/2026\/01\/guia-completo-prevencao-tratamento-foliculite-pelos-encravados\/#primaryimage"},"datePublished":"2026-01-22T19:01:55+00:00","dateModified":"2026-01-22T19:01:56+00:00","breadcrumb":{"@id":"https:\/\/fernandadepilacao.com.br\/portal\/2026\/01\/guia-completo-prevencao-tratamento-foliculite-pelos-encravados\/#breadcrumb"},"inLanguage":"pt-BR","potentialAction":[{"@type":"ReadAction","target":["https:\/\/fernandadepilacao.com.br\/portal\/2026\/01\/guia-completo-prevencao-tratamento-foliculite-pelos-encravados\/"]}]},{"@type":"BreadcrumbList","@id":"https:\/\/fernandadepilacao.com.br\/portal\/2026\/01\/guia-completo-prevencao-tratamento-foliculite-pelos-encravados\/#breadcrumb","itemListElement":[{"@type":"ListItem","position":1,"name":"In\u00edcio","item":"http:\/\/fernandadepilacao.com.br\/portal\/"},{"@type":"ListItem","position":2,"name":"Guia Completo para Preven\u00e7\u00e3o e Tratamento de Foliculite e Pelos Encravados"}]},{"@type":"Article","@id":"https:\/\/fernandadepilacao.com.br\/portal\/2026\/01\/guia-completo-prevencao-tratamento-foliculite-pelos-encravados\/#article","isPartOf":{"@id":"https:\/\/fernandadepilacao.com.br\/portal\/2026\/01\/guia-completo-prevencao-tratamento-foliculite-pelos-encravados\/#webpage"},"author":{"@id":"https:\/\/fernandadepilacao.com.br\/portal\/#\/schema\/person\/d00644c3bbfd9fd17711767a3b1abbd0"},"headline":"Guia Completo para Preven\u00e7\u00e3o e Tratamento de Foliculite e Pelos Encravados","datePublished":"2026-01-22T19:01:55+00:00","dateModified":"2026-01-22T19:01:56+00:00","mainEntityOfPage":{"@id":"https:\/\/fernandadepilacao.com.br\/portal\/2026\/01\/guia-completo-prevencao-tratamento-foliculite-pelos-encravados\/#webpage"},"wordCount":824,"commentCount":0,"publisher":{"@id":"https:\/\/fernandadepilacao.com.br\/portal\/#organization"},"image":{"@id":"https:\/\/fernandadepilacao.com.br\/portal\/2026\/01\/guia-completo-prevencao-tratamento-foliculite-pelos-encravados\/#primaryimage"},"thumbnailUrl":"https:\/\/fernandadepilacao.com.br\/portal\/wp-content\/uploads\/2026\/01\/20260122160152.png","inLanguage":"pt-BR","potentialAction":[{"@type":"CommentAction","name":"Comment","target":["https:\/\/fernandadepilacao.com.br\/portal\/2026\/01\/guia-completo-prevencao-tratamento-foliculite-pelos-encravados\/#respond"]}]},{"@type":"Person","@id":"https:\/\/fernandadepilacao.com.br\/portal\/#\/schema\/person\/d00644c3bbfd9fd17711767a3b1abbd0","name":"fernandajob","image":{"@type":"ImageObject","@id":"https:\/\/fernandadepilacao.com.br\/portal\/#personlogo","inLanguage":"pt-BR","url":"https:\/\/secure.gravatar.com\/avatar\/6c2268a68d69a325906fbdccd74b18e6?s=96&d=mm&r=g","contentUrl":"https:\/\/secure.gravatar.com\/avatar\/6c2268a68d69a325906fbdccd74b18e6?s=96&d=mm&r=g","caption":"fernandajob"},"sameAs":["http:\/\/fernandadepilacao.com.br\/portal"]}]}},"uagb_featured_image_src":{"full":["https:\/\/fernandadepilacao.com.br\/portal\/wp-content\/uploads\/2026\/01\/20260122160152.png",500,500,false],"thumbnail":["https:\/\/fernandadepilacao.com.br\/portal\/wp-content\/uploads\/2026\/01\/20260122160152-150x150.png",150,150,true],"medium":["https:\/\/fernandadepilacao.com.br\/portal\/wp-content\/uploads\/2026\/01\/20260122160152-300x300.png",300,300,true],"medium_large":["https:\/\/fernandadepilacao.com.br\/portal\/wp-content\/uploads\/2026\/01\/20260122160152.png",500,500,false],"large":["https:\/\/fernandadepilacao.com.br\/portal\/wp-content\/uploads\/2026\/01\/20260122160152.png",500,500,false],"1536x1536":["https:\/\/fernandadepilacao.com.br\/portal\/wp-content\/uploads\/2026\/01\/20260122160152.png",500,500,false],"2048x2048":["https:\/\/fernandadepilacao.com.br\/portal\/wp-content\/uploads\/2026\/01\/20260122160152.png",500,500,false]},"uagb_author_info":{"display_name":"fernandajob","author_link":"https:\/\/fernandadepilacao.com.br\/portal\/author\/fernandajob\/"},"uagb_comment_info":0,"uagb_excerpt":"Preven\u00e7\u00e3o e Tratamento de Foliculite e Pelos Encravados: Tudo o que Voc\u00ea Precisa Saber Preven\u00e7\u00e3o e Tratamento de Foliculite e Pelos Encravados: Guia Completo Foliculite e pelos encravados s\u00e3o queixas muito comuns ap\u00f3s procedimentos de depila\u00e7\u00e3o com l\u00e2mina, cera, ou mesmo aparelhos el\u00e9tricos. Saber como preveni-los e trat\u00e1-los \u00e9 fundamental para manter a pele lisa,&hellip;","_links":{"self":[{"href":"https:\/\/fernandadepilacao.com.br\/portal\/wp-json\/wp\/v2\/posts\/1179"}],"collection":[{"href":"https:\/\/fernandadepilacao.com.br\/portal\/wp-json\/wp\/v2\/posts"}],"about":[{"href":"https:\/\/fernandadepilacao.com.br\/portal\/wp-json\/wp\/v2\/types\/post"}],"author":[{"embeddable":true,"href":"https:\/\/fernandadepilacao.com.br\/portal\/wp-json\/wp\/v2\/users\/1"}],"replies":[{"embeddable":true,"href":"https:\/\/fernandadepilacao.com.br\/portal\/wp-json\/wp\/v2\/comments?post=1179"}],"version-history":[{"count":1,"href":"https:\/\/fernandadepilacao.com.br\/portal\/wp-json\/wp\/v2\/posts\/1179\/revisions"}],"predecessor-version":[{"id":1180,"href":"https:\/\/fernandadepilacao.com.br\/portal\/wp-json\/wp\/v2\/posts\/1179\/revisions\/1180"}],"wp:featuredmedia":[{"embeddable":true,"href":"https:\/\/fernandadepilacao.com.br\/portal\/wp-json\/wp\/v2\/media\/1178"}],"wp:attachment":[{"href":"https:\/\/fernandadepilacao.com.br\/portal\/wp-json\/wp\/v2\/media?parent=1179"}],"wp:term":[{"taxonomy":"category","embeddable":true,"href":"https:\/\/fernandadepilacao.com.br\/portal\/wp-json\/wp\/v2\/categories?post=1179"},{"taxonomy":"post_tag","embeddable":true,"href":"https:\/\/fernandadepilacao.com.br\/portal\/wp-json\/wp\/v2\/tags?post=1179"}],"curies":[{"name":"wp","href":"https:\/\/api.w.org\/{rel}","templated":true}]}}