{"id":1173,"date":"2026-01-21T08:01:55","date_gmt":"2026-01-21T11:01:55","guid":{"rendered":"https:\/\/fernandadepilacao.com.br\/portal\/2026\/01\/depoimentos-reais-a-verdade-sobre-a-dor-na-depilacao-a-laser\/"},"modified":"2026-01-21T08:01:56","modified_gmt":"2026-01-21T11:01:56","slug":"depoimentos-reais-a-verdade-sobre-a-dor-na-depilacao-a-laser","status":"publish","type":"post","link":"https:\/\/fernandadepilacao.com.br\/portal\/2026\/01\/depoimentos-reais-a-verdade-sobre-a-dor-na-depilacao-a-laser\/","title":{"rendered":"Depoimentos Reais: A Verdade Sobre a Dor na Depila\u00e7\u00e3o a Laser"},"content":{"rendered":"<article>\n<header>\n<h1>Depoimentos e Experi\u00eancias Reais: Entenda a Dor na Depila\u00e7\u00e3o a Laser<\/h1>\n<p>    <meta name=\"description\" content=\"Descubra relatos verdadeiros sobre dor na depila\u00e7\u00e3o a laser, veja dicas para um procedimento mais confort\u00e1vel e esclare\u00e7a suas d\u00favidas sobre sensa\u00e7\u00f5es e cuidados.\" \/><br \/>\n  <\/header>\n<section>\n<h2>Depila\u00e7\u00e3o a Laser: O Que Esperar da Sensa\u00e7\u00e3o Durante o Procedimento?<\/h2>\n<p>\n      A depila\u00e7\u00e3o a laser se tornou um dos m\u00e9todos mais buscados para eliminar os pelos indesejados de forma duradoura. Ainda assim, uma das maiores d\u00favidas para quem est\u00e1 considerando o procedimento \u00e9 sobre o n\u00edvel de <strong>dor na depila\u00e7\u00e3o a laser<\/strong>. Afinal, relatos variados circulam na internet: ser\u00e1 uma dor insuport\u00e1vel, semelhante a uma borrachinha estalando na pele ou algo quase impercept\u00edvel? Neste artigo, reunimos <strong>depoimentos reais e experi\u00eancias verdadeiras<\/strong> para esclarecer essas d\u00favidas e ajudar voc\u00ea a se sentir mais seguro(a) ao escolher esse tratamento.\n    <\/p>\n<\/section>\n<section>\n<h2>Relatos Sobre a Dor: O Que Dizem os Pacientes?<\/h2>\n<p>\n      Quem pensa em aderir \u00e0 depila\u00e7\u00e3o a laser frequentemente escuta muitos coment\u00e1rios em cl\u00ednicas de est\u00e9tica, nos grupos de redes sociais e entre amigos. A sensa\u00e7\u00e3o experimentada pode variar de pessoa para pessoa, devido \u00e0 sensibilidade individual, \u00e1rea do corpo tratada, fototipo de pele, espessura do pelo e at\u00e9 mesmo o tipo de aparelho utilizado.\n    <\/p>\n<ul>\n<li>\n        <b>Sensa\u00e7\u00e3o de &#8220;borrachinha estalando&#8221;:<\/b> Muitos pacientes relatam que a dor \u00e9 semelhante ao estalo de um el\u00e1stico leve na pele, especialmente nas primeiras sess\u00f5es. Esta descri\u00e7\u00e3o \u00e9 comum principalmente para \u00e1reas com mais pelos ou pele mais sens\u00edvel, como bu\u00e7o e virilha.\n      <\/li>\n<li>\n        <b>Formigamento ou aquecimento:<\/b> Em outras regi\u00f5es, a alguns descrevem uma sensa\u00e7\u00e3o desconfort\u00e1vel como de &#8220;leve formigamento&#8221; ou &#8220;calor local&#8221;. Existem aparelhos modernos com <strong>sistema de resfriamento<\/strong> que atenuam bastante a dor, tornando a sess\u00e3o bem suport\u00e1vel para a maioria.\n      <\/li>\n<li>\n        <b>Menos dor ao longo das sess\u00f5es:<\/b> Diversos depoimentos afirmam que, a cada nova aplica\u00e7\u00e3o, a dor tende a diminuir, j\u00e1 que a quantidade e espessura dos fios v\u00e3o reduzindo.\n      <\/li>\n<\/ul>\n<blockquote>\n<p>&#8220;Eu sempre tive medo de sentir muita dor, mas depois da terceira sess\u00e3o, percebi que d\u00f3i muito menos do que imaginava. E na axila foi bem tranquilo!&#8221;  \u2013 Amanda, 29 anos.<\/p>\n<\/blockquote>\n<blockquote>\n<p>&#8220;Na virilha foi onde achei mais delicado, mas o resultado compensou. Fui usando as t\u00e9cnicas de respira\u00e7\u00e3o que me indicaram e ajudou bastante!&#8221;  \u2013 Rafael, 32 anos.<\/p>\n<\/blockquote>\n<\/section>\n<section>\n<h2>Fatores Que Influenciam a Dor na Depila\u00e7\u00e3o a Laser<\/h2>\n<p>\n      \u00c9 importante compreender os principais fatores que podem influenciar o n\u00edvel de desconforto durante o procedimento:\n    <\/p>\n<ol>\n<li><strong>\u00c1rea tratada:<\/strong> \u00c1reas mais sens\u00edveis, como rosto, virilha e axilas, costumam apresentar mais sensa\u00e7\u00e3o dolorosa devido \u00e0 maior concentra\u00e7\u00e3o de termina\u00e7\u00f5es nervosas.<\/li>\n<li><strong>Tipo de pelo e pele:<\/strong> Pelos grossos e escuros absorvem mais energia do laser, podendo aumentar o desconforto nas primeiras sess\u00f5es.<\/li>\n<li><strong>Tecnologia do aparelho:<\/strong> Equipamentos mais modernos, como laser de diodo com ponteira refrigerada, proporcionam maior conforto durante a aplica\u00e7\u00e3o.<\/li>\n<li><strong>Toler\u00e2ncia individual \u00e0 dor:<\/strong> Cada pessoa tem um limiar de dor diferente, que pode ser influenciado por fatores hormonais, emocionais e at\u00e9 mesmo pelo ciclo menstrual.<\/li>\n<li><strong>Preparo da pele:<\/strong> Exposi\u00e7\u00e3o solar recente, uso de produtos irritantes e falta de hidrata\u00e7\u00e3o podem intensificar a sensa\u00e7\u00e3o de ard\u00eancia ou queima\u00e7\u00e3o.<\/li>\n<\/ol>\n<\/section>\n<section>\n<h2>Dicas Para Reduzir o Desconforto na Depila\u00e7\u00e3o a Laser<\/h2>\n<p>\n      Algumas orienta\u00e7\u00f5es simples podem tornar o momento da sess\u00e3o mais tranquilo e confort\u00e1vel:\n    <\/p>\n<ul>\n<li>Evite a exposi\u00e7\u00e3o solar antes e depois do procedimento.<\/li>\n<li>Mantenha a pele bem hidratada e limpa no dia da sess\u00e3o.<\/li>\n<li>Raspe os pelos no dia anterior \u00e0 aplica\u00e7\u00e3o, sem usar m\u00e9todos que arrancam o fio pela raiz (como cera).<\/li>\n<li>Fale sempre com o profissional se sentir dor exagerada, vermelhid\u00e3o persistente ou qualquer rea\u00e7\u00e3o inesperada.<\/li>\n<li>Pe\u00e7a indica\u00e7\u00f5es sobre o uso de pomadas anest\u00e9sicas, se houver muita sensibilidade.<\/li>\n<\/ul>\n<\/section>\n<section>\n<h2>O Que \u00e9 Normal Sentir Ap\u00f3s a Sess\u00e3o?<\/h2>\n<p>\n      Ap\u00f3s a <strong>sess\u00e3o de depila\u00e7\u00e3o a laser<\/strong>, \u00e9 natural sentir leve vermelhid\u00e3o, incha\u00e7o discreto e uma sensa\u00e7\u00e3o de calor na \u00e1rea tratada, que costumam desaparecer em poucas horas. Casos de dor intensa, bolhas ou manchas devem ser relatados imediatamente ao especialista.\n    <\/p>\n<\/section>\n<section>\n<h2>Vale a Pena Enfrentar a Dor da Depila\u00e7\u00e3o a Laser?<\/h2>\n<p>\n      Mesmo para quem diz sentir dor nas primeiras sess\u00f5es, a maioria das pessoas percebe uma melhora consider\u00e1vel a cada aplica\u00e7\u00e3o. Somados ao resultado de pele lisinha e livre de pelos, os depoimentos reais mostram que o desconforto \u00e9 passageiro e suport\u00e1vel \u2013 muitas vezes, inferior ao de outros m\u00e9todos como a cera quente.\n    <\/p>\n<p>\n      Procure sempre uma <strong>cl\u00ednica de confian\u00e7a<\/strong> com profissionais especializados, esclare\u00e7a todas as d\u00favidas durante a avalia\u00e7\u00e3o e mantenha o acompanhamento das sess\u00f5es. Assim, voc\u00ea garante tanto seguran\u00e7a quanto um resultado satisfat\u00f3rio para sua sa\u00fade, beleza e bem-estar!\n    <\/p>\n<\/section>\n<footer>\n<p><small>Palavras-chave: dor na depila\u00e7\u00e3o a laser, depila\u00e7\u00e3o a laser d\u00f3i, relatos depila\u00e7\u00e3o a laser, experi\u00eancia dor laser, depila\u00e7\u00e3o definitiva, cuidados depila\u00e7\u00e3o laser<\/small><\/p>\n<\/footer>\n<\/article>\n","protected":false},"excerpt":{"rendered":"<p>Depoimentos e Experi\u00eancias Reais: Entenda a Dor na Depila\u00e7\u00e3o a Laser Depila\u00e7\u00e3o a Laser: O Que Esperar da Sensa\u00e7\u00e3o Durante o Procedimento? A depila\u00e7\u00e3o a laser se tornou um dos m\u00e9todos mais buscados para eliminar os pelos indesejados de forma duradoura. Ainda assim, uma das maiores d\u00favidas para quem est\u00e1 considerando o procedimento \u00e9 sobre &hellip;<\/p>\n<p class=\"read-more\"> <a class=\"\" href=\"https:\/\/fernandadepilacao.com.br\/portal\/2026\/01\/depoimentos-reais-a-verdade-sobre-a-dor-na-depilacao-a-laser\/\"> <span class=\"screen-reader-text\">Depoimentos Reais: A Verdade Sobre a Dor na Depila\u00e7\u00e3o a Laser<\/span> Leia mais &raquo;<\/a><\/p>\n","protected":false},"author":1,"featured_media":1172,"comment_status":"open","ping_status":"open","sticky":false,"template":"","format":"standard","meta":[],"categories":[1],"tags":[],"yoast_head":"<!-- This site is optimized with the Yoast SEO plugin v18.4.1 - https:\/\/yoast.com\/wordpress\/plugins\/seo\/ -->\n<title>Depoimentos Reais: A Verdade Sobre a Dor na Depila\u00e7\u00e3o a Laser - Fernanda Depila\u00e7\u00e3o<\/title>\n<meta name=\"robots\" content=\"index, follow, max-snippet:-1, max-image-preview:large, max-video-preview:-1\" \/>\n<link rel=\"canonical\" href=\"https:\/\/fernandadepilacao.com.br\/portal\/2026\/01\/depoimentos-reais-a-verdade-sobre-a-dor-na-depilacao-a-laser\/\" \/>\n<meta property=\"og:locale\" content=\"pt_BR\" \/>\n<meta property=\"og:type\" content=\"article\" \/>\n<meta property=\"og:title\" content=\"Depoimentos Reais: A Verdade Sobre a Dor na Depila\u00e7\u00e3o a Laser - Fernanda Depila\u00e7\u00e3o\" \/>\n<meta property=\"og:description\" content=\"Depoimentos e Experi\u00eancias Reais: Entenda a Dor na Depila\u00e7\u00e3o a Laser Depila\u00e7\u00e3o a Laser: O Que Esperar da Sensa\u00e7\u00e3o Durante o Procedimento? A depila\u00e7\u00e3o a laser se tornou um dos m\u00e9todos mais buscados para eliminar os pelos indesejados de forma duradoura. Ainda assim, uma das maiores d\u00favidas para quem est\u00e1 considerando o procedimento \u00e9 sobre &hellip; Depoimentos Reais: A Verdade Sobre a Dor na Depila\u00e7\u00e3o a Laser Leia mais &raquo;\" \/>\n<meta property=\"og:url\" content=\"https:\/\/fernandadepilacao.com.br\/portal\/2026\/01\/depoimentos-reais-a-verdade-sobre-a-dor-na-depilacao-a-laser\/\" \/>\n<meta property=\"og:site_name\" content=\"Fernanda Depila\u00e7\u00e3o\" \/>\n<meta property=\"article:publisher\" content=\"https:\/\/www.facebook.com\/ferjobdepilacao\" \/>\n<meta property=\"article:published_time\" content=\"2026-01-21T11:01:55+00:00\" \/>\n<meta property=\"article:modified_time\" content=\"2026-01-21T11:01:56+00:00\" \/>\n<meta name=\"twitter:card\" content=\"summary_large_image\" \/>\n<meta name=\"twitter:label1\" content=\"Escrito por\" \/>\n\t<meta name=\"twitter:data1\" content=\"fernandajob\" \/>\n\t<meta name=\"twitter:label2\" content=\"Est. tempo de leitura\" \/>\n\t<meta name=\"twitter:data2\" content=\"4 minutos\" \/>\n<script type=\"application\/ld+json\" class=\"yoast-schema-graph\">{\"@context\":\"https:\/\/schema.org\",\"@graph\":[{\"@type\":\"Organization\",\"@id\":\"https:\/\/fernandadepilacao.com.br\/portal\/#organization\",\"name\":\"Fernanda Depila\u00e7\u00e3o\",\"url\":\"https:\/\/fernandadepilacao.com.br\/portal\/\",\"sameAs\":[\"https:\/\/www.facebook.com\/ferjobdepilacao\",\"http:\/\/instagram.com\/fernanda_job\"],\"logo\":{\"@type\":\"ImageObject\",\"@id\":\"https:\/\/fernandadepilacao.com.br\/portal\/#logo\",\"inLanguage\":\"pt-BR\",\"url\":\"http:\/\/fernandadepilacao.com.br\/portal\/wp-content\/uploads\/2021\/03\/logo_fernanda.png\",\"contentUrl\":\"http:\/\/fernandadepilacao.com.br\/portal\/wp-content\/uploads\/2021\/03\/logo_fernanda.png\",\"width\":673,\"height\":688,\"caption\":\"Fernanda Depila\u00e7\u00e3o\"},\"image\":{\"@id\":\"https:\/\/fernandadepilacao.com.br\/portal\/#logo\"}},{\"@type\":\"WebSite\",\"@id\":\"https:\/\/fernandadepilacao.com.br\/portal\/#website\",\"url\":\"https:\/\/fernandadepilacao.com.br\/portal\/\",\"name\":\"Fernanda Depila\u00e7\u00e3o\",\"description\":\"\",\"publisher\":{\"@id\":\"https:\/\/fernandadepilacao.com.br\/portal\/#organization\"},\"potentialAction\":[{\"@type\":\"SearchAction\",\"target\":{\"@type\":\"EntryPoint\",\"urlTemplate\":\"https:\/\/fernandadepilacao.com.br\/portal\/?s={search_term_string}\"},\"query-input\":\"required name=search_term_string\"}],\"inLanguage\":\"pt-BR\"},{\"@type\":\"ImageObject\",\"@id\":\"https:\/\/fernandadepilacao.com.br\/portal\/2026\/01\/depoimentos-reais-a-verdade-sobre-a-dor-na-depilacao-a-laser\/#primaryimage\",\"inLanguage\":\"pt-BR\",\"url\":\"https:\/\/fernandadepilacao.com.br\/portal\/wp-content\/uploads\/2026\/01\/20260121080153.png\",\"contentUrl\":\"https:\/\/fernandadepilacao.com.br\/portal\/wp-content\/uploads\/2026\/01\/20260121080153.png\",\"width\":500,\"height\":500},{\"@type\":\"WebPage\",\"@id\":\"https:\/\/fernandadepilacao.com.br\/portal\/2026\/01\/depoimentos-reais-a-verdade-sobre-a-dor-na-depilacao-a-laser\/#webpage\",\"url\":\"https:\/\/fernandadepilacao.com.br\/portal\/2026\/01\/depoimentos-reais-a-verdade-sobre-a-dor-na-depilacao-a-laser\/\",\"name\":\"Depoimentos Reais: A Verdade Sobre a Dor na Depila\u00e7\u00e3o a Laser - Fernanda Depila\u00e7\u00e3o\",\"isPartOf\":{\"@id\":\"https:\/\/fernandadepilacao.com.br\/portal\/#website\"},\"primaryImageOfPage\":{\"@id\":\"https:\/\/fernandadepilacao.com.br\/portal\/2026\/01\/depoimentos-reais-a-verdade-sobre-a-dor-na-depilacao-a-laser\/#primaryimage\"},\"datePublished\":\"2026-01-21T11:01:55+00:00\",\"dateModified\":\"2026-01-21T11:01:56+00:00\",\"breadcrumb\":{\"@id\":\"https:\/\/fernandadepilacao.com.br\/portal\/2026\/01\/depoimentos-reais-a-verdade-sobre-a-dor-na-depilacao-a-laser\/#breadcrumb\"},\"inLanguage\":\"pt-BR\",\"potentialAction\":[{\"@type\":\"ReadAction\",\"target\":[\"https:\/\/fernandadepilacao.com.br\/portal\/2026\/01\/depoimentos-reais-a-verdade-sobre-a-dor-na-depilacao-a-laser\/\"]}]},{\"@type\":\"BreadcrumbList\",\"@id\":\"https:\/\/fernandadepilacao.com.br\/portal\/2026\/01\/depoimentos-reais-a-verdade-sobre-a-dor-na-depilacao-a-laser\/#breadcrumb\",\"itemListElement\":[{\"@type\":\"ListItem\",\"position\":1,\"name\":\"In\u00edcio\",\"item\":\"http:\/\/fernandadepilacao.com.br\/portal\/\"},{\"@type\":\"ListItem\",\"position\":2,\"name\":\"Depoimentos Reais: A Verdade Sobre a Dor na Depila\u00e7\u00e3o a Laser\"}]},{\"@type\":\"Article\",\"@id\":\"https:\/\/fernandadepilacao.com.br\/portal\/2026\/01\/depoimentos-reais-a-verdade-sobre-a-dor-na-depilacao-a-laser\/#article\",\"isPartOf\":{\"@id\":\"https:\/\/fernandadepilacao.com.br\/portal\/2026\/01\/depoimentos-reais-a-verdade-sobre-a-dor-na-depilacao-a-laser\/#webpage\"},\"author\":{\"@id\":\"https:\/\/fernandadepilacao.com.br\/portal\/#\/schema\/person\/d00644c3bbfd9fd17711767a3b1abbd0\"},\"headline\":\"Depoimentos Reais: A Verdade Sobre a Dor na Depila\u00e7\u00e3o a Laser\",\"datePublished\":\"2026-01-21T11:01:55+00:00\",\"dateModified\":\"2026-01-21T11:01:56+00:00\",\"mainEntityOfPage\":{\"@id\":\"https:\/\/fernandadepilacao.com.br\/portal\/2026\/01\/depoimentos-reais-a-verdade-sobre-a-dor-na-depilacao-a-laser\/#webpage\"},\"wordCount\":823,\"commentCount\":0,\"publisher\":{\"@id\":\"https:\/\/fernandadepilacao.com.br\/portal\/#organization\"},\"image\":{\"@id\":\"https:\/\/fernandadepilacao.com.br\/portal\/2026\/01\/depoimentos-reais-a-verdade-sobre-a-dor-na-depilacao-a-laser\/#primaryimage\"},\"thumbnailUrl\":\"https:\/\/fernandadepilacao.com.br\/portal\/wp-content\/uploads\/2026\/01\/20260121080153.png\",\"inLanguage\":\"pt-BR\",\"potentialAction\":[{\"@type\":\"CommentAction\",\"name\":\"Comment\",\"target\":[\"https:\/\/fernandadepilacao.com.br\/portal\/2026\/01\/depoimentos-reais-a-verdade-sobre-a-dor-na-depilacao-a-laser\/#respond\"]}]},{\"@type\":\"Person\",\"@id\":\"https:\/\/fernandadepilacao.com.br\/portal\/#\/schema\/person\/d00644c3bbfd9fd17711767a3b1abbd0\",\"name\":\"fernandajob\",\"image\":{\"@type\":\"ImageObject\",\"@id\":\"https:\/\/fernandadepilacao.com.br\/portal\/#personlogo\",\"inLanguage\":\"pt-BR\",\"url\":\"https:\/\/secure.gravatar.com\/avatar\/6c2268a68d69a325906fbdccd74b18e6?s=96&d=mm&r=g\",\"contentUrl\":\"https:\/\/secure.gravatar.com\/avatar\/6c2268a68d69a325906fbdccd74b18e6?s=96&d=mm&r=g\",\"caption\":\"fernandajob\"},\"sameAs\":[\"http:\/\/fernandadepilacao.com.br\/portal\"]}]}<\/script>\n<!-- \/ Yoast SEO plugin. -->","yoast_head_json":{"title":"Depoimentos Reais: A Verdade Sobre a Dor na Depila\u00e7\u00e3o a Laser - Fernanda Depila\u00e7\u00e3o","robots":{"index":"index","follow":"follow","max-snippet":"max-snippet:-1","max-image-preview":"max-image-preview:large","max-video-preview":"max-video-preview:-1"},"canonical":"https:\/\/fernandadepilacao.com.br\/portal\/2026\/01\/depoimentos-reais-a-verdade-sobre-a-dor-na-depilacao-a-laser\/","og_locale":"pt_BR","og_type":"article","og_title":"Depoimentos Reais: A Verdade Sobre a Dor na Depila\u00e7\u00e3o a Laser - Fernanda Depila\u00e7\u00e3o","og_description":"Depoimentos e Experi\u00eancias Reais: Entenda a Dor na Depila\u00e7\u00e3o a Laser Depila\u00e7\u00e3o a Laser: O Que Esperar da Sensa\u00e7\u00e3o Durante o Procedimento? A depila\u00e7\u00e3o a laser se tornou um dos m\u00e9todos mais buscados para eliminar os pelos indesejados de forma duradoura. Ainda assim, uma das maiores d\u00favidas para quem est\u00e1 considerando o procedimento \u00e9 sobre &hellip; Depoimentos Reais: A Verdade Sobre a Dor na Depila\u00e7\u00e3o a Laser Leia mais &raquo;","og_url":"https:\/\/fernandadepilacao.com.br\/portal\/2026\/01\/depoimentos-reais-a-verdade-sobre-a-dor-na-depilacao-a-laser\/","og_site_name":"Fernanda Depila\u00e7\u00e3o","article_publisher":"https:\/\/www.facebook.com\/ferjobdepilacao","article_published_time":"2026-01-21T11:01:55+00:00","article_modified_time":"2026-01-21T11:01:56+00:00","twitter_card":"summary_large_image","twitter_misc":{"Escrito por":"fernandajob","Est. tempo de leitura":"4 minutos"},"schema":{"@context":"https:\/\/schema.org","@graph":[{"@type":"Organization","@id":"https:\/\/fernandadepilacao.com.br\/portal\/#organization","name":"Fernanda Depila\u00e7\u00e3o","url":"https:\/\/fernandadepilacao.com.br\/portal\/","sameAs":["https:\/\/www.facebook.com\/ferjobdepilacao","http:\/\/instagram.com\/fernanda_job"],"logo":{"@type":"ImageObject","@id":"https:\/\/fernandadepilacao.com.br\/portal\/#logo","inLanguage":"pt-BR","url":"http:\/\/fernandadepilacao.com.br\/portal\/wp-content\/uploads\/2021\/03\/logo_fernanda.png","contentUrl":"http:\/\/fernandadepilacao.com.br\/portal\/wp-content\/uploads\/2021\/03\/logo_fernanda.png","width":673,"height":688,"caption":"Fernanda Depila\u00e7\u00e3o"},"image":{"@id":"https:\/\/fernandadepilacao.com.br\/portal\/#logo"}},{"@type":"WebSite","@id":"https:\/\/fernandadepilacao.com.br\/portal\/#website","url":"https:\/\/fernandadepilacao.com.br\/portal\/","name":"Fernanda Depila\u00e7\u00e3o","description":"","publisher":{"@id":"https:\/\/fernandadepilacao.com.br\/portal\/#organization"},"potentialAction":[{"@type":"SearchAction","target":{"@type":"EntryPoint","urlTemplate":"https:\/\/fernandadepilacao.com.br\/portal\/?s={search_term_string}"},"query-input":"required name=search_term_string"}],"inLanguage":"pt-BR"},{"@type":"ImageObject","@id":"https:\/\/fernandadepilacao.com.br\/portal\/2026\/01\/depoimentos-reais-a-verdade-sobre-a-dor-na-depilacao-a-laser\/#primaryimage","inLanguage":"pt-BR","url":"https:\/\/fernandadepilacao.com.br\/portal\/wp-content\/uploads\/2026\/01\/20260121080153.png","contentUrl":"https:\/\/fernandadepilacao.com.br\/portal\/wp-content\/uploads\/2026\/01\/20260121080153.png","width":500,"height":500},{"@type":"WebPage","@id":"https:\/\/fernandadepilacao.com.br\/portal\/2026\/01\/depoimentos-reais-a-verdade-sobre-a-dor-na-depilacao-a-laser\/#webpage","url":"https:\/\/fernandadepilacao.com.br\/portal\/2026\/01\/depoimentos-reais-a-verdade-sobre-a-dor-na-depilacao-a-laser\/","name":"Depoimentos Reais: A Verdade Sobre a Dor na Depila\u00e7\u00e3o a Laser - Fernanda Depila\u00e7\u00e3o","isPartOf":{"@id":"https:\/\/fernandadepilacao.com.br\/portal\/#website"},"primaryImageOfPage":{"@id":"https:\/\/fernandadepilacao.com.br\/portal\/2026\/01\/depoimentos-reais-a-verdade-sobre-a-dor-na-depilacao-a-laser\/#primaryimage"},"datePublished":"2026-01-21T11:01:55+00:00","dateModified":"2026-01-21T11:01:56+00:00","breadcrumb":{"@id":"https:\/\/fernandadepilacao.com.br\/portal\/2026\/01\/depoimentos-reais-a-verdade-sobre-a-dor-na-depilacao-a-laser\/#breadcrumb"},"inLanguage":"pt-BR","potentialAction":[{"@type":"ReadAction","target":["https:\/\/fernandadepilacao.com.br\/portal\/2026\/01\/depoimentos-reais-a-verdade-sobre-a-dor-na-depilacao-a-laser\/"]}]},{"@type":"BreadcrumbList","@id":"https:\/\/fernandadepilacao.com.br\/portal\/2026\/01\/depoimentos-reais-a-verdade-sobre-a-dor-na-depilacao-a-laser\/#breadcrumb","itemListElement":[{"@type":"ListItem","position":1,"name":"In\u00edcio","item":"http:\/\/fernandadepilacao.com.br\/portal\/"},{"@type":"ListItem","position":2,"name":"Depoimentos Reais: A Verdade Sobre a Dor na Depila\u00e7\u00e3o a Laser"}]},{"@type":"Article","@id":"https:\/\/fernandadepilacao.com.br\/portal\/2026\/01\/depoimentos-reais-a-verdade-sobre-a-dor-na-depilacao-a-laser\/#article","isPartOf":{"@id":"https:\/\/fernandadepilacao.com.br\/portal\/2026\/01\/depoimentos-reais-a-verdade-sobre-a-dor-na-depilacao-a-laser\/#webpage"},"author":{"@id":"https:\/\/fernandadepilacao.com.br\/portal\/#\/schema\/person\/d00644c3bbfd9fd17711767a3b1abbd0"},"headline":"Depoimentos Reais: A Verdade Sobre a Dor na Depila\u00e7\u00e3o a Laser","datePublished":"2026-01-21T11:01:55+00:00","dateModified":"2026-01-21T11:01:56+00:00","mainEntityOfPage":{"@id":"https:\/\/fernandadepilacao.com.br\/portal\/2026\/01\/depoimentos-reais-a-verdade-sobre-a-dor-na-depilacao-a-laser\/#webpage"},"wordCount":823,"commentCount":0,"publisher":{"@id":"https:\/\/fernandadepilacao.com.br\/portal\/#organization"},"image":{"@id":"https:\/\/fernandadepilacao.com.br\/portal\/2026\/01\/depoimentos-reais-a-verdade-sobre-a-dor-na-depilacao-a-laser\/#primaryimage"},"thumbnailUrl":"https:\/\/fernandadepilacao.com.br\/portal\/wp-content\/uploads\/2026\/01\/20260121080153.png","inLanguage":"pt-BR","potentialAction":[{"@type":"CommentAction","name":"Comment","target":["https:\/\/fernandadepilacao.com.br\/portal\/2026\/01\/depoimentos-reais-a-verdade-sobre-a-dor-na-depilacao-a-laser\/#respond"]}]},{"@type":"Person","@id":"https:\/\/fernandadepilacao.com.br\/portal\/#\/schema\/person\/d00644c3bbfd9fd17711767a3b1abbd0","name":"fernandajob","image":{"@type":"ImageObject","@id":"https:\/\/fernandadepilacao.com.br\/portal\/#personlogo","inLanguage":"pt-BR","url":"https:\/\/secure.gravatar.com\/avatar\/6c2268a68d69a325906fbdccd74b18e6?s=96&d=mm&r=g","contentUrl":"https:\/\/secure.gravatar.com\/avatar\/6c2268a68d69a325906fbdccd74b18e6?s=96&d=mm&r=g","caption":"fernandajob"},"sameAs":["http:\/\/fernandadepilacao.com.br\/portal"]}]}},"uagb_featured_image_src":{"full":["https:\/\/fernandadepilacao.com.br\/portal\/wp-content\/uploads\/2026\/01\/20260121080153.png",500,500,false],"thumbnail":["https:\/\/fernandadepilacao.com.br\/portal\/wp-content\/uploads\/2026\/01\/20260121080153-150x150.png",150,150,true],"medium":["https:\/\/fernandadepilacao.com.br\/portal\/wp-content\/uploads\/2026\/01\/20260121080153-300x300.png",300,300,true],"medium_large":["https:\/\/fernandadepilacao.com.br\/portal\/wp-content\/uploads\/2026\/01\/20260121080153.png",500,500,false],"large":["https:\/\/fernandadepilacao.com.br\/portal\/wp-content\/uploads\/2026\/01\/20260121080153.png",500,500,false],"1536x1536":["https:\/\/fernandadepilacao.com.br\/portal\/wp-content\/uploads\/2026\/01\/20260121080153.png",500,500,false],"2048x2048":["https:\/\/fernandadepilacao.com.br\/portal\/wp-content\/uploads\/2026\/01\/20260121080153.png",500,500,false]},"uagb_author_info":{"display_name":"fernandajob","author_link":"https:\/\/fernandadepilacao.com.br\/portal\/author\/fernandajob\/"},"uagb_comment_info":0,"uagb_excerpt":"Depoimentos e Experi\u00eancias Reais: Entenda a Dor na Depila\u00e7\u00e3o a Laser Depila\u00e7\u00e3o a Laser: O Que Esperar da Sensa\u00e7\u00e3o Durante o Procedimento? A depila\u00e7\u00e3o a laser se tornou um dos m\u00e9todos mais buscados para eliminar os pelos indesejados de forma duradoura. Ainda assim, uma das maiores d\u00favidas para quem est\u00e1 considerando o procedimento \u00e9 sobre&hellip;","_links":{"self":[{"href":"https:\/\/fernandadepilacao.com.br\/portal\/wp-json\/wp\/v2\/posts\/1173"}],"collection":[{"href":"https:\/\/fernandadepilacao.com.br\/portal\/wp-json\/wp\/v2\/posts"}],"about":[{"href":"https:\/\/fernandadepilacao.com.br\/portal\/wp-json\/wp\/v2\/types\/post"}],"author":[{"embeddable":true,"href":"https:\/\/fernandadepilacao.com.br\/portal\/wp-json\/wp\/v2\/users\/1"}],"replies":[{"embeddable":true,"href":"https:\/\/fernandadepilacao.com.br\/portal\/wp-json\/wp\/v2\/comments?post=1173"}],"version-history":[{"count":1,"href":"https:\/\/fernandadepilacao.com.br\/portal\/wp-json\/wp\/v2\/posts\/1173\/revisions"}],"predecessor-version":[{"id":1174,"href":"https:\/\/fernandadepilacao.com.br\/portal\/wp-json\/wp\/v2\/posts\/1173\/revisions\/1174"}],"wp:featuredmedia":[{"embeddable":true,"href":"https:\/\/fernandadepilacao.com.br\/portal\/wp-json\/wp\/v2\/media\/1172"}],"wp:attachment":[{"href":"https:\/\/fernandadepilacao.com.br\/portal\/wp-json\/wp\/v2\/media?parent=1173"}],"wp:term":[{"taxonomy":"category","embeddable":true,"href":"https:\/\/fernandadepilacao.com.br\/portal\/wp-json\/wp\/v2\/categories?post=1173"},{"taxonomy":"post_tag","embeddable":true,"href":"https:\/\/fernandadepilacao.com.br\/portal\/wp-json\/wp\/v2\/tags?post=1173"}],"curies":[{"name":"wp","href":"https:\/\/api.w.org\/{rel}","templated":true}]}}