{"id":1146,"date":"2026-01-17T08:01:35","date_gmt":"2026-01-17T11:01:35","guid":{"rendered":"https:\/\/fernandadepilacao.com.br\/portal\/2026\/01\/como-prevenir-irritacoes-e-foliculite-apos-a-depilacao-facial\/"},"modified":"2026-01-17T08:01:36","modified_gmt":"2026-01-17T11:01:36","slug":"como-prevenir-irritacoes-e-foliculite-apos-a-depilacao-facial","status":"publish","type":"post","link":"https:\/\/fernandadepilacao.com.br\/portal\/2026\/01\/como-prevenir-irritacoes-e-foliculite-apos-a-depilacao-facial\/","title":{"rendered":"Como Prevenir Irrita\u00e7\u00f5es e Foliculite Ap\u00f3s a Depila\u00e7\u00e3o Facial"},"content":{"rendered":"<article>\n<header>\n<h1>Como Prevenir Irrita\u00e7\u00f5es e Foliculite Ap\u00f3s a Depila\u00e7\u00e3o Facial<\/h1>\n<p>    <meta name=\"description\" content=\"Descubra dicas essenciais para evitar irrita\u00e7\u00f5es na pele e foliculite ap\u00f3s a depila\u00e7\u00e3o facial. Saiba como cuidar da sua pele, os melhores produtos e os cuidados pr\u00e9 e p\u00f3s-procedimento para manter sua pele saud\u00e1vel, macia e livre de inflama\u00e7\u00f5es.\" \/><br \/>\n  <\/header>\n<section>\n<h2>Entendendo a Depila\u00e7\u00e3o Facial e Seus Riscos<\/h2>\n<p>\n      A depila\u00e7\u00e3o facial \u00e9 um procedimento muito procurado por quem deseja uma pele lisa e livre de pelos, seja por raz\u00f5es est\u00e9ticas ou por quest\u00f5es de higiene. No entanto, \u00e9 comum que algumas pessoas experimentem <strong>irrita\u00e7\u00f5es na pele<\/strong> ou epis\u00f3dios de <strong>foliculite<\/strong> ap\u00f3s o procedimento. Esses quadros podem se manifestar como vermelhid\u00e3o, coceira, pequenas bolinhas ou at\u00e9 mesmo p\u00fastulas. Mas, com alguns cuidados simples, \u00e9 poss\u00edvel reduzir bastante esses riscos e garantir <strong>resultados duradouros<\/strong> e confort\u00e1veis.\n    <\/p>\n<\/section>\n<section>\n<h2>O que \u00e9 Foliculite?<\/h2>\n<p>\n      A <strong>foliculite<\/strong> ocorre quando o fol\u00edculo piloso (o \u201cburaquinho\u201d de onde nasce o pelo) inflama ou infecta, geralmente por bact\u00e9rias ou fungos. \u00c9 bastante comum ap\u00f3s m\u00e9todos de depila\u00e7\u00e3o que arrancam o pelo pela raiz, como <em>cera<\/em> ou <em>pin\u00e7a<\/em>, j\u00e1 que a pele pode sofrer microles\u00f5es durante o procedimento.\n    <\/p>\n<p>\n      Os sintomas cl\u00e1ssicos incluem \u00e1reas avermelhadas, pequenas bolinhas com ou sem pus e sensa\u00e7\u00e3o de ard\u00eancia ou dor. Prevenir a foliculite \u00e9 sin\u00f4nimo de sa\u00fade e bem-estar da pele, al\u00e9m de evitar manchas indesejadas e desconforto prolongado.\n    <\/p>\n<\/section>\n<section>\n<h2>Dicas Essenciais de Preven\u00e7\u00e3o de Irrita\u00e7\u00f5es e Foliculite<\/h2>\n<h3>1. Higienize Bem a Pele Antes da Depila\u00e7\u00e3o<\/h3>\n<p>\n      Antes de qualquer procedimento de <strong>depila\u00e7\u00e3o facial<\/strong>, lave o rosto com um <strong>sabonete neutro<\/strong> e \u00e1gua morna. Isso elimina res\u00edduos de maquiagem, oleosidade ou sujeira, evitando que impurezas penetrem nos poros abertos durante o procedimento.\n    <\/p>\n<h3>2. Esfolie Levemente (Mas N\u00e3o No Mesmo Dia)<\/h3>\n<p>\n      Esfoliar a pele <strong>1-2 dias antes<\/strong> da depila\u00e7\u00e3o ajuda a remover c\u00e9lulas mortas, facilitando a sa\u00edda dos pelos e dificultando o entupimento dos fol\u00edculos. Evite esfolia\u00e7\u00e3o no mesmo dia da depila\u00e7\u00e3o, pois a pele estar\u00e1 mais sens\u00edvel.\n    <\/p>\n<h3>3. Evite Produtos Irritantes<\/h3>\n<p>\n      Ap\u00f3s a depila\u00e7\u00e3o facial, evite aplicar produtos que contenham \u00e1lcool, \u00e1cidos ou subst\u00e2ncias adstringentes. Prefira cremes calmantes, como os que cont\u00eam <strong>cal\u00eandula, aloe vera ou pantenol<\/strong>, ideais para hidratar e regenerar a pele.\n    <\/p>\n<h3>4. Use Compressa Fria<\/h3>\n<p>\n      Logo ap\u00f3s o procedimento, uma <strong>compressa gelada<\/strong> pode ajudar a restringir os vasos sangu\u00edneos e diminuir o incha\u00e7o e a vermelhid\u00e3o. Isso proporciona conforto imediato e acalma a pele.\n    <\/p>\n<h3>5. Cuidado com a M\u00e3o no Rosto<\/h3>\n<p>\n      Ap\u00f3s a depila\u00e7\u00e3o facial, evite tocar, co\u00e7ar ou espremer a regi\u00e3o, pois isso pode introduzir bact\u00e9rias e agravar quadros de foliculite.\n    <\/p>\n<h3>6. Mantenha o Material Sempre Limpo<\/h3>\n<p>\n      Seja cera, pin\u00e7a, l\u00e2mina ou linha, <strong>todo o material deve ser esterilizado<\/strong> e individualizado. Isso previne a contamina\u00e7\u00e3o cruzada e o risco de infec\u00e7\u00f5es.\n    <\/p>\n<h3>7. Proteja-se do Sol<\/h3>\n<p>\n      Nos dias seguintes \u00e0 depila\u00e7\u00e3o facial, evite exposi\u00e7\u00e3o solar direta e sempre use <strong>protetor solar<\/strong>. Assim, voc\u00ea previne manchas, sensibilidade e outras rea\u00e7\u00f5es adversas.\n    <\/p>\n<\/section>\n<section>\n<h2>Quando Procurar um Profissional?<\/h2>\n<p>\n      Se voc\u00ea notar sintomas como dor intensa, pus, aumento da vermelhid\u00e3o, coceira persistente ou manchas escuras ap\u00f3s a depila\u00e7\u00e3o facial, procure a avalia\u00e7\u00e3o de um profissional esteticista, dermatologista ou especialista em depila\u00e7\u00e3o. O diagn\u00f3stico precoce evita complica\u00e7\u00f5es e promove a <strong>sa\u00fade da pele<\/strong> a longo prazo.\n    <\/p>\n<\/section>\n<section>\n<h2>Perguntas Frequentes sobre Depila\u00e7\u00e3o Facial e Cuidados P\u00f3s-Procedimento<\/h2>\n<dl>\n<dt><strong>Posso usar maquiagem logo ap\u00f3s a depila\u00e7\u00e3o facial?<\/strong><\/dt>\n<dd>O ideal \u00e9 aguardar pelo menos 24 horas antes de aplicar maquiagem, para evitar obstru\u00e7\u00e3o dos poros e diminuir o risco de irrita\u00e7\u00f5es.<\/dd>\n<dt><strong>Qual \u00e9 o melhor m\u00e9todo de depila\u00e7\u00e3o facial para quem tem pele sens\u00edvel?<\/strong><\/dt>\n<dd>A depila\u00e7\u00e3o com linha (threading) costuma ser uma boa op\u00e7\u00e3o por ser menos agressiva \u00e0 pele, mas a escolha deve sempre considerar a avalia\u00e7\u00e3o de um profissional.<\/dd>\n<dt><strong>Como saber se a irrita\u00e7\u00e3o \u00e9 normal ou sinal de problema?<\/strong><\/dt>\n<dd>Irrita\u00e7\u00e3o leve, com vermelhid\u00e3o discreta e sensa\u00e7\u00e3o de calor, \u00e9 comum e deve desaparecer em poucas horas. Piora dos sintomas, presen\u00e7a de pus ou dor intensa s\u00e3o indicativos de consulta especializada.<\/dd>\n<\/dl>\n<\/section>\n<section>\n<h2>Conclus\u00e3o<\/h2>\n<p>\n      A <strong>preven\u00e7\u00e3o de irrita\u00e7\u00f5es e foliculite ap\u00f3s a depila\u00e7\u00e3o facial<\/strong> est\u00e1 ao alcance de todos, bastando alguns cuidados essenciais. Cada pele \u00e9 \u00fanica, por isso, adapte as recomenda\u00e7\u00f5es de acordo com sua rotina e necessidades. Cuide-se, proteja-se e desfrute de uma pele sempre bonita, limpa e saud\u00e1vel!\n    <\/p>\n<\/section>\n<\/article>\n","protected":false},"excerpt":{"rendered":"<p>Como Prevenir Irrita\u00e7\u00f5es e Foliculite Ap\u00f3s a Depila\u00e7\u00e3o Facial Entendendo a Depila\u00e7\u00e3o Facial e Seus Riscos A depila\u00e7\u00e3o facial \u00e9 um procedimento muito procurado por quem deseja uma pele lisa e livre de pelos, seja por raz\u00f5es est\u00e9ticas ou por quest\u00f5es de higiene. No entanto, \u00e9 comum que algumas pessoas experimentem irrita\u00e7\u00f5es na pele ou &hellip;<\/p>\n<p class=\"read-more\"> <a class=\"\" href=\"https:\/\/fernandadepilacao.com.br\/portal\/2026\/01\/como-prevenir-irritacoes-e-foliculite-apos-a-depilacao-facial\/\"> <span class=\"screen-reader-text\">Como Prevenir Irrita\u00e7\u00f5es e Foliculite Ap\u00f3s a Depila\u00e7\u00e3o Facial<\/span> Leia mais &raquo;<\/a><\/p>\n","protected":false},"author":1,"featured_media":1145,"comment_status":"open","ping_status":"open","sticky":false,"template":"","format":"standard","meta":[],"categories":[1],"tags":[],"yoast_head":"<!-- This site is optimized with the Yoast SEO plugin v18.4.1 - https:\/\/yoast.com\/wordpress\/plugins\/seo\/ -->\n<title>Como Prevenir Irrita\u00e7\u00f5es e Foliculite Ap\u00f3s a Depila\u00e7\u00e3o Facial - Fernanda Depila\u00e7\u00e3o<\/title>\n<meta name=\"robots\" content=\"index, follow, max-snippet:-1, max-image-preview:large, max-video-preview:-1\" \/>\n<link rel=\"canonical\" href=\"https:\/\/fernandadepilacao.com.br\/portal\/2026\/01\/como-prevenir-irritacoes-e-foliculite-apos-a-depilacao-facial\/\" \/>\n<meta property=\"og:locale\" content=\"pt_BR\" \/>\n<meta property=\"og:type\" content=\"article\" \/>\n<meta property=\"og:title\" content=\"Como Prevenir Irrita\u00e7\u00f5es e Foliculite Ap\u00f3s a Depila\u00e7\u00e3o Facial - Fernanda Depila\u00e7\u00e3o\" \/>\n<meta property=\"og:description\" content=\"Como Prevenir Irrita\u00e7\u00f5es e Foliculite Ap\u00f3s a Depila\u00e7\u00e3o Facial Entendendo a Depila\u00e7\u00e3o Facial e Seus Riscos A depila\u00e7\u00e3o facial \u00e9 um procedimento muito procurado por quem deseja uma pele lisa e livre de pelos, seja por raz\u00f5es est\u00e9ticas ou por quest\u00f5es de higiene. No entanto, \u00e9 comum que algumas pessoas experimentem irrita\u00e7\u00f5es na pele ou &hellip; Como Prevenir Irrita\u00e7\u00f5es e Foliculite Ap\u00f3s a Depila\u00e7\u00e3o Facial Leia mais &raquo;\" \/>\n<meta property=\"og:url\" content=\"https:\/\/fernandadepilacao.com.br\/portal\/2026\/01\/como-prevenir-irritacoes-e-foliculite-apos-a-depilacao-facial\/\" \/>\n<meta property=\"og:site_name\" content=\"Fernanda Depila\u00e7\u00e3o\" \/>\n<meta property=\"article:publisher\" content=\"https:\/\/www.facebook.com\/ferjobdepilacao\" \/>\n<meta property=\"article:published_time\" content=\"2026-01-17T11:01:35+00:00\" \/>\n<meta property=\"article:modified_time\" content=\"2026-01-17T11:01:36+00:00\" \/>\n<meta name=\"twitter:card\" content=\"summary_large_image\" \/>\n<meta name=\"twitter:label1\" content=\"Escrito por\" \/>\n\t<meta name=\"twitter:data1\" content=\"fernandajob\" \/>\n\t<meta name=\"twitter:label2\" content=\"Est. tempo de leitura\" \/>\n\t<meta name=\"twitter:data2\" content=\"4 minutos\" \/>\n<script type=\"application\/ld+json\" class=\"yoast-schema-graph\">{\"@context\":\"https:\/\/schema.org\",\"@graph\":[{\"@type\":\"Organization\",\"@id\":\"https:\/\/fernandadepilacao.com.br\/portal\/#organization\",\"name\":\"Fernanda Depila\u00e7\u00e3o\",\"url\":\"https:\/\/fernandadepilacao.com.br\/portal\/\",\"sameAs\":[\"https:\/\/www.facebook.com\/ferjobdepilacao\",\"http:\/\/instagram.com\/fernanda_job\"],\"logo\":{\"@type\":\"ImageObject\",\"@id\":\"https:\/\/fernandadepilacao.com.br\/portal\/#logo\",\"inLanguage\":\"pt-BR\",\"url\":\"http:\/\/fernandadepilacao.com.br\/portal\/wp-content\/uploads\/2021\/03\/logo_fernanda.png\",\"contentUrl\":\"http:\/\/fernandadepilacao.com.br\/portal\/wp-content\/uploads\/2021\/03\/logo_fernanda.png\",\"width\":673,\"height\":688,\"caption\":\"Fernanda Depila\u00e7\u00e3o\"},\"image\":{\"@id\":\"https:\/\/fernandadepilacao.com.br\/portal\/#logo\"}},{\"@type\":\"WebSite\",\"@id\":\"https:\/\/fernandadepilacao.com.br\/portal\/#website\",\"url\":\"https:\/\/fernandadepilacao.com.br\/portal\/\",\"name\":\"Fernanda Depila\u00e7\u00e3o\",\"description\":\"\",\"publisher\":{\"@id\":\"https:\/\/fernandadepilacao.com.br\/portal\/#organization\"},\"potentialAction\":[{\"@type\":\"SearchAction\",\"target\":{\"@type\":\"EntryPoint\",\"urlTemplate\":\"https:\/\/fernandadepilacao.com.br\/portal\/?s={search_term_string}\"},\"query-input\":\"required name=search_term_string\"}],\"inLanguage\":\"pt-BR\"},{\"@type\":\"ImageObject\",\"@id\":\"https:\/\/fernandadepilacao.com.br\/portal\/2026\/01\/como-prevenir-irritacoes-e-foliculite-apos-a-depilacao-facial\/#primaryimage\",\"inLanguage\":\"pt-BR\",\"url\":\"https:\/\/fernandadepilacao.com.br\/portal\/wp-content\/uploads\/2026\/01\/20260117080133.png\",\"contentUrl\":\"https:\/\/fernandadepilacao.com.br\/portal\/wp-content\/uploads\/2026\/01\/20260117080133.png\",\"width\":500,\"height\":500},{\"@type\":\"WebPage\",\"@id\":\"https:\/\/fernandadepilacao.com.br\/portal\/2026\/01\/como-prevenir-irritacoes-e-foliculite-apos-a-depilacao-facial\/#webpage\",\"url\":\"https:\/\/fernandadepilacao.com.br\/portal\/2026\/01\/como-prevenir-irritacoes-e-foliculite-apos-a-depilacao-facial\/\",\"name\":\"Como Prevenir Irrita\u00e7\u00f5es e Foliculite Ap\u00f3s a Depila\u00e7\u00e3o Facial - Fernanda Depila\u00e7\u00e3o\",\"isPartOf\":{\"@id\":\"https:\/\/fernandadepilacao.com.br\/portal\/#website\"},\"primaryImageOfPage\":{\"@id\":\"https:\/\/fernandadepilacao.com.br\/portal\/2026\/01\/como-prevenir-irritacoes-e-foliculite-apos-a-depilacao-facial\/#primaryimage\"},\"datePublished\":\"2026-01-17T11:01:35+00:00\",\"dateModified\":\"2026-01-17T11:01:36+00:00\",\"breadcrumb\":{\"@id\":\"https:\/\/fernandadepilacao.com.br\/portal\/2026\/01\/como-prevenir-irritacoes-e-foliculite-apos-a-depilacao-facial\/#breadcrumb\"},\"inLanguage\":\"pt-BR\",\"potentialAction\":[{\"@type\":\"ReadAction\",\"target\":[\"https:\/\/fernandadepilacao.com.br\/portal\/2026\/01\/como-prevenir-irritacoes-e-foliculite-apos-a-depilacao-facial\/\"]}]},{\"@type\":\"BreadcrumbList\",\"@id\":\"https:\/\/fernandadepilacao.com.br\/portal\/2026\/01\/como-prevenir-irritacoes-e-foliculite-apos-a-depilacao-facial\/#breadcrumb\",\"itemListElement\":[{\"@type\":\"ListItem\",\"position\":1,\"name\":\"In\u00edcio\",\"item\":\"http:\/\/fernandadepilacao.com.br\/portal\/\"},{\"@type\":\"ListItem\",\"position\":2,\"name\":\"Como Prevenir Irrita\u00e7\u00f5es e Foliculite Ap\u00f3s a Depila\u00e7\u00e3o Facial\"}]},{\"@type\":\"Article\",\"@id\":\"https:\/\/fernandadepilacao.com.br\/portal\/2026\/01\/como-prevenir-irritacoes-e-foliculite-apos-a-depilacao-facial\/#article\",\"isPartOf\":{\"@id\":\"https:\/\/fernandadepilacao.com.br\/portal\/2026\/01\/como-prevenir-irritacoes-e-foliculite-apos-a-depilacao-facial\/#webpage\"},\"author\":{\"@id\":\"https:\/\/fernandadepilacao.com.br\/portal\/#\/schema\/person\/d00644c3bbfd9fd17711767a3b1abbd0\"},\"headline\":\"Como Prevenir Irrita\u00e7\u00f5es e Foliculite Ap\u00f3s a Depila\u00e7\u00e3o Facial\",\"datePublished\":\"2026-01-17T11:01:35+00:00\",\"dateModified\":\"2026-01-17T11:01:36+00:00\",\"mainEntityOfPage\":{\"@id\":\"https:\/\/fernandadepilacao.com.br\/portal\/2026\/01\/como-prevenir-irritacoes-e-foliculite-apos-a-depilacao-facial\/#webpage\"},\"wordCount\":740,\"commentCount\":0,\"publisher\":{\"@id\":\"https:\/\/fernandadepilacao.com.br\/portal\/#organization\"},\"image\":{\"@id\":\"https:\/\/fernandadepilacao.com.br\/portal\/2026\/01\/como-prevenir-irritacoes-e-foliculite-apos-a-depilacao-facial\/#primaryimage\"},\"thumbnailUrl\":\"https:\/\/fernandadepilacao.com.br\/portal\/wp-content\/uploads\/2026\/01\/20260117080133.png\",\"inLanguage\":\"pt-BR\",\"potentialAction\":[{\"@type\":\"CommentAction\",\"name\":\"Comment\",\"target\":[\"https:\/\/fernandadepilacao.com.br\/portal\/2026\/01\/como-prevenir-irritacoes-e-foliculite-apos-a-depilacao-facial\/#respond\"]}]},{\"@type\":\"Person\",\"@id\":\"https:\/\/fernandadepilacao.com.br\/portal\/#\/schema\/person\/d00644c3bbfd9fd17711767a3b1abbd0\",\"name\":\"fernandajob\",\"image\":{\"@type\":\"ImageObject\",\"@id\":\"https:\/\/fernandadepilacao.com.br\/portal\/#personlogo\",\"inLanguage\":\"pt-BR\",\"url\":\"https:\/\/secure.gravatar.com\/avatar\/6c2268a68d69a325906fbdccd74b18e6?s=96&d=mm&r=g\",\"contentUrl\":\"https:\/\/secure.gravatar.com\/avatar\/6c2268a68d69a325906fbdccd74b18e6?s=96&d=mm&r=g\",\"caption\":\"fernandajob\"},\"sameAs\":[\"http:\/\/fernandadepilacao.com.br\/portal\"]}]}<\/script>\n<!-- \/ Yoast SEO plugin. -->","yoast_head_json":{"title":"Como Prevenir Irrita\u00e7\u00f5es e Foliculite Ap\u00f3s a Depila\u00e7\u00e3o Facial - Fernanda Depila\u00e7\u00e3o","robots":{"index":"index","follow":"follow","max-snippet":"max-snippet:-1","max-image-preview":"max-image-preview:large","max-video-preview":"max-video-preview:-1"},"canonical":"https:\/\/fernandadepilacao.com.br\/portal\/2026\/01\/como-prevenir-irritacoes-e-foliculite-apos-a-depilacao-facial\/","og_locale":"pt_BR","og_type":"article","og_title":"Como Prevenir Irrita\u00e7\u00f5es e Foliculite Ap\u00f3s a Depila\u00e7\u00e3o Facial - Fernanda Depila\u00e7\u00e3o","og_description":"Como Prevenir Irrita\u00e7\u00f5es e Foliculite Ap\u00f3s a Depila\u00e7\u00e3o Facial Entendendo a Depila\u00e7\u00e3o Facial e Seus Riscos A depila\u00e7\u00e3o facial \u00e9 um procedimento muito procurado por quem deseja uma pele lisa e livre de pelos, seja por raz\u00f5es est\u00e9ticas ou por quest\u00f5es de higiene. No entanto, \u00e9 comum que algumas pessoas experimentem irrita\u00e7\u00f5es na pele ou &hellip; Como Prevenir Irrita\u00e7\u00f5es e Foliculite Ap\u00f3s a Depila\u00e7\u00e3o Facial Leia mais &raquo;","og_url":"https:\/\/fernandadepilacao.com.br\/portal\/2026\/01\/como-prevenir-irritacoes-e-foliculite-apos-a-depilacao-facial\/","og_site_name":"Fernanda Depila\u00e7\u00e3o","article_publisher":"https:\/\/www.facebook.com\/ferjobdepilacao","article_published_time":"2026-01-17T11:01:35+00:00","article_modified_time":"2026-01-17T11:01:36+00:00","twitter_card":"summary_large_image","twitter_misc":{"Escrito por":"fernandajob","Est. tempo de leitura":"4 minutos"},"schema":{"@context":"https:\/\/schema.org","@graph":[{"@type":"Organization","@id":"https:\/\/fernandadepilacao.com.br\/portal\/#organization","name":"Fernanda Depila\u00e7\u00e3o","url":"https:\/\/fernandadepilacao.com.br\/portal\/","sameAs":["https:\/\/www.facebook.com\/ferjobdepilacao","http:\/\/instagram.com\/fernanda_job"],"logo":{"@type":"ImageObject","@id":"https:\/\/fernandadepilacao.com.br\/portal\/#logo","inLanguage":"pt-BR","url":"http:\/\/fernandadepilacao.com.br\/portal\/wp-content\/uploads\/2021\/03\/logo_fernanda.png","contentUrl":"http:\/\/fernandadepilacao.com.br\/portal\/wp-content\/uploads\/2021\/03\/logo_fernanda.png","width":673,"height":688,"caption":"Fernanda Depila\u00e7\u00e3o"},"image":{"@id":"https:\/\/fernandadepilacao.com.br\/portal\/#logo"}},{"@type":"WebSite","@id":"https:\/\/fernandadepilacao.com.br\/portal\/#website","url":"https:\/\/fernandadepilacao.com.br\/portal\/","name":"Fernanda Depila\u00e7\u00e3o","description":"","publisher":{"@id":"https:\/\/fernandadepilacao.com.br\/portal\/#organization"},"potentialAction":[{"@type":"SearchAction","target":{"@type":"EntryPoint","urlTemplate":"https:\/\/fernandadepilacao.com.br\/portal\/?s={search_term_string}"},"query-input":"required name=search_term_string"}],"inLanguage":"pt-BR"},{"@type":"ImageObject","@id":"https:\/\/fernandadepilacao.com.br\/portal\/2026\/01\/como-prevenir-irritacoes-e-foliculite-apos-a-depilacao-facial\/#primaryimage","inLanguage":"pt-BR","url":"https:\/\/fernandadepilacao.com.br\/portal\/wp-content\/uploads\/2026\/01\/20260117080133.png","contentUrl":"https:\/\/fernandadepilacao.com.br\/portal\/wp-content\/uploads\/2026\/01\/20260117080133.png","width":500,"height":500},{"@type":"WebPage","@id":"https:\/\/fernandadepilacao.com.br\/portal\/2026\/01\/como-prevenir-irritacoes-e-foliculite-apos-a-depilacao-facial\/#webpage","url":"https:\/\/fernandadepilacao.com.br\/portal\/2026\/01\/como-prevenir-irritacoes-e-foliculite-apos-a-depilacao-facial\/","name":"Como Prevenir Irrita\u00e7\u00f5es e Foliculite Ap\u00f3s a Depila\u00e7\u00e3o Facial - Fernanda Depila\u00e7\u00e3o","isPartOf":{"@id":"https:\/\/fernandadepilacao.com.br\/portal\/#website"},"primaryImageOfPage":{"@id":"https:\/\/fernandadepilacao.com.br\/portal\/2026\/01\/como-prevenir-irritacoes-e-foliculite-apos-a-depilacao-facial\/#primaryimage"},"datePublished":"2026-01-17T11:01:35+00:00","dateModified":"2026-01-17T11:01:36+00:00","breadcrumb":{"@id":"https:\/\/fernandadepilacao.com.br\/portal\/2026\/01\/como-prevenir-irritacoes-e-foliculite-apos-a-depilacao-facial\/#breadcrumb"},"inLanguage":"pt-BR","potentialAction":[{"@type":"ReadAction","target":["https:\/\/fernandadepilacao.com.br\/portal\/2026\/01\/como-prevenir-irritacoes-e-foliculite-apos-a-depilacao-facial\/"]}]},{"@type":"BreadcrumbList","@id":"https:\/\/fernandadepilacao.com.br\/portal\/2026\/01\/como-prevenir-irritacoes-e-foliculite-apos-a-depilacao-facial\/#breadcrumb","itemListElement":[{"@type":"ListItem","position":1,"name":"In\u00edcio","item":"http:\/\/fernandadepilacao.com.br\/portal\/"},{"@type":"ListItem","position":2,"name":"Como Prevenir Irrita\u00e7\u00f5es e Foliculite Ap\u00f3s a Depila\u00e7\u00e3o Facial"}]},{"@type":"Article","@id":"https:\/\/fernandadepilacao.com.br\/portal\/2026\/01\/como-prevenir-irritacoes-e-foliculite-apos-a-depilacao-facial\/#article","isPartOf":{"@id":"https:\/\/fernandadepilacao.com.br\/portal\/2026\/01\/como-prevenir-irritacoes-e-foliculite-apos-a-depilacao-facial\/#webpage"},"author":{"@id":"https:\/\/fernandadepilacao.com.br\/portal\/#\/schema\/person\/d00644c3bbfd9fd17711767a3b1abbd0"},"headline":"Como Prevenir Irrita\u00e7\u00f5es e Foliculite Ap\u00f3s a Depila\u00e7\u00e3o Facial","datePublished":"2026-01-17T11:01:35+00:00","dateModified":"2026-01-17T11:01:36+00:00","mainEntityOfPage":{"@id":"https:\/\/fernandadepilacao.com.br\/portal\/2026\/01\/como-prevenir-irritacoes-e-foliculite-apos-a-depilacao-facial\/#webpage"},"wordCount":740,"commentCount":0,"publisher":{"@id":"https:\/\/fernandadepilacao.com.br\/portal\/#organization"},"image":{"@id":"https:\/\/fernandadepilacao.com.br\/portal\/2026\/01\/como-prevenir-irritacoes-e-foliculite-apos-a-depilacao-facial\/#primaryimage"},"thumbnailUrl":"https:\/\/fernandadepilacao.com.br\/portal\/wp-content\/uploads\/2026\/01\/20260117080133.png","inLanguage":"pt-BR","potentialAction":[{"@type":"CommentAction","name":"Comment","target":["https:\/\/fernandadepilacao.com.br\/portal\/2026\/01\/como-prevenir-irritacoes-e-foliculite-apos-a-depilacao-facial\/#respond"]}]},{"@type":"Person","@id":"https:\/\/fernandadepilacao.com.br\/portal\/#\/schema\/person\/d00644c3bbfd9fd17711767a3b1abbd0","name":"fernandajob","image":{"@type":"ImageObject","@id":"https:\/\/fernandadepilacao.com.br\/portal\/#personlogo","inLanguage":"pt-BR","url":"https:\/\/secure.gravatar.com\/avatar\/6c2268a68d69a325906fbdccd74b18e6?s=96&d=mm&r=g","contentUrl":"https:\/\/secure.gravatar.com\/avatar\/6c2268a68d69a325906fbdccd74b18e6?s=96&d=mm&r=g","caption":"fernandajob"},"sameAs":["http:\/\/fernandadepilacao.com.br\/portal"]}]}},"uagb_featured_image_src":{"full":["https:\/\/fernandadepilacao.com.br\/portal\/wp-content\/uploads\/2026\/01\/20260117080133.png",500,500,false],"thumbnail":["https:\/\/fernandadepilacao.com.br\/portal\/wp-content\/uploads\/2026\/01\/20260117080133-150x150.png",150,150,true],"medium":["https:\/\/fernandadepilacao.com.br\/portal\/wp-content\/uploads\/2026\/01\/20260117080133-300x300.png",300,300,true],"medium_large":["https:\/\/fernandadepilacao.com.br\/portal\/wp-content\/uploads\/2026\/01\/20260117080133.png",500,500,false],"large":["https:\/\/fernandadepilacao.com.br\/portal\/wp-content\/uploads\/2026\/01\/20260117080133.png",500,500,false],"1536x1536":["https:\/\/fernandadepilacao.com.br\/portal\/wp-content\/uploads\/2026\/01\/20260117080133.png",500,500,false],"2048x2048":["https:\/\/fernandadepilacao.com.br\/portal\/wp-content\/uploads\/2026\/01\/20260117080133.png",500,500,false]},"uagb_author_info":{"display_name":"fernandajob","author_link":"https:\/\/fernandadepilacao.com.br\/portal\/author\/fernandajob\/"},"uagb_comment_info":0,"uagb_excerpt":"Como Prevenir Irrita\u00e7\u00f5es e Foliculite Ap\u00f3s a Depila\u00e7\u00e3o Facial Entendendo a Depila\u00e7\u00e3o Facial e Seus Riscos A depila\u00e7\u00e3o facial \u00e9 um procedimento muito procurado por quem deseja uma pele lisa e livre de pelos, seja por raz\u00f5es est\u00e9ticas ou por quest\u00f5es de higiene. No entanto, \u00e9 comum que algumas pessoas experimentem irrita\u00e7\u00f5es na pele ou&hellip;","_links":{"self":[{"href":"https:\/\/fernandadepilacao.com.br\/portal\/wp-json\/wp\/v2\/posts\/1146"}],"collection":[{"href":"https:\/\/fernandadepilacao.com.br\/portal\/wp-json\/wp\/v2\/posts"}],"about":[{"href":"https:\/\/fernandadepilacao.com.br\/portal\/wp-json\/wp\/v2\/types\/post"}],"author":[{"embeddable":true,"href":"https:\/\/fernandadepilacao.com.br\/portal\/wp-json\/wp\/v2\/users\/1"}],"replies":[{"embeddable":true,"href":"https:\/\/fernandadepilacao.com.br\/portal\/wp-json\/wp\/v2\/comments?post=1146"}],"version-history":[{"count":1,"href":"https:\/\/fernandadepilacao.com.br\/portal\/wp-json\/wp\/v2\/posts\/1146\/revisions"}],"predecessor-version":[{"id":1147,"href":"https:\/\/fernandadepilacao.com.br\/portal\/wp-json\/wp\/v2\/posts\/1146\/revisions\/1147"}],"wp:featuredmedia":[{"embeddable":true,"href":"https:\/\/fernandadepilacao.com.br\/portal\/wp-json\/wp\/v2\/media\/1145"}],"wp:attachment":[{"href":"https:\/\/fernandadepilacao.com.br\/portal\/wp-json\/wp\/v2\/media?parent=1146"}],"wp:term":[{"taxonomy":"category","embeddable":true,"href":"https:\/\/fernandadepilacao.com.br\/portal\/wp-json\/wp\/v2\/categories?post=1146"},{"taxonomy":"post_tag","embeddable":true,"href":"https:\/\/fernandadepilacao.com.br\/portal\/wp-json\/wp\/v2\/tags?post=1146"}],"curies":[{"name":"wp","href":"https:\/\/api.w.org\/{rel}","templated":true}]}}