{"id":1143,"date":"2026-01-16T16:01:33","date_gmt":"2026-01-16T19:01:33","guid":{"rendered":"https:\/\/fernandadepilacao.com.br\/portal\/2026\/01\/depilacao-facial-pele-sensivel-dicas-metodos-cuidados\/"},"modified":"2026-01-16T16:01:34","modified_gmt":"2026-01-16T19:01:34","slug":"depilacao-facial-pele-sensivel-dicas-metodos-cuidados","status":"publish","type":"post","link":"https:\/\/fernandadepilacao.com.br\/portal\/2026\/01\/depilacao-facial-pele-sensivel-dicas-metodos-cuidados\/","title":{"rendered":"Depila\u00e7\u00e3o Facial em Pele Sens\u00edvel: Dicas, M\u00e9todos e Cuidados Essenciais"},"content":{"rendered":"<article>\n<header>\n<h1>Depila\u00e7\u00e3o Facial para Pele Sens\u00edvel: Dicas e Cuidados Essenciais<\/h1>\n<p>    <meta name=\"description\" content=\"Descubra como realizar a depila\u00e7\u00e3o facial em pele sens\u00edvel de forma segura e eficaz. Veja os melhores m\u00e9todos, dicas de especialistas e cuidados para evitar irrita\u00e7\u00f5es e conquistar uma pele suave e saud\u00e1vel.\"><br \/>\n  <\/header>\n<section>\n<h2>O Que \u00e9 a Depila\u00e7\u00e3o Facial?<\/h2>\n<p>A <strong>depila\u00e7\u00e3o facial<\/strong> \u00e9 um procedimento est\u00e9tico muito procurado por quem deseja remover pelos do rosto e conquistar uma pele mais lisa e uniforme. Entre as \u00e1reas mais populares est\u00e3o o bu\u00e7o, sobrancelhas, queixo e costeletas. No entanto, quando o assunto \u00e9 <strong>depila\u00e7\u00e3o facial para pele sens\u00edvel<\/strong>, alguns cuidados espec\u00edficos s\u00e3o necess\u00e1rios para evitar desconfortos como vermelhid\u00e3o, ard\u00eancia e alergias.<\/p>\n<\/section>\n<section>\n<h2>Pele Sens\u00edvel: Caracter\u00edsticas e Principais Cuidados<\/h2>\n<p>A <strong>pele sens\u00edvel<\/strong> \u00e9 facilmente identificada por rea\u00e7\u00f5es como vermelhid\u00e3o, coceira, sensa\u00e7\u00e3o de ardor e at\u00e9 descama\u00e7\u00e3o ap\u00f3s procedimentos est\u00e9ticos ou em contato com subst\u00e2ncias irritantes. Essas rea\u00e7\u00f5es ocorrem devido a uma barreira cut\u00e2nea fragilizada, tornando a pele mais suscet\u00edvel a agressores externos. Por isso, quem possui esse tipo de pele deve prestar aten\u00e7\u00e3o redobrada aos m\u00e9todos de remo\u00e7\u00e3o dos pelos faciais.<\/p>\n<\/section>\n<section>\n<h2>Principais M\u00e9todos de Depila\u00e7\u00e3o Facial para Pele Sens\u00edvel<\/h2>\n<p>Selecionar o m\u00e9todo de <strong>remo\u00e7\u00e3o dos pelos faciais<\/strong> correto \u00e9 fundamental para evitar agress\u00f5es \u00e0 pele sens\u00edvel. Veja abaixo os m\u00e9todos mais indicados:<\/p>\n<ul>\n<li><strong>Depila\u00e7\u00e3o com linha (threading):<\/strong> T\u00e9cnica precisa e que praticamente n\u00e3o agride a pele. Ideal para quem busca desenhar sobrancelhas e eliminar pelos finos do rosto com baixa irrita\u00e7\u00e3o.<\/li>\n<li><strong>Cremes depilat\u00f3rios espec\u00edficos para o rosto:<\/strong> Aten\u00e7\u00e3o ao r\u00f3tulo! Existem f\u00f3rmulas hipoalerg\u00eanicas sem fragr\u00e2ncia, desenvolvidas especialmente para peles sens\u00edveis. Sempre fa\u00e7a um teste de alergia.<\/li>\n<li><strong>Cera fria:<\/strong> Embora a cera quente seja popular, a fria \u00e9 menos invasiva para peles reativas. D\u00ea prefer\u00eancia a ceras naturais, sem aditivos qu\u00edmicos.<\/li>\n<li><strong>Pincetas de alta precis\u00e3o:<\/strong> \u00d3tima para \u00e1reas pequenas e pelos isolados, reduzindo risco de les\u00e3o.<\/li>\n<li><strong>Depiladores el\u00e9tricos delicados:<\/strong> Existem aparelhos pr\u00f3prios para o rosto com cabe\u00e7as espec\u00edficas que minimizam a agress\u00e3o.<\/li>\n<\/ul>\n<p><strong>Observa\u00e7\u00e3o:<\/strong> Evite o uso de l\u00e2minas de barbear no rosto, pois podem causar microcortes e aumentar o risco de irrita\u00e7\u00e3o em peles sens\u00edveis.<\/p>\n<\/section>\n<section>\n<h2>Passo a Passo: Como Se Preparar Para a Depila\u00e7\u00e3o Facial<\/h2>\n<ol>\n<li><strong>Higieniza\u00e7\u00e3o:<\/strong> Lave o rosto com um sabonete suave para retirar impurezas e oleosidade. Evite produtos com \u00e1lcool.<\/li>\n<li><strong>Teste de alergia:<\/strong> Antes de qualquer produto novo, aplique uma pequena quantidade na pele e aguarde 24 horas.<\/li>\n<li><strong>Hidrata\u00e7\u00e3o pr\u00e9via:<\/strong> Use um creme leve, sem fragr\u00e2ncia, para fortalecer a barreira cut\u00e2nea.<\/li>\n<li><strong>Escolha o hor\u00e1rio:<\/strong> Prefira depilar-se \u00e0 noite, para dar tempo \u00e0 pele de se recuperar at\u00e9 o dia seguinte.<\/li>\n<\/ol>\n<\/section>\n<section>\n<h2>Cuidados P\u00f3s-Depila\u00e7\u00e3o Facial em Pele Sens\u00edvel<\/h2>\n<ul>\n<li><strong>Evite exposi\u00e7\u00e3o solar:<\/strong> N\u00e3o se exponha ao sol nas primeiras 48 horas ap\u00f3s a depila\u00e7\u00e3o.<\/li>\n<li><strong>Use compressas frias:<\/strong> Em caso de vermelhid\u00e3o ou incha\u00e7o, aplique uma compressa fria para acalmar a pele.<\/li>\n<li><strong>Hidrata\u00e7\u00e3o intensa:<\/strong> Aposte em produtos calmantes \u00e0 base de aloe vera ou cal\u00eandula.<\/li>\n<li><strong>N\u00e3o use maquiagem imediatamente:<\/strong> Aguarde ao menos 12 horas para evitar obstru\u00e7\u00e3o dos poros e forma\u00e7\u00e3o de les\u00f5es.<\/li>\n<li><strong>Evite produtos \u00e1cidos:<\/strong> Suspenda o uso de cosm\u00e9ticos com \u00e1cido retin\u00f3ico, glic\u00f3lico ou vitamina C por pelo menos 48 horas.<\/li>\n<\/ul>\n<\/section>\n<section>\n<h2>Quando Procurar um(a) Esteticista Especializado(a)?<\/h2>\n<p>Se a pele apresentar vermelhid\u00e3o persistente, incha\u00e7o intenso, bolhas ou outros sinais de irrita\u00e7\u00e3o ap\u00f3s a <strong>depila\u00e7\u00e3o facial<\/strong>, o ideal \u00e9 buscar a avalia\u00e7\u00e3o de um(a) especialista. Profissionais de est\u00e9tica com experi\u00eancia em <strong>pelos faciais<\/strong> e <strong>pele sens\u00edvel<\/strong> saber\u00e3o indicar o melhor tratamento e recomendar cuidados individualizados.<\/p>\n<\/section>\n<section>\n<h2>Perguntas Frequentes sobre Depila\u00e7\u00e3o Facial em Pele Sens\u00edvel<\/h2>\n<dl>\n<dt><strong>Depila\u00e7\u00e3o facial engrossa os pelos?<\/strong><\/dt>\n<dd>N\u00e3o. Os m\u00e9todos de remo\u00e7\u00e3o apenas cortam ou retiram o fio, sem interfer\u00eancia na espessura, cor ou quantidade dos pelos.<\/dd>\n<dt><strong>Qual o intervalo ideal entre as sess\u00f5es?<\/strong><\/dt>\n<dd>O intervalo recomendado \u00e9 de 3 a 4 semanas, mas pode variar de acordo com o m\u00e9todo e a sensibilidade da pele.<\/dd>\n<dt><strong>Cera causa manchas na pele sens\u00edvel?<\/strong><\/dt>\n<dd>Se n\u00e3o houver exposi\u00e7\u00e3o solar e os cuidados p\u00f3s-depila\u00e7\u00e3o forem seguidos, o risco \u00e9 m\u00ednimo. Caso contr\u00e1rio, pode sim sensibilizar e manchar a pele.<\/dd>\n<\/dl>\n<\/section>\n<section>\n<h2>Conclus\u00e3o<\/h2>\n<p>Realizar a <strong>depila\u00e7\u00e3o facial<\/strong> em <strong>pele sens\u00edvel<\/strong> \u00e9 poss\u00edvel e seguro, desde que sejam seguidas as recomenda\u00e7\u00f5es de prepara\u00e7\u00e3o, escolha de m\u00e9todos apropriados e cuidados p\u00f3s-procedimento. Assim, \u00e9 poss\u00edvel manter o rosto livre de pelos, bonito e saud\u00e1vel, evitando rea\u00e7\u00f5es indesejadas. Cuide da sua pele com carinho e aten\u00e7\u00e3o, sem abrir m\u00e3o da autoestima e do conforto!<\/p>\n<\/section>\n<footer>\n<p>Compartilhe este artigo nas redes sociais ou deixe suas d\u00favidas nos coment\u00e1rios!<\/p>\n<\/footer>\n<\/article>\n","protected":false},"excerpt":{"rendered":"<p>Depila\u00e7\u00e3o Facial para Pele Sens\u00edvel: Dicas e Cuidados Essenciais O Que \u00e9 a Depila\u00e7\u00e3o Facial? A depila\u00e7\u00e3o facial \u00e9 um procedimento est\u00e9tico muito procurado por quem deseja remover pelos do rosto e conquistar uma pele mais lisa e uniforme. Entre as \u00e1reas mais populares est\u00e3o o bu\u00e7o, sobrancelhas, queixo e costeletas. No entanto, quando o &hellip;<\/p>\n<p class=\"read-more\"> <a class=\"\" href=\"https:\/\/fernandadepilacao.com.br\/portal\/2026\/01\/depilacao-facial-pele-sensivel-dicas-metodos-cuidados\/\"> <span class=\"screen-reader-text\">Depila\u00e7\u00e3o Facial em Pele Sens\u00edvel: Dicas, M\u00e9todos e Cuidados Essenciais<\/span> Leia mais &raquo;<\/a><\/p>\n","protected":false},"author":1,"featured_media":1142,"comment_status":"open","ping_status":"open","sticky":false,"template":"","format":"standard","meta":[],"categories":[1],"tags":[],"yoast_head":"<!-- This site is optimized with the Yoast SEO plugin v18.4.1 - https:\/\/yoast.com\/wordpress\/plugins\/seo\/ -->\n<title>Depila\u00e7\u00e3o Facial em Pele Sens\u00edvel: Dicas, M\u00e9todos e Cuidados Essenciais - Fernanda Depila\u00e7\u00e3o<\/title>\n<meta name=\"robots\" content=\"index, follow, max-snippet:-1, max-image-preview:large, max-video-preview:-1\" \/>\n<link rel=\"canonical\" href=\"https:\/\/fernandadepilacao.com.br\/portal\/2026\/01\/depilacao-facial-pele-sensivel-dicas-metodos-cuidados\/\" \/>\n<meta property=\"og:locale\" content=\"pt_BR\" \/>\n<meta property=\"og:type\" content=\"article\" \/>\n<meta property=\"og:title\" content=\"Depila\u00e7\u00e3o Facial em Pele Sens\u00edvel: Dicas, M\u00e9todos e Cuidados Essenciais - Fernanda Depila\u00e7\u00e3o\" \/>\n<meta property=\"og:description\" content=\"Depila\u00e7\u00e3o Facial para Pele Sens\u00edvel: Dicas e Cuidados Essenciais O Que \u00e9 a Depila\u00e7\u00e3o Facial? A depila\u00e7\u00e3o facial \u00e9 um procedimento est\u00e9tico muito procurado por quem deseja remover pelos do rosto e conquistar uma pele mais lisa e uniforme. Entre as \u00e1reas mais populares est\u00e3o o bu\u00e7o, sobrancelhas, queixo e costeletas. No entanto, quando o &hellip; Depila\u00e7\u00e3o Facial em Pele Sens\u00edvel: Dicas, M\u00e9todos e Cuidados Essenciais Leia mais &raquo;\" \/>\n<meta property=\"og:url\" content=\"https:\/\/fernandadepilacao.com.br\/portal\/2026\/01\/depilacao-facial-pele-sensivel-dicas-metodos-cuidados\/\" \/>\n<meta property=\"og:site_name\" content=\"Fernanda Depila\u00e7\u00e3o\" \/>\n<meta property=\"article:publisher\" content=\"https:\/\/www.facebook.com\/ferjobdepilacao\" \/>\n<meta property=\"article:published_time\" content=\"2026-01-16T19:01:33+00:00\" \/>\n<meta property=\"article:modified_time\" content=\"2026-01-16T19:01:34+00:00\" \/>\n<meta name=\"twitter:card\" content=\"summary_large_image\" \/>\n<meta name=\"twitter:label1\" content=\"Escrito por\" \/>\n\t<meta name=\"twitter:data1\" content=\"fernandajob\" \/>\n\t<meta name=\"twitter:label2\" content=\"Est. tempo de leitura\" \/>\n\t<meta name=\"twitter:data2\" content=\"4 minutos\" \/>\n<script type=\"application\/ld+json\" class=\"yoast-schema-graph\">{\"@context\":\"https:\/\/schema.org\",\"@graph\":[{\"@type\":\"Organization\",\"@id\":\"https:\/\/fernandadepilacao.com.br\/portal\/#organization\",\"name\":\"Fernanda Depila\u00e7\u00e3o\",\"url\":\"https:\/\/fernandadepilacao.com.br\/portal\/\",\"sameAs\":[\"https:\/\/www.facebook.com\/ferjobdepilacao\",\"http:\/\/instagram.com\/fernanda_job\"],\"logo\":{\"@type\":\"ImageObject\",\"@id\":\"https:\/\/fernandadepilacao.com.br\/portal\/#logo\",\"inLanguage\":\"pt-BR\",\"url\":\"http:\/\/fernandadepilacao.com.br\/portal\/wp-content\/uploads\/2021\/03\/logo_fernanda.png\",\"contentUrl\":\"http:\/\/fernandadepilacao.com.br\/portal\/wp-content\/uploads\/2021\/03\/logo_fernanda.png\",\"width\":673,\"height\":688,\"caption\":\"Fernanda Depila\u00e7\u00e3o\"},\"image\":{\"@id\":\"https:\/\/fernandadepilacao.com.br\/portal\/#logo\"}},{\"@type\":\"WebSite\",\"@id\":\"https:\/\/fernandadepilacao.com.br\/portal\/#website\",\"url\":\"https:\/\/fernandadepilacao.com.br\/portal\/\",\"name\":\"Fernanda Depila\u00e7\u00e3o\",\"description\":\"\",\"publisher\":{\"@id\":\"https:\/\/fernandadepilacao.com.br\/portal\/#organization\"},\"potentialAction\":[{\"@type\":\"SearchAction\",\"target\":{\"@type\":\"EntryPoint\",\"urlTemplate\":\"https:\/\/fernandadepilacao.com.br\/portal\/?s={search_term_string}\"},\"query-input\":\"required name=search_term_string\"}],\"inLanguage\":\"pt-BR\"},{\"@type\":\"ImageObject\",\"@id\":\"https:\/\/fernandadepilacao.com.br\/portal\/2026\/01\/depilacao-facial-pele-sensivel-dicas-metodos-cuidados\/#primaryimage\",\"inLanguage\":\"pt-BR\",\"url\":\"https:\/\/fernandadepilacao.com.br\/portal\/wp-content\/uploads\/2026\/01\/20260116160130.png\",\"contentUrl\":\"https:\/\/fernandadepilacao.com.br\/portal\/wp-content\/uploads\/2026\/01\/20260116160130.png\",\"width\":500,\"height\":500},{\"@type\":\"WebPage\",\"@id\":\"https:\/\/fernandadepilacao.com.br\/portal\/2026\/01\/depilacao-facial-pele-sensivel-dicas-metodos-cuidados\/#webpage\",\"url\":\"https:\/\/fernandadepilacao.com.br\/portal\/2026\/01\/depilacao-facial-pele-sensivel-dicas-metodos-cuidados\/\",\"name\":\"Depila\u00e7\u00e3o Facial em Pele Sens\u00edvel: Dicas, M\u00e9todos e Cuidados Essenciais - Fernanda Depila\u00e7\u00e3o\",\"isPartOf\":{\"@id\":\"https:\/\/fernandadepilacao.com.br\/portal\/#website\"},\"primaryImageOfPage\":{\"@id\":\"https:\/\/fernandadepilacao.com.br\/portal\/2026\/01\/depilacao-facial-pele-sensivel-dicas-metodos-cuidados\/#primaryimage\"},\"datePublished\":\"2026-01-16T19:01:33+00:00\",\"dateModified\":\"2026-01-16T19:01:34+00:00\",\"breadcrumb\":{\"@id\":\"https:\/\/fernandadepilacao.com.br\/portal\/2026\/01\/depilacao-facial-pele-sensivel-dicas-metodos-cuidados\/#breadcrumb\"},\"inLanguage\":\"pt-BR\",\"potentialAction\":[{\"@type\":\"ReadAction\",\"target\":[\"https:\/\/fernandadepilacao.com.br\/portal\/2026\/01\/depilacao-facial-pele-sensivel-dicas-metodos-cuidados\/\"]}]},{\"@type\":\"BreadcrumbList\",\"@id\":\"https:\/\/fernandadepilacao.com.br\/portal\/2026\/01\/depilacao-facial-pele-sensivel-dicas-metodos-cuidados\/#breadcrumb\",\"itemListElement\":[{\"@type\":\"ListItem\",\"position\":1,\"name\":\"In\u00edcio\",\"item\":\"http:\/\/fernandadepilacao.com.br\/portal\/\"},{\"@type\":\"ListItem\",\"position\":2,\"name\":\"Depila\u00e7\u00e3o Facial em Pele Sens\u00edvel: Dicas, M\u00e9todos e Cuidados Essenciais\"}]},{\"@type\":\"Article\",\"@id\":\"https:\/\/fernandadepilacao.com.br\/portal\/2026\/01\/depilacao-facial-pele-sensivel-dicas-metodos-cuidados\/#article\",\"isPartOf\":{\"@id\":\"https:\/\/fernandadepilacao.com.br\/portal\/2026\/01\/depilacao-facial-pele-sensivel-dicas-metodos-cuidados\/#webpage\"},\"author\":{\"@id\":\"https:\/\/fernandadepilacao.com.br\/portal\/#\/schema\/person\/d00644c3bbfd9fd17711767a3b1abbd0\"},\"headline\":\"Depila\u00e7\u00e3o Facial em Pele Sens\u00edvel: Dicas, M\u00e9todos e Cuidados Essenciais\",\"datePublished\":\"2026-01-16T19:01:33+00:00\",\"dateModified\":\"2026-01-16T19:01:34+00:00\",\"mainEntityOfPage\":{\"@id\":\"https:\/\/fernandadepilacao.com.br\/portal\/2026\/01\/depilacao-facial-pele-sensivel-dicas-metodos-cuidados\/#webpage\"},\"wordCount\":810,\"commentCount\":0,\"publisher\":{\"@id\":\"https:\/\/fernandadepilacao.com.br\/portal\/#organization\"},\"image\":{\"@id\":\"https:\/\/fernandadepilacao.com.br\/portal\/2026\/01\/depilacao-facial-pele-sensivel-dicas-metodos-cuidados\/#primaryimage\"},\"thumbnailUrl\":\"https:\/\/fernandadepilacao.com.br\/portal\/wp-content\/uploads\/2026\/01\/20260116160130.png\",\"inLanguage\":\"pt-BR\",\"potentialAction\":[{\"@type\":\"CommentAction\",\"name\":\"Comment\",\"target\":[\"https:\/\/fernandadepilacao.com.br\/portal\/2026\/01\/depilacao-facial-pele-sensivel-dicas-metodos-cuidados\/#respond\"]}]},{\"@type\":\"Person\",\"@id\":\"https:\/\/fernandadepilacao.com.br\/portal\/#\/schema\/person\/d00644c3bbfd9fd17711767a3b1abbd0\",\"name\":\"fernandajob\",\"image\":{\"@type\":\"ImageObject\",\"@id\":\"https:\/\/fernandadepilacao.com.br\/portal\/#personlogo\",\"inLanguage\":\"pt-BR\",\"url\":\"https:\/\/secure.gravatar.com\/avatar\/6c2268a68d69a325906fbdccd74b18e6?s=96&d=mm&r=g\",\"contentUrl\":\"https:\/\/secure.gravatar.com\/avatar\/6c2268a68d69a325906fbdccd74b18e6?s=96&d=mm&r=g\",\"caption\":\"fernandajob\"},\"sameAs\":[\"http:\/\/fernandadepilacao.com.br\/portal\"]}]}<\/script>\n<!-- \/ Yoast SEO plugin. -->","yoast_head_json":{"title":"Depila\u00e7\u00e3o Facial em Pele Sens\u00edvel: Dicas, M\u00e9todos e Cuidados Essenciais - Fernanda Depila\u00e7\u00e3o","robots":{"index":"index","follow":"follow","max-snippet":"max-snippet:-1","max-image-preview":"max-image-preview:large","max-video-preview":"max-video-preview:-1"},"canonical":"https:\/\/fernandadepilacao.com.br\/portal\/2026\/01\/depilacao-facial-pele-sensivel-dicas-metodos-cuidados\/","og_locale":"pt_BR","og_type":"article","og_title":"Depila\u00e7\u00e3o Facial em Pele Sens\u00edvel: Dicas, M\u00e9todos e Cuidados Essenciais - Fernanda Depila\u00e7\u00e3o","og_description":"Depila\u00e7\u00e3o Facial para Pele Sens\u00edvel: Dicas e Cuidados Essenciais O Que \u00e9 a Depila\u00e7\u00e3o Facial? A depila\u00e7\u00e3o facial \u00e9 um procedimento est\u00e9tico muito procurado por quem deseja remover pelos do rosto e conquistar uma pele mais lisa e uniforme. Entre as \u00e1reas mais populares est\u00e3o o bu\u00e7o, sobrancelhas, queixo e costeletas. No entanto, quando o &hellip; Depila\u00e7\u00e3o Facial em Pele Sens\u00edvel: Dicas, M\u00e9todos e Cuidados Essenciais Leia mais &raquo;","og_url":"https:\/\/fernandadepilacao.com.br\/portal\/2026\/01\/depilacao-facial-pele-sensivel-dicas-metodos-cuidados\/","og_site_name":"Fernanda Depila\u00e7\u00e3o","article_publisher":"https:\/\/www.facebook.com\/ferjobdepilacao","article_published_time":"2026-01-16T19:01:33+00:00","article_modified_time":"2026-01-16T19:01:34+00:00","twitter_card":"summary_large_image","twitter_misc":{"Escrito por":"fernandajob","Est. tempo de leitura":"4 minutos"},"schema":{"@context":"https:\/\/schema.org","@graph":[{"@type":"Organization","@id":"https:\/\/fernandadepilacao.com.br\/portal\/#organization","name":"Fernanda Depila\u00e7\u00e3o","url":"https:\/\/fernandadepilacao.com.br\/portal\/","sameAs":["https:\/\/www.facebook.com\/ferjobdepilacao","http:\/\/instagram.com\/fernanda_job"],"logo":{"@type":"ImageObject","@id":"https:\/\/fernandadepilacao.com.br\/portal\/#logo","inLanguage":"pt-BR","url":"http:\/\/fernandadepilacao.com.br\/portal\/wp-content\/uploads\/2021\/03\/logo_fernanda.png","contentUrl":"http:\/\/fernandadepilacao.com.br\/portal\/wp-content\/uploads\/2021\/03\/logo_fernanda.png","width":673,"height":688,"caption":"Fernanda Depila\u00e7\u00e3o"},"image":{"@id":"https:\/\/fernandadepilacao.com.br\/portal\/#logo"}},{"@type":"WebSite","@id":"https:\/\/fernandadepilacao.com.br\/portal\/#website","url":"https:\/\/fernandadepilacao.com.br\/portal\/","name":"Fernanda Depila\u00e7\u00e3o","description":"","publisher":{"@id":"https:\/\/fernandadepilacao.com.br\/portal\/#organization"},"potentialAction":[{"@type":"SearchAction","target":{"@type":"EntryPoint","urlTemplate":"https:\/\/fernandadepilacao.com.br\/portal\/?s={search_term_string}"},"query-input":"required name=search_term_string"}],"inLanguage":"pt-BR"},{"@type":"ImageObject","@id":"https:\/\/fernandadepilacao.com.br\/portal\/2026\/01\/depilacao-facial-pele-sensivel-dicas-metodos-cuidados\/#primaryimage","inLanguage":"pt-BR","url":"https:\/\/fernandadepilacao.com.br\/portal\/wp-content\/uploads\/2026\/01\/20260116160130.png","contentUrl":"https:\/\/fernandadepilacao.com.br\/portal\/wp-content\/uploads\/2026\/01\/20260116160130.png","width":500,"height":500},{"@type":"WebPage","@id":"https:\/\/fernandadepilacao.com.br\/portal\/2026\/01\/depilacao-facial-pele-sensivel-dicas-metodos-cuidados\/#webpage","url":"https:\/\/fernandadepilacao.com.br\/portal\/2026\/01\/depilacao-facial-pele-sensivel-dicas-metodos-cuidados\/","name":"Depila\u00e7\u00e3o Facial em Pele Sens\u00edvel: Dicas, M\u00e9todos e Cuidados Essenciais - Fernanda Depila\u00e7\u00e3o","isPartOf":{"@id":"https:\/\/fernandadepilacao.com.br\/portal\/#website"},"primaryImageOfPage":{"@id":"https:\/\/fernandadepilacao.com.br\/portal\/2026\/01\/depilacao-facial-pele-sensivel-dicas-metodos-cuidados\/#primaryimage"},"datePublished":"2026-01-16T19:01:33+00:00","dateModified":"2026-01-16T19:01:34+00:00","breadcrumb":{"@id":"https:\/\/fernandadepilacao.com.br\/portal\/2026\/01\/depilacao-facial-pele-sensivel-dicas-metodos-cuidados\/#breadcrumb"},"inLanguage":"pt-BR","potentialAction":[{"@type":"ReadAction","target":["https:\/\/fernandadepilacao.com.br\/portal\/2026\/01\/depilacao-facial-pele-sensivel-dicas-metodos-cuidados\/"]}]},{"@type":"BreadcrumbList","@id":"https:\/\/fernandadepilacao.com.br\/portal\/2026\/01\/depilacao-facial-pele-sensivel-dicas-metodos-cuidados\/#breadcrumb","itemListElement":[{"@type":"ListItem","position":1,"name":"In\u00edcio","item":"http:\/\/fernandadepilacao.com.br\/portal\/"},{"@type":"ListItem","position":2,"name":"Depila\u00e7\u00e3o Facial em Pele Sens\u00edvel: Dicas, M\u00e9todos e Cuidados Essenciais"}]},{"@type":"Article","@id":"https:\/\/fernandadepilacao.com.br\/portal\/2026\/01\/depilacao-facial-pele-sensivel-dicas-metodos-cuidados\/#article","isPartOf":{"@id":"https:\/\/fernandadepilacao.com.br\/portal\/2026\/01\/depilacao-facial-pele-sensivel-dicas-metodos-cuidados\/#webpage"},"author":{"@id":"https:\/\/fernandadepilacao.com.br\/portal\/#\/schema\/person\/d00644c3bbfd9fd17711767a3b1abbd0"},"headline":"Depila\u00e7\u00e3o Facial em Pele Sens\u00edvel: Dicas, M\u00e9todos e Cuidados Essenciais","datePublished":"2026-01-16T19:01:33+00:00","dateModified":"2026-01-16T19:01:34+00:00","mainEntityOfPage":{"@id":"https:\/\/fernandadepilacao.com.br\/portal\/2026\/01\/depilacao-facial-pele-sensivel-dicas-metodos-cuidados\/#webpage"},"wordCount":810,"commentCount":0,"publisher":{"@id":"https:\/\/fernandadepilacao.com.br\/portal\/#organization"},"image":{"@id":"https:\/\/fernandadepilacao.com.br\/portal\/2026\/01\/depilacao-facial-pele-sensivel-dicas-metodos-cuidados\/#primaryimage"},"thumbnailUrl":"https:\/\/fernandadepilacao.com.br\/portal\/wp-content\/uploads\/2026\/01\/20260116160130.png","inLanguage":"pt-BR","potentialAction":[{"@type":"CommentAction","name":"Comment","target":["https:\/\/fernandadepilacao.com.br\/portal\/2026\/01\/depilacao-facial-pele-sensivel-dicas-metodos-cuidados\/#respond"]}]},{"@type":"Person","@id":"https:\/\/fernandadepilacao.com.br\/portal\/#\/schema\/person\/d00644c3bbfd9fd17711767a3b1abbd0","name":"fernandajob","image":{"@type":"ImageObject","@id":"https:\/\/fernandadepilacao.com.br\/portal\/#personlogo","inLanguage":"pt-BR","url":"https:\/\/secure.gravatar.com\/avatar\/6c2268a68d69a325906fbdccd74b18e6?s=96&d=mm&r=g","contentUrl":"https:\/\/secure.gravatar.com\/avatar\/6c2268a68d69a325906fbdccd74b18e6?s=96&d=mm&r=g","caption":"fernandajob"},"sameAs":["http:\/\/fernandadepilacao.com.br\/portal"]}]}},"uagb_featured_image_src":{"full":["https:\/\/fernandadepilacao.com.br\/portal\/wp-content\/uploads\/2026\/01\/20260116160130.png",500,500,false],"thumbnail":["https:\/\/fernandadepilacao.com.br\/portal\/wp-content\/uploads\/2026\/01\/20260116160130-150x150.png",150,150,true],"medium":["https:\/\/fernandadepilacao.com.br\/portal\/wp-content\/uploads\/2026\/01\/20260116160130-300x300.png",300,300,true],"medium_large":["https:\/\/fernandadepilacao.com.br\/portal\/wp-content\/uploads\/2026\/01\/20260116160130.png",500,500,false],"large":["https:\/\/fernandadepilacao.com.br\/portal\/wp-content\/uploads\/2026\/01\/20260116160130.png",500,500,false],"1536x1536":["https:\/\/fernandadepilacao.com.br\/portal\/wp-content\/uploads\/2026\/01\/20260116160130.png",500,500,false],"2048x2048":["https:\/\/fernandadepilacao.com.br\/portal\/wp-content\/uploads\/2026\/01\/20260116160130.png",500,500,false]},"uagb_author_info":{"display_name":"fernandajob","author_link":"https:\/\/fernandadepilacao.com.br\/portal\/author\/fernandajob\/"},"uagb_comment_info":0,"uagb_excerpt":"Depila\u00e7\u00e3o Facial para Pele Sens\u00edvel: Dicas e Cuidados Essenciais O Que \u00e9 a Depila\u00e7\u00e3o Facial? A depila\u00e7\u00e3o facial \u00e9 um procedimento est\u00e9tico muito procurado por quem deseja remover pelos do rosto e conquistar uma pele mais lisa e uniforme. Entre as \u00e1reas mais populares est\u00e3o o bu\u00e7o, sobrancelhas, queixo e costeletas. No entanto, quando o&hellip;","_links":{"self":[{"href":"https:\/\/fernandadepilacao.com.br\/portal\/wp-json\/wp\/v2\/posts\/1143"}],"collection":[{"href":"https:\/\/fernandadepilacao.com.br\/portal\/wp-json\/wp\/v2\/posts"}],"about":[{"href":"https:\/\/fernandadepilacao.com.br\/portal\/wp-json\/wp\/v2\/types\/post"}],"author":[{"embeddable":true,"href":"https:\/\/fernandadepilacao.com.br\/portal\/wp-json\/wp\/v2\/users\/1"}],"replies":[{"embeddable":true,"href":"https:\/\/fernandadepilacao.com.br\/portal\/wp-json\/wp\/v2\/comments?post=1143"}],"version-history":[{"count":1,"href":"https:\/\/fernandadepilacao.com.br\/portal\/wp-json\/wp\/v2\/posts\/1143\/revisions"}],"predecessor-version":[{"id":1144,"href":"https:\/\/fernandadepilacao.com.br\/portal\/wp-json\/wp\/v2\/posts\/1143\/revisions\/1144"}],"wp:featuredmedia":[{"embeddable":true,"href":"https:\/\/fernandadepilacao.com.br\/portal\/wp-json\/wp\/v2\/media\/1142"}],"wp:attachment":[{"href":"https:\/\/fernandadepilacao.com.br\/portal\/wp-json\/wp\/v2\/media?parent=1143"}],"wp:term":[{"taxonomy":"category","embeddable":true,"href":"https:\/\/fernandadepilacao.com.br\/portal\/wp-json\/wp\/v2\/categories?post=1143"},{"taxonomy":"post_tag","embeddable":true,"href":"https:\/\/fernandadepilacao.com.br\/portal\/wp-json\/wp\/v2\/tags?post=1143"}],"curies":[{"name":"wp","href":"https:\/\/api.w.org\/{rel}","templated":true}]}}