{"id":1140,"date":"2026-01-16T08:01:48","date_gmt":"2026-01-16T11:01:48","guid":{"rendered":"https:\/\/fernandadepilacao.com.br\/portal\/2026\/01\/guia-completo-indicacoes-contraindicacoes-depilacao-rosto\/"},"modified":"2026-01-16T08:01:49","modified_gmt":"2026-01-16T11:01:49","slug":"guia-completo-indicacoes-contraindicacoes-depilacao-rosto","status":"publish","type":"post","link":"https:\/\/fernandadepilacao.com.br\/portal\/2026\/01\/guia-completo-indicacoes-contraindicacoes-depilacao-rosto\/","title":{"rendered":"Guia Completo de Indica\u00e7\u00f5es e Contraindica\u00e7\u00f5es para Depila\u00e7\u00e3o no Rosto"},"content":{"rendered":"<article>\n<header>\n<h1>Indica\u00e7\u00f5es e Contraindica\u00e7\u00f5es para Depila\u00e7\u00e3o no Rosto: Guia Completo<\/h1>\n<p>    <meta name=\"description\" content=\"Descubra tudo sobre indica\u00e7\u00f5es e contraindica\u00e7\u00f5es para depila\u00e7\u00e3o no rosto. Veja os melhores m\u00e9todos, dicas de seguran\u00e7a e quais cuidados tomar, com informa\u00e7\u00f5es aprovadas por profissionais da \u00e1rea de est\u00e9tica.\" \/><br \/>\n  <\/header>\n<section>\n<h2>Introdu\u00e7\u00e3o<\/h2>\n<p>A <strong>depila\u00e7\u00e3o no rosto<\/strong> \u00e9 um procedimento cada vez mais procurado tanto por mulheres quanto por homens, com o objetivo de remover pelos indesejados e melhorar a apar\u00eancia da pele facial. No entanto, antes de escolher o melhor m\u00e9todo, \u00e9 fundamental conhecer as <strong>indica\u00e7\u00f5es<\/strong> e <strong>contraindica\u00e7\u00f5es<\/strong> para garantir a sa\u00fade e beleza da pele. Continue lendo para entender quando a depila\u00e7\u00e3o facial \u00e9 recomendada, quando deve ser evitada e quais cuidados s\u00e3o indispens\u00e1veis para garantir um resultado seguro e satisfat\u00f3rio.<\/p>\n<\/section>\n<section>\n<h2>Principais M\u00e9todos de Depila\u00e7\u00e3o Facial<\/h2>\n<ul>\n<li><strong>Cera quente ou fria:<\/strong> Remove os pelos pela raiz, oferecendo resultado duradouro. Muito utilizada para bu\u00e7o, sobrancelhas e queixo.<\/li>\n<li><strong>Depila\u00e7\u00e3o com linha (threading):<\/strong> T\u00e9cnica milenar que utiliza linhas de algod\u00e3o para remover os pelos, ideal para \u00e1reas delicadas como sobrancelha e bu\u00e7o.<\/li>\n<li><strong>Creme depilat\u00f3rio:<\/strong> Dissolve o pelo de forma superficial. Requer cuidados com poss\u00edveis irrita\u00e7\u00f5es.<\/li>\n<li><strong>L\u00e2mina:<\/strong> M\u00e9todo r\u00e1pido, mas pode estimular o crescimento mais r\u00e1pido dos pelos.<\/li>\n<li><strong>Laser e luz pulsada:<\/strong> M\u00e9todos tecnol\u00f3gicos e progressivos, indicados para resultados de longa dura\u00e7\u00e3o, mas necessitam de avalia\u00e7\u00e3o profissional pr\u00e9via.<\/li>\n<\/ul>\n<\/section>\n<section>\n<h2>Indica\u00e7\u00f5es para Depila\u00e7\u00e3o no Rosto<\/h2>\n<p>A <strong>depila\u00e7\u00e3o facial<\/strong> \u00e9 indicada para pessoas que apresentam:<br \/>\n      &#8211; Pelos escuros, grossos ou em excesso, que incomodam est\u00e9tica ou socialmente;<br \/>\n      &#8211; Desejo de uniformizar a pele, melhorar a maquiagem ou a textura facial;<br \/>\n      &#8211; Busca por solu\u00e7\u00e3o pr\u00e1tica e r\u00e1pida para remover pelos de \u00e1reas como bu\u00e7o, queixo, bochechas e sobrancelhas;<br \/>\n      &#8211; Necessidade de preparar a pele para procedimentos est\u00e9ticos como limpeza de pele ou aplica\u00e7\u00e3o de cosm\u00e9ticos especiais.\n    <\/p>\n<\/section>\n<section>\n<h2>Contraindica\u00e7\u00f5es para Procedimentos Depilat\u00f3rios no Rosto<\/h2>\n<p>Apesar da praticidade, alguns fatores tornam a <strong>depila\u00e7\u00e3o do rosto<\/strong> temporariamente ou permanentemente contraindicada:<\/p>\n<ul>\n<li><strong>Pele sensibilizada:<\/strong> Casos de queimaduras, acne inflamada, eczema, psor\u00edase, ros\u00e1cea ou qualquer processo inflamat\u00f3rio ativo na face.<\/li>\n<li><strong>Uso de medicamentos fotossensibilizantes:<\/strong> Como \u00e1cidos, isotretino\u00edna ou antibi\u00f3ticos, que podem aumentar o risco de manchas ou irrita\u00e7\u00e3o.<\/li>\n<li><strong>Alergia a componentes dos produtos:<\/strong> Pessoas com hist\u00f3rico de alergia a cera, creme depilat\u00f3rio ou ativos usados em depila\u00e7\u00e3o devem optar por m\u00e9todos alternativos ou testes pr\u00e9vios.<\/li>\n<li><strong>Processos infecciosos:<\/strong> Feridas, les\u00f5es ou herpes labial ativa contraindicam a depila\u00e7\u00e3o pelo risco de dissemina\u00e7\u00e3o e agravamento.<\/li>\n<li><strong>Gesta\u00e7\u00e3o:<\/strong> Alguns m\u00e9todos, como depila\u00e7\u00e3o a laser, s\u00f3 s\u00e3o recomendados sob orienta\u00e7\u00e3o m\u00e9dica durante gesta\u00e7\u00e3o.<\/li>\n<\/ul>\n<\/section>\n<section>\n<h2>Cuidados Antes e Depois da Depila\u00e7\u00e3o Facial<\/h2>\n<h3>Antes da depila\u00e7\u00e3o<\/h3>\n<ul>\n<li>Evite exposi\u00e7\u00e3o solar direta 48 horas antes do procedimento;<\/li>\n<li>N\u00e3o aplique \u00e1cidos, cremes esfoliantes ou produtos irritantes na \u00e1rea a ser depilada pelo menos 3 dias antes;<\/li>\n<li>Higienize bem a pele e mantenha-a limpa e seca.<\/li>\n<\/ul>\n<h3>Ap\u00f3s a depila\u00e7\u00e3o<\/h3>\n<ul>\n<li>Use compressas frias para acalmar a pele e reduzir o vermelhid\u00e3o;<\/li>\n<li>Aplique hidratantes calmantes, como aqueles \u00e0 base de aloe vera ou cal\u00eandula;<\/li>\n<li>Evite exposi\u00e7\u00e3o solar, sauna, piscina ou maquiagem forte pelas pr\u00f3ximas 24 horas;<\/li>\n<li>N\u00e3o toque nem esfregue a pele logo ap\u00f3s o procedimento para evitar irrita\u00e7\u00e3o.<\/li>\n<\/ul>\n<\/section>\n<section>\n<h2>Perguntas Frequentes sobre Depila\u00e7\u00e3o no Rosto<\/h2>\n<dl>\n<dt>Depilar o rosto engrossa os pelos?<\/dt>\n<dd>Mito! Quando removidos pela raiz (cera, linha, laser), os pelos n\u00e3o engrossam. A sensa\u00e7\u00e3o de espessamento \u00e9 comum ap\u00f3s m\u00e9todos como a l\u00e2mina, que corta o pelo na superf\u00edcie.<\/dd>\n<dt>Qual m\u00e9todo depilat\u00f3rio \u00e9 menos agressivo para o rosto?<\/dt>\n<dd>A depila\u00e7\u00e3o com linha e o uso de cremes depilat\u00f3rios pr\u00f3prios para rosto s\u00e3o exemplos de op\u00e7\u00f5es menos agressivas, especialmente para peles sens\u00edveis.<\/dd>\n<dt>O que fazer se a pele ficar irritada ap\u00f3s a depila\u00e7\u00e3o?<\/dt>\n<dd>\u00c9 recomendado usar compressas frias e evitar produtos irritantes. Caso a irrita\u00e7\u00e3o persista, procure orienta\u00e7\u00e3o de um profissional esteticista ou dermatologista.<\/dd>\n<\/dl>\n<\/section>\n<section>\n<h2>Considera\u00e7\u00f5es Finais<\/h2>\n<p>A depila\u00e7\u00e3o facial traz benef\u00edcios est\u00e9ticos e sensa\u00e7\u00e3o de bem-estar, mas sua indica\u00e7\u00e3o requer an\u00e1lise individualizada. Conhecer as indica\u00e7\u00f5es e contraindica\u00e7\u00f5es da depila\u00e7\u00e3o no rosto \u00e9 fundamental para escolher o m\u00e9todo mais seguro e adequado para cada tipo de pele. Sempre que poss\u00edvel, consulte um profissional especializado para avalia\u00e7\u00e3o personalizada e evite procedimentos caseiros sem orienta\u00e7\u00e3o, garantindo a beleza e sa\u00fade da sua pele.<\/p>\n<\/section>\n<footer>\n<p><strong>Palavras-chave:<\/strong> depila\u00e7\u00e3o facial, depila\u00e7\u00e3o no rosto, contraindica\u00e7\u00f5es depila\u00e7\u00e3o rosto, indica\u00e7\u00f5es depila\u00e7\u00e3o facial, m\u00e9todos de depila\u00e7\u00e3o, cuidados ap\u00f3s depila\u00e7\u00e3o, est\u00e9tica facial.<\/p>\n<\/footer>\n<\/article>\n","protected":false},"excerpt":{"rendered":"<p>Indica\u00e7\u00f5es e Contraindica\u00e7\u00f5es para Depila\u00e7\u00e3o no Rosto: Guia Completo Introdu\u00e7\u00e3o A depila\u00e7\u00e3o no rosto \u00e9 um procedimento cada vez mais procurado tanto por mulheres quanto por homens, com o objetivo de remover pelos indesejados e melhorar a apar\u00eancia da pele facial. No entanto, antes de escolher o melhor m\u00e9todo, \u00e9 fundamental conhecer as indica\u00e7\u00f5es e &hellip;<\/p>\n<p class=\"read-more\"> <a class=\"\" href=\"https:\/\/fernandadepilacao.com.br\/portal\/2026\/01\/guia-completo-indicacoes-contraindicacoes-depilacao-rosto\/\"> <span class=\"screen-reader-text\">Guia Completo de Indica\u00e7\u00f5es e Contraindica\u00e7\u00f5es para Depila\u00e7\u00e3o no Rosto<\/span> Leia mais &raquo;<\/a><\/p>\n","protected":false},"author":1,"featured_media":1139,"comment_status":"open","ping_status":"open","sticky":false,"template":"","format":"standard","meta":[],"categories":[1],"tags":[],"yoast_head":"<!-- This site is optimized with the Yoast SEO plugin v18.4.1 - https:\/\/yoast.com\/wordpress\/plugins\/seo\/ -->\n<title>Guia Completo de Indica\u00e7\u00f5es e Contraindica\u00e7\u00f5es para Depila\u00e7\u00e3o no Rosto - Fernanda Depila\u00e7\u00e3o<\/title>\n<meta name=\"robots\" content=\"index, follow, max-snippet:-1, max-image-preview:large, max-video-preview:-1\" \/>\n<link rel=\"canonical\" href=\"https:\/\/fernandadepilacao.com.br\/portal\/2026\/01\/guia-completo-indicacoes-contraindicacoes-depilacao-rosto\/\" \/>\n<meta property=\"og:locale\" content=\"pt_BR\" \/>\n<meta property=\"og:type\" content=\"article\" \/>\n<meta property=\"og:title\" content=\"Guia Completo de Indica\u00e7\u00f5es e Contraindica\u00e7\u00f5es para Depila\u00e7\u00e3o no Rosto - Fernanda Depila\u00e7\u00e3o\" \/>\n<meta property=\"og:description\" content=\"Indica\u00e7\u00f5es e Contraindica\u00e7\u00f5es para Depila\u00e7\u00e3o no Rosto: Guia Completo Introdu\u00e7\u00e3o A depila\u00e7\u00e3o no rosto \u00e9 um procedimento cada vez mais procurado tanto por mulheres quanto por homens, com o objetivo de remover pelos indesejados e melhorar a apar\u00eancia da pele facial. No entanto, antes de escolher o melhor m\u00e9todo, \u00e9 fundamental conhecer as indica\u00e7\u00f5es e &hellip; Guia Completo de Indica\u00e7\u00f5es e Contraindica\u00e7\u00f5es para Depila\u00e7\u00e3o no Rosto Leia mais &raquo;\" \/>\n<meta property=\"og:url\" content=\"https:\/\/fernandadepilacao.com.br\/portal\/2026\/01\/guia-completo-indicacoes-contraindicacoes-depilacao-rosto\/\" \/>\n<meta property=\"og:site_name\" content=\"Fernanda Depila\u00e7\u00e3o\" \/>\n<meta property=\"article:publisher\" content=\"https:\/\/www.facebook.com\/ferjobdepilacao\" \/>\n<meta property=\"article:published_time\" content=\"2026-01-16T11:01:48+00:00\" \/>\n<meta property=\"article:modified_time\" content=\"2026-01-16T11:01:49+00:00\" \/>\n<meta name=\"twitter:card\" content=\"summary_large_image\" \/>\n<meta name=\"twitter:label1\" content=\"Escrito por\" \/>\n\t<meta name=\"twitter:data1\" content=\"fernandajob\" \/>\n\t<meta name=\"twitter:label2\" content=\"Est. tempo de leitura\" \/>\n\t<meta name=\"twitter:data2\" content=\"4 minutos\" \/>\n<script type=\"application\/ld+json\" class=\"yoast-schema-graph\">{\"@context\":\"https:\/\/schema.org\",\"@graph\":[{\"@type\":\"Organization\",\"@id\":\"https:\/\/fernandadepilacao.com.br\/portal\/#organization\",\"name\":\"Fernanda Depila\u00e7\u00e3o\",\"url\":\"https:\/\/fernandadepilacao.com.br\/portal\/\",\"sameAs\":[\"https:\/\/www.facebook.com\/ferjobdepilacao\",\"http:\/\/instagram.com\/fernanda_job\"],\"logo\":{\"@type\":\"ImageObject\",\"@id\":\"https:\/\/fernandadepilacao.com.br\/portal\/#logo\",\"inLanguage\":\"pt-BR\",\"url\":\"http:\/\/fernandadepilacao.com.br\/portal\/wp-content\/uploads\/2021\/03\/logo_fernanda.png\",\"contentUrl\":\"http:\/\/fernandadepilacao.com.br\/portal\/wp-content\/uploads\/2021\/03\/logo_fernanda.png\",\"width\":673,\"height\":688,\"caption\":\"Fernanda Depila\u00e7\u00e3o\"},\"image\":{\"@id\":\"https:\/\/fernandadepilacao.com.br\/portal\/#logo\"}},{\"@type\":\"WebSite\",\"@id\":\"https:\/\/fernandadepilacao.com.br\/portal\/#website\",\"url\":\"https:\/\/fernandadepilacao.com.br\/portal\/\",\"name\":\"Fernanda Depila\u00e7\u00e3o\",\"description\":\"\",\"publisher\":{\"@id\":\"https:\/\/fernandadepilacao.com.br\/portal\/#organization\"},\"potentialAction\":[{\"@type\":\"SearchAction\",\"target\":{\"@type\":\"EntryPoint\",\"urlTemplate\":\"https:\/\/fernandadepilacao.com.br\/portal\/?s={search_term_string}\"},\"query-input\":\"required name=search_term_string\"}],\"inLanguage\":\"pt-BR\"},{\"@type\":\"ImageObject\",\"@id\":\"https:\/\/fernandadepilacao.com.br\/portal\/2026\/01\/guia-completo-indicacoes-contraindicacoes-depilacao-rosto\/#primaryimage\",\"inLanguage\":\"pt-BR\",\"url\":\"https:\/\/fernandadepilacao.com.br\/portal\/wp-content\/uploads\/2026\/01\/20260116080145.png\",\"contentUrl\":\"https:\/\/fernandadepilacao.com.br\/portal\/wp-content\/uploads\/2026\/01\/20260116080145.png\",\"width\":500,\"height\":500},{\"@type\":\"WebPage\",\"@id\":\"https:\/\/fernandadepilacao.com.br\/portal\/2026\/01\/guia-completo-indicacoes-contraindicacoes-depilacao-rosto\/#webpage\",\"url\":\"https:\/\/fernandadepilacao.com.br\/portal\/2026\/01\/guia-completo-indicacoes-contraindicacoes-depilacao-rosto\/\",\"name\":\"Guia Completo de Indica\u00e7\u00f5es e Contraindica\u00e7\u00f5es para Depila\u00e7\u00e3o no Rosto - Fernanda Depila\u00e7\u00e3o\",\"isPartOf\":{\"@id\":\"https:\/\/fernandadepilacao.com.br\/portal\/#website\"},\"primaryImageOfPage\":{\"@id\":\"https:\/\/fernandadepilacao.com.br\/portal\/2026\/01\/guia-completo-indicacoes-contraindicacoes-depilacao-rosto\/#primaryimage\"},\"datePublished\":\"2026-01-16T11:01:48+00:00\",\"dateModified\":\"2026-01-16T11:01:49+00:00\",\"breadcrumb\":{\"@id\":\"https:\/\/fernandadepilacao.com.br\/portal\/2026\/01\/guia-completo-indicacoes-contraindicacoes-depilacao-rosto\/#breadcrumb\"},\"inLanguage\":\"pt-BR\",\"potentialAction\":[{\"@type\":\"ReadAction\",\"target\":[\"https:\/\/fernandadepilacao.com.br\/portal\/2026\/01\/guia-completo-indicacoes-contraindicacoes-depilacao-rosto\/\"]}]},{\"@type\":\"BreadcrumbList\",\"@id\":\"https:\/\/fernandadepilacao.com.br\/portal\/2026\/01\/guia-completo-indicacoes-contraindicacoes-depilacao-rosto\/#breadcrumb\",\"itemListElement\":[{\"@type\":\"ListItem\",\"position\":1,\"name\":\"In\u00edcio\",\"item\":\"http:\/\/fernandadepilacao.com.br\/portal\/\"},{\"@type\":\"ListItem\",\"position\":2,\"name\":\"Guia Completo de Indica\u00e7\u00f5es e Contraindica\u00e7\u00f5es para Depila\u00e7\u00e3o no Rosto\"}]},{\"@type\":\"Article\",\"@id\":\"https:\/\/fernandadepilacao.com.br\/portal\/2026\/01\/guia-completo-indicacoes-contraindicacoes-depilacao-rosto\/#article\",\"isPartOf\":{\"@id\":\"https:\/\/fernandadepilacao.com.br\/portal\/2026\/01\/guia-completo-indicacoes-contraindicacoes-depilacao-rosto\/#webpage\"},\"author\":{\"@id\":\"https:\/\/fernandadepilacao.com.br\/portal\/#\/schema\/person\/d00644c3bbfd9fd17711767a3b1abbd0\"},\"headline\":\"Guia Completo de Indica\u00e7\u00f5es e Contraindica\u00e7\u00f5es para Depila\u00e7\u00e3o no Rosto\",\"datePublished\":\"2026-01-16T11:01:48+00:00\",\"dateModified\":\"2026-01-16T11:01:49+00:00\",\"mainEntityOfPage\":{\"@id\":\"https:\/\/fernandadepilacao.com.br\/portal\/2026\/01\/guia-completo-indicacoes-contraindicacoes-depilacao-rosto\/#webpage\"},\"wordCount\":786,\"commentCount\":0,\"publisher\":{\"@id\":\"https:\/\/fernandadepilacao.com.br\/portal\/#organization\"},\"image\":{\"@id\":\"https:\/\/fernandadepilacao.com.br\/portal\/2026\/01\/guia-completo-indicacoes-contraindicacoes-depilacao-rosto\/#primaryimage\"},\"thumbnailUrl\":\"https:\/\/fernandadepilacao.com.br\/portal\/wp-content\/uploads\/2026\/01\/20260116080145.png\",\"inLanguage\":\"pt-BR\",\"potentialAction\":[{\"@type\":\"CommentAction\",\"name\":\"Comment\",\"target\":[\"https:\/\/fernandadepilacao.com.br\/portal\/2026\/01\/guia-completo-indicacoes-contraindicacoes-depilacao-rosto\/#respond\"]}]},{\"@type\":\"Person\",\"@id\":\"https:\/\/fernandadepilacao.com.br\/portal\/#\/schema\/person\/d00644c3bbfd9fd17711767a3b1abbd0\",\"name\":\"fernandajob\",\"image\":{\"@type\":\"ImageObject\",\"@id\":\"https:\/\/fernandadepilacao.com.br\/portal\/#personlogo\",\"inLanguage\":\"pt-BR\",\"url\":\"https:\/\/secure.gravatar.com\/avatar\/6c2268a68d69a325906fbdccd74b18e6?s=96&d=mm&r=g\",\"contentUrl\":\"https:\/\/secure.gravatar.com\/avatar\/6c2268a68d69a325906fbdccd74b18e6?s=96&d=mm&r=g\",\"caption\":\"fernandajob\"},\"sameAs\":[\"http:\/\/fernandadepilacao.com.br\/portal\"]}]}<\/script>\n<!-- \/ Yoast SEO plugin. -->","yoast_head_json":{"title":"Guia Completo de Indica\u00e7\u00f5es e Contraindica\u00e7\u00f5es para Depila\u00e7\u00e3o no Rosto - Fernanda Depila\u00e7\u00e3o","robots":{"index":"index","follow":"follow","max-snippet":"max-snippet:-1","max-image-preview":"max-image-preview:large","max-video-preview":"max-video-preview:-1"},"canonical":"https:\/\/fernandadepilacao.com.br\/portal\/2026\/01\/guia-completo-indicacoes-contraindicacoes-depilacao-rosto\/","og_locale":"pt_BR","og_type":"article","og_title":"Guia Completo de Indica\u00e7\u00f5es e Contraindica\u00e7\u00f5es para Depila\u00e7\u00e3o no Rosto - Fernanda Depila\u00e7\u00e3o","og_description":"Indica\u00e7\u00f5es e Contraindica\u00e7\u00f5es para Depila\u00e7\u00e3o no Rosto: Guia Completo Introdu\u00e7\u00e3o A depila\u00e7\u00e3o no rosto \u00e9 um procedimento cada vez mais procurado tanto por mulheres quanto por homens, com o objetivo de remover pelos indesejados e melhorar a apar\u00eancia da pele facial. No entanto, antes de escolher o melhor m\u00e9todo, \u00e9 fundamental conhecer as indica\u00e7\u00f5es e &hellip; Guia Completo de Indica\u00e7\u00f5es e Contraindica\u00e7\u00f5es para Depila\u00e7\u00e3o no Rosto Leia mais &raquo;","og_url":"https:\/\/fernandadepilacao.com.br\/portal\/2026\/01\/guia-completo-indicacoes-contraindicacoes-depilacao-rosto\/","og_site_name":"Fernanda Depila\u00e7\u00e3o","article_publisher":"https:\/\/www.facebook.com\/ferjobdepilacao","article_published_time":"2026-01-16T11:01:48+00:00","article_modified_time":"2026-01-16T11:01:49+00:00","twitter_card":"summary_large_image","twitter_misc":{"Escrito por":"fernandajob","Est. tempo de leitura":"4 minutos"},"schema":{"@context":"https:\/\/schema.org","@graph":[{"@type":"Organization","@id":"https:\/\/fernandadepilacao.com.br\/portal\/#organization","name":"Fernanda Depila\u00e7\u00e3o","url":"https:\/\/fernandadepilacao.com.br\/portal\/","sameAs":["https:\/\/www.facebook.com\/ferjobdepilacao","http:\/\/instagram.com\/fernanda_job"],"logo":{"@type":"ImageObject","@id":"https:\/\/fernandadepilacao.com.br\/portal\/#logo","inLanguage":"pt-BR","url":"http:\/\/fernandadepilacao.com.br\/portal\/wp-content\/uploads\/2021\/03\/logo_fernanda.png","contentUrl":"http:\/\/fernandadepilacao.com.br\/portal\/wp-content\/uploads\/2021\/03\/logo_fernanda.png","width":673,"height":688,"caption":"Fernanda Depila\u00e7\u00e3o"},"image":{"@id":"https:\/\/fernandadepilacao.com.br\/portal\/#logo"}},{"@type":"WebSite","@id":"https:\/\/fernandadepilacao.com.br\/portal\/#website","url":"https:\/\/fernandadepilacao.com.br\/portal\/","name":"Fernanda Depila\u00e7\u00e3o","description":"","publisher":{"@id":"https:\/\/fernandadepilacao.com.br\/portal\/#organization"},"potentialAction":[{"@type":"SearchAction","target":{"@type":"EntryPoint","urlTemplate":"https:\/\/fernandadepilacao.com.br\/portal\/?s={search_term_string}"},"query-input":"required name=search_term_string"}],"inLanguage":"pt-BR"},{"@type":"ImageObject","@id":"https:\/\/fernandadepilacao.com.br\/portal\/2026\/01\/guia-completo-indicacoes-contraindicacoes-depilacao-rosto\/#primaryimage","inLanguage":"pt-BR","url":"https:\/\/fernandadepilacao.com.br\/portal\/wp-content\/uploads\/2026\/01\/20260116080145.png","contentUrl":"https:\/\/fernandadepilacao.com.br\/portal\/wp-content\/uploads\/2026\/01\/20260116080145.png","width":500,"height":500},{"@type":"WebPage","@id":"https:\/\/fernandadepilacao.com.br\/portal\/2026\/01\/guia-completo-indicacoes-contraindicacoes-depilacao-rosto\/#webpage","url":"https:\/\/fernandadepilacao.com.br\/portal\/2026\/01\/guia-completo-indicacoes-contraindicacoes-depilacao-rosto\/","name":"Guia Completo de Indica\u00e7\u00f5es e Contraindica\u00e7\u00f5es para Depila\u00e7\u00e3o no Rosto - Fernanda Depila\u00e7\u00e3o","isPartOf":{"@id":"https:\/\/fernandadepilacao.com.br\/portal\/#website"},"primaryImageOfPage":{"@id":"https:\/\/fernandadepilacao.com.br\/portal\/2026\/01\/guia-completo-indicacoes-contraindicacoes-depilacao-rosto\/#primaryimage"},"datePublished":"2026-01-16T11:01:48+00:00","dateModified":"2026-01-16T11:01:49+00:00","breadcrumb":{"@id":"https:\/\/fernandadepilacao.com.br\/portal\/2026\/01\/guia-completo-indicacoes-contraindicacoes-depilacao-rosto\/#breadcrumb"},"inLanguage":"pt-BR","potentialAction":[{"@type":"ReadAction","target":["https:\/\/fernandadepilacao.com.br\/portal\/2026\/01\/guia-completo-indicacoes-contraindicacoes-depilacao-rosto\/"]}]},{"@type":"BreadcrumbList","@id":"https:\/\/fernandadepilacao.com.br\/portal\/2026\/01\/guia-completo-indicacoes-contraindicacoes-depilacao-rosto\/#breadcrumb","itemListElement":[{"@type":"ListItem","position":1,"name":"In\u00edcio","item":"http:\/\/fernandadepilacao.com.br\/portal\/"},{"@type":"ListItem","position":2,"name":"Guia Completo de Indica\u00e7\u00f5es e Contraindica\u00e7\u00f5es para Depila\u00e7\u00e3o no Rosto"}]},{"@type":"Article","@id":"https:\/\/fernandadepilacao.com.br\/portal\/2026\/01\/guia-completo-indicacoes-contraindicacoes-depilacao-rosto\/#article","isPartOf":{"@id":"https:\/\/fernandadepilacao.com.br\/portal\/2026\/01\/guia-completo-indicacoes-contraindicacoes-depilacao-rosto\/#webpage"},"author":{"@id":"https:\/\/fernandadepilacao.com.br\/portal\/#\/schema\/person\/d00644c3bbfd9fd17711767a3b1abbd0"},"headline":"Guia Completo de Indica\u00e7\u00f5es e Contraindica\u00e7\u00f5es para Depila\u00e7\u00e3o no Rosto","datePublished":"2026-01-16T11:01:48+00:00","dateModified":"2026-01-16T11:01:49+00:00","mainEntityOfPage":{"@id":"https:\/\/fernandadepilacao.com.br\/portal\/2026\/01\/guia-completo-indicacoes-contraindicacoes-depilacao-rosto\/#webpage"},"wordCount":786,"commentCount":0,"publisher":{"@id":"https:\/\/fernandadepilacao.com.br\/portal\/#organization"},"image":{"@id":"https:\/\/fernandadepilacao.com.br\/portal\/2026\/01\/guia-completo-indicacoes-contraindicacoes-depilacao-rosto\/#primaryimage"},"thumbnailUrl":"https:\/\/fernandadepilacao.com.br\/portal\/wp-content\/uploads\/2026\/01\/20260116080145.png","inLanguage":"pt-BR","potentialAction":[{"@type":"CommentAction","name":"Comment","target":["https:\/\/fernandadepilacao.com.br\/portal\/2026\/01\/guia-completo-indicacoes-contraindicacoes-depilacao-rosto\/#respond"]}]},{"@type":"Person","@id":"https:\/\/fernandadepilacao.com.br\/portal\/#\/schema\/person\/d00644c3bbfd9fd17711767a3b1abbd0","name":"fernandajob","image":{"@type":"ImageObject","@id":"https:\/\/fernandadepilacao.com.br\/portal\/#personlogo","inLanguage":"pt-BR","url":"https:\/\/secure.gravatar.com\/avatar\/6c2268a68d69a325906fbdccd74b18e6?s=96&d=mm&r=g","contentUrl":"https:\/\/secure.gravatar.com\/avatar\/6c2268a68d69a325906fbdccd74b18e6?s=96&d=mm&r=g","caption":"fernandajob"},"sameAs":["http:\/\/fernandadepilacao.com.br\/portal"]}]}},"uagb_featured_image_src":{"full":["https:\/\/fernandadepilacao.com.br\/portal\/wp-content\/uploads\/2026\/01\/20260116080145.png",500,500,false],"thumbnail":["https:\/\/fernandadepilacao.com.br\/portal\/wp-content\/uploads\/2026\/01\/20260116080145-150x150.png",150,150,true],"medium":["https:\/\/fernandadepilacao.com.br\/portal\/wp-content\/uploads\/2026\/01\/20260116080145-300x300.png",300,300,true],"medium_large":["https:\/\/fernandadepilacao.com.br\/portal\/wp-content\/uploads\/2026\/01\/20260116080145.png",500,500,false],"large":["https:\/\/fernandadepilacao.com.br\/portal\/wp-content\/uploads\/2026\/01\/20260116080145.png",500,500,false],"1536x1536":["https:\/\/fernandadepilacao.com.br\/portal\/wp-content\/uploads\/2026\/01\/20260116080145.png",500,500,false],"2048x2048":["https:\/\/fernandadepilacao.com.br\/portal\/wp-content\/uploads\/2026\/01\/20260116080145.png",500,500,false]},"uagb_author_info":{"display_name":"fernandajob","author_link":"https:\/\/fernandadepilacao.com.br\/portal\/author\/fernandajob\/"},"uagb_comment_info":0,"uagb_excerpt":"Indica\u00e7\u00f5es e Contraindica\u00e7\u00f5es para Depila\u00e7\u00e3o no Rosto: Guia Completo Introdu\u00e7\u00e3o A depila\u00e7\u00e3o no rosto \u00e9 um procedimento cada vez mais procurado tanto por mulheres quanto por homens, com o objetivo de remover pelos indesejados e melhorar a apar\u00eancia da pele facial. No entanto, antes de escolher o melhor m\u00e9todo, \u00e9 fundamental conhecer as indica\u00e7\u00f5es e&hellip;","_links":{"self":[{"href":"https:\/\/fernandadepilacao.com.br\/portal\/wp-json\/wp\/v2\/posts\/1140"}],"collection":[{"href":"https:\/\/fernandadepilacao.com.br\/portal\/wp-json\/wp\/v2\/posts"}],"about":[{"href":"https:\/\/fernandadepilacao.com.br\/portal\/wp-json\/wp\/v2\/types\/post"}],"author":[{"embeddable":true,"href":"https:\/\/fernandadepilacao.com.br\/portal\/wp-json\/wp\/v2\/users\/1"}],"replies":[{"embeddable":true,"href":"https:\/\/fernandadepilacao.com.br\/portal\/wp-json\/wp\/v2\/comments?post=1140"}],"version-history":[{"count":1,"href":"https:\/\/fernandadepilacao.com.br\/portal\/wp-json\/wp\/v2\/posts\/1140\/revisions"}],"predecessor-version":[{"id":1141,"href":"https:\/\/fernandadepilacao.com.br\/portal\/wp-json\/wp\/v2\/posts\/1140\/revisions\/1141"}],"wp:featuredmedia":[{"embeddable":true,"href":"https:\/\/fernandadepilacao.com.br\/portal\/wp-json\/wp\/v2\/media\/1139"}],"wp:attachment":[{"href":"https:\/\/fernandadepilacao.com.br\/portal\/wp-json\/wp\/v2\/media?parent=1140"}],"wp:term":[{"taxonomy":"category","embeddable":true,"href":"https:\/\/fernandadepilacao.com.br\/portal\/wp-json\/wp\/v2\/categories?post=1140"},{"taxonomy":"post_tag","embeddable":true,"href":"https:\/\/fernandadepilacao.com.br\/portal\/wp-json\/wp\/v2\/tags?post=1140"}],"curies":[{"name":"wp","href":"https:\/\/api.w.org\/{rel}","templated":true}]}}