{"id":1137,"date":"2026-01-15T16:01:30","date_gmt":"2026-01-15T19:01:30","guid":{"rendered":"https:\/\/fernandadepilacao.com.br\/portal\/2026\/01\/guia-completo-cuidados-pre-pos-depilacao-facial-pele-saudavel\/"},"modified":"2026-01-15T16:01:31","modified_gmt":"2026-01-15T19:01:31","slug":"guia-completo-cuidados-pre-pos-depilacao-facial-pele-saudavel","status":"publish","type":"post","link":"https:\/\/fernandadepilacao.com.br\/portal\/2026\/01\/guia-completo-cuidados-pre-pos-depilacao-facial-pele-saudavel\/","title":{"rendered":"Guia Completo de Cuidados Pr\u00e9 e P\u00f3s-Depila\u00e7\u00e3o Facial para uma Pele Saud\u00e1vel"},"content":{"rendered":"<article>\n<header>\n<h1>Cuidados Pr\u00e9 e P\u00f3s-Depila\u00e7\u00e3o Facial: Guia Completo para uma Pele Saud\u00e1vel e Sem Irrita\u00e7\u00f5es<\/h1>\n<p>    <meta name=\"description\" content=\"Descubra os cuidados essenciais antes e depois da depila\u00e7\u00e3o facial para garantir uma pele lisa, saud\u00e1vel e livre de irrita\u00e7\u00f5es. Dicas profissionais e recomenda\u00e7\u00f5es de produtos.\" \/><br \/>\n  <\/header>\n<section>\n<h2>Por que adotar cuidados antes e depois da depila\u00e7\u00e3o facial?<\/h2>\n<p>A depila\u00e7\u00e3o facial \u00e9 um recurso muito utilizado para remover pelos indesejados do rosto, promovendo uma apar\u00eancia mais limpa e suave. No entanto, por ser uma regi\u00e3o sens\u00edvel, exige aten\u00e7\u00e3o especial para evitar rea\u00e7\u00f5es adversas, como vermelhid\u00e3o, pelos encravados ou ressecamento. Pensando nisso, separamos dicas pr\u00e1ticas e seguras para voc\u00ea cuidar da sua pele antes e depois do procedimento, seja ele feito com cera, linha, l\u00e2mina ou outros m\u00e9todos profissionais.<\/p>\n<\/section>\n<section>\n<h2>Cuidados Pr\u00e9-Depila\u00e7\u00e3o Facial<\/h2>\n<ul>\n<li><strong>Higieniza\u00e7\u00e3o<\/strong>: Antes de tudo, limpe bem o rosto com um sabonete neutro ou espec\u00edfico para o seu tipo de pele. Isso remove res\u00edduos de oleosidade, maquiagem e polui\u00e7\u00e3o, reduzindo o risco de infec\u00e7\u00f5es.<\/li>\n<li><strong>Esfolia\u00e7\u00e3o suave<\/strong>: Cerca de 24 horas antes, fa\u00e7a uma esfolia\u00e7\u00e3o leve para eliminar c\u00e9lulas mortas e ajudar a &#8220;liberar&#8221; os pelos, evitando pelos encravados ap\u00f3s o procedimento. Sempre use produtos espec\u00edficos para o rosto e evite agressividade.<\/li>\n<li><strong>Evite cosm\u00e9ticos irritativos<\/strong>: N\u00e3o use \u00e1cidos, cremes com retinol ou vitamina C concentrada antes da depila\u00e7\u00e3o, pois eles podem sensibilizar ainda mais a pele e aumentar a chance de irrita\u00e7\u00f5es.<\/li>\n<li><strong>N\u00e3o exponha ao sol<\/strong>: Evite tomar sol antes da depila\u00e7\u00e3o facial, para n\u00e3o sensibilizar ou manchar a pele durante o processo depilat\u00f3rio.<\/li>\n<li><strong>Deixe a pele descansada<\/strong>: N\u00e3o aplique maquiagem no dia da depila\u00e7\u00e3o. A pele limpa e &#8220;descansada&#8221; reagir\u00e1 melhor ao procedimento.<\/li>\n<\/ul>\n<\/section>\n<section>\n<h2>Cuidados P\u00f3s-Depila\u00e7\u00e3o Facial<\/h2>\n<ul>\n<li><strong>Calmantes e hidratantes<\/strong>: Logo ap\u00f3s a depila\u00e7\u00e3o, aplique um produto calmante, como \u00e1gua termal, gel de aloe vera, ou lo\u00e7\u00f5es p\u00f3s-depilat\u00f3rias com ativos como camomila ou cal\u00eandula. Esses produtos ajudam a refrescar e acalmar a pele, reduzindo a vermelhid\u00e3o e o desconforto.<\/li>\n<li><strong>Filtro solar sempre<\/strong>: A pele rec\u00e9m-depilada fica super sens\u00edvel aos raios UV. Use protetor solar (FPS 30 ou superior) diariamente para evitar manchas e queimaduras.<\/li>\n<li><strong>Evite maquiagem e produtos com \u00e1lcool<\/strong>: Nas 24 horas ap\u00f3s a depila\u00e7\u00e3o facial, evite maquiagens, perfumes, t\u00f4nicos ou adstringentes que contenham \u00e1lcool. Eles podem irritar ou at\u00e9 causar ard\u00eancia.<\/li>\n<li><strong>N\u00e3o toque excessivamente<\/strong>: Evite manipular a \u00e1rea depilada para prevenir infec\u00e7\u00f5es ou inflama\u00e7\u00f5es.<\/li>\n<li><strong>Compressa fria<\/strong>: Para aliviar poss\u00edveis incha\u00e7os ou sensibilidades, aposte em compressas frias com gaze esterilizada e \u00e1gua mineral.<\/li>\n<\/ul>\n<\/section>\n<section>\n<h2>Principais D\u00favidas sobre Depila\u00e7\u00e3o Facial<\/h2>\n<dl>\n<dt><strong>Qual o melhor m\u00e9todo de depila\u00e7\u00e3o facial?<\/strong><\/dt>\n<dd>Depende do seu tipo de pele, sensibilidade e prefer\u00eancia. Os m\u00e9todos mais comuns s\u00e3o cera quente ou fria, linha (eg\u00edpcia) e l\u00e2mina. Para peles sens\u00edveis, recomenda-se linha ou ceras pr\u00f3prias para o rosto, pois s\u00e3o menos agressivas.<\/dd>\n<dt><strong>Com que frequ\u00eancia posso depilar o rosto?<\/strong><\/dt>\n<dd>O intervalo ideal \u00e9 de 15 a 30 dias, respeitando o tempo de crescimento natural dos pelos e o processo de regenera\u00e7\u00e3o da pele.<\/dd>\n<dt><strong>Como evitar manchas ap\u00f3s a depila\u00e7\u00e3o?<\/strong><\/dt>\n<dd>Invista no uso frequente de protetor solar, evite exposi\u00e7\u00e3o solar logo depois do procedimento e utilize produtos calmantes recomendados.<\/dd>\n<\/dl>\n<\/section>\n<section>\n<h2>Dicas Extras para um Rosto Sempre Radiante<\/h2>\n<ul>\n<li>Mantenha uma rotina de skincare adaptada ao seu tipo de pele, valorizando hidrata\u00e7\u00e3o e prote\u00e7\u00e3o solar di\u00e1rias.<\/li>\n<li>Prefira realizar a depila\u00e7\u00e3o facial com profissionais capacitados, que utilizem produtos de qualidade e respeitem as normas de higiene.<\/li>\n<li>Caso desenvolva alergias, irrita\u00e7\u00f5es persistentes ou aparecimento de acne, procure orienta\u00e7\u00e3o dermatol\u00f3gica.<\/li>\n<\/ul>\n<\/section>\n<footer>\n<h3>Conclus\u00e3o<\/h3>\n<p>Os cuidados pr\u00e9 e p\u00f3s-depila\u00e7\u00e3o facial s\u00e3o essenciais para garantir uma pele mais saud\u00e1vel, bonita e livre de complica\u00e7\u00f5es. Reservar um tempinho para esses passos simples faz toda a diferen\u00e7a para quem deseja \u00f3timos resultados sem abrir m\u00e3o do conforto e da seguran\u00e7a. Lembre-se: cada pele \u00e9 \u00fanica e pode responder de forma diferente, ent\u00e3o fique atenta \u00e0s necessidades do seu rosto e adapte o cuidado de acordo com as suas caracter\u00edsticas!<\/p>\n<p><strong>Palavras-chave:<\/strong> depila\u00e7\u00e3o facial, cuidados pr\u00e9-depila\u00e7\u00e3o facial, cuidados p\u00f3s-depila\u00e7\u00e3o facial, pele sens\u00edvel, esfolia\u00e7\u00e3o facial, produtos calmantes, protetor solar, dicas de depila\u00e7\u00e3o, como depilar o rosto, evitar manchas p\u00f3s-depila\u00e7\u00e3o.<\/p>\n<\/footer>\n<\/article>\n","protected":false},"excerpt":{"rendered":"<p>Cuidados Pr\u00e9 e P\u00f3s-Depila\u00e7\u00e3o Facial: Guia Completo para uma Pele Saud\u00e1vel e Sem Irrita\u00e7\u00f5es Por que adotar cuidados antes e depois da depila\u00e7\u00e3o facial? A depila\u00e7\u00e3o facial \u00e9 um recurso muito utilizado para remover pelos indesejados do rosto, promovendo uma apar\u00eancia mais limpa e suave. No entanto, por ser uma regi\u00e3o sens\u00edvel, exige aten\u00e7\u00e3o especial &hellip;<\/p>\n<p class=\"read-more\"> <a class=\"\" href=\"https:\/\/fernandadepilacao.com.br\/portal\/2026\/01\/guia-completo-cuidados-pre-pos-depilacao-facial-pele-saudavel\/\"> <span class=\"screen-reader-text\">Guia Completo de Cuidados Pr\u00e9 e P\u00f3s-Depila\u00e7\u00e3o Facial para uma Pele Saud\u00e1vel<\/span> Leia mais &raquo;<\/a><\/p>\n","protected":false},"author":1,"featured_media":1136,"comment_status":"open","ping_status":"open","sticky":false,"template":"","format":"standard","meta":[],"categories":[1],"tags":[],"yoast_head":"<!-- This site is optimized with the Yoast SEO plugin v18.4.1 - https:\/\/yoast.com\/wordpress\/plugins\/seo\/ -->\n<title>Guia Completo de Cuidados Pr\u00e9 e P\u00f3s-Depila\u00e7\u00e3o Facial para uma Pele Saud\u00e1vel - Fernanda Depila\u00e7\u00e3o<\/title>\n<meta name=\"robots\" content=\"index, follow, max-snippet:-1, max-image-preview:large, max-video-preview:-1\" \/>\n<link rel=\"canonical\" href=\"https:\/\/fernandadepilacao.com.br\/portal\/2026\/01\/guia-completo-cuidados-pre-pos-depilacao-facial-pele-saudavel\/\" \/>\n<meta property=\"og:locale\" content=\"pt_BR\" \/>\n<meta property=\"og:type\" content=\"article\" \/>\n<meta property=\"og:title\" content=\"Guia Completo de Cuidados Pr\u00e9 e P\u00f3s-Depila\u00e7\u00e3o Facial para uma Pele Saud\u00e1vel - Fernanda Depila\u00e7\u00e3o\" \/>\n<meta property=\"og:description\" content=\"Cuidados Pr\u00e9 e P\u00f3s-Depila\u00e7\u00e3o Facial: Guia Completo para uma Pele Saud\u00e1vel e Sem Irrita\u00e7\u00f5es Por que adotar cuidados antes e depois da depila\u00e7\u00e3o facial? A depila\u00e7\u00e3o facial \u00e9 um recurso muito utilizado para remover pelos indesejados do rosto, promovendo uma apar\u00eancia mais limpa e suave. No entanto, por ser uma regi\u00e3o sens\u00edvel, exige aten\u00e7\u00e3o especial &hellip; Guia Completo de Cuidados Pr\u00e9 e P\u00f3s-Depila\u00e7\u00e3o Facial para uma Pele Saud\u00e1vel Leia mais &raquo;\" \/>\n<meta property=\"og:url\" content=\"https:\/\/fernandadepilacao.com.br\/portal\/2026\/01\/guia-completo-cuidados-pre-pos-depilacao-facial-pele-saudavel\/\" \/>\n<meta property=\"og:site_name\" content=\"Fernanda Depila\u00e7\u00e3o\" \/>\n<meta property=\"article:publisher\" content=\"https:\/\/www.facebook.com\/ferjobdepilacao\" \/>\n<meta property=\"article:published_time\" content=\"2026-01-15T19:01:30+00:00\" \/>\n<meta property=\"article:modified_time\" content=\"2026-01-15T19:01:31+00:00\" \/>\n<meta name=\"twitter:card\" content=\"summary_large_image\" \/>\n<meta name=\"twitter:label1\" content=\"Escrito por\" \/>\n\t<meta name=\"twitter:data1\" content=\"fernandajob\" \/>\n\t<meta name=\"twitter:label2\" content=\"Est. tempo de leitura\" \/>\n\t<meta name=\"twitter:data2\" content=\"4 minutos\" \/>\n<script type=\"application\/ld+json\" class=\"yoast-schema-graph\">{\"@context\":\"https:\/\/schema.org\",\"@graph\":[{\"@type\":\"Organization\",\"@id\":\"https:\/\/fernandadepilacao.com.br\/portal\/#organization\",\"name\":\"Fernanda Depila\u00e7\u00e3o\",\"url\":\"https:\/\/fernandadepilacao.com.br\/portal\/\",\"sameAs\":[\"https:\/\/www.facebook.com\/ferjobdepilacao\",\"http:\/\/instagram.com\/fernanda_job\"],\"logo\":{\"@type\":\"ImageObject\",\"@id\":\"https:\/\/fernandadepilacao.com.br\/portal\/#logo\",\"inLanguage\":\"pt-BR\",\"url\":\"http:\/\/fernandadepilacao.com.br\/portal\/wp-content\/uploads\/2021\/03\/logo_fernanda.png\",\"contentUrl\":\"http:\/\/fernandadepilacao.com.br\/portal\/wp-content\/uploads\/2021\/03\/logo_fernanda.png\",\"width\":673,\"height\":688,\"caption\":\"Fernanda Depila\u00e7\u00e3o\"},\"image\":{\"@id\":\"https:\/\/fernandadepilacao.com.br\/portal\/#logo\"}},{\"@type\":\"WebSite\",\"@id\":\"https:\/\/fernandadepilacao.com.br\/portal\/#website\",\"url\":\"https:\/\/fernandadepilacao.com.br\/portal\/\",\"name\":\"Fernanda Depila\u00e7\u00e3o\",\"description\":\"\",\"publisher\":{\"@id\":\"https:\/\/fernandadepilacao.com.br\/portal\/#organization\"},\"potentialAction\":[{\"@type\":\"SearchAction\",\"target\":{\"@type\":\"EntryPoint\",\"urlTemplate\":\"https:\/\/fernandadepilacao.com.br\/portal\/?s={search_term_string}\"},\"query-input\":\"required name=search_term_string\"}],\"inLanguage\":\"pt-BR\"},{\"@type\":\"ImageObject\",\"@id\":\"https:\/\/fernandadepilacao.com.br\/portal\/2026\/01\/guia-completo-cuidados-pre-pos-depilacao-facial-pele-saudavel\/#primaryimage\",\"inLanguage\":\"pt-BR\",\"url\":\"https:\/\/fernandadepilacao.com.br\/portal\/wp-content\/uploads\/2026\/01\/20260115160127.png\",\"contentUrl\":\"https:\/\/fernandadepilacao.com.br\/portal\/wp-content\/uploads\/2026\/01\/20260115160127.png\",\"width\":500,\"height\":500},{\"@type\":\"WebPage\",\"@id\":\"https:\/\/fernandadepilacao.com.br\/portal\/2026\/01\/guia-completo-cuidados-pre-pos-depilacao-facial-pele-saudavel\/#webpage\",\"url\":\"https:\/\/fernandadepilacao.com.br\/portal\/2026\/01\/guia-completo-cuidados-pre-pos-depilacao-facial-pele-saudavel\/\",\"name\":\"Guia Completo de Cuidados Pr\u00e9 e P\u00f3s-Depila\u00e7\u00e3o Facial para uma Pele Saud\u00e1vel - Fernanda Depila\u00e7\u00e3o\",\"isPartOf\":{\"@id\":\"https:\/\/fernandadepilacao.com.br\/portal\/#website\"},\"primaryImageOfPage\":{\"@id\":\"https:\/\/fernandadepilacao.com.br\/portal\/2026\/01\/guia-completo-cuidados-pre-pos-depilacao-facial-pele-saudavel\/#primaryimage\"},\"datePublished\":\"2026-01-15T19:01:30+00:00\",\"dateModified\":\"2026-01-15T19:01:31+00:00\",\"breadcrumb\":{\"@id\":\"https:\/\/fernandadepilacao.com.br\/portal\/2026\/01\/guia-completo-cuidados-pre-pos-depilacao-facial-pele-saudavel\/#breadcrumb\"},\"inLanguage\":\"pt-BR\",\"potentialAction\":[{\"@type\":\"ReadAction\",\"target\":[\"https:\/\/fernandadepilacao.com.br\/portal\/2026\/01\/guia-completo-cuidados-pre-pos-depilacao-facial-pele-saudavel\/\"]}]},{\"@type\":\"BreadcrumbList\",\"@id\":\"https:\/\/fernandadepilacao.com.br\/portal\/2026\/01\/guia-completo-cuidados-pre-pos-depilacao-facial-pele-saudavel\/#breadcrumb\",\"itemListElement\":[{\"@type\":\"ListItem\",\"position\":1,\"name\":\"In\u00edcio\",\"item\":\"http:\/\/fernandadepilacao.com.br\/portal\/\"},{\"@type\":\"ListItem\",\"position\":2,\"name\":\"Guia Completo de Cuidados Pr\u00e9 e P\u00f3s-Depila\u00e7\u00e3o Facial para uma Pele Saud\u00e1vel\"}]},{\"@type\":\"Article\",\"@id\":\"https:\/\/fernandadepilacao.com.br\/portal\/2026\/01\/guia-completo-cuidados-pre-pos-depilacao-facial-pele-saudavel\/#article\",\"isPartOf\":{\"@id\":\"https:\/\/fernandadepilacao.com.br\/portal\/2026\/01\/guia-completo-cuidados-pre-pos-depilacao-facial-pele-saudavel\/#webpage\"},\"author\":{\"@id\":\"https:\/\/fernandadepilacao.com.br\/portal\/#\/schema\/person\/d00644c3bbfd9fd17711767a3b1abbd0\"},\"headline\":\"Guia Completo de Cuidados Pr\u00e9 e P\u00f3s-Depila\u00e7\u00e3o Facial para uma Pele Saud\u00e1vel\",\"datePublished\":\"2026-01-15T19:01:30+00:00\",\"dateModified\":\"2026-01-15T19:01:31+00:00\",\"mainEntityOfPage\":{\"@id\":\"https:\/\/fernandadepilacao.com.br\/portal\/2026\/01\/guia-completo-cuidados-pre-pos-depilacao-facial-pele-saudavel\/#webpage\"},\"wordCount\":739,\"commentCount\":0,\"publisher\":{\"@id\":\"https:\/\/fernandadepilacao.com.br\/portal\/#organization\"},\"image\":{\"@id\":\"https:\/\/fernandadepilacao.com.br\/portal\/2026\/01\/guia-completo-cuidados-pre-pos-depilacao-facial-pele-saudavel\/#primaryimage\"},\"thumbnailUrl\":\"https:\/\/fernandadepilacao.com.br\/portal\/wp-content\/uploads\/2026\/01\/20260115160127.png\",\"inLanguage\":\"pt-BR\",\"potentialAction\":[{\"@type\":\"CommentAction\",\"name\":\"Comment\",\"target\":[\"https:\/\/fernandadepilacao.com.br\/portal\/2026\/01\/guia-completo-cuidados-pre-pos-depilacao-facial-pele-saudavel\/#respond\"]}]},{\"@type\":\"Person\",\"@id\":\"https:\/\/fernandadepilacao.com.br\/portal\/#\/schema\/person\/d00644c3bbfd9fd17711767a3b1abbd0\",\"name\":\"fernandajob\",\"image\":{\"@type\":\"ImageObject\",\"@id\":\"https:\/\/fernandadepilacao.com.br\/portal\/#personlogo\",\"inLanguage\":\"pt-BR\",\"url\":\"https:\/\/secure.gravatar.com\/avatar\/6c2268a68d69a325906fbdccd74b18e6?s=96&d=mm&r=g\",\"contentUrl\":\"https:\/\/secure.gravatar.com\/avatar\/6c2268a68d69a325906fbdccd74b18e6?s=96&d=mm&r=g\",\"caption\":\"fernandajob\"},\"sameAs\":[\"http:\/\/fernandadepilacao.com.br\/portal\"]}]}<\/script>\n<!-- \/ Yoast SEO plugin. -->","yoast_head_json":{"title":"Guia Completo de Cuidados Pr\u00e9 e P\u00f3s-Depila\u00e7\u00e3o Facial para uma Pele Saud\u00e1vel - Fernanda Depila\u00e7\u00e3o","robots":{"index":"index","follow":"follow","max-snippet":"max-snippet:-1","max-image-preview":"max-image-preview:large","max-video-preview":"max-video-preview:-1"},"canonical":"https:\/\/fernandadepilacao.com.br\/portal\/2026\/01\/guia-completo-cuidados-pre-pos-depilacao-facial-pele-saudavel\/","og_locale":"pt_BR","og_type":"article","og_title":"Guia Completo de Cuidados Pr\u00e9 e P\u00f3s-Depila\u00e7\u00e3o Facial para uma Pele Saud\u00e1vel - Fernanda Depila\u00e7\u00e3o","og_description":"Cuidados Pr\u00e9 e P\u00f3s-Depila\u00e7\u00e3o Facial: Guia Completo para uma Pele Saud\u00e1vel e Sem Irrita\u00e7\u00f5es Por que adotar cuidados antes e depois da depila\u00e7\u00e3o facial? A depila\u00e7\u00e3o facial \u00e9 um recurso muito utilizado para remover pelos indesejados do rosto, promovendo uma apar\u00eancia mais limpa e suave. No entanto, por ser uma regi\u00e3o sens\u00edvel, exige aten\u00e7\u00e3o especial &hellip; Guia Completo de Cuidados Pr\u00e9 e P\u00f3s-Depila\u00e7\u00e3o Facial para uma Pele Saud\u00e1vel Leia mais &raquo;","og_url":"https:\/\/fernandadepilacao.com.br\/portal\/2026\/01\/guia-completo-cuidados-pre-pos-depilacao-facial-pele-saudavel\/","og_site_name":"Fernanda Depila\u00e7\u00e3o","article_publisher":"https:\/\/www.facebook.com\/ferjobdepilacao","article_published_time":"2026-01-15T19:01:30+00:00","article_modified_time":"2026-01-15T19:01:31+00:00","twitter_card":"summary_large_image","twitter_misc":{"Escrito por":"fernandajob","Est. tempo de leitura":"4 minutos"},"schema":{"@context":"https:\/\/schema.org","@graph":[{"@type":"Organization","@id":"https:\/\/fernandadepilacao.com.br\/portal\/#organization","name":"Fernanda Depila\u00e7\u00e3o","url":"https:\/\/fernandadepilacao.com.br\/portal\/","sameAs":["https:\/\/www.facebook.com\/ferjobdepilacao","http:\/\/instagram.com\/fernanda_job"],"logo":{"@type":"ImageObject","@id":"https:\/\/fernandadepilacao.com.br\/portal\/#logo","inLanguage":"pt-BR","url":"http:\/\/fernandadepilacao.com.br\/portal\/wp-content\/uploads\/2021\/03\/logo_fernanda.png","contentUrl":"http:\/\/fernandadepilacao.com.br\/portal\/wp-content\/uploads\/2021\/03\/logo_fernanda.png","width":673,"height":688,"caption":"Fernanda Depila\u00e7\u00e3o"},"image":{"@id":"https:\/\/fernandadepilacao.com.br\/portal\/#logo"}},{"@type":"WebSite","@id":"https:\/\/fernandadepilacao.com.br\/portal\/#website","url":"https:\/\/fernandadepilacao.com.br\/portal\/","name":"Fernanda Depila\u00e7\u00e3o","description":"","publisher":{"@id":"https:\/\/fernandadepilacao.com.br\/portal\/#organization"},"potentialAction":[{"@type":"SearchAction","target":{"@type":"EntryPoint","urlTemplate":"https:\/\/fernandadepilacao.com.br\/portal\/?s={search_term_string}"},"query-input":"required name=search_term_string"}],"inLanguage":"pt-BR"},{"@type":"ImageObject","@id":"https:\/\/fernandadepilacao.com.br\/portal\/2026\/01\/guia-completo-cuidados-pre-pos-depilacao-facial-pele-saudavel\/#primaryimage","inLanguage":"pt-BR","url":"https:\/\/fernandadepilacao.com.br\/portal\/wp-content\/uploads\/2026\/01\/20260115160127.png","contentUrl":"https:\/\/fernandadepilacao.com.br\/portal\/wp-content\/uploads\/2026\/01\/20260115160127.png","width":500,"height":500},{"@type":"WebPage","@id":"https:\/\/fernandadepilacao.com.br\/portal\/2026\/01\/guia-completo-cuidados-pre-pos-depilacao-facial-pele-saudavel\/#webpage","url":"https:\/\/fernandadepilacao.com.br\/portal\/2026\/01\/guia-completo-cuidados-pre-pos-depilacao-facial-pele-saudavel\/","name":"Guia Completo de Cuidados Pr\u00e9 e P\u00f3s-Depila\u00e7\u00e3o Facial para uma Pele Saud\u00e1vel - Fernanda Depila\u00e7\u00e3o","isPartOf":{"@id":"https:\/\/fernandadepilacao.com.br\/portal\/#website"},"primaryImageOfPage":{"@id":"https:\/\/fernandadepilacao.com.br\/portal\/2026\/01\/guia-completo-cuidados-pre-pos-depilacao-facial-pele-saudavel\/#primaryimage"},"datePublished":"2026-01-15T19:01:30+00:00","dateModified":"2026-01-15T19:01:31+00:00","breadcrumb":{"@id":"https:\/\/fernandadepilacao.com.br\/portal\/2026\/01\/guia-completo-cuidados-pre-pos-depilacao-facial-pele-saudavel\/#breadcrumb"},"inLanguage":"pt-BR","potentialAction":[{"@type":"ReadAction","target":["https:\/\/fernandadepilacao.com.br\/portal\/2026\/01\/guia-completo-cuidados-pre-pos-depilacao-facial-pele-saudavel\/"]}]},{"@type":"BreadcrumbList","@id":"https:\/\/fernandadepilacao.com.br\/portal\/2026\/01\/guia-completo-cuidados-pre-pos-depilacao-facial-pele-saudavel\/#breadcrumb","itemListElement":[{"@type":"ListItem","position":1,"name":"In\u00edcio","item":"http:\/\/fernandadepilacao.com.br\/portal\/"},{"@type":"ListItem","position":2,"name":"Guia Completo de Cuidados Pr\u00e9 e P\u00f3s-Depila\u00e7\u00e3o Facial para uma Pele Saud\u00e1vel"}]},{"@type":"Article","@id":"https:\/\/fernandadepilacao.com.br\/portal\/2026\/01\/guia-completo-cuidados-pre-pos-depilacao-facial-pele-saudavel\/#article","isPartOf":{"@id":"https:\/\/fernandadepilacao.com.br\/portal\/2026\/01\/guia-completo-cuidados-pre-pos-depilacao-facial-pele-saudavel\/#webpage"},"author":{"@id":"https:\/\/fernandadepilacao.com.br\/portal\/#\/schema\/person\/d00644c3bbfd9fd17711767a3b1abbd0"},"headline":"Guia Completo de Cuidados Pr\u00e9 e P\u00f3s-Depila\u00e7\u00e3o Facial para uma Pele Saud\u00e1vel","datePublished":"2026-01-15T19:01:30+00:00","dateModified":"2026-01-15T19:01:31+00:00","mainEntityOfPage":{"@id":"https:\/\/fernandadepilacao.com.br\/portal\/2026\/01\/guia-completo-cuidados-pre-pos-depilacao-facial-pele-saudavel\/#webpage"},"wordCount":739,"commentCount":0,"publisher":{"@id":"https:\/\/fernandadepilacao.com.br\/portal\/#organization"},"image":{"@id":"https:\/\/fernandadepilacao.com.br\/portal\/2026\/01\/guia-completo-cuidados-pre-pos-depilacao-facial-pele-saudavel\/#primaryimage"},"thumbnailUrl":"https:\/\/fernandadepilacao.com.br\/portal\/wp-content\/uploads\/2026\/01\/20260115160127.png","inLanguage":"pt-BR","potentialAction":[{"@type":"CommentAction","name":"Comment","target":["https:\/\/fernandadepilacao.com.br\/portal\/2026\/01\/guia-completo-cuidados-pre-pos-depilacao-facial-pele-saudavel\/#respond"]}]},{"@type":"Person","@id":"https:\/\/fernandadepilacao.com.br\/portal\/#\/schema\/person\/d00644c3bbfd9fd17711767a3b1abbd0","name":"fernandajob","image":{"@type":"ImageObject","@id":"https:\/\/fernandadepilacao.com.br\/portal\/#personlogo","inLanguage":"pt-BR","url":"https:\/\/secure.gravatar.com\/avatar\/6c2268a68d69a325906fbdccd74b18e6?s=96&d=mm&r=g","contentUrl":"https:\/\/secure.gravatar.com\/avatar\/6c2268a68d69a325906fbdccd74b18e6?s=96&d=mm&r=g","caption":"fernandajob"},"sameAs":["http:\/\/fernandadepilacao.com.br\/portal"]}]}},"uagb_featured_image_src":{"full":["https:\/\/fernandadepilacao.com.br\/portal\/wp-content\/uploads\/2026\/01\/20260115160127.png",500,500,false],"thumbnail":["https:\/\/fernandadepilacao.com.br\/portal\/wp-content\/uploads\/2026\/01\/20260115160127-150x150.png",150,150,true],"medium":["https:\/\/fernandadepilacao.com.br\/portal\/wp-content\/uploads\/2026\/01\/20260115160127-300x300.png",300,300,true],"medium_large":["https:\/\/fernandadepilacao.com.br\/portal\/wp-content\/uploads\/2026\/01\/20260115160127.png",500,500,false],"large":["https:\/\/fernandadepilacao.com.br\/portal\/wp-content\/uploads\/2026\/01\/20260115160127.png",500,500,false],"1536x1536":["https:\/\/fernandadepilacao.com.br\/portal\/wp-content\/uploads\/2026\/01\/20260115160127.png",500,500,false],"2048x2048":["https:\/\/fernandadepilacao.com.br\/portal\/wp-content\/uploads\/2026\/01\/20260115160127.png",500,500,false]},"uagb_author_info":{"display_name":"fernandajob","author_link":"https:\/\/fernandadepilacao.com.br\/portal\/author\/fernandajob\/"},"uagb_comment_info":0,"uagb_excerpt":"Cuidados Pr\u00e9 e P\u00f3s-Depila\u00e7\u00e3o Facial: Guia Completo para uma Pele Saud\u00e1vel e Sem Irrita\u00e7\u00f5es Por que adotar cuidados antes e depois da depila\u00e7\u00e3o facial? A depila\u00e7\u00e3o facial \u00e9 um recurso muito utilizado para remover pelos indesejados do rosto, promovendo uma apar\u00eancia mais limpa e suave. No entanto, por ser uma regi\u00e3o sens\u00edvel, exige aten\u00e7\u00e3o especial&hellip;","_links":{"self":[{"href":"https:\/\/fernandadepilacao.com.br\/portal\/wp-json\/wp\/v2\/posts\/1137"}],"collection":[{"href":"https:\/\/fernandadepilacao.com.br\/portal\/wp-json\/wp\/v2\/posts"}],"about":[{"href":"https:\/\/fernandadepilacao.com.br\/portal\/wp-json\/wp\/v2\/types\/post"}],"author":[{"embeddable":true,"href":"https:\/\/fernandadepilacao.com.br\/portal\/wp-json\/wp\/v2\/users\/1"}],"replies":[{"embeddable":true,"href":"https:\/\/fernandadepilacao.com.br\/portal\/wp-json\/wp\/v2\/comments?post=1137"}],"version-history":[{"count":1,"href":"https:\/\/fernandadepilacao.com.br\/portal\/wp-json\/wp\/v2\/posts\/1137\/revisions"}],"predecessor-version":[{"id":1138,"href":"https:\/\/fernandadepilacao.com.br\/portal\/wp-json\/wp\/v2\/posts\/1137\/revisions\/1138"}],"wp:featuredmedia":[{"embeddable":true,"href":"https:\/\/fernandadepilacao.com.br\/portal\/wp-json\/wp\/v2\/media\/1136"}],"wp:attachment":[{"href":"https:\/\/fernandadepilacao.com.br\/portal\/wp-json\/wp\/v2\/media?parent=1137"}],"wp:term":[{"taxonomy":"category","embeddable":true,"href":"https:\/\/fernandadepilacao.com.br\/portal\/wp-json\/wp\/v2\/categories?post=1137"},{"taxonomy":"post_tag","embeddable":true,"href":"https:\/\/fernandadepilacao.com.br\/portal\/wp-json\/wp\/v2\/tags?post=1137"}],"curies":[{"name":"wp","href":"https:\/\/api.w.org\/{rel}","templated":true}]}}