{"id":1128,"date":"2026-01-14T16:01:47","date_gmt":"2026-01-14T19:01:47","guid":{"rendered":"https:\/\/fernandadepilacao.com.br\/portal\/2026\/01\/como-prevenir-pelos-encravados-ao-usar-lamina-dicas-de-especialista\/"},"modified":"2026-01-14T16:01:48","modified_gmt":"2026-01-14T19:01:48","slug":"como-prevenir-pelos-encravados-ao-usar-lamina-dicas-de-especialista","status":"publish","type":"post","link":"https:\/\/fernandadepilacao.com.br\/portal\/2026\/01\/como-prevenir-pelos-encravados-ao-usar-lamina-dicas-de-especialista\/","title":{"rendered":"Como Prevenir Pelos Encravados ao Usar L\u00e2mina: Dicas de Especialista"},"content":{"rendered":"<article>\n<header>\n<h1>Como Prevenir Pelos Encravados ao Usar L\u00e2mina: Dicas de Especialista<\/h1>\n<p>    <meta name=\"description\" content=\"Descubra t\u00e9cnicas eficazes para evitar pelos encravados ao se depilar com l\u00e2mina. Aprenda desde a prepara\u00e7\u00e3o da pele, escolha do produto certo, at\u00e9 cuidados p\u00f3s-depila\u00e7\u00e3o.\"\/><br \/>\n  <\/header>\n<section>\n<h2>O Que S\u00e3o Pelos Encravados?<\/h2>\n<p>Os <strong>pelos encravados<\/strong>, tecnicamente chamados de <em>foliculite pilar<\/em>, s\u00e3o aqueles que, ao inv\u00e9s de crescerem para fora da pele, acabam ficando presos sob a superf\u00edcie. Isso acontece quando o pelo encontra uma barreira no trajeto ou faz uma curva e cresce para dentro, causando uma pequena inflama\u00e7\u00e3o, vermelhid\u00e3o e, por vezes, dor e coceira. Esse \u00e9 um problema comum ap\u00f3s a <strong>depila\u00e7\u00e3o com l\u00e2mina<\/strong>, especialmente em \u00e1reas como virilha, axilas e pernas.<\/p>\n<\/section>\n<section>\n<h2>Por Que a L\u00e2mina Causa Pelos Encravados?<\/h2>\n<p>A <strong>l\u00e2mina<\/strong> remove o pelo rente \u00e0 pele, e esse corte muitas vezes cria uma ponta mais afiada. Nos dias seguintes, enquanto o pelo cresce novamente, \u00e9 mais f\u00e1cil que ele ultrapasse o fol\u00edculo de forma irregular ou encontre uma pele mais espessa, causando <strong>pelos encravados<\/strong>. Al\u00e9m disso, a fric\u00e7\u00e3o constante com roupas apertadas e a falta de cuidados com a pele potencializam este quadro.<\/p>\n<\/section>\n<section>\n<h2>Dicas Pr\u00e1ticas para Evitar Pelos Encravados ao Usar L\u00e2mina<\/h2>\n<p>Confira dicas validadas por especialistas para tornar sua rotina de <strong>depila\u00e7\u00e3o com l\u00e2mina<\/strong> mais segura e confort\u00e1vel:<\/p>\n<ol>\n<li>\n<h3>Fa\u00e7a uma Esfolia\u00e7\u00e3o Regular<\/h3>\n<p>Antes de se depilar, esfolie suavemente a pele com movimentos circulares. Isso remove c\u00e9lulas mortas, desobstrui os poros e dificulta o aparecimento de pelos encravados. Invista em <em>esfoliantes corporais<\/em> pr\u00f3prios ou fa\u00e7a uma mistura caseira (a\u00e7\u00facar e mel s\u00e3o \u00f3timos!).<\/p>\n<\/li>\n<li>\n<h3>Prefira \u00c1gua Quente Antes da Depila\u00e7\u00e3o<\/h3>\n<p>Uma ducha morna antes da depila\u00e7\u00e3o amolece os pelos e dilata os poros, facilitando o corte e minimizando a chance de agress\u00e3o \u00e0 pele.<\/p>\n<\/li>\n<li>\n<h3>Use Um Gel ou Espuma de Barbear<\/h3>\n<p>Nunca depile a seco! O gel ou a espuma permite que a l\u00e2mina deslize com suavidade, diminui a fric\u00e7\u00e3o e previne irrita\u00e7\u00f5es.<\/p>\n<\/li>\n<li>\n<h3>Aten\u00e7\u00e3o \u00e0 Qualidade e \u00e0 Higiene da L\u00e2mina<\/h3>\n<p>Utilize <strong>l\u00e2minas de boa qualidade<\/strong> e as troque frequentemente. L\u00e2minas cegas cortam mal, causam microles\u00f5es e aumentam a inflama\u00e7\u00e3o.<\/p>\n<\/li>\n<li>\n<h3>Depile no Sentido do Crescimento dos Pelos<\/h3>\n<p>Pode parecer tentador depilar &#8220;contra a m\u00e3o&#8221; para um resultado mais liso, mas isso favorece o encravamento. Prefira seguir a dire\u00e7\u00e3o natural do crescimento dos pelos.<\/p>\n<\/li>\n<li>\n<h3>Hidrate Bem Ap\u00f3s a Depila\u00e7\u00e3o<\/h3>\n<p>Finalize com um <strong>hidratante corporal<\/strong>, que acalma e regenera a pele. D\u00ea prefer\u00eancia a produtos com aloe vera, pantenol ou \u00f3leos naturais e evite lo\u00e7\u00f5es com \u00e1lcool logo ap\u00f3s a depila\u00e7\u00e3o.<\/p>\n<\/li>\n<\/ol>\n<\/section>\n<section>\n<h2>Cuidados Especiais para \u00c1reas Sens\u00edveis<\/h2>\n<p>Na <strong>virilha<\/strong> e <strong>axilas<\/strong>, os fol\u00edculos s\u00e3o mais curvos e a pele, delicada. Capriche na esfolia\u00e7\u00e3o semanal e evite roupas apertadas logo ap\u00f3s a depila\u00e7\u00e3o.<\/p>\n<\/section>\n<section>\n<h2>Quando Procurar Ajuda Profissional?<\/h2>\n<p>Se mesmo ap\u00f3s esses cuidados voc\u00ea apresentar muitos <strong>pelos encravados<\/strong>, p\u00fastulas doloridas ou sinais de infec\u00e7\u00e3o (como pus, vermelhid\u00e3o intensa ou febre), procure um dermatologista ou esteticista de confian\u00e7a. Em alguns casos, pode ser recomendado mudar o m\u00e9todo de depila\u00e7\u00e3o para <em>cera<\/em>, <em>depilador el\u00e9trico<\/em> ou at\u00e9 mesmo tratamentos definitivos como o <strong>laser<\/strong>.<\/p>\n<\/section>\n<section>\n<h2>Perguntas Frequentes Sobre Depila\u00e7\u00e3o com L\u00e2mina<\/h2>\n<dl>\n<dt><strong>Posso compartilhar minha l\u00e2mina?<\/strong><\/dt>\n<dd>N\u00e3o \u00e9 recomendado! O compartilhamento favorece infec\u00e7\u00f5es e doen\u00e7as de pele.<\/dd>\n<dt><strong>Com que frequ\u00eancia posso me depilar?<\/strong><\/dt>\n<dd>\u00c9 seguro depilar sempre que sentir necessidade, desde que a pele esteja saud\u00e1vel e a l\u00e2mina afiada.<\/dd>\n<dt><strong>Devo esfoliar todos os dias?<\/strong><\/dt>\n<dd>N\u00e3o! Duas a tr\u00eas vezes por semana j\u00e1 \u00e9 suficiente. O excesso pode irritar e sensibilizar a pele.<\/dd>\n<\/dl>\n<\/section>\n<footer>\n<p><em>Lembre-se: cada pele \u00e9 \u00fanica! Teste as dicas acima e descubra qual rotina funciona melhor para voc\u00ea. Mantenha uma depila\u00e7\u00e3o saud\u00e1vel, minimize os riscos de pelos encravados e sinta-se confort\u00e1vel em sua pr\u00f3pria pele.<\/em><\/p>\n<p>Gostou? Compartilhe com quem tamb\u00e9m est\u00e1 em busca de uma depila\u00e7\u00e3o mais segura!<\/p>\n<\/footer>\n<\/article>\n","protected":false},"excerpt":{"rendered":"<p>Como Prevenir Pelos Encravados ao Usar L\u00e2mina: Dicas de Especialista O Que S\u00e3o Pelos Encravados? Os pelos encravados, tecnicamente chamados de foliculite pilar, s\u00e3o aqueles que, ao inv\u00e9s de crescerem para fora da pele, acabam ficando presos sob a superf\u00edcie. Isso acontece quando o pelo encontra uma barreira no trajeto ou faz uma curva e &hellip;<\/p>\n<p class=\"read-more\"> <a class=\"\" href=\"https:\/\/fernandadepilacao.com.br\/portal\/2026\/01\/como-prevenir-pelos-encravados-ao-usar-lamina-dicas-de-especialista\/\"> <span class=\"screen-reader-text\">Como Prevenir Pelos Encravados ao Usar L\u00e2mina: Dicas de Especialista<\/span> Leia mais &raquo;<\/a><\/p>\n","protected":false},"author":1,"featured_media":1127,"comment_status":"open","ping_status":"open","sticky":false,"template":"","format":"standard","meta":[],"categories":[1],"tags":[],"yoast_head":"<!-- This site is optimized with the Yoast SEO plugin v18.4.1 - https:\/\/yoast.com\/wordpress\/plugins\/seo\/ -->\n<title>Como Prevenir Pelos Encravados ao Usar L\u00e2mina: Dicas de Especialista - Fernanda Depila\u00e7\u00e3o<\/title>\n<meta name=\"robots\" content=\"index, follow, max-snippet:-1, max-image-preview:large, max-video-preview:-1\" \/>\n<link rel=\"canonical\" href=\"https:\/\/fernandadepilacao.com.br\/portal\/2026\/01\/como-prevenir-pelos-encravados-ao-usar-lamina-dicas-de-especialista\/\" \/>\n<meta property=\"og:locale\" content=\"pt_BR\" \/>\n<meta property=\"og:type\" content=\"article\" \/>\n<meta property=\"og:title\" content=\"Como Prevenir Pelos Encravados ao Usar L\u00e2mina: Dicas de Especialista - Fernanda Depila\u00e7\u00e3o\" \/>\n<meta property=\"og:description\" content=\"Como Prevenir Pelos Encravados ao Usar L\u00e2mina: Dicas de Especialista O Que S\u00e3o Pelos Encravados? Os pelos encravados, tecnicamente chamados de foliculite pilar, s\u00e3o aqueles que, ao inv\u00e9s de crescerem para fora da pele, acabam ficando presos sob a superf\u00edcie. Isso acontece quando o pelo encontra uma barreira no trajeto ou faz uma curva e &hellip; Como Prevenir Pelos Encravados ao Usar L\u00e2mina: Dicas de Especialista Leia mais &raquo;\" \/>\n<meta property=\"og:url\" content=\"https:\/\/fernandadepilacao.com.br\/portal\/2026\/01\/como-prevenir-pelos-encravados-ao-usar-lamina-dicas-de-especialista\/\" \/>\n<meta property=\"og:site_name\" content=\"Fernanda Depila\u00e7\u00e3o\" \/>\n<meta property=\"article:publisher\" content=\"https:\/\/www.facebook.com\/ferjobdepilacao\" \/>\n<meta property=\"article:published_time\" content=\"2026-01-14T19:01:47+00:00\" \/>\n<meta property=\"article:modified_time\" content=\"2026-01-14T19:01:48+00:00\" \/>\n<meta name=\"twitter:card\" content=\"summary_large_image\" \/>\n<meta name=\"twitter:label1\" content=\"Escrito por\" \/>\n\t<meta name=\"twitter:data1\" content=\"fernandajob\" \/>\n\t<meta name=\"twitter:label2\" content=\"Est. tempo de leitura\" \/>\n\t<meta name=\"twitter:data2\" content=\"3 minutos\" \/>\n<script type=\"application\/ld+json\" class=\"yoast-schema-graph\">{\"@context\":\"https:\/\/schema.org\",\"@graph\":[{\"@type\":\"Organization\",\"@id\":\"https:\/\/fernandadepilacao.com.br\/portal\/#organization\",\"name\":\"Fernanda Depila\u00e7\u00e3o\",\"url\":\"https:\/\/fernandadepilacao.com.br\/portal\/\",\"sameAs\":[\"https:\/\/www.facebook.com\/ferjobdepilacao\",\"http:\/\/instagram.com\/fernanda_job\"],\"logo\":{\"@type\":\"ImageObject\",\"@id\":\"https:\/\/fernandadepilacao.com.br\/portal\/#logo\",\"inLanguage\":\"pt-BR\",\"url\":\"http:\/\/fernandadepilacao.com.br\/portal\/wp-content\/uploads\/2021\/03\/logo_fernanda.png\",\"contentUrl\":\"http:\/\/fernandadepilacao.com.br\/portal\/wp-content\/uploads\/2021\/03\/logo_fernanda.png\",\"width\":673,\"height\":688,\"caption\":\"Fernanda Depila\u00e7\u00e3o\"},\"image\":{\"@id\":\"https:\/\/fernandadepilacao.com.br\/portal\/#logo\"}},{\"@type\":\"WebSite\",\"@id\":\"https:\/\/fernandadepilacao.com.br\/portal\/#website\",\"url\":\"https:\/\/fernandadepilacao.com.br\/portal\/\",\"name\":\"Fernanda Depila\u00e7\u00e3o\",\"description\":\"\",\"publisher\":{\"@id\":\"https:\/\/fernandadepilacao.com.br\/portal\/#organization\"},\"potentialAction\":[{\"@type\":\"SearchAction\",\"target\":{\"@type\":\"EntryPoint\",\"urlTemplate\":\"https:\/\/fernandadepilacao.com.br\/portal\/?s={search_term_string}\"},\"query-input\":\"required name=search_term_string\"}],\"inLanguage\":\"pt-BR\"},{\"@type\":\"ImageObject\",\"@id\":\"https:\/\/fernandadepilacao.com.br\/portal\/2026\/01\/como-prevenir-pelos-encravados-ao-usar-lamina-dicas-de-especialista\/#primaryimage\",\"inLanguage\":\"pt-BR\",\"url\":\"https:\/\/fernandadepilacao.com.br\/portal\/wp-content\/uploads\/2026\/01\/20260114160144.png\",\"contentUrl\":\"https:\/\/fernandadepilacao.com.br\/portal\/wp-content\/uploads\/2026\/01\/20260114160144.png\",\"width\":500,\"height\":500},{\"@type\":\"WebPage\",\"@id\":\"https:\/\/fernandadepilacao.com.br\/portal\/2026\/01\/como-prevenir-pelos-encravados-ao-usar-lamina-dicas-de-especialista\/#webpage\",\"url\":\"https:\/\/fernandadepilacao.com.br\/portal\/2026\/01\/como-prevenir-pelos-encravados-ao-usar-lamina-dicas-de-especialista\/\",\"name\":\"Como Prevenir Pelos Encravados ao Usar L\u00e2mina: Dicas de Especialista - Fernanda Depila\u00e7\u00e3o\",\"isPartOf\":{\"@id\":\"https:\/\/fernandadepilacao.com.br\/portal\/#website\"},\"primaryImageOfPage\":{\"@id\":\"https:\/\/fernandadepilacao.com.br\/portal\/2026\/01\/como-prevenir-pelos-encravados-ao-usar-lamina-dicas-de-especialista\/#primaryimage\"},\"datePublished\":\"2026-01-14T19:01:47+00:00\",\"dateModified\":\"2026-01-14T19:01:48+00:00\",\"breadcrumb\":{\"@id\":\"https:\/\/fernandadepilacao.com.br\/portal\/2026\/01\/como-prevenir-pelos-encravados-ao-usar-lamina-dicas-de-especialista\/#breadcrumb\"},\"inLanguage\":\"pt-BR\",\"potentialAction\":[{\"@type\":\"ReadAction\",\"target\":[\"https:\/\/fernandadepilacao.com.br\/portal\/2026\/01\/como-prevenir-pelos-encravados-ao-usar-lamina-dicas-de-especialista\/\"]}]},{\"@type\":\"BreadcrumbList\",\"@id\":\"https:\/\/fernandadepilacao.com.br\/portal\/2026\/01\/como-prevenir-pelos-encravados-ao-usar-lamina-dicas-de-especialista\/#breadcrumb\",\"itemListElement\":[{\"@type\":\"ListItem\",\"position\":1,\"name\":\"In\u00edcio\",\"item\":\"http:\/\/fernandadepilacao.com.br\/portal\/\"},{\"@type\":\"ListItem\",\"position\":2,\"name\":\"Como Prevenir Pelos Encravados ao Usar L\u00e2mina: Dicas de Especialista\"}]},{\"@type\":\"Article\",\"@id\":\"https:\/\/fernandadepilacao.com.br\/portal\/2026\/01\/como-prevenir-pelos-encravados-ao-usar-lamina-dicas-de-especialista\/#article\",\"isPartOf\":{\"@id\":\"https:\/\/fernandadepilacao.com.br\/portal\/2026\/01\/como-prevenir-pelos-encravados-ao-usar-lamina-dicas-de-especialista\/#webpage\"},\"author\":{\"@id\":\"https:\/\/fernandadepilacao.com.br\/portal\/#\/schema\/person\/d00644c3bbfd9fd17711767a3b1abbd0\"},\"headline\":\"Como Prevenir Pelos Encravados ao Usar L\u00e2mina: Dicas de Especialista\",\"datePublished\":\"2026-01-14T19:01:47+00:00\",\"dateModified\":\"2026-01-14T19:01:48+00:00\",\"mainEntityOfPage\":{\"@id\":\"https:\/\/fernandadepilacao.com.br\/portal\/2026\/01\/como-prevenir-pelos-encravados-ao-usar-lamina-dicas-de-especialista\/#webpage\"},\"wordCount\":664,\"commentCount\":0,\"publisher\":{\"@id\":\"https:\/\/fernandadepilacao.com.br\/portal\/#organization\"},\"image\":{\"@id\":\"https:\/\/fernandadepilacao.com.br\/portal\/2026\/01\/como-prevenir-pelos-encravados-ao-usar-lamina-dicas-de-especialista\/#primaryimage\"},\"thumbnailUrl\":\"https:\/\/fernandadepilacao.com.br\/portal\/wp-content\/uploads\/2026\/01\/20260114160144.png\",\"inLanguage\":\"pt-BR\",\"potentialAction\":[{\"@type\":\"CommentAction\",\"name\":\"Comment\",\"target\":[\"https:\/\/fernandadepilacao.com.br\/portal\/2026\/01\/como-prevenir-pelos-encravados-ao-usar-lamina-dicas-de-especialista\/#respond\"]}]},{\"@type\":\"Person\",\"@id\":\"https:\/\/fernandadepilacao.com.br\/portal\/#\/schema\/person\/d00644c3bbfd9fd17711767a3b1abbd0\",\"name\":\"fernandajob\",\"image\":{\"@type\":\"ImageObject\",\"@id\":\"https:\/\/fernandadepilacao.com.br\/portal\/#personlogo\",\"inLanguage\":\"pt-BR\",\"url\":\"https:\/\/secure.gravatar.com\/avatar\/6c2268a68d69a325906fbdccd74b18e6?s=96&d=mm&r=g\",\"contentUrl\":\"https:\/\/secure.gravatar.com\/avatar\/6c2268a68d69a325906fbdccd74b18e6?s=96&d=mm&r=g\",\"caption\":\"fernandajob\"},\"sameAs\":[\"http:\/\/fernandadepilacao.com.br\/portal\"]}]}<\/script>\n<!-- \/ Yoast SEO plugin. -->","yoast_head_json":{"title":"Como Prevenir Pelos Encravados ao Usar L\u00e2mina: Dicas de Especialista - Fernanda Depila\u00e7\u00e3o","robots":{"index":"index","follow":"follow","max-snippet":"max-snippet:-1","max-image-preview":"max-image-preview:large","max-video-preview":"max-video-preview:-1"},"canonical":"https:\/\/fernandadepilacao.com.br\/portal\/2026\/01\/como-prevenir-pelos-encravados-ao-usar-lamina-dicas-de-especialista\/","og_locale":"pt_BR","og_type":"article","og_title":"Como Prevenir Pelos Encravados ao Usar L\u00e2mina: Dicas de Especialista - Fernanda Depila\u00e7\u00e3o","og_description":"Como Prevenir Pelos Encravados ao Usar L\u00e2mina: Dicas de Especialista O Que S\u00e3o Pelos Encravados? Os pelos encravados, tecnicamente chamados de foliculite pilar, s\u00e3o aqueles que, ao inv\u00e9s de crescerem para fora da pele, acabam ficando presos sob a superf\u00edcie. Isso acontece quando o pelo encontra uma barreira no trajeto ou faz uma curva e &hellip; Como Prevenir Pelos Encravados ao Usar L\u00e2mina: Dicas de Especialista Leia mais &raquo;","og_url":"https:\/\/fernandadepilacao.com.br\/portal\/2026\/01\/como-prevenir-pelos-encravados-ao-usar-lamina-dicas-de-especialista\/","og_site_name":"Fernanda Depila\u00e7\u00e3o","article_publisher":"https:\/\/www.facebook.com\/ferjobdepilacao","article_published_time":"2026-01-14T19:01:47+00:00","article_modified_time":"2026-01-14T19:01:48+00:00","twitter_card":"summary_large_image","twitter_misc":{"Escrito por":"fernandajob","Est. tempo de leitura":"3 minutos"},"schema":{"@context":"https:\/\/schema.org","@graph":[{"@type":"Organization","@id":"https:\/\/fernandadepilacao.com.br\/portal\/#organization","name":"Fernanda Depila\u00e7\u00e3o","url":"https:\/\/fernandadepilacao.com.br\/portal\/","sameAs":["https:\/\/www.facebook.com\/ferjobdepilacao","http:\/\/instagram.com\/fernanda_job"],"logo":{"@type":"ImageObject","@id":"https:\/\/fernandadepilacao.com.br\/portal\/#logo","inLanguage":"pt-BR","url":"http:\/\/fernandadepilacao.com.br\/portal\/wp-content\/uploads\/2021\/03\/logo_fernanda.png","contentUrl":"http:\/\/fernandadepilacao.com.br\/portal\/wp-content\/uploads\/2021\/03\/logo_fernanda.png","width":673,"height":688,"caption":"Fernanda Depila\u00e7\u00e3o"},"image":{"@id":"https:\/\/fernandadepilacao.com.br\/portal\/#logo"}},{"@type":"WebSite","@id":"https:\/\/fernandadepilacao.com.br\/portal\/#website","url":"https:\/\/fernandadepilacao.com.br\/portal\/","name":"Fernanda Depila\u00e7\u00e3o","description":"","publisher":{"@id":"https:\/\/fernandadepilacao.com.br\/portal\/#organization"},"potentialAction":[{"@type":"SearchAction","target":{"@type":"EntryPoint","urlTemplate":"https:\/\/fernandadepilacao.com.br\/portal\/?s={search_term_string}"},"query-input":"required name=search_term_string"}],"inLanguage":"pt-BR"},{"@type":"ImageObject","@id":"https:\/\/fernandadepilacao.com.br\/portal\/2026\/01\/como-prevenir-pelos-encravados-ao-usar-lamina-dicas-de-especialista\/#primaryimage","inLanguage":"pt-BR","url":"https:\/\/fernandadepilacao.com.br\/portal\/wp-content\/uploads\/2026\/01\/20260114160144.png","contentUrl":"https:\/\/fernandadepilacao.com.br\/portal\/wp-content\/uploads\/2026\/01\/20260114160144.png","width":500,"height":500},{"@type":"WebPage","@id":"https:\/\/fernandadepilacao.com.br\/portal\/2026\/01\/como-prevenir-pelos-encravados-ao-usar-lamina-dicas-de-especialista\/#webpage","url":"https:\/\/fernandadepilacao.com.br\/portal\/2026\/01\/como-prevenir-pelos-encravados-ao-usar-lamina-dicas-de-especialista\/","name":"Como Prevenir Pelos Encravados ao Usar L\u00e2mina: Dicas de Especialista - Fernanda Depila\u00e7\u00e3o","isPartOf":{"@id":"https:\/\/fernandadepilacao.com.br\/portal\/#website"},"primaryImageOfPage":{"@id":"https:\/\/fernandadepilacao.com.br\/portal\/2026\/01\/como-prevenir-pelos-encravados-ao-usar-lamina-dicas-de-especialista\/#primaryimage"},"datePublished":"2026-01-14T19:01:47+00:00","dateModified":"2026-01-14T19:01:48+00:00","breadcrumb":{"@id":"https:\/\/fernandadepilacao.com.br\/portal\/2026\/01\/como-prevenir-pelos-encravados-ao-usar-lamina-dicas-de-especialista\/#breadcrumb"},"inLanguage":"pt-BR","potentialAction":[{"@type":"ReadAction","target":["https:\/\/fernandadepilacao.com.br\/portal\/2026\/01\/como-prevenir-pelos-encravados-ao-usar-lamina-dicas-de-especialista\/"]}]},{"@type":"BreadcrumbList","@id":"https:\/\/fernandadepilacao.com.br\/portal\/2026\/01\/como-prevenir-pelos-encravados-ao-usar-lamina-dicas-de-especialista\/#breadcrumb","itemListElement":[{"@type":"ListItem","position":1,"name":"In\u00edcio","item":"http:\/\/fernandadepilacao.com.br\/portal\/"},{"@type":"ListItem","position":2,"name":"Como Prevenir Pelos Encravados ao Usar L\u00e2mina: Dicas de Especialista"}]},{"@type":"Article","@id":"https:\/\/fernandadepilacao.com.br\/portal\/2026\/01\/como-prevenir-pelos-encravados-ao-usar-lamina-dicas-de-especialista\/#article","isPartOf":{"@id":"https:\/\/fernandadepilacao.com.br\/portal\/2026\/01\/como-prevenir-pelos-encravados-ao-usar-lamina-dicas-de-especialista\/#webpage"},"author":{"@id":"https:\/\/fernandadepilacao.com.br\/portal\/#\/schema\/person\/d00644c3bbfd9fd17711767a3b1abbd0"},"headline":"Como Prevenir Pelos Encravados ao Usar L\u00e2mina: Dicas de Especialista","datePublished":"2026-01-14T19:01:47+00:00","dateModified":"2026-01-14T19:01:48+00:00","mainEntityOfPage":{"@id":"https:\/\/fernandadepilacao.com.br\/portal\/2026\/01\/como-prevenir-pelos-encravados-ao-usar-lamina-dicas-de-especialista\/#webpage"},"wordCount":664,"commentCount":0,"publisher":{"@id":"https:\/\/fernandadepilacao.com.br\/portal\/#organization"},"image":{"@id":"https:\/\/fernandadepilacao.com.br\/portal\/2026\/01\/como-prevenir-pelos-encravados-ao-usar-lamina-dicas-de-especialista\/#primaryimage"},"thumbnailUrl":"https:\/\/fernandadepilacao.com.br\/portal\/wp-content\/uploads\/2026\/01\/20260114160144.png","inLanguage":"pt-BR","potentialAction":[{"@type":"CommentAction","name":"Comment","target":["https:\/\/fernandadepilacao.com.br\/portal\/2026\/01\/como-prevenir-pelos-encravados-ao-usar-lamina-dicas-de-especialista\/#respond"]}]},{"@type":"Person","@id":"https:\/\/fernandadepilacao.com.br\/portal\/#\/schema\/person\/d00644c3bbfd9fd17711767a3b1abbd0","name":"fernandajob","image":{"@type":"ImageObject","@id":"https:\/\/fernandadepilacao.com.br\/portal\/#personlogo","inLanguage":"pt-BR","url":"https:\/\/secure.gravatar.com\/avatar\/6c2268a68d69a325906fbdccd74b18e6?s=96&d=mm&r=g","contentUrl":"https:\/\/secure.gravatar.com\/avatar\/6c2268a68d69a325906fbdccd74b18e6?s=96&d=mm&r=g","caption":"fernandajob"},"sameAs":["http:\/\/fernandadepilacao.com.br\/portal"]}]}},"uagb_featured_image_src":{"full":["https:\/\/fernandadepilacao.com.br\/portal\/wp-content\/uploads\/2026\/01\/20260114160144.png",500,500,false],"thumbnail":["https:\/\/fernandadepilacao.com.br\/portal\/wp-content\/uploads\/2026\/01\/20260114160144-150x150.png",150,150,true],"medium":["https:\/\/fernandadepilacao.com.br\/portal\/wp-content\/uploads\/2026\/01\/20260114160144-300x300.png",300,300,true],"medium_large":["https:\/\/fernandadepilacao.com.br\/portal\/wp-content\/uploads\/2026\/01\/20260114160144.png",500,500,false],"large":["https:\/\/fernandadepilacao.com.br\/portal\/wp-content\/uploads\/2026\/01\/20260114160144.png",500,500,false],"1536x1536":["https:\/\/fernandadepilacao.com.br\/portal\/wp-content\/uploads\/2026\/01\/20260114160144.png",500,500,false],"2048x2048":["https:\/\/fernandadepilacao.com.br\/portal\/wp-content\/uploads\/2026\/01\/20260114160144.png",500,500,false]},"uagb_author_info":{"display_name":"fernandajob","author_link":"https:\/\/fernandadepilacao.com.br\/portal\/author\/fernandajob\/"},"uagb_comment_info":0,"uagb_excerpt":"Como Prevenir Pelos Encravados ao Usar L\u00e2mina: Dicas de Especialista O Que S\u00e3o Pelos Encravados? Os pelos encravados, tecnicamente chamados de foliculite pilar, s\u00e3o aqueles que, ao inv\u00e9s de crescerem para fora da pele, acabam ficando presos sob a superf\u00edcie. Isso acontece quando o pelo encontra uma barreira no trajeto ou faz uma curva e&hellip;","_links":{"self":[{"href":"https:\/\/fernandadepilacao.com.br\/portal\/wp-json\/wp\/v2\/posts\/1128"}],"collection":[{"href":"https:\/\/fernandadepilacao.com.br\/portal\/wp-json\/wp\/v2\/posts"}],"about":[{"href":"https:\/\/fernandadepilacao.com.br\/portal\/wp-json\/wp\/v2\/types\/post"}],"author":[{"embeddable":true,"href":"https:\/\/fernandadepilacao.com.br\/portal\/wp-json\/wp\/v2\/users\/1"}],"replies":[{"embeddable":true,"href":"https:\/\/fernandadepilacao.com.br\/portal\/wp-json\/wp\/v2\/comments?post=1128"}],"version-history":[{"count":1,"href":"https:\/\/fernandadepilacao.com.br\/portal\/wp-json\/wp\/v2\/posts\/1128\/revisions"}],"predecessor-version":[{"id":1129,"href":"https:\/\/fernandadepilacao.com.br\/portal\/wp-json\/wp\/v2\/posts\/1128\/revisions\/1129"}],"wp:featuredmedia":[{"embeddable":true,"href":"https:\/\/fernandadepilacao.com.br\/portal\/wp-json\/wp\/v2\/media\/1127"}],"wp:attachment":[{"href":"https:\/\/fernandadepilacao.com.br\/portal\/wp-json\/wp\/v2\/media?parent=1128"}],"wp:term":[{"taxonomy":"category","embeddable":true,"href":"https:\/\/fernandadepilacao.com.br\/portal\/wp-json\/wp\/v2\/categories?post=1128"},{"taxonomy":"post_tag","embeddable":true,"href":"https:\/\/fernandadepilacao.com.br\/portal\/wp-json\/wp\/v2\/tags?post=1128"}],"curies":[{"name":"wp","href":"https:\/\/api.w.org\/{rel}","templated":true}]}}