{"id":1122,"date":"2026-01-14T00:01:35","date_gmt":"2026-01-14T03:01:35","guid":{"rendered":"https:\/\/fernandadepilacao.com.br\/portal\/2026\/01\/guia-completo-cuidados-depilacao-lamina-2\/"},"modified":"2026-01-14T00:01:36","modified_gmt":"2026-01-14T03:01:36","slug":"guia-completo-cuidados-depilacao-lamina-2","status":"publish","type":"post","link":"https:\/\/fernandadepilacao.com.br\/portal\/2026\/01\/guia-completo-cuidados-depilacao-lamina-2\/","title":{"rendered":"Guia Completo de Cuidados Antes e Depois da Depila\u00e7\u00e3o com L\u00e2mina"},"content":{"rendered":"<article>\n<header>\n<h1>Cuidados Necess\u00e1rios Antes e Depois da Depila\u00e7\u00e3o com L\u00e2mina<\/h1>\n<p>    <meta name=\"description\" content=\"Saiba tudo sobre os cuidados essenciais para garantir uma depila\u00e7\u00e3o com l\u00e2mina eficiente, segura e livre de irrita\u00e7\u00f5es. Dicas pr\u00e1ticas antes e depois da depila\u00e7\u00e3o para uma pele macia, saud\u00e1vel e protegida contra pelos encravados e vermelhid\u00e3o.\" \/><br \/>\n  <\/header>\n<section>\n<h2>Por que se preparar para a depila\u00e7\u00e3o com l\u00e2mina?<\/h2>\n<p>A depila\u00e7\u00e3o com l\u00e2mina \u00e9 uma das formas mais populares e pr\u00e1ticas para remo\u00e7\u00e3o de pelos, principalmente pela sua rapidez e acessibilidade. Entretanto, para evitar os temidos <strong>pelos encravados<\/strong>, <strong>vermelhid\u00e3o<\/strong> e <strong>irrita\u00e7\u00f5es<\/strong>, \u00e9 fundamental adotar alguns cuidados antes e depois do procedimento. Uma rotina adequada proporciona uma pele mais macia, saud\u00e1vel e livre de desconfortos.<\/p>\n<\/section>\n<section>\n<h2>Cuidados antes de depilar com l\u00e2mina<\/h2>\n<ul>\n<li>\n        <strong>Esfolie a pele:<\/strong> Realizar uma esfolia\u00e7\u00e3o suave 24 horas antes da depila\u00e7\u00e3o remove c\u00e9lulas mortas, desobstrui os poros e reduz o risco de foliculite.\n      <\/li>\n<li>\n        <strong>Hidrate bem a pele:<\/strong> Uma pele hidratada facilita o deslizar da l\u00e2mina e evita cortes indesejados. Utilize um hidratante leve, preferencialmente sem \u00e1lcool.\n      <\/li>\n<li>\n        <strong>Evite depilar a seco:<\/strong> Sempre utilize \u00e1gua morna, g\u00e9is ou espumas espec\u00edficas. Isso amolece os fios e protege a barreira cut\u00e2nea durante o procedimento.\n      <\/li>\n<li>\n        <strong>Escolha uma l\u00e2mina nova:<\/strong> Instrumentos antigos causam mais trauma, aumentam a possibilidade de cortes e infec\u00e7\u00f5es. Troque a l\u00e2mina a cada 5 usos ou quando perceber sinais de desgaste.\n      <\/li>\n<\/ul>\n<\/section>\n<section>\n<h2>Como fazer a depila\u00e7\u00e3o com l\u00e2mina corretamente<\/h2>\n<ol>\n<li>Lave a regi\u00e3o com \u00e1gua morna, limpando res\u00edduos de suor e cosm\u00e9ticos.<\/li>\n<li>Aplique o gel, espuma ou sabonete pr\u00f3prio de barbear para proteger a pele.<\/li>\n<li>Deslize a l\u00e2mina suavemente no sentido do crescimento do pelo. Casos de pelos resistentes, fa\u00e7a movimentos leves no sentido contr\u00e1rio, sempre com cuidado para n\u00e3o agredir a pele.<\/li>\n<li>Ap\u00f3s a remo\u00e7\u00e3o dos pelos, enx\u00e1gue abundantemente e seque delicadamente com uma toalha limpa.<\/li>\n<\/ol>\n<\/section>\n<section>\n<h2>Cuidados ap\u00f3s a depila\u00e7\u00e3o com l\u00e2mina<\/h2>\n<ul>\n<li><strong>Hidrate novamente:<\/strong> Prefira lo\u00e7\u00f5es calmantes ou cremes com aloe vera, camomila e ativos regeneradores. Eles ajudam a acalmar eventuais vermelhid\u00f5es e restaurar a barreira protetora.<\/li>\n<li><strong>Evite roupas justas:<\/strong> Itens apertados podem gerar atrito, aumentando o risco de foliculite e manchas.<\/li>\n<li><strong>N\u00e3o exponha ao sol:<\/strong> Aguarde ao menos 24 horas para evitar manchas e irrita\u00e7\u00e3o, j\u00e1 que a pele estar\u00e1 sensibilizada.<\/li>\n<li><strong>Evite produtos \u00e1cidos\/abrasivos:<\/strong> N\u00e3o use produtos com \u00e1lcool, perfumes, \u00e1cidos (como retinol ou vitamina C) nas primeiras 24 horas ap\u00f3s a depila\u00e7\u00e3o.<\/li>\n<li><strong>Mantenha a higiene:<\/strong> O local deve permanecer limpo, evitando contato com superf\u00edcies e m\u00e3os sujas.<\/li>\n<\/ul>\n<\/section>\n<section>\n<h2>Perguntas frequentes sobre depila\u00e7\u00e3o com l\u00e2mina<\/h2>\n<dl>\n<dt>A depila\u00e7\u00e3o com l\u00e2mina engrossa o pelo?<\/dt>\n<dd>N\u00e3o, o que acontece \u00e9 que o corte reto na base do fio faz com que o pelo pare\u00e7a mais grosso, mas ele n\u00e3o sofre altera\u00e7\u00e3o em sua estrutura.<\/dd>\n<dt>Com que frequ\u00eancia devo trocar a l\u00e2mina?<\/dt>\n<dd>O ideal \u00e9 substituir a l\u00e2mina a cada 5 usos, mas se perceber perda de efici\u00eancia, enferrujamento ou sensa\u00e7\u00e3o de &#8220;arranhar&#8221;, troque imediatamente.<\/dd>\n<dt>Posso depilar qualquer parte do corpo com l\u00e2mina?<\/dt>\n<dd>As regi\u00f5es mais comuns s\u00e3o pernas, axilas e virilha, mas sempre com aten\u00e7\u00e3o redobrada em \u00e1reas sens\u00edveis. Utilize produtos adequados para cada regi\u00e3o.<\/dd>\n<\/dl>\n<\/section>\n<section>\n<h2>Conclus\u00e3o<\/h2>\n<p>Adotar <strong>cuidados antes e depois da depila\u00e7\u00e3o com l\u00e2mina<\/strong> \u00e9 fundamental para garantir uma pele lisinha, protegida e livre de complica\u00e7\u00f5es como foliculite, irrita\u00e7\u00f5es e manchas. Rolos de papel higi\u00eanico, hidratantes espec\u00edficos, l\u00e2minas em bom estado e um bom planejamento fazem parte do segredo para um resultado saud\u00e1vel e duradouro. Sempre fique atenta \u00e0s recomenda\u00e7\u00f5es e, em caso de qualquer irrita\u00e7\u00e3o persistente, procure um dermatologista. Assim, sua rotina de depila\u00e7\u00e3o ser\u00e1 sempre um momento de autocuidado e autoestima!<\/p>\n<\/section>\n<footer>\n<p><strong>Palavras-chave:<\/strong> cuidados antes e depois da depila\u00e7\u00e3o com l\u00e2mina, depila\u00e7\u00e3o segura, preven\u00e7\u00e3o de pelos encravados, como depilar corretamente, hidrata\u00e7\u00e3o p\u00f3s-depila\u00e7\u00e3o, foliculite, dicas depila\u00e7\u00e3o com l\u00e2mina<\/p>\n<\/footer>\n<\/article>\n","protected":false},"excerpt":{"rendered":"<p>Cuidados Necess\u00e1rios Antes e Depois da Depila\u00e7\u00e3o com L\u00e2mina Por que se preparar para a depila\u00e7\u00e3o com l\u00e2mina? A depila\u00e7\u00e3o com l\u00e2mina \u00e9 uma das formas mais populares e pr\u00e1ticas para remo\u00e7\u00e3o de pelos, principalmente pela sua rapidez e acessibilidade. Entretanto, para evitar os temidos pelos encravados, vermelhid\u00e3o e irrita\u00e7\u00f5es, \u00e9 fundamental adotar alguns cuidados &hellip;<\/p>\n<p class=\"read-more\"> <a class=\"\" href=\"https:\/\/fernandadepilacao.com.br\/portal\/2026\/01\/guia-completo-cuidados-depilacao-lamina-2\/\"> <span class=\"screen-reader-text\">Guia Completo de Cuidados Antes e Depois da Depila\u00e7\u00e3o com L\u00e2mina<\/span> Leia mais &raquo;<\/a><\/p>\n","protected":false},"author":1,"featured_media":1121,"comment_status":"open","ping_status":"open","sticky":false,"template":"","format":"standard","meta":[],"categories":[1],"tags":[],"yoast_head":"<!-- This site is optimized with the Yoast SEO plugin v18.4.1 - https:\/\/yoast.com\/wordpress\/plugins\/seo\/ -->\n<title>Guia Completo de Cuidados Antes e Depois da Depila\u00e7\u00e3o com L\u00e2mina - Fernanda Depila\u00e7\u00e3o<\/title>\n<meta name=\"robots\" content=\"index, follow, max-snippet:-1, max-image-preview:large, max-video-preview:-1\" \/>\n<link rel=\"canonical\" href=\"https:\/\/fernandadepilacao.com.br\/portal\/2026\/01\/guia-completo-cuidados-depilacao-lamina-2\/\" \/>\n<meta property=\"og:locale\" content=\"pt_BR\" \/>\n<meta property=\"og:type\" content=\"article\" \/>\n<meta property=\"og:title\" content=\"Guia Completo de Cuidados Antes e Depois da Depila\u00e7\u00e3o com L\u00e2mina - Fernanda Depila\u00e7\u00e3o\" \/>\n<meta property=\"og:description\" content=\"Cuidados Necess\u00e1rios Antes e Depois da Depila\u00e7\u00e3o com L\u00e2mina Por que se preparar para a depila\u00e7\u00e3o com l\u00e2mina? A depila\u00e7\u00e3o com l\u00e2mina \u00e9 uma das formas mais populares e pr\u00e1ticas para remo\u00e7\u00e3o de pelos, principalmente pela sua rapidez e acessibilidade. Entretanto, para evitar os temidos pelos encravados, vermelhid\u00e3o e irrita\u00e7\u00f5es, \u00e9 fundamental adotar alguns cuidados &hellip; Guia Completo de Cuidados Antes e Depois da Depila\u00e7\u00e3o com L\u00e2mina Leia mais &raquo;\" \/>\n<meta property=\"og:url\" content=\"https:\/\/fernandadepilacao.com.br\/portal\/2026\/01\/guia-completo-cuidados-depilacao-lamina-2\/\" \/>\n<meta property=\"og:site_name\" content=\"Fernanda Depila\u00e7\u00e3o\" \/>\n<meta property=\"article:publisher\" content=\"https:\/\/www.facebook.com\/ferjobdepilacao\" \/>\n<meta property=\"article:published_time\" content=\"2026-01-14T03:01:35+00:00\" \/>\n<meta property=\"article:modified_time\" content=\"2026-01-14T03:01:36+00:00\" \/>\n<meta name=\"twitter:card\" content=\"summary_large_image\" \/>\n<meta name=\"twitter:label1\" content=\"Escrito por\" \/>\n\t<meta name=\"twitter:data1\" content=\"fernandajob\" \/>\n\t<meta name=\"twitter:label2\" content=\"Est. tempo de leitura\" \/>\n\t<meta name=\"twitter:data2\" content=\"3 minutos\" \/>\n<script type=\"application\/ld+json\" class=\"yoast-schema-graph\">{\"@context\":\"https:\/\/schema.org\",\"@graph\":[{\"@type\":\"Organization\",\"@id\":\"https:\/\/fernandadepilacao.com.br\/portal\/#organization\",\"name\":\"Fernanda Depila\u00e7\u00e3o\",\"url\":\"https:\/\/fernandadepilacao.com.br\/portal\/\",\"sameAs\":[\"https:\/\/www.facebook.com\/ferjobdepilacao\",\"http:\/\/instagram.com\/fernanda_job\"],\"logo\":{\"@type\":\"ImageObject\",\"@id\":\"https:\/\/fernandadepilacao.com.br\/portal\/#logo\",\"inLanguage\":\"pt-BR\",\"url\":\"http:\/\/fernandadepilacao.com.br\/portal\/wp-content\/uploads\/2021\/03\/logo_fernanda.png\",\"contentUrl\":\"http:\/\/fernandadepilacao.com.br\/portal\/wp-content\/uploads\/2021\/03\/logo_fernanda.png\",\"width\":673,\"height\":688,\"caption\":\"Fernanda Depila\u00e7\u00e3o\"},\"image\":{\"@id\":\"https:\/\/fernandadepilacao.com.br\/portal\/#logo\"}},{\"@type\":\"WebSite\",\"@id\":\"https:\/\/fernandadepilacao.com.br\/portal\/#website\",\"url\":\"https:\/\/fernandadepilacao.com.br\/portal\/\",\"name\":\"Fernanda Depila\u00e7\u00e3o\",\"description\":\"\",\"publisher\":{\"@id\":\"https:\/\/fernandadepilacao.com.br\/portal\/#organization\"},\"potentialAction\":[{\"@type\":\"SearchAction\",\"target\":{\"@type\":\"EntryPoint\",\"urlTemplate\":\"https:\/\/fernandadepilacao.com.br\/portal\/?s={search_term_string}\"},\"query-input\":\"required name=search_term_string\"}],\"inLanguage\":\"pt-BR\"},{\"@type\":\"ImageObject\",\"@id\":\"https:\/\/fernandadepilacao.com.br\/portal\/2026\/01\/guia-completo-cuidados-depilacao-lamina-2\/#primaryimage\",\"inLanguage\":\"pt-BR\",\"url\":\"https:\/\/fernandadepilacao.com.br\/portal\/wp-content\/uploads\/2026\/01\/20260114000133.png\",\"contentUrl\":\"https:\/\/fernandadepilacao.com.br\/portal\/wp-content\/uploads\/2026\/01\/20260114000133.png\",\"width\":500,\"height\":500},{\"@type\":\"WebPage\",\"@id\":\"https:\/\/fernandadepilacao.com.br\/portal\/2026\/01\/guia-completo-cuidados-depilacao-lamina-2\/#webpage\",\"url\":\"https:\/\/fernandadepilacao.com.br\/portal\/2026\/01\/guia-completo-cuidados-depilacao-lamina-2\/\",\"name\":\"Guia Completo de Cuidados Antes e Depois da Depila\u00e7\u00e3o com L\u00e2mina - Fernanda Depila\u00e7\u00e3o\",\"isPartOf\":{\"@id\":\"https:\/\/fernandadepilacao.com.br\/portal\/#website\"},\"primaryImageOfPage\":{\"@id\":\"https:\/\/fernandadepilacao.com.br\/portal\/2026\/01\/guia-completo-cuidados-depilacao-lamina-2\/#primaryimage\"},\"datePublished\":\"2026-01-14T03:01:35+00:00\",\"dateModified\":\"2026-01-14T03:01:36+00:00\",\"breadcrumb\":{\"@id\":\"https:\/\/fernandadepilacao.com.br\/portal\/2026\/01\/guia-completo-cuidados-depilacao-lamina-2\/#breadcrumb\"},\"inLanguage\":\"pt-BR\",\"potentialAction\":[{\"@type\":\"ReadAction\",\"target\":[\"https:\/\/fernandadepilacao.com.br\/portal\/2026\/01\/guia-completo-cuidados-depilacao-lamina-2\/\"]}]},{\"@type\":\"BreadcrumbList\",\"@id\":\"https:\/\/fernandadepilacao.com.br\/portal\/2026\/01\/guia-completo-cuidados-depilacao-lamina-2\/#breadcrumb\",\"itemListElement\":[{\"@type\":\"ListItem\",\"position\":1,\"name\":\"In\u00edcio\",\"item\":\"http:\/\/fernandadepilacao.com.br\/portal\/\"},{\"@type\":\"ListItem\",\"position\":2,\"name\":\"Guia Completo de Cuidados Antes e Depois da Depila\u00e7\u00e3o com L\u00e2mina\"}]},{\"@type\":\"Article\",\"@id\":\"https:\/\/fernandadepilacao.com.br\/portal\/2026\/01\/guia-completo-cuidados-depilacao-lamina-2\/#article\",\"isPartOf\":{\"@id\":\"https:\/\/fernandadepilacao.com.br\/portal\/2026\/01\/guia-completo-cuidados-depilacao-lamina-2\/#webpage\"},\"author\":{\"@id\":\"https:\/\/fernandadepilacao.com.br\/portal\/#\/schema\/person\/d00644c3bbfd9fd17711767a3b1abbd0\"},\"headline\":\"Guia Completo de Cuidados Antes e Depois da Depila\u00e7\u00e3o com L\u00e2mina\",\"datePublished\":\"2026-01-14T03:01:35+00:00\",\"dateModified\":\"2026-01-14T03:01:36+00:00\",\"mainEntityOfPage\":{\"@id\":\"https:\/\/fernandadepilacao.com.br\/portal\/2026\/01\/guia-completo-cuidados-depilacao-lamina-2\/#webpage\"},\"wordCount\":655,\"commentCount\":0,\"publisher\":{\"@id\":\"https:\/\/fernandadepilacao.com.br\/portal\/#organization\"},\"image\":{\"@id\":\"https:\/\/fernandadepilacao.com.br\/portal\/2026\/01\/guia-completo-cuidados-depilacao-lamina-2\/#primaryimage\"},\"thumbnailUrl\":\"https:\/\/fernandadepilacao.com.br\/portal\/wp-content\/uploads\/2026\/01\/20260114000133.png\",\"inLanguage\":\"pt-BR\",\"potentialAction\":[{\"@type\":\"CommentAction\",\"name\":\"Comment\",\"target\":[\"https:\/\/fernandadepilacao.com.br\/portal\/2026\/01\/guia-completo-cuidados-depilacao-lamina-2\/#respond\"]}]},{\"@type\":\"Person\",\"@id\":\"https:\/\/fernandadepilacao.com.br\/portal\/#\/schema\/person\/d00644c3bbfd9fd17711767a3b1abbd0\",\"name\":\"fernandajob\",\"image\":{\"@type\":\"ImageObject\",\"@id\":\"https:\/\/fernandadepilacao.com.br\/portal\/#personlogo\",\"inLanguage\":\"pt-BR\",\"url\":\"https:\/\/secure.gravatar.com\/avatar\/6c2268a68d69a325906fbdccd74b18e6?s=96&d=mm&r=g\",\"contentUrl\":\"https:\/\/secure.gravatar.com\/avatar\/6c2268a68d69a325906fbdccd74b18e6?s=96&d=mm&r=g\",\"caption\":\"fernandajob\"},\"sameAs\":[\"http:\/\/fernandadepilacao.com.br\/portal\"]}]}<\/script>\n<!-- \/ Yoast SEO plugin. -->","yoast_head_json":{"title":"Guia Completo de Cuidados Antes e Depois da Depila\u00e7\u00e3o com L\u00e2mina - Fernanda Depila\u00e7\u00e3o","robots":{"index":"index","follow":"follow","max-snippet":"max-snippet:-1","max-image-preview":"max-image-preview:large","max-video-preview":"max-video-preview:-1"},"canonical":"https:\/\/fernandadepilacao.com.br\/portal\/2026\/01\/guia-completo-cuidados-depilacao-lamina-2\/","og_locale":"pt_BR","og_type":"article","og_title":"Guia Completo de Cuidados Antes e Depois da Depila\u00e7\u00e3o com L\u00e2mina - Fernanda Depila\u00e7\u00e3o","og_description":"Cuidados Necess\u00e1rios Antes e Depois da Depila\u00e7\u00e3o com L\u00e2mina Por que se preparar para a depila\u00e7\u00e3o com l\u00e2mina? A depila\u00e7\u00e3o com l\u00e2mina \u00e9 uma das formas mais populares e pr\u00e1ticas para remo\u00e7\u00e3o de pelos, principalmente pela sua rapidez e acessibilidade. Entretanto, para evitar os temidos pelos encravados, vermelhid\u00e3o e irrita\u00e7\u00f5es, \u00e9 fundamental adotar alguns cuidados &hellip; Guia Completo de Cuidados Antes e Depois da Depila\u00e7\u00e3o com L\u00e2mina Leia mais &raquo;","og_url":"https:\/\/fernandadepilacao.com.br\/portal\/2026\/01\/guia-completo-cuidados-depilacao-lamina-2\/","og_site_name":"Fernanda Depila\u00e7\u00e3o","article_publisher":"https:\/\/www.facebook.com\/ferjobdepilacao","article_published_time":"2026-01-14T03:01:35+00:00","article_modified_time":"2026-01-14T03:01:36+00:00","twitter_card":"summary_large_image","twitter_misc":{"Escrito por":"fernandajob","Est. tempo de leitura":"3 minutos"},"schema":{"@context":"https:\/\/schema.org","@graph":[{"@type":"Organization","@id":"https:\/\/fernandadepilacao.com.br\/portal\/#organization","name":"Fernanda Depila\u00e7\u00e3o","url":"https:\/\/fernandadepilacao.com.br\/portal\/","sameAs":["https:\/\/www.facebook.com\/ferjobdepilacao","http:\/\/instagram.com\/fernanda_job"],"logo":{"@type":"ImageObject","@id":"https:\/\/fernandadepilacao.com.br\/portal\/#logo","inLanguage":"pt-BR","url":"http:\/\/fernandadepilacao.com.br\/portal\/wp-content\/uploads\/2021\/03\/logo_fernanda.png","contentUrl":"http:\/\/fernandadepilacao.com.br\/portal\/wp-content\/uploads\/2021\/03\/logo_fernanda.png","width":673,"height":688,"caption":"Fernanda Depila\u00e7\u00e3o"},"image":{"@id":"https:\/\/fernandadepilacao.com.br\/portal\/#logo"}},{"@type":"WebSite","@id":"https:\/\/fernandadepilacao.com.br\/portal\/#website","url":"https:\/\/fernandadepilacao.com.br\/portal\/","name":"Fernanda Depila\u00e7\u00e3o","description":"","publisher":{"@id":"https:\/\/fernandadepilacao.com.br\/portal\/#organization"},"potentialAction":[{"@type":"SearchAction","target":{"@type":"EntryPoint","urlTemplate":"https:\/\/fernandadepilacao.com.br\/portal\/?s={search_term_string}"},"query-input":"required name=search_term_string"}],"inLanguage":"pt-BR"},{"@type":"ImageObject","@id":"https:\/\/fernandadepilacao.com.br\/portal\/2026\/01\/guia-completo-cuidados-depilacao-lamina-2\/#primaryimage","inLanguage":"pt-BR","url":"https:\/\/fernandadepilacao.com.br\/portal\/wp-content\/uploads\/2026\/01\/20260114000133.png","contentUrl":"https:\/\/fernandadepilacao.com.br\/portal\/wp-content\/uploads\/2026\/01\/20260114000133.png","width":500,"height":500},{"@type":"WebPage","@id":"https:\/\/fernandadepilacao.com.br\/portal\/2026\/01\/guia-completo-cuidados-depilacao-lamina-2\/#webpage","url":"https:\/\/fernandadepilacao.com.br\/portal\/2026\/01\/guia-completo-cuidados-depilacao-lamina-2\/","name":"Guia Completo de Cuidados Antes e Depois da Depila\u00e7\u00e3o com L\u00e2mina - Fernanda Depila\u00e7\u00e3o","isPartOf":{"@id":"https:\/\/fernandadepilacao.com.br\/portal\/#website"},"primaryImageOfPage":{"@id":"https:\/\/fernandadepilacao.com.br\/portal\/2026\/01\/guia-completo-cuidados-depilacao-lamina-2\/#primaryimage"},"datePublished":"2026-01-14T03:01:35+00:00","dateModified":"2026-01-14T03:01:36+00:00","breadcrumb":{"@id":"https:\/\/fernandadepilacao.com.br\/portal\/2026\/01\/guia-completo-cuidados-depilacao-lamina-2\/#breadcrumb"},"inLanguage":"pt-BR","potentialAction":[{"@type":"ReadAction","target":["https:\/\/fernandadepilacao.com.br\/portal\/2026\/01\/guia-completo-cuidados-depilacao-lamina-2\/"]}]},{"@type":"BreadcrumbList","@id":"https:\/\/fernandadepilacao.com.br\/portal\/2026\/01\/guia-completo-cuidados-depilacao-lamina-2\/#breadcrumb","itemListElement":[{"@type":"ListItem","position":1,"name":"In\u00edcio","item":"http:\/\/fernandadepilacao.com.br\/portal\/"},{"@type":"ListItem","position":2,"name":"Guia Completo de Cuidados Antes e Depois da Depila\u00e7\u00e3o com L\u00e2mina"}]},{"@type":"Article","@id":"https:\/\/fernandadepilacao.com.br\/portal\/2026\/01\/guia-completo-cuidados-depilacao-lamina-2\/#article","isPartOf":{"@id":"https:\/\/fernandadepilacao.com.br\/portal\/2026\/01\/guia-completo-cuidados-depilacao-lamina-2\/#webpage"},"author":{"@id":"https:\/\/fernandadepilacao.com.br\/portal\/#\/schema\/person\/d00644c3bbfd9fd17711767a3b1abbd0"},"headline":"Guia Completo de Cuidados Antes e Depois da Depila\u00e7\u00e3o com L\u00e2mina","datePublished":"2026-01-14T03:01:35+00:00","dateModified":"2026-01-14T03:01:36+00:00","mainEntityOfPage":{"@id":"https:\/\/fernandadepilacao.com.br\/portal\/2026\/01\/guia-completo-cuidados-depilacao-lamina-2\/#webpage"},"wordCount":655,"commentCount":0,"publisher":{"@id":"https:\/\/fernandadepilacao.com.br\/portal\/#organization"},"image":{"@id":"https:\/\/fernandadepilacao.com.br\/portal\/2026\/01\/guia-completo-cuidados-depilacao-lamina-2\/#primaryimage"},"thumbnailUrl":"https:\/\/fernandadepilacao.com.br\/portal\/wp-content\/uploads\/2026\/01\/20260114000133.png","inLanguage":"pt-BR","potentialAction":[{"@type":"CommentAction","name":"Comment","target":["https:\/\/fernandadepilacao.com.br\/portal\/2026\/01\/guia-completo-cuidados-depilacao-lamina-2\/#respond"]}]},{"@type":"Person","@id":"https:\/\/fernandadepilacao.com.br\/portal\/#\/schema\/person\/d00644c3bbfd9fd17711767a3b1abbd0","name":"fernandajob","image":{"@type":"ImageObject","@id":"https:\/\/fernandadepilacao.com.br\/portal\/#personlogo","inLanguage":"pt-BR","url":"https:\/\/secure.gravatar.com\/avatar\/6c2268a68d69a325906fbdccd74b18e6?s=96&d=mm&r=g","contentUrl":"https:\/\/secure.gravatar.com\/avatar\/6c2268a68d69a325906fbdccd74b18e6?s=96&d=mm&r=g","caption":"fernandajob"},"sameAs":["http:\/\/fernandadepilacao.com.br\/portal"]}]}},"uagb_featured_image_src":{"full":["https:\/\/fernandadepilacao.com.br\/portal\/wp-content\/uploads\/2026\/01\/20260114000133.png",500,500,false],"thumbnail":["https:\/\/fernandadepilacao.com.br\/portal\/wp-content\/uploads\/2026\/01\/20260114000133-150x150.png",150,150,true],"medium":["https:\/\/fernandadepilacao.com.br\/portal\/wp-content\/uploads\/2026\/01\/20260114000133-300x300.png",300,300,true],"medium_large":["https:\/\/fernandadepilacao.com.br\/portal\/wp-content\/uploads\/2026\/01\/20260114000133.png",500,500,false],"large":["https:\/\/fernandadepilacao.com.br\/portal\/wp-content\/uploads\/2026\/01\/20260114000133.png",500,500,false],"1536x1536":["https:\/\/fernandadepilacao.com.br\/portal\/wp-content\/uploads\/2026\/01\/20260114000133.png",500,500,false],"2048x2048":["https:\/\/fernandadepilacao.com.br\/portal\/wp-content\/uploads\/2026\/01\/20260114000133.png",500,500,false]},"uagb_author_info":{"display_name":"fernandajob","author_link":"https:\/\/fernandadepilacao.com.br\/portal\/author\/fernandajob\/"},"uagb_comment_info":0,"uagb_excerpt":"Cuidados Necess\u00e1rios Antes e Depois da Depila\u00e7\u00e3o com L\u00e2mina Por que se preparar para a depila\u00e7\u00e3o com l\u00e2mina? A depila\u00e7\u00e3o com l\u00e2mina \u00e9 uma das formas mais populares e pr\u00e1ticas para remo\u00e7\u00e3o de pelos, principalmente pela sua rapidez e acessibilidade. Entretanto, para evitar os temidos pelos encravados, vermelhid\u00e3o e irrita\u00e7\u00f5es, \u00e9 fundamental adotar alguns cuidados&hellip;","_links":{"self":[{"href":"https:\/\/fernandadepilacao.com.br\/portal\/wp-json\/wp\/v2\/posts\/1122"}],"collection":[{"href":"https:\/\/fernandadepilacao.com.br\/portal\/wp-json\/wp\/v2\/posts"}],"about":[{"href":"https:\/\/fernandadepilacao.com.br\/portal\/wp-json\/wp\/v2\/types\/post"}],"author":[{"embeddable":true,"href":"https:\/\/fernandadepilacao.com.br\/portal\/wp-json\/wp\/v2\/users\/1"}],"replies":[{"embeddable":true,"href":"https:\/\/fernandadepilacao.com.br\/portal\/wp-json\/wp\/v2\/comments?post=1122"}],"version-history":[{"count":1,"href":"https:\/\/fernandadepilacao.com.br\/portal\/wp-json\/wp\/v2\/posts\/1122\/revisions"}],"predecessor-version":[{"id":1123,"href":"https:\/\/fernandadepilacao.com.br\/portal\/wp-json\/wp\/v2\/posts\/1122\/revisions\/1123"}],"wp:featuredmedia":[{"embeddable":true,"href":"https:\/\/fernandadepilacao.com.br\/portal\/wp-json\/wp\/v2\/media\/1121"}],"wp:attachment":[{"href":"https:\/\/fernandadepilacao.com.br\/portal\/wp-json\/wp\/v2\/media?parent=1122"}],"wp:term":[{"taxonomy":"category","embeddable":true,"href":"https:\/\/fernandadepilacao.com.br\/portal\/wp-json\/wp\/v2\/categories?post=1122"},{"taxonomy":"post_tag","embeddable":true,"href":"https:\/\/fernandadepilacao.com.br\/portal\/wp-json\/wp\/v2\/tags?post=1122"}],"curies":[{"name":"wp","href":"https:\/\/api.w.org\/{rel}","templated":true}]}}