{"id":1110,"date":"2026-01-12T00:01:20","date_gmt":"2026-01-12T03:01:20","guid":{"rendered":"https:\/\/fernandadepilacao.com.br\/portal\/2026\/01\/duracao-intervalo-ideal-cuidados-depilacao-buco\/"},"modified":"2026-01-12T00:01:21","modified_gmt":"2026-01-12T03:01:21","slug":"duracao-intervalo-ideal-cuidados-depilacao-buco","status":"publish","type":"post","link":"https:\/\/fernandadepilacao.com.br\/portal\/2026\/01\/duracao-intervalo-ideal-cuidados-depilacao-buco\/","title":{"rendered":"Dura\u00e7\u00e3o, Intervalo Ideal e Cuidados Para a Depila\u00e7\u00e3o do Bu\u00e7o"},"content":{"rendered":"<article>\n<header>\n<h1>Dura\u00e7\u00e3o dos Resultados e Intervalo Ideal Entre Sess\u00f5es de Depila\u00e7\u00e3o do Bu\u00e7o<\/h1>\n<p>    <meta name=\"description\" content=\"Entenda quanto tempo dura a depila\u00e7\u00e3o do bu\u00e7o, qual o intervalo ideal entre as sess\u00f5es e dicas para manter a pele lisa e saud\u00e1vel.\"><br \/>\n  <\/header>\n<section>\n<h2>Introdu\u00e7\u00e3o<\/h2>\n<p>\n      A regi\u00e3o do bu\u00e7o, tamb\u00e9m conhecida como &#8220;bigodinho&#8221;, est\u00e1 entre as \u00e1reas mais procuradas nos sal\u00f5es e cl\u00ednicas para depila\u00e7\u00e3o facial. Muitas pessoas buscam uma pele lisa, livre daqueles pelos fininhos e escuros que podem aparecer acima dos l\u00e1bios. Por isso, \u00e9 comum surgir a d\u00favida: <strong>quanto tempo dura o resultado da depila\u00e7\u00e3o do bu\u00e7o?<\/strong> E qual o <strong>intervalo ideal entre as sess\u00f5es<\/strong> para garantir uma pele bonita e saud\u00e1vel? Confira a seguir todas as respostas, dicas e cuidados fundamentais!\n    <\/p>\n<\/section>\n<section>\n<h2>Principais M\u00e9todos de Depila\u00e7\u00e3o do Bu\u00e7o<\/h2>\n<p>\n      Existem diferentes t\u00e9cnicas para <strong>depila\u00e7\u00e3o do bu\u00e7o<\/strong>: a cera quente, cera fria, linha (tamb\u00e9m chamada de depila\u00e7\u00e3o eg\u00edpcia ou thread), creme depilat\u00f3rio e at\u00e9 m\u00e9todos definitivos como a luz pulsada e o laser. Cada m\u00e9todo possui particularidades e influencia na <strong>durabilidade da depila\u00e7\u00e3o<\/strong>.\n    <\/p>\n<ul>\n<li><strong>Cera quente ou fria:<\/strong> Remove o fio pela raiz, promovendo uma pele mais lisa e prolongando o tempo de crescimento do pelo.<\/li>\n<li><strong>Linha:<\/strong> M\u00e9todo 100% natural, tamb\u00e9m elimina o pelo desde a raiz, ideal para peles sens\u00edveis.<\/li>\n<li><strong>Creme depilat\u00f3rio:<\/strong> Atua apenas na superf\u00edcie e n\u00e3o retira a raiz do pelo, o que reduz a durabilidade dos resultados.<\/li>\n<li><strong>Luz pulsada e laser:<\/strong> T\u00e9cnicas de longa dura\u00e7\u00e3o, indicadas para quem deseja diminuir progressivamente a quantidade e espessura dos pelos.<\/li>\n<\/ul>\n<\/section>\n<section>\n<h2>Quanto Tempo Dura a Depila\u00e7\u00e3o do Bu\u00e7o?<\/h2>\n<p>\n      De maneira geral, a <strong>dura\u00e7\u00e3o dos resultados da depila\u00e7\u00e3o do bu\u00e7o<\/strong> varia entre 15 a 30 dias, dependendo do m\u00e9todo escolhido, do ciclo natural de crescimento dos pelos (fase an\u00e1gena, cat\u00e1gena e tel\u00f3gena) e de caracter\u00edsticas individuais como hormoniza\u00e7\u00e3o, gen\u00e9tica e rotina de cuidados.\n    <\/p>\n<table>\n<caption>Dura\u00e7\u00e3o m\u00e9dia dos resultados por m\u00e9todo<\/caption>\n<thead>\n<tr>\n<th>M\u00e9todo<\/th>\n<th>Dura\u00e7\u00e3o M\u00e9dia<\/th>\n<\/tr>\n<\/thead>\n<tbody>\n<tr>\n<td>Cera quente\/fria<\/td>\n<td>20 a 30 dias<\/td>\n<\/tr>\n<tr>\n<td>Linha (depila\u00e7\u00e3o eg\u00edpcia)<\/td>\n<td>15 a 25 dias<\/td>\n<\/tr>\n<tr>\n<td>Creme depilat\u00f3rio<\/td>\n<td>5 a 7 dias<\/td>\n<\/tr>\n<tr>\n<td>Luz pulsada \/ laser<\/td>\n<td>Redu\u00e7\u00e3o progressiva dos pelos<\/td>\n<\/tr>\n<\/tbody>\n<\/table>\n<p>\n      Ap\u00f3s a depila\u00e7\u00e3o, \u00e9 normal observar o in\u00edcio do crescimento de novos fios entre 2 e 3 semanas. Por isso, respeitar o <strong>intervalo recomendado entre sess\u00f5es<\/strong> \u00e9 importante para evitar traumas ou irrita\u00e7\u00f5es na pele.\n    <\/p>\n<\/section>\n<section>\n<h2>Intervalo Ideal Entre Sess\u00f5es de Depila\u00e7\u00e3o do Bu\u00e7o<\/h2>\n<p>\n      O <strong>intervalo ideal entre as depila\u00e7\u00f5es do bu\u00e7o<\/strong> pode variar de acordo com o m\u00e9todo utilizado e com a necessidade individual de cada pessoa:\n    <\/p>\n<ul>\n<li><strong>Cera e linha:<\/strong> Indica-se um intervalo de 20 a 30 dias, pois \u00e9 o tempo necess\u00e1rio para que os pelos atinjam o comprimento ideal para uma remo\u00e7\u00e3o eficiente, evitando agress\u00f5es \u00e0 pele.<\/li>\n<li><strong>Creme depilat\u00f3rio:<\/strong> O procedimento pode ser repetido a cada 7 dias, com cuidado para respeitar a sensibilidade da regi\u00e3o.<\/li>\n<li><strong>Luz pulsada e laser:<\/strong> As sess\u00f5es s\u00e3o agendadas, em geral, entre 30 e 45 dias, conforme avalia\u00e7\u00e3o profissional.<\/li>\n<\/ul>\n<p>\n      <strong>Respeitar o tempo de regenera\u00e7\u00e3o da pele<\/strong> \u00e9 fundamental para n\u00e3o causar irrita\u00e7\u00f5es, manchas ou foliculite. Se notar descama\u00e7\u00e3o, vermelhid\u00e3o ou coceira prolongada, aguarde mais tempo entre as sess\u00f5es e aposte na hidrata\u00e7\u00e3o intensiva da regi\u00e3o.\n    <\/p>\n<\/section>\n<section>\n<h2>Dicas Para Manter o Bu\u00e7o Sempre Liso e Saud\u00e1vel<\/h2>\n<ol>\n<li><strong>Evite exposi\u00e7\u00e3o solar nas primeiras 48 horas<\/strong> ap\u00f3s a depila\u00e7\u00e3o para prevenir manchas.<\/li>\n<li><strong>Invista na hidrata\u00e7\u00e3o:<\/strong> Use cremes calmantes ou \u00e1gua termal para minimizar a irrita\u00e7\u00e3o da pele.<\/li>\n<li><strong>Fa\u00e7a uma leve esfolia\u00e7\u00e3o facial<\/strong> (1 vez por semana) para evitar pelos encravados, sempre respeitando a sensibilidade individual.<\/li>\n<li><strong>Siga o intervalo recomendado:<\/strong> N\u00e3o antecipe a sess\u00e3o, para evitar les\u00f5es e garantir a sa\u00fade cut\u00e2nea.<\/li>\n<\/ol>\n<\/section>\n<section>\n<h2>Conclus\u00e3o<\/h2>\n<p>\n      A <strong>depila\u00e7\u00e3o do bu\u00e7o<\/strong> \u00e9 uma pr\u00e1tica rotineira entre homens e mulheres que desejam pele lisa e apar\u00eancia impec\u00e1vel. Escolher o m\u00e9todo que mais se adapta \u00e0 sua rotina e respeitar o <strong>intervalo ideal entre as sess\u00f5es<\/strong> s\u00e3o passos essenciais para garantir resultados duradouros, evitar irrita\u00e7\u00f5es e manter a regi\u00e3o facial sempre saud\u00e1vel.\n    <\/p>\n<p>\n      Em caso de d\u00favidas, sempre busque orienta\u00e7\u00e3o de uma profissional de est\u00e9tica qualificada. Assim, al\u00e9m de resultados mais bonitos, voc\u00ea garante todas as recomenda\u00e7\u00f5es adequadas para o seu tipo de pele!\n    <\/p>\n<\/section>\n<footer>\n<p><small>Palavras-chave: depila\u00e7\u00e3o do bu\u00e7o, intervalo de depila\u00e7\u00e3o, dura\u00e7\u00e3o da depila\u00e7\u00e3o facial, m\u00e9todos de depila\u00e7\u00e3o, cuidados com a pele, depilar bu\u00e7o, pele lisa<\/small><\/p>\n<\/footer>\n<\/article>\n","protected":false},"excerpt":{"rendered":"<p>Dura\u00e7\u00e3o dos Resultados e Intervalo Ideal Entre Sess\u00f5es de Depila\u00e7\u00e3o do Bu\u00e7o Introdu\u00e7\u00e3o A regi\u00e3o do bu\u00e7o, tamb\u00e9m conhecida como &#8220;bigodinho&#8221;, est\u00e1 entre as \u00e1reas mais procuradas nos sal\u00f5es e cl\u00ednicas para depila\u00e7\u00e3o facial. Muitas pessoas buscam uma pele lisa, livre daqueles pelos fininhos e escuros que podem aparecer acima dos l\u00e1bios. Por isso, \u00e9 &hellip;<\/p>\n<p class=\"read-more\"> <a class=\"\" href=\"https:\/\/fernandadepilacao.com.br\/portal\/2026\/01\/duracao-intervalo-ideal-cuidados-depilacao-buco\/\"> <span class=\"screen-reader-text\">Dura\u00e7\u00e3o, Intervalo Ideal e Cuidados Para a Depila\u00e7\u00e3o do Bu\u00e7o<\/span> Leia mais &raquo;<\/a><\/p>\n","protected":false},"author":1,"featured_media":1109,"comment_status":"open","ping_status":"open","sticky":false,"template":"","format":"standard","meta":[],"categories":[1],"tags":[],"yoast_head":"<!-- This site is optimized with the Yoast SEO plugin v18.4.1 - https:\/\/yoast.com\/wordpress\/plugins\/seo\/ -->\n<title>Dura\u00e7\u00e3o, Intervalo Ideal e Cuidados Para a Depila\u00e7\u00e3o do Bu\u00e7o - Fernanda Depila\u00e7\u00e3o<\/title>\n<meta name=\"robots\" content=\"index, follow, max-snippet:-1, max-image-preview:large, max-video-preview:-1\" \/>\n<link rel=\"canonical\" href=\"https:\/\/fernandadepilacao.com.br\/portal\/2026\/01\/duracao-intervalo-ideal-cuidados-depilacao-buco\/\" \/>\n<meta property=\"og:locale\" content=\"pt_BR\" \/>\n<meta property=\"og:type\" content=\"article\" \/>\n<meta property=\"og:title\" content=\"Dura\u00e7\u00e3o, Intervalo Ideal e Cuidados Para a Depila\u00e7\u00e3o do Bu\u00e7o - Fernanda Depila\u00e7\u00e3o\" \/>\n<meta property=\"og:description\" content=\"Dura\u00e7\u00e3o dos Resultados e Intervalo Ideal Entre Sess\u00f5es de Depila\u00e7\u00e3o do Bu\u00e7o Introdu\u00e7\u00e3o A regi\u00e3o do bu\u00e7o, tamb\u00e9m conhecida como &#8220;bigodinho&#8221;, est\u00e1 entre as \u00e1reas mais procuradas nos sal\u00f5es e cl\u00ednicas para depila\u00e7\u00e3o facial. Muitas pessoas buscam uma pele lisa, livre daqueles pelos fininhos e escuros que podem aparecer acima dos l\u00e1bios. Por isso, \u00e9 &hellip; Dura\u00e7\u00e3o, Intervalo Ideal e Cuidados Para a Depila\u00e7\u00e3o do Bu\u00e7o Leia mais &raquo;\" \/>\n<meta property=\"og:url\" content=\"https:\/\/fernandadepilacao.com.br\/portal\/2026\/01\/duracao-intervalo-ideal-cuidados-depilacao-buco\/\" \/>\n<meta property=\"og:site_name\" content=\"Fernanda Depila\u00e7\u00e3o\" \/>\n<meta property=\"article:publisher\" content=\"https:\/\/www.facebook.com\/ferjobdepilacao\" \/>\n<meta property=\"article:published_time\" content=\"2026-01-12T03:01:20+00:00\" \/>\n<meta property=\"article:modified_time\" content=\"2026-01-12T03:01:21+00:00\" \/>\n<meta name=\"twitter:card\" content=\"summary_large_image\" \/>\n<meta name=\"twitter:label1\" content=\"Escrito por\" \/>\n\t<meta name=\"twitter:data1\" content=\"fernandajob\" \/>\n\t<meta name=\"twitter:label2\" content=\"Est. tempo de leitura\" \/>\n\t<meta name=\"twitter:data2\" content=\"4 minutos\" \/>\n<script type=\"application\/ld+json\" class=\"yoast-schema-graph\">{\"@context\":\"https:\/\/schema.org\",\"@graph\":[{\"@type\":\"Organization\",\"@id\":\"https:\/\/fernandadepilacao.com.br\/portal\/#organization\",\"name\":\"Fernanda Depila\u00e7\u00e3o\",\"url\":\"https:\/\/fernandadepilacao.com.br\/portal\/\",\"sameAs\":[\"https:\/\/www.facebook.com\/ferjobdepilacao\",\"http:\/\/instagram.com\/fernanda_job\"],\"logo\":{\"@type\":\"ImageObject\",\"@id\":\"https:\/\/fernandadepilacao.com.br\/portal\/#logo\",\"inLanguage\":\"pt-BR\",\"url\":\"http:\/\/fernandadepilacao.com.br\/portal\/wp-content\/uploads\/2021\/03\/logo_fernanda.png\",\"contentUrl\":\"http:\/\/fernandadepilacao.com.br\/portal\/wp-content\/uploads\/2021\/03\/logo_fernanda.png\",\"width\":673,\"height\":688,\"caption\":\"Fernanda Depila\u00e7\u00e3o\"},\"image\":{\"@id\":\"https:\/\/fernandadepilacao.com.br\/portal\/#logo\"}},{\"@type\":\"WebSite\",\"@id\":\"https:\/\/fernandadepilacao.com.br\/portal\/#website\",\"url\":\"https:\/\/fernandadepilacao.com.br\/portal\/\",\"name\":\"Fernanda Depila\u00e7\u00e3o\",\"description\":\"\",\"publisher\":{\"@id\":\"https:\/\/fernandadepilacao.com.br\/portal\/#organization\"},\"potentialAction\":[{\"@type\":\"SearchAction\",\"target\":{\"@type\":\"EntryPoint\",\"urlTemplate\":\"https:\/\/fernandadepilacao.com.br\/portal\/?s={search_term_string}\"},\"query-input\":\"required name=search_term_string\"}],\"inLanguage\":\"pt-BR\"},{\"@type\":\"ImageObject\",\"@id\":\"https:\/\/fernandadepilacao.com.br\/portal\/2026\/01\/duracao-intervalo-ideal-cuidados-depilacao-buco\/#primaryimage\",\"inLanguage\":\"pt-BR\",\"url\":\"https:\/\/fernandadepilacao.com.br\/portal\/wp-content\/uploads\/2026\/01\/20260112000118.png\",\"contentUrl\":\"https:\/\/fernandadepilacao.com.br\/portal\/wp-content\/uploads\/2026\/01\/20260112000118.png\",\"width\":500,\"height\":500},{\"@type\":\"WebPage\",\"@id\":\"https:\/\/fernandadepilacao.com.br\/portal\/2026\/01\/duracao-intervalo-ideal-cuidados-depilacao-buco\/#webpage\",\"url\":\"https:\/\/fernandadepilacao.com.br\/portal\/2026\/01\/duracao-intervalo-ideal-cuidados-depilacao-buco\/\",\"name\":\"Dura\u00e7\u00e3o, Intervalo Ideal e Cuidados Para a Depila\u00e7\u00e3o do Bu\u00e7o - Fernanda Depila\u00e7\u00e3o\",\"isPartOf\":{\"@id\":\"https:\/\/fernandadepilacao.com.br\/portal\/#website\"},\"primaryImageOfPage\":{\"@id\":\"https:\/\/fernandadepilacao.com.br\/portal\/2026\/01\/duracao-intervalo-ideal-cuidados-depilacao-buco\/#primaryimage\"},\"datePublished\":\"2026-01-12T03:01:20+00:00\",\"dateModified\":\"2026-01-12T03:01:21+00:00\",\"breadcrumb\":{\"@id\":\"https:\/\/fernandadepilacao.com.br\/portal\/2026\/01\/duracao-intervalo-ideal-cuidados-depilacao-buco\/#breadcrumb\"},\"inLanguage\":\"pt-BR\",\"potentialAction\":[{\"@type\":\"ReadAction\",\"target\":[\"https:\/\/fernandadepilacao.com.br\/portal\/2026\/01\/duracao-intervalo-ideal-cuidados-depilacao-buco\/\"]}]},{\"@type\":\"BreadcrumbList\",\"@id\":\"https:\/\/fernandadepilacao.com.br\/portal\/2026\/01\/duracao-intervalo-ideal-cuidados-depilacao-buco\/#breadcrumb\",\"itemListElement\":[{\"@type\":\"ListItem\",\"position\":1,\"name\":\"In\u00edcio\",\"item\":\"http:\/\/fernandadepilacao.com.br\/portal\/\"},{\"@type\":\"ListItem\",\"position\":2,\"name\":\"Dura\u00e7\u00e3o, Intervalo Ideal e Cuidados Para a Depila\u00e7\u00e3o do Bu\u00e7o\"}]},{\"@type\":\"Article\",\"@id\":\"https:\/\/fernandadepilacao.com.br\/portal\/2026\/01\/duracao-intervalo-ideal-cuidados-depilacao-buco\/#article\",\"isPartOf\":{\"@id\":\"https:\/\/fernandadepilacao.com.br\/portal\/2026\/01\/duracao-intervalo-ideal-cuidados-depilacao-buco\/#webpage\"},\"author\":{\"@id\":\"https:\/\/fernandadepilacao.com.br\/portal\/#\/schema\/person\/d00644c3bbfd9fd17711767a3b1abbd0\"},\"headline\":\"Dura\u00e7\u00e3o, Intervalo Ideal e Cuidados Para a Depila\u00e7\u00e3o do Bu\u00e7o\",\"datePublished\":\"2026-01-12T03:01:20+00:00\",\"dateModified\":\"2026-01-12T03:01:21+00:00\",\"mainEntityOfPage\":{\"@id\":\"https:\/\/fernandadepilacao.com.br\/portal\/2026\/01\/duracao-intervalo-ideal-cuidados-depilacao-buco\/#webpage\"},\"wordCount\":767,\"commentCount\":0,\"publisher\":{\"@id\":\"https:\/\/fernandadepilacao.com.br\/portal\/#organization\"},\"image\":{\"@id\":\"https:\/\/fernandadepilacao.com.br\/portal\/2026\/01\/duracao-intervalo-ideal-cuidados-depilacao-buco\/#primaryimage\"},\"thumbnailUrl\":\"https:\/\/fernandadepilacao.com.br\/portal\/wp-content\/uploads\/2026\/01\/20260112000118.png\",\"inLanguage\":\"pt-BR\",\"potentialAction\":[{\"@type\":\"CommentAction\",\"name\":\"Comment\",\"target\":[\"https:\/\/fernandadepilacao.com.br\/portal\/2026\/01\/duracao-intervalo-ideal-cuidados-depilacao-buco\/#respond\"]}]},{\"@type\":\"Person\",\"@id\":\"https:\/\/fernandadepilacao.com.br\/portal\/#\/schema\/person\/d00644c3bbfd9fd17711767a3b1abbd0\",\"name\":\"fernandajob\",\"image\":{\"@type\":\"ImageObject\",\"@id\":\"https:\/\/fernandadepilacao.com.br\/portal\/#personlogo\",\"inLanguage\":\"pt-BR\",\"url\":\"https:\/\/secure.gravatar.com\/avatar\/6c2268a68d69a325906fbdccd74b18e6?s=96&d=mm&r=g\",\"contentUrl\":\"https:\/\/secure.gravatar.com\/avatar\/6c2268a68d69a325906fbdccd74b18e6?s=96&d=mm&r=g\",\"caption\":\"fernandajob\"},\"sameAs\":[\"http:\/\/fernandadepilacao.com.br\/portal\"]}]}<\/script>\n<!-- \/ Yoast SEO plugin. -->","yoast_head_json":{"title":"Dura\u00e7\u00e3o, Intervalo Ideal e Cuidados Para a Depila\u00e7\u00e3o do Bu\u00e7o - Fernanda Depila\u00e7\u00e3o","robots":{"index":"index","follow":"follow","max-snippet":"max-snippet:-1","max-image-preview":"max-image-preview:large","max-video-preview":"max-video-preview:-1"},"canonical":"https:\/\/fernandadepilacao.com.br\/portal\/2026\/01\/duracao-intervalo-ideal-cuidados-depilacao-buco\/","og_locale":"pt_BR","og_type":"article","og_title":"Dura\u00e7\u00e3o, Intervalo Ideal e Cuidados Para a Depila\u00e7\u00e3o do Bu\u00e7o - Fernanda Depila\u00e7\u00e3o","og_description":"Dura\u00e7\u00e3o dos Resultados e Intervalo Ideal Entre Sess\u00f5es de Depila\u00e7\u00e3o do Bu\u00e7o Introdu\u00e7\u00e3o A regi\u00e3o do bu\u00e7o, tamb\u00e9m conhecida como &#8220;bigodinho&#8221;, est\u00e1 entre as \u00e1reas mais procuradas nos sal\u00f5es e cl\u00ednicas para depila\u00e7\u00e3o facial. Muitas pessoas buscam uma pele lisa, livre daqueles pelos fininhos e escuros que podem aparecer acima dos l\u00e1bios. Por isso, \u00e9 &hellip; Dura\u00e7\u00e3o, Intervalo Ideal e Cuidados Para a Depila\u00e7\u00e3o do Bu\u00e7o Leia mais &raquo;","og_url":"https:\/\/fernandadepilacao.com.br\/portal\/2026\/01\/duracao-intervalo-ideal-cuidados-depilacao-buco\/","og_site_name":"Fernanda Depila\u00e7\u00e3o","article_publisher":"https:\/\/www.facebook.com\/ferjobdepilacao","article_published_time":"2026-01-12T03:01:20+00:00","article_modified_time":"2026-01-12T03:01:21+00:00","twitter_card":"summary_large_image","twitter_misc":{"Escrito por":"fernandajob","Est. tempo de leitura":"4 minutos"},"schema":{"@context":"https:\/\/schema.org","@graph":[{"@type":"Organization","@id":"https:\/\/fernandadepilacao.com.br\/portal\/#organization","name":"Fernanda Depila\u00e7\u00e3o","url":"https:\/\/fernandadepilacao.com.br\/portal\/","sameAs":["https:\/\/www.facebook.com\/ferjobdepilacao","http:\/\/instagram.com\/fernanda_job"],"logo":{"@type":"ImageObject","@id":"https:\/\/fernandadepilacao.com.br\/portal\/#logo","inLanguage":"pt-BR","url":"http:\/\/fernandadepilacao.com.br\/portal\/wp-content\/uploads\/2021\/03\/logo_fernanda.png","contentUrl":"http:\/\/fernandadepilacao.com.br\/portal\/wp-content\/uploads\/2021\/03\/logo_fernanda.png","width":673,"height":688,"caption":"Fernanda Depila\u00e7\u00e3o"},"image":{"@id":"https:\/\/fernandadepilacao.com.br\/portal\/#logo"}},{"@type":"WebSite","@id":"https:\/\/fernandadepilacao.com.br\/portal\/#website","url":"https:\/\/fernandadepilacao.com.br\/portal\/","name":"Fernanda Depila\u00e7\u00e3o","description":"","publisher":{"@id":"https:\/\/fernandadepilacao.com.br\/portal\/#organization"},"potentialAction":[{"@type":"SearchAction","target":{"@type":"EntryPoint","urlTemplate":"https:\/\/fernandadepilacao.com.br\/portal\/?s={search_term_string}"},"query-input":"required name=search_term_string"}],"inLanguage":"pt-BR"},{"@type":"ImageObject","@id":"https:\/\/fernandadepilacao.com.br\/portal\/2026\/01\/duracao-intervalo-ideal-cuidados-depilacao-buco\/#primaryimage","inLanguage":"pt-BR","url":"https:\/\/fernandadepilacao.com.br\/portal\/wp-content\/uploads\/2026\/01\/20260112000118.png","contentUrl":"https:\/\/fernandadepilacao.com.br\/portal\/wp-content\/uploads\/2026\/01\/20260112000118.png","width":500,"height":500},{"@type":"WebPage","@id":"https:\/\/fernandadepilacao.com.br\/portal\/2026\/01\/duracao-intervalo-ideal-cuidados-depilacao-buco\/#webpage","url":"https:\/\/fernandadepilacao.com.br\/portal\/2026\/01\/duracao-intervalo-ideal-cuidados-depilacao-buco\/","name":"Dura\u00e7\u00e3o, Intervalo Ideal e Cuidados Para a Depila\u00e7\u00e3o do Bu\u00e7o - Fernanda Depila\u00e7\u00e3o","isPartOf":{"@id":"https:\/\/fernandadepilacao.com.br\/portal\/#website"},"primaryImageOfPage":{"@id":"https:\/\/fernandadepilacao.com.br\/portal\/2026\/01\/duracao-intervalo-ideal-cuidados-depilacao-buco\/#primaryimage"},"datePublished":"2026-01-12T03:01:20+00:00","dateModified":"2026-01-12T03:01:21+00:00","breadcrumb":{"@id":"https:\/\/fernandadepilacao.com.br\/portal\/2026\/01\/duracao-intervalo-ideal-cuidados-depilacao-buco\/#breadcrumb"},"inLanguage":"pt-BR","potentialAction":[{"@type":"ReadAction","target":["https:\/\/fernandadepilacao.com.br\/portal\/2026\/01\/duracao-intervalo-ideal-cuidados-depilacao-buco\/"]}]},{"@type":"BreadcrumbList","@id":"https:\/\/fernandadepilacao.com.br\/portal\/2026\/01\/duracao-intervalo-ideal-cuidados-depilacao-buco\/#breadcrumb","itemListElement":[{"@type":"ListItem","position":1,"name":"In\u00edcio","item":"http:\/\/fernandadepilacao.com.br\/portal\/"},{"@type":"ListItem","position":2,"name":"Dura\u00e7\u00e3o, Intervalo Ideal e Cuidados Para a Depila\u00e7\u00e3o do Bu\u00e7o"}]},{"@type":"Article","@id":"https:\/\/fernandadepilacao.com.br\/portal\/2026\/01\/duracao-intervalo-ideal-cuidados-depilacao-buco\/#article","isPartOf":{"@id":"https:\/\/fernandadepilacao.com.br\/portal\/2026\/01\/duracao-intervalo-ideal-cuidados-depilacao-buco\/#webpage"},"author":{"@id":"https:\/\/fernandadepilacao.com.br\/portal\/#\/schema\/person\/d00644c3bbfd9fd17711767a3b1abbd0"},"headline":"Dura\u00e7\u00e3o, Intervalo Ideal e Cuidados Para a Depila\u00e7\u00e3o do Bu\u00e7o","datePublished":"2026-01-12T03:01:20+00:00","dateModified":"2026-01-12T03:01:21+00:00","mainEntityOfPage":{"@id":"https:\/\/fernandadepilacao.com.br\/portal\/2026\/01\/duracao-intervalo-ideal-cuidados-depilacao-buco\/#webpage"},"wordCount":767,"commentCount":0,"publisher":{"@id":"https:\/\/fernandadepilacao.com.br\/portal\/#organization"},"image":{"@id":"https:\/\/fernandadepilacao.com.br\/portal\/2026\/01\/duracao-intervalo-ideal-cuidados-depilacao-buco\/#primaryimage"},"thumbnailUrl":"https:\/\/fernandadepilacao.com.br\/portal\/wp-content\/uploads\/2026\/01\/20260112000118.png","inLanguage":"pt-BR","potentialAction":[{"@type":"CommentAction","name":"Comment","target":["https:\/\/fernandadepilacao.com.br\/portal\/2026\/01\/duracao-intervalo-ideal-cuidados-depilacao-buco\/#respond"]}]},{"@type":"Person","@id":"https:\/\/fernandadepilacao.com.br\/portal\/#\/schema\/person\/d00644c3bbfd9fd17711767a3b1abbd0","name":"fernandajob","image":{"@type":"ImageObject","@id":"https:\/\/fernandadepilacao.com.br\/portal\/#personlogo","inLanguage":"pt-BR","url":"https:\/\/secure.gravatar.com\/avatar\/6c2268a68d69a325906fbdccd74b18e6?s=96&d=mm&r=g","contentUrl":"https:\/\/secure.gravatar.com\/avatar\/6c2268a68d69a325906fbdccd74b18e6?s=96&d=mm&r=g","caption":"fernandajob"},"sameAs":["http:\/\/fernandadepilacao.com.br\/portal"]}]}},"uagb_featured_image_src":{"full":["https:\/\/fernandadepilacao.com.br\/portal\/wp-content\/uploads\/2026\/01\/20260112000118.png",500,500,false],"thumbnail":["https:\/\/fernandadepilacao.com.br\/portal\/wp-content\/uploads\/2026\/01\/20260112000118-150x150.png",150,150,true],"medium":["https:\/\/fernandadepilacao.com.br\/portal\/wp-content\/uploads\/2026\/01\/20260112000118-300x300.png",300,300,true],"medium_large":["https:\/\/fernandadepilacao.com.br\/portal\/wp-content\/uploads\/2026\/01\/20260112000118.png",500,500,false],"large":["https:\/\/fernandadepilacao.com.br\/portal\/wp-content\/uploads\/2026\/01\/20260112000118.png",500,500,false],"1536x1536":["https:\/\/fernandadepilacao.com.br\/portal\/wp-content\/uploads\/2026\/01\/20260112000118.png",500,500,false],"2048x2048":["https:\/\/fernandadepilacao.com.br\/portal\/wp-content\/uploads\/2026\/01\/20260112000118.png",500,500,false]},"uagb_author_info":{"display_name":"fernandajob","author_link":"https:\/\/fernandadepilacao.com.br\/portal\/author\/fernandajob\/"},"uagb_comment_info":0,"uagb_excerpt":"Dura\u00e7\u00e3o dos Resultados e Intervalo Ideal Entre Sess\u00f5es de Depila\u00e7\u00e3o do Bu\u00e7o Introdu\u00e7\u00e3o A regi\u00e3o do bu\u00e7o, tamb\u00e9m conhecida como &#8220;bigodinho&#8221;, est\u00e1 entre as \u00e1reas mais procuradas nos sal\u00f5es e cl\u00ednicas para depila\u00e7\u00e3o facial. Muitas pessoas buscam uma pele lisa, livre daqueles pelos fininhos e escuros que podem aparecer acima dos l\u00e1bios. Por isso, \u00e9&hellip;","_links":{"self":[{"href":"https:\/\/fernandadepilacao.com.br\/portal\/wp-json\/wp\/v2\/posts\/1110"}],"collection":[{"href":"https:\/\/fernandadepilacao.com.br\/portal\/wp-json\/wp\/v2\/posts"}],"about":[{"href":"https:\/\/fernandadepilacao.com.br\/portal\/wp-json\/wp\/v2\/types\/post"}],"author":[{"embeddable":true,"href":"https:\/\/fernandadepilacao.com.br\/portal\/wp-json\/wp\/v2\/users\/1"}],"replies":[{"embeddable":true,"href":"https:\/\/fernandadepilacao.com.br\/portal\/wp-json\/wp\/v2\/comments?post=1110"}],"version-history":[{"count":1,"href":"https:\/\/fernandadepilacao.com.br\/portal\/wp-json\/wp\/v2\/posts\/1110\/revisions"}],"predecessor-version":[{"id":1111,"href":"https:\/\/fernandadepilacao.com.br\/portal\/wp-json\/wp\/v2\/posts\/1110\/revisions\/1111"}],"wp:featuredmedia":[{"embeddable":true,"href":"https:\/\/fernandadepilacao.com.br\/portal\/wp-json\/wp\/v2\/media\/1109"}],"wp:attachment":[{"href":"https:\/\/fernandadepilacao.com.br\/portal\/wp-json\/wp\/v2\/media?parent=1110"}],"wp:term":[{"taxonomy":"category","embeddable":true,"href":"https:\/\/fernandadepilacao.com.br\/portal\/wp-json\/wp\/v2\/categories?post=1110"},{"taxonomy":"post_tag","embeddable":true,"href":"https:\/\/fernandadepilacao.com.br\/portal\/wp-json\/wp\/v2\/tags?post=1110"}],"curies":[{"name":"wp","href":"https:\/\/api.w.org\/{rel}","templated":true}]}}