{"id":1104,"date":"2026-01-11T08:01:26","date_gmt":"2026-01-11T11:01:26","guid":{"rendered":"https:\/\/fernandadepilacao.com.br\/portal\/2026\/01\/guia-completo-cuidados-pre-pos-depilacao-buco\/"},"modified":"2026-01-11T08:01:28","modified_gmt":"2026-01-11T11:01:28","slug":"guia-completo-cuidados-pre-pos-depilacao-buco","status":"publish","type":"post","link":"https:\/\/fernandadepilacao.com.br\/portal\/2026\/01\/guia-completo-cuidados-pre-pos-depilacao-buco\/","title":{"rendered":"Guia Completo de Cuidados Pr\u00e9 e P\u00f3s-Depila\u00e7\u00e3o do Bu\u00e7o"},"content":{"rendered":"<article>\n<header>\n<h1>Cuidados Pr\u00e9 e P\u00f3s-Depila\u00e7\u00e3o do Bu\u00e7o: O Guia Completo para Resultados Impec\u00e1veis<\/h1>\n<p>    <meta name=\"description\" content=\"Descubra os principais cuidados pr\u00e9 e p\u00f3s-depila\u00e7\u00e3o do bu\u00e7o para garantir pele lisinha, evitar manchas, irrita\u00e7\u00f5es e desfrutar de resultados duradouros. Confira dicas profissionais!\"><br \/>\n  <\/header>\n<section>\n<p><strong>Depilar o bu\u00e7o<\/strong> \u00e9 uma rotina est\u00e9tica muito comum para quem busca uma pele lisinha e apar\u00eancia renovada. Por\u00e9m, os <strong>cuidados antes e depois da depila\u00e7\u00e3o do bu\u00e7o<\/strong> s\u00e3o fundamentais para conquistar resultados duradouros, evitar manchas, prevenir irrita\u00e7\u00f5es e manter a sa\u00fade da pele.<\/p>\n<p>Confira neste artigo as melhores orienta\u00e7\u00f5es profissionais de cuidados pr\u00e9 e p\u00f3s-depila\u00e7\u00e3o do bu\u00e7o e deixe sua pele radiante!<\/p>\n<\/section>\n<section>\n<h2>Cuidados Pr\u00e9-Depila\u00e7\u00e3o do Bu\u00e7o<\/h2>\n<p>O preparo da pele \u00e9 indispens\u00e1vel para minimizar desconfortos como vermelhid\u00e3o, foliculite, ressecamento e at\u00e9 manchas. Veja as principais recomenda\u00e7\u00f5es:<\/p>\n<ul>\n<li><strong>Higienize a \u00e1rea:<\/strong> Lave o bu\u00e7o com sabonete neutro ou pr\u00f3prio para o rosto. Remova res\u00edduos de maquiagem, protetor solar, cremes e oleosidade. Isso evita impurezas que podem favorecer infec\u00e7\u00f5es.<\/li>\n<li><strong>Evite esfolia\u00e7\u00f5es perto do procedimento:<\/strong> N\u00e3o esfolie o bu\u00e7o at\u00e9 48h antes da depila\u00e7\u00e3o. O procedimento pode sensibilizar ainda mais a pele, deixando-a suscet\u00edvel a microles\u00f5es.<\/li>\n<li><strong>N\u00e3o utilize \u00e1cidos ou cosm\u00e9ticos agressivos 3 dias antes:<\/strong> Suspenda o uso de cremes \u00e0 base de retinol, \u00e1cidos ou clareadores, pois eles aumentam a sensibilidade e o risco de manchas.<\/li>\n<li><strong>Informe o profissional sobre alergias:<\/strong> Avise sempre sobre hist\u00f3rico de alergias ou uso de medicamentos t\u00f3picos e sist\u00eamicos.<\/li>\n<li><strong>N\u00e3o exponha ao sol no dia anterior:<\/strong> A exposi\u00e7\u00e3o solar deixa a pele mais sens\u00edvel, aumentando o risco de queimaduras e hiperpigmenta\u00e7\u00e3o (manchas escuras).<\/li>\n<li><strong>Evite o uso de maquiagem no dia da depila\u00e7\u00e3o:<\/strong> Corretivos e bases podem obstruir os poros, dificultando a retirada dos pelos.<\/li>\n<li><strong>Fique atenta ao ciclo menstrual:<\/strong> Algumas mulheres relatam mais dor e sensibilidade nos dias que antecedem a menstrua\u00e7\u00e3o.<\/li>\n<\/ul>\n<\/section>\n<section>\n<h2>Cuidados P\u00f3s-Depila\u00e7\u00e3o do Bu\u00e7o<\/h2>\n<p>Os cuidados ap\u00f3s a depila\u00e7\u00e3o s\u00e3o essenciais para aliviar a \u00e1rea, acelerar a recupera\u00e7\u00e3o e evitar complica\u00e7\u00f5es.<\/p>\n<ul>\n<li><strong>Evite o sol e use protetor:<\/strong> N\u00e3o exponha o bu\u00e7o ao sol nas 24 a 48h ap\u00f3s a depila\u00e7\u00e3o. Use protetor solar facial, de prefer\u00eancia com FPS alto e efeito f\u00edsico (mineral).<\/li>\n<li><strong>Hidrate e acalme a pele:<\/strong> Use cremes calmantes \u00e0 base de aloe vera, camomila, cal\u00eandula ou \u00e1gua termal, que ajudam a suavizar a vermelhid\u00e3o e a sensa\u00e7\u00e3o de ard\u00eancia.<\/li>\n<li><strong>N\u00e3o utilize maquiagem nas primeiras horas:<\/strong> Aguarde, no m\u00ednimo, 12h para retornar ao uso de base, corretivos e p\u00f3s na regi\u00e3o do bu\u00e7o.<\/li>\n<li><strong>Evite co\u00e7ar ou esfregar:<\/strong> Mesmo que a \u00e1rea apresente coceira leve, n\u00e3o coce para evitar les\u00f5es e infec\u00e7\u00f5es.<\/li>\n<li><strong>Resfrie a pele:<\/strong> Compressas frias podem ser usadas imediatamente ap\u00f3s a depila\u00e7\u00e3o para fechar os poros e aliviar o desconforto.<\/li>\n<li><strong>N\u00e3o utilize cremes com \u00e1cidos, retinol ou perfumes nas 48h seguintes:<\/strong> Esses ativos podem causar irrita\u00e7\u00e3o e escurecimento da pele rec\u00e9m depilada.<\/li>\n<li><strong>Evite piscinas e saunas:<\/strong> Produtos qu\u00edmicos presentes na \u00e1gua e o calor das saunas podem causar ard\u00eancia e infec\u00e7\u00f5es.<\/li>\n<li><strong>Cuidado ao usar m\u00e1scaras faciais:<\/strong> Espere pelo menos 48h antes de aplicar m\u00e1scaras purificantes, argilas ou outros cosm\u00e9ticos intensos na regi\u00e3o.<\/li>\n<\/ul>\n<\/section>\n<section>\n<h2>Como Prevenir Manchas e Irrita\u00e7\u00f5es no Bu\u00e7o<\/h2>\n<p>Uma das principais queixas ap\u00f3s a <strong>depila\u00e7\u00e3o do bu\u00e7o<\/strong> \u00e9 o aparecimento de manchas escuras (hiperpigmenta\u00e7\u00e3o) ou pequenas bolinhas irritadas (foliculite). Para evitar esses problemas:<\/p>\n<ol>\n<li>N\u00e3o exponha ao sol: sempre proteja a regi\u00e3o com protetor solar.<\/li>\n<li>Prefira m\u00e9todos de depila\u00e7\u00e3o adequados: para peles sens\u00edveis, a cera de baixa temperatura ou depila\u00e7\u00f5es a laser s\u00e3o menos agressivas.<\/li>\n<li>Evite reaplicar a cera na mesma \u00e1rea seguidamente.<\/li>\n<li>N\u00e3o esprema fol\u00edculos inflamados.<\/li>\n<li>Mantenha a pele limpa, hidratada e, se necess\u00e1rio, use lo\u00e7\u00f5es espec\u00edficas para peles sens\u00edveis.<\/li>\n<\/ol>\n<\/section>\n<section>\n<h2>Perguntas Frequentes sobre Depila\u00e7\u00e3o do Bu\u00e7o<\/h2>\n<dl>\n<dt><strong>Com que frequ\u00eancia devo depilar o bu\u00e7o?<\/strong><\/dt>\n<dd>Depende do m\u00e9todo usado e do ciclo de crescimento dos pelos. Em m\u00e9dia, a cada 15 a 30 dias para cera, e sess\u00f5es mensais para depila\u00e7\u00e3o a laser.<\/dd>\n<dt><strong>Pode passar gelo ap\u00f3s depilar o bu\u00e7o?<\/strong><\/dt>\n<dd>Sim, compressas frias ajudam a acalmar a pele e fechar os poros.<\/dd>\n<dt><strong>Depilar o bu\u00e7o escurece a pele?<\/strong><\/dt>\n<dd>Se n\u00e3o houver os devidos <strong>cuidados p\u00f3s-depila\u00e7\u00e3o<\/strong>, como evitar o sol e usar protetor, podem surgir manchas escuras.<\/dd>\n<\/dl>\n<\/section>\n<section>\n<h2>Considera\u00e7\u00f5es Finais<\/h2>\n<p>Cuidar do seu bu\u00e7o antes e ap\u00f3s a depila\u00e7\u00e3o \u00e9 essencial para garantir uma pele macia, uniforme e livre de complica\u00e7\u00f5es. Invista em m\u00e9todos seguros, siga as orienta\u00e7\u00f5es profissionais e, caso surja alguma d\u00favida ou rea\u00e7\u00e3o persistente, procure um dermatologista. Valorize sua beleza e sa\u00fade sempre!<\/p>\n<\/section>\n<footer>\n<p>Gostou das dicas? Compartilhe e salve este artigo para consultar sempre que for cuidar do seu bu\u00e7o!<\/p>\n<p><small>Palavras-chave: depila\u00e7\u00e3o do bu\u00e7o, cuidados pr\u00e9-depila\u00e7\u00e3o, cuidados p\u00f3s-depila\u00e7\u00e3o, pele sens\u00edvel, evitar manchas no bu\u00e7o, hidrata\u00e7\u00e3o p\u00f3s-depila\u00e7\u00e3o<\/small><\/p>\n<\/footer>\n<\/article>\n","protected":false},"excerpt":{"rendered":"<p>Cuidados Pr\u00e9 e P\u00f3s-Depila\u00e7\u00e3o do Bu\u00e7o: O Guia Completo para Resultados Impec\u00e1veis Depilar o bu\u00e7o \u00e9 uma rotina est\u00e9tica muito comum para quem busca uma pele lisinha e apar\u00eancia renovada. Por\u00e9m, os cuidados antes e depois da depila\u00e7\u00e3o do bu\u00e7o s\u00e3o fundamentais para conquistar resultados duradouros, evitar manchas, prevenir irrita\u00e7\u00f5es e manter a sa\u00fade da &hellip;<\/p>\n<p class=\"read-more\"> <a class=\"\" href=\"https:\/\/fernandadepilacao.com.br\/portal\/2026\/01\/guia-completo-cuidados-pre-pos-depilacao-buco\/\"> <span class=\"screen-reader-text\">Guia Completo de Cuidados Pr\u00e9 e P\u00f3s-Depila\u00e7\u00e3o do Bu\u00e7o<\/span> Leia mais &raquo;<\/a><\/p>\n","protected":false},"author":1,"featured_media":1103,"comment_status":"open","ping_status":"open","sticky":false,"template":"","format":"standard","meta":[],"categories":[1],"tags":[],"yoast_head":"<!-- This site is optimized with the Yoast SEO plugin v18.4.1 - https:\/\/yoast.com\/wordpress\/plugins\/seo\/ -->\n<title>Guia Completo de Cuidados Pr\u00e9 e P\u00f3s-Depila\u00e7\u00e3o do Bu\u00e7o - Fernanda Depila\u00e7\u00e3o<\/title>\n<meta name=\"robots\" content=\"index, follow, max-snippet:-1, max-image-preview:large, max-video-preview:-1\" \/>\n<link rel=\"canonical\" href=\"https:\/\/fernandadepilacao.com.br\/portal\/2026\/01\/guia-completo-cuidados-pre-pos-depilacao-buco\/\" \/>\n<meta property=\"og:locale\" content=\"pt_BR\" \/>\n<meta property=\"og:type\" content=\"article\" \/>\n<meta property=\"og:title\" content=\"Guia Completo de Cuidados Pr\u00e9 e P\u00f3s-Depila\u00e7\u00e3o do Bu\u00e7o - Fernanda Depila\u00e7\u00e3o\" \/>\n<meta property=\"og:description\" content=\"Cuidados Pr\u00e9 e P\u00f3s-Depila\u00e7\u00e3o do Bu\u00e7o: O Guia Completo para Resultados Impec\u00e1veis Depilar o bu\u00e7o \u00e9 uma rotina est\u00e9tica muito comum para quem busca uma pele lisinha e apar\u00eancia renovada. Por\u00e9m, os cuidados antes e depois da depila\u00e7\u00e3o do bu\u00e7o s\u00e3o fundamentais para conquistar resultados duradouros, evitar manchas, prevenir irrita\u00e7\u00f5es e manter a sa\u00fade da &hellip; Guia Completo de Cuidados Pr\u00e9 e P\u00f3s-Depila\u00e7\u00e3o do Bu\u00e7o Leia mais &raquo;\" \/>\n<meta property=\"og:url\" content=\"https:\/\/fernandadepilacao.com.br\/portal\/2026\/01\/guia-completo-cuidados-pre-pos-depilacao-buco\/\" \/>\n<meta property=\"og:site_name\" content=\"Fernanda Depila\u00e7\u00e3o\" \/>\n<meta property=\"article:publisher\" content=\"https:\/\/www.facebook.com\/ferjobdepilacao\" \/>\n<meta property=\"article:published_time\" content=\"2026-01-11T11:01:26+00:00\" \/>\n<meta property=\"article:modified_time\" content=\"2026-01-11T11:01:28+00:00\" \/>\n<meta name=\"twitter:card\" content=\"summary_large_image\" \/>\n<meta name=\"twitter:label1\" content=\"Escrito por\" \/>\n\t<meta name=\"twitter:data1\" content=\"fernandajob\" \/>\n\t<meta name=\"twitter:label2\" content=\"Est. tempo de leitura\" \/>\n\t<meta name=\"twitter:data2\" content=\"4 minutos\" \/>\n<script type=\"application\/ld+json\" class=\"yoast-schema-graph\">{\"@context\":\"https:\/\/schema.org\",\"@graph\":[{\"@type\":\"Organization\",\"@id\":\"https:\/\/fernandadepilacao.com.br\/portal\/#organization\",\"name\":\"Fernanda Depila\u00e7\u00e3o\",\"url\":\"https:\/\/fernandadepilacao.com.br\/portal\/\",\"sameAs\":[\"https:\/\/www.facebook.com\/ferjobdepilacao\",\"http:\/\/instagram.com\/fernanda_job\"],\"logo\":{\"@type\":\"ImageObject\",\"@id\":\"https:\/\/fernandadepilacao.com.br\/portal\/#logo\",\"inLanguage\":\"pt-BR\",\"url\":\"http:\/\/fernandadepilacao.com.br\/portal\/wp-content\/uploads\/2021\/03\/logo_fernanda.png\",\"contentUrl\":\"http:\/\/fernandadepilacao.com.br\/portal\/wp-content\/uploads\/2021\/03\/logo_fernanda.png\",\"width\":673,\"height\":688,\"caption\":\"Fernanda Depila\u00e7\u00e3o\"},\"image\":{\"@id\":\"https:\/\/fernandadepilacao.com.br\/portal\/#logo\"}},{\"@type\":\"WebSite\",\"@id\":\"https:\/\/fernandadepilacao.com.br\/portal\/#website\",\"url\":\"https:\/\/fernandadepilacao.com.br\/portal\/\",\"name\":\"Fernanda Depila\u00e7\u00e3o\",\"description\":\"\",\"publisher\":{\"@id\":\"https:\/\/fernandadepilacao.com.br\/portal\/#organization\"},\"potentialAction\":[{\"@type\":\"SearchAction\",\"target\":{\"@type\":\"EntryPoint\",\"urlTemplate\":\"https:\/\/fernandadepilacao.com.br\/portal\/?s={search_term_string}\"},\"query-input\":\"required name=search_term_string\"}],\"inLanguage\":\"pt-BR\"},{\"@type\":\"ImageObject\",\"@id\":\"https:\/\/fernandadepilacao.com.br\/portal\/2026\/01\/guia-completo-cuidados-pre-pos-depilacao-buco\/#primaryimage\",\"inLanguage\":\"pt-BR\",\"url\":\"https:\/\/fernandadepilacao.com.br\/portal\/wp-content\/uploads\/2026\/01\/20260111080124.png\",\"contentUrl\":\"https:\/\/fernandadepilacao.com.br\/portal\/wp-content\/uploads\/2026\/01\/20260111080124.png\",\"width\":500,\"height\":500},{\"@type\":\"WebPage\",\"@id\":\"https:\/\/fernandadepilacao.com.br\/portal\/2026\/01\/guia-completo-cuidados-pre-pos-depilacao-buco\/#webpage\",\"url\":\"https:\/\/fernandadepilacao.com.br\/portal\/2026\/01\/guia-completo-cuidados-pre-pos-depilacao-buco\/\",\"name\":\"Guia Completo de Cuidados Pr\u00e9 e P\u00f3s-Depila\u00e7\u00e3o do Bu\u00e7o - Fernanda Depila\u00e7\u00e3o\",\"isPartOf\":{\"@id\":\"https:\/\/fernandadepilacao.com.br\/portal\/#website\"},\"primaryImageOfPage\":{\"@id\":\"https:\/\/fernandadepilacao.com.br\/portal\/2026\/01\/guia-completo-cuidados-pre-pos-depilacao-buco\/#primaryimage\"},\"datePublished\":\"2026-01-11T11:01:26+00:00\",\"dateModified\":\"2026-01-11T11:01:28+00:00\",\"breadcrumb\":{\"@id\":\"https:\/\/fernandadepilacao.com.br\/portal\/2026\/01\/guia-completo-cuidados-pre-pos-depilacao-buco\/#breadcrumb\"},\"inLanguage\":\"pt-BR\",\"potentialAction\":[{\"@type\":\"ReadAction\",\"target\":[\"https:\/\/fernandadepilacao.com.br\/portal\/2026\/01\/guia-completo-cuidados-pre-pos-depilacao-buco\/\"]}]},{\"@type\":\"BreadcrumbList\",\"@id\":\"https:\/\/fernandadepilacao.com.br\/portal\/2026\/01\/guia-completo-cuidados-pre-pos-depilacao-buco\/#breadcrumb\",\"itemListElement\":[{\"@type\":\"ListItem\",\"position\":1,\"name\":\"In\u00edcio\",\"item\":\"http:\/\/fernandadepilacao.com.br\/portal\/\"},{\"@type\":\"ListItem\",\"position\":2,\"name\":\"Guia Completo de Cuidados Pr\u00e9 e P\u00f3s-Depila\u00e7\u00e3o do Bu\u00e7o\"}]},{\"@type\":\"Article\",\"@id\":\"https:\/\/fernandadepilacao.com.br\/portal\/2026\/01\/guia-completo-cuidados-pre-pos-depilacao-buco\/#article\",\"isPartOf\":{\"@id\":\"https:\/\/fernandadepilacao.com.br\/portal\/2026\/01\/guia-completo-cuidados-pre-pos-depilacao-buco\/#webpage\"},\"author\":{\"@id\":\"https:\/\/fernandadepilacao.com.br\/portal\/#\/schema\/person\/d00644c3bbfd9fd17711767a3b1abbd0\"},\"headline\":\"Guia Completo de Cuidados Pr\u00e9 e P\u00f3s-Depila\u00e7\u00e3o do Bu\u00e7o\",\"datePublished\":\"2026-01-11T11:01:26+00:00\",\"dateModified\":\"2026-01-11T11:01:28+00:00\",\"mainEntityOfPage\":{\"@id\":\"https:\/\/fernandadepilacao.com.br\/portal\/2026\/01\/guia-completo-cuidados-pre-pos-depilacao-buco\/#webpage\"},\"wordCount\":866,\"commentCount\":0,\"publisher\":{\"@id\":\"https:\/\/fernandadepilacao.com.br\/portal\/#organization\"},\"image\":{\"@id\":\"https:\/\/fernandadepilacao.com.br\/portal\/2026\/01\/guia-completo-cuidados-pre-pos-depilacao-buco\/#primaryimage\"},\"thumbnailUrl\":\"https:\/\/fernandadepilacao.com.br\/portal\/wp-content\/uploads\/2026\/01\/20260111080124.png\",\"inLanguage\":\"pt-BR\",\"potentialAction\":[{\"@type\":\"CommentAction\",\"name\":\"Comment\",\"target\":[\"https:\/\/fernandadepilacao.com.br\/portal\/2026\/01\/guia-completo-cuidados-pre-pos-depilacao-buco\/#respond\"]}]},{\"@type\":\"Person\",\"@id\":\"https:\/\/fernandadepilacao.com.br\/portal\/#\/schema\/person\/d00644c3bbfd9fd17711767a3b1abbd0\",\"name\":\"fernandajob\",\"image\":{\"@type\":\"ImageObject\",\"@id\":\"https:\/\/fernandadepilacao.com.br\/portal\/#personlogo\",\"inLanguage\":\"pt-BR\",\"url\":\"https:\/\/secure.gravatar.com\/avatar\/6c2268a68d69a325906fbdccd74b18e6?s=96&d=mm&r=g\",\"contentUrl\":\"https:\/\/secure.gravatar.com\/avatar\/6c2268a68d69a325906fbdccd74b18e6?s=96&d=mm&r=g\",\"caption\":\"fernandajob\"},\"sameAs\":[\"http:\/\/fernandadepilacao.com.br\/portal\"]}]}<\/script>\n<!-- \/ Yoast SEO plugin. -->","yoast_head_json":{"title":"Guia Completo de Cuidados Pr\u00e9 e P\u00f3s-Depila\u00e7\u00e3o do Bu\u00e7o - Fernanda Depila\u00e7\u00e3o","robots":{"index":"index","follow":"follow","max-snippet":"max-snippet:-1","max-image-preview":"max-image-preview:large","max-video-preview":"max-video-preview:-1"},"canonical":"https:\/\/fernandadepilacao.com.br\/portal\/2026\/01\/guia-completo-cuidados-pre-pos-depilacao-buco\/","og_locale":"pt_BR","og_type":"article","og_title":"Guia Completo de Cuidados Pr\u00e9 e P\u00f3s-Depila\u00e7\u00e3o do Bu\u00e7o - Fernanda Depila\u00e7\u00e3o","og_description":"Cuidados Pr\u00e9 e P\u00f3s-Depila\u00e7\u00e3o do Bu\u00e7o: O Guia Completo para Resultados Impec\u00e1veis Depilar o bu\u00e7o \u00e9 uma rotina est\u00e9tica muito comum para quem busca uma pele lisinha e apar\u00eancia renovada. Por\u00e9m, os cuidados antes e depois da depila\u00e7\u00e3o do bu\u00e7o s\u00e3o fundamentais para conquistar resultados duradouros, evitar manchas, prevenir irrita\u00e7\u00f5es e manter a sa\u00fade da &hellip; Guia Completo de Cuidados Pr\u00e9 e P\u00f3s-Depila\u00e7\u00e3o do Bu\u00e7o Leia mais &raquo;","og_url":"https:\/\/fernandadepilacao.com.br\/portal\/2026\/01\/guia-completo-cuidados-pre-pos-depilacao-buco\/","og_site_name":"Fernanda Depila\u00e7\u00e3o","article_publisher":"https:\/\/www.facebook.com\/ferjobdepilacao","article_published_time":"2026-01-11T11:01:26+00:00","article_modified_time":"2026-01-11T11:01:28+00:00","twitter_card":"summary_large_image","twitter_misc":{"Escrito por":"fernandajob","Est. tempo de leitura":"4 minutos"},"schema":{"@context":"https:\/\/schema.org","@graph":[{"@type":"Organization","@id":"https:\/\/fernandadepilacao.com.br\/portal\/#organization","name":"Fernanda Depila\u00e7\u00e3o","url":"https:\/\/fernandadepilacao.com.br\/portal\/","sameAs":["https:\/\/www.facebook.com\/ferjobdepilacao","http:\/\/instagram.com\/fernanda_job"],"logo":{"@type":"ImageObject","@id":"https:\/\/fernandadepilacao.com.br\/portal\/#logo","inLanguage":"pt-BR","url":"http:\/\/fernandadepilacao.com.br\/portal\/wp-content\/uploads\/2021\/03\/logo_fernanda.png","contentUrl":"http:\/\/fernandadepilacao.com.br\/portal\/wp-content\/uploads\/2021\/03\/logo_fernanda.png","width":673,"height":688,"caption":"Fernanda Depila\u00e7\u00e3o"},"image":{"@id":"https:\/\/fernandadepilacao.com.br\/portal\/#logo"}},{"@type":"WebSite","@id":"https:\/\/fernandadepilacao.com.br\/portal\/#website","url":"https:\/\/fernandadepilacao.com.br\/portal\/","name":"Fernanda Depila\u00e7\u00e3o","description":"","publisher":{"@id":"https:\/\/fernandadepilacao.com.br\/portal\/#organization"},"potentialAction":[{"@type":"SearchAction","target":{"@type":"EntryPoint","urlTemplate":"https:\/\/fernandadepilacao.com.br\/portal\/?s={search_term_string}"},"query-input":"required name=search_term_string"}],"inLanguage":"pt-BR"},{"@type":"ImageObject","@id":"https:\/\/fernandadepilacao.com.br\/portal\/2026\/01\/guia-completo-cuidados-pre-pos-depilacao-buco\/#primaryimage","inLanguage":"pt-BR","url":"https:\/\/fernandadepilacao.com.br\/portal\/wp-content\/uploads\/2026\/01\/20260111080124.png","contentUrl":"https:\/\/fernandadepilacao.com.br\/portal\/wp-content\/uploads\/2026\/01\/20260111080124.png","width":500,"height":500},{"@type":"WebPage","@id":"https:\/\/fernandadepilacao.com.br\/portal\/2026\/01\/guia-completo-cuidados-pre-pos-depilacao-buco\/#webpage","url":"https:\/\/fernandadepilacao.com.br\/portal\/2026\/01\/guia-completo-cuidados-pre-pos-depilacao-buco\/","name":"Guia Completo de Cuidados Pr\u00e9 e P\u00f3s-Depila\u00e7\u00e3o do Bu\u00e7o - Fernanda Depila\u00e7\u00e3o","isPartOf":{"@id":"https:\/\/fernandadepilacao.com.br\/portal\/#website"},"primaryImageOfPage":{"@id":"https:\/\/fernandadepilacao.com.br\/portal\/2026\/01\/guia-completo-cuidados-pre-pos-depilacao-buco\/#primaryimage"},"datePublished":"2026-01-11T11:01:26+00:00","dateModified":"2026-01-11T11:01:28+00:00","breadcrumb":{"@id":"https:\/\/fernandadepilacao.com.br\/portal\/2026\/01\/guia-completo-cuidados-pre-pos-depilacao-buco\/#breadcrumb"},"inLanguage":"pt-BR","potentialAction":[{"@type":"ReadAction","target":["https:\/\/fernandadepilacao.com.br\/portal\/2026\/01\/guia-completo-cuidados-pre-pos-depilacao-buco\/"]}]},{"@type":"BreadcrumbList","@id":"https:\/\/fernandadepilacao.com.br\/portal\/2026\/01\/guia-completo-cuidados-pre-pos-depilacao-buco\/#breadcrumb","itemListElement":[{"@type":"ListItem","position":1,"name":"In\u00edcio","item":"http:\/\/fernandadepilacao.com.br\/portal\/"},{"@type":"ListItem","position":2,"name":"Guia Completo de Cuidados Pr\u00e9 e P\u00f3s-Depila\u00e7\u00e3o do Bu\u00e7o"}]},{"@type":"Article","@id":"https:\/\/fernandadepilacao.com.br\/portal\/2026\/01\/guia-completo-cuidados-pre-pos-depilacao-buco\/#article","isPartOf":{"@id":"https:\/\/fernandadepilacao.com.br\/portal\/2026\/01\/guia-completo-cuidados-pre-pos-depilacao-buco\/#webpage"},"author":{"@id":"https:\/\/fernandadepilacao.com.br\/portal\/#\/schema\/person\/d00644c3bbfd9fd17711767a3b1abbd0"},"headline":"Guia Completo de Cuidados Pr\u00e9 e P\u00f3s-Depila\u00e7\u00e3o do Bu\u00e7o","datePublished":"2026-01-11T11:01:26+00:00","dateModified":"2026-01-11T11:01:28+00:00","mainEntityOfPage":{"@id":"https:\/\/fernandadepilacao.com.br\/portal\/2026\/01\/guia-completo-cuidados-pre-pos-depilacao-buco\/#webpage"},"wordCount":866,"commentCount":0,"publisher":{"@id":"https:\/\/fernandadepilacao.com.br\/portal\/#organization"},"image":{"@id":"https:\/\/fernandadepilacao.com.br\/portal\/2026\/01\/guia-completo-cuidados-pre-pos-depilacao-buco\/#primaryimage"},"thumbnailUrl":"https:\/\/fernandadepilacao.com.br\/portal\/wp-content\/uploads\/2026\/01\/20260111080124.png","inLanguage":"pt-BR","potentialAction":[{"@type":"CommentAction","name":"Comment","target":["https:\/\/fernandadepilacao.com.br\/portal\/2026\/01\/guia-completo-cuidados-pre-pos-depilacao-buco\/#respond"]}]},{"@type":"Person","@id":"https:\/\/fernandadepilacao.com.br\/portal\/#\/schema\/person\/d00644c3bbfd9fd17711767a3b1abbd0","name":"fernandajob","image":{"@type":"ImageObject","@id":"https:\/\/fernandadepilacao.com.br\/portal\/#personlogo","inLanguage":"pt-BR","url":"https:\/\/secure.gravatar.com\/avatar\/6c2268a68d69a325906fbdccd74b18e6?s=96&d=mm&r=g","contentUrl":"https:\/\/secure.gravatar.com\/avatar\/6c2268a68d69a325906fbdccd74b18e6?s=96&d=mm&r=g","caption":"fernandajob"},"sameAs":["http:\/\/fernandadepilacao.com.br\/portal"]}]}},"uagb_featured_image_src":{"full":["https:\/\/fernandadepilacao.com.br\/portal\/wp-content\/uploads\/2026\/01\/20260111080124.png",500,500,false],"thumbnail":["https:\/\/fernandadepilacao.com.br\/portal\/wp-content\/uploads\/2026\/01\/20260111080124-150x150.png",150,150,true],"medium":["https:\/\/fernandadepilacao.com.br\/portal\/wp-content\/uploads\/2026\/01\/20260111080124-300x300.png",300,300,true],"medium_large":["https:\/\/fernandadepilacao.com.br\/portal\/wp-content\/uploads\/2026\/01\/20260111080124.png",500,500,false],"large":["https:\/\/fernandadepilacao.com.br\/portal\/wp-content\/uploads\/2026\/01\/20260111080124.png",500,500,false],"1536x1536":["https:\/\/fernandadepilacao.com.br\/portal\/wp-content\/uploads\/2026\/01\/20260111080124.png",500,500,false],"2048x2048":["https:\/\/fernandadepilacao.com.br\/portal\/wp-content\/uploads\/2026\/01\/20260111080124.png",500,500,false]},"uagb_author_info":{"display_name":"fernandajob","author_link":"https:\/\/fernandadepilacao.com.br\/portal\/author\/fernandajob\/"},"uagb_comment_info":0,"uagb_excerpt":"Cuidados Pr\u00e9 e P\u00f3s-Depila\u00e7\u00e3o do Bu\u00e7o: O Guia Completo para Resultados Impec\u00e1veis Depilar o bu\u00e7o \u00e9 uma rotina est\u00e9tica muito comum para quem busca uma pele lisinha e apar\u00eancia renovada. Por\u00e9m, os cuidados antes e depois da depila\u00e7\u00e3o do bu\u00e7o s\u00e3o fundamentais para conquistar resultados duradouros, evitar manchas, prevenir irrita\u00e7\u00f5es e manter a sa\u00fade da&hellip;","_links":{"self":[{"href":"https:\/\/fernandadepilacao.com.br\/portal\/wp-json\/wp\/v2\/posts\/1104"}],"collection":[{"href":"https:\/\/fernandadepilacao.com.br\/portal\/wp-json\/wp\/v2\/posts"}],"about":[{"href":"https:\/\/fernandadepilacao.com.br\/portal\/wp-json\/wp\/v2\/types\/post"}],"author":[{"embeddable":true,"href":"https:\/\/fernandadepilacao.com.br\/portal\/wp-json\/wp\/v2\/users\/1"}],"replies":[{"embeddable":true,"href":"https:\/\/fernandadepilacao.com.br\/portal\/wp-json\/wp\/v2\/comments?post=1104"}],"version-history":[{"count":1,"href":"https:\/\/fernandadepilacao.com.br\/portal\/wp-json\/wp\/v2\/posts\/1104\/revisions"}],"predecessor-version":[{"id":1105,"href":"https:\/\/fernandadepilacao.com.br\/portal\/wp-json\/wp\/v2\/posts\/1104\/revisions\/1105"}],"wp:featuredmedia":[{"embeddable":true,"href":"https:\/\/fernandadepilacao.com.br\/portal\/wp-json\/wp\/v2\/media\/1103"}],"wp:attachment":[{"href":"https:\/\/fernandadepilacao.com.br\/portal\/wp-json\/wp\/v2\/media?parent=1104"}],"wp:term":[{"taxonomy":"category","embeddable":true,"href":"https:\/\/fernandadepilacao.com.br\/portal\/wp-json\/wp\/v2\/categories?post=1104"},{"taxonomy":"post_tag","embeddable":true,"href":"https:\/\/fernandadepilacao.com.br\/portal\/wp-json\/wp\/v2\/tags?post=1104"}],"curies":[{"name":"wp","href":"https:\/\/api.w.org\/{rel}","templated":true}]}}