{"id":1101,"date":"2026-01-11T00:01:12","date_gmt":"2026-01-11T03:01:12","guid":{"rendered":"https:\/\/fernandadepilacao.com.br\/portal\/2026\/01\/guia-completo-prevencao-tratamento-irritacoes-alergias-depilacao-buco\/"},"modified":"2026-01-11T00:01:13","modified_gmt":"2026-01-11T03:01:13","slug":"guia-completo-prevencao-tratamento-irritacoes-alergias-depilacao-buco","status":"publish","type":"post","link":"https:\/\/fernandadepilacao.com.br\/portal\/2026\/01\/guia-completo-prevencao-tratamento-irritacoes-alergias-depilacao-buco\/","title":{"rendered":"Guia Completo para Prevenir e Tratar Irrita\u00e7\u00f5es e Alergias Ap\u00f3s a Depila\u00e7\u00e3o do Bu\u00e7o"},"content":{"rendered":"<article>\n<header>\n<h1>Preven\u00e7\u00e3o e Tratamento de Irrita\u00e7\u00f5es e Alergias Ap\u00f3s a Depila\u00e7\u00e3o do Bu\u00e7o: Dicas de Especialista<\/h1>\n<p>    <meta name=\"description\" content=\"Descubra como prevenir e tratar irrita\u00e7\u00f5es, vermelhid\u00e3o e alergias ap\u00f3s a depila\u00e7\u00e3o do bu\u00e7o. Confira dicas pr\u00e1ticas, cuidados essenciais e os melhores produtos para manter sua pele saud\u00e1vel.\" \/><br \/>\n  <\/header>\n<section>\n<h2>Depila\u00e7\u00e3o do Bu\u00e7o: Cuidados Essenciais com a Pele Sens\u00edvel<\/h2>\n<p>A depila\u00e7\u00e3o do bu\u00e7o \u00e9 um dos procedimentos est\u00e9ticos mais procurados por quem deseja uma apar\u00eancia facial lisa e livre de pelos indesejados. Seja por meio de cera quente, fria, linha ou creme depilat\u00f3rio, essa \u00e1rea do rosto tende a apresentar maior sensibilidade. Irrita\u00e7\u00f5es, vermelhid\u00e3o, ard\u00eancia e at\u00e9 alergias podem surgir se n\u00e3o forem tomados os devidos cuidados antes, durante e ap\u00f3s a remo\u00e7\u00e3o dos pelos.<\/p>\n<\/section>\n<section>\n<h2>Principais Causas de Irrita\u00e7\u00f5es P\u00f3s-Depila\u00e7\u00e3o<\/h2>\n<p>Entre as principais causas de <strong>irrita\u00e7\u00f5es ap\u00f3s a depila\u00e7\u00e3o do bu\u00e7o<\/strong> est\u00e3o:<\/p>\n<ul>\n<li>Uso de ceras muito quentes ou retiradas de forma abrupta;<\/li>\n<li>Pele j\u00e1 fragilizada ou sensibilizada (por ressecamento, acne, etc);<\/li>\n<li>Produtos depilat\u00f3rios incompat\u00edveis com o tipo de pele;<\/li>\n<li>Falta de higiene durante o procedimento;<\/li>\n<li>Exposi\u00e7\u00e3o solar imediata ap\u00f3s a depila\u00e7\u00e3o;<\/li>\n<li>Uso de hidratantes com fragr\u00e2ncia ou \u00e1lcool logo ap\u00f3s a depila\u00e7\u00e3o.<\/li>\n<\/ul>\n<p>Esses fatores podem comprometer a barreira cut\u00e2nea, facilitando a entrada de micro-organismos e al\u00e9rgenos, resultando em rea\u00e7\u00f5es como <strong>vermelhid\u00e3o, ardor, bolinhas e coceira<\/strong>.<\/p>\n<\/section>\n<section>\n<h2>Como Prevenir Irrita\u00e7\u00f5es e Alergias Ap\u00f3s a Depila\u00e7\u00e3o do Bu\u00e7o<\/h2>\n<ol>\n<li><strong>Higienize bem a pele antes da depila\u00e7\u00e3o.<\/strong> Utilize sabonete neutro e \u00e1gua morna para remover res\u00edduos e oleosidade antes do procedimento.<\/li>\n<li><strong>Escolha produtos depilat\u00f3rios adequados<\/strong> ao seu tipo de pele. Pessoas com pele sens\u00edvel devem evitar ceras muito quentes ou cremes com ingredientes potencialmente irritantes.<\/li>\n<li><strong>Evite esfolia\u00e7\u00f5es na v\u00e9spera.<\/strong> Esfoliar a pele sensibiliza ainda mais a \u00e1rea, aumentando o risco de irrita\u00e7\u00e3o.<\/li>\n<li><strong>Ap\u00f3s a depila\u00e7\u00e3o, fa\u00e7a uma compressa fria<\/strong> (com gaze est\u00e9ril ou algod\u00e3o) para aliviar a vermelhid\u00e3o e o ardor.<\/li>\n<li><strong>Hidrate a regi\u00e3o<\/strong> usando produtos calmantes, como g\u00e9is de aloe vera, cremes \u00e0 base de camomila e D-pantenol, que t\u00eam a\u00e7\u00e3o anti-inflamat\u00f3ria e regeneradora.<\/li>\n<li><strong>Evite exposi\u00e7\u00e3o ao sol nas 24h seguintes.<\/strong> O contato com raios UV pode causar manchas e aumento da sensibilidade da pele.<\/li>\n<li><strong>N\u00e3o utilize maquiagem imediatamente.<\/strong> O ideal \u00e9 dar um tempo para a pele &#8220;respirar&#8221; e se recuperar do procedimento.<\/li>\n<\/ol>\n<\/section>\n<section>\n<h2>Sintomas de Alerta: Quando Procurar um Dermatologista?<\/h2>\n<p>Se ap\u00f3s a depila\u00e7\u00e3o surgirem sintomas como <b>incha\u00e7o intenso, bolhas, coceira persistente ou manchas escuras<\/b>, \u00e9 fundamental procurar um m\u00e9dico dermatologista. Elas podem indicar uma <strong>alergia de contato<\/strong>, infec\u00e7\u00e3o ou at\u00e9 queimadura, condi\u00e7\u00f5es que exigem avalia\u00e7\u00e3o especializada e, possivelmente, tratamentos t\u00f3picos ou orais espec\u00edficos (antial\u00e9rgicos ou antibi\u00f3ticos).<\/p>\n<\/section>\n<section>\n<h2>Produtos Recomendados para Aliviar a Pele Ap\u00f3s a Depila\u00e7\u00e3o do Bu\u00e7o<\/h2>\n<ul>\n<li><strong>Gel de Aloe Vera:<\/strong> Proporciona efeito calmante e anti-inflamat\u00f3rio.<\/li>\n<li><strong>Cremes \u00e0 base de Cal\u00eandula:<\/strong> Auxiliam na cicatriza\u00e7\u00e3o e reduzem a sensibilidade.<\/li>\n<li><strong>Pomadas com D-pantenol:<\/strong> Aceleram a regenera\u00e7\u00e3o da pele e aliviam ardor.<\/li>\n<li><strong>\u00c1gua termal:<\/strong> Refresca e hidrata, ajudando a restaurar a barreira protetora da pele do rosto.<\/li>\n<\/ul>\n<p>Lembre-se: sempre opte por cosm\u00e9ticos <strong>livres de fragr\u00e2ncias, parabenos e \u00e1lcool<\/strong>, para evitar novos quadros de sensibiliza\u00e7\u00e3o.<\/p>\n<\/section>\n<section>\n<h2>Perguntas Frequentes sobre Depila\u00e7\u00e3o do Bu\u00e7o e Cuidados com a Pele<\/h2>\n<div itemscope itemtype=\"https:\/\/schema.org\/FAQPage\">\n<details itemscope itemprop=\"mainEntity\" itemtype=\"https:\/\/schema.org\/Question\">\n<summary itemprop=\"name\"><strong>A depila\u00e7\u00e3o do bu\u00e7o pode causar manchas?<\/strong><\/summary>\n<div itemscope itemprop=\"acceptedAnswer\" itemtype=\"https:\/\/schema.org\/Answer\">\n<p itemprop=\"text\">Sim. Se houver exposi\u00e7\u00e3o solar logo ap\u00f3s o procedimento, a pele sensibilizada tem maior risco de ficar manchada. Por isso, \u00e9 essencial aplicar protetor solar e evitar o sol por pelo menos 24 horas.<\/p>\n<\/p><\/div>\n<\/details>\n<details itemscope itemprop=\"mainEntity\" itemtype=\"https:\/\/schema.org\/Question\">\n<summary itemprop=\"name\"><strong>Como aliviar a ard\u00eancia depois de depilar o bu\u00e7o?<\/strong><\/summary>\n<div itemscope itemprop=\"acceptedAnswer\" itemtype=\"https:\/\/schema.org\/Answer\">\n<p itemprop=\"text\">Fa\u00e7a compressas frias, utilize g\u00e9is calmantes (como aloe vera) e procure n\u00e3o co\u00e7ar ou friccionar a \u00e1rea.<\/p>\n<\/p><\/div>\n<\/details>\n<details itemscope itemprop=\"mainEntity\" itemtype=\"https:\/\/schema.org\/Question\">\n<summary itemprop=\"name\"><strong>Posso usar maquiagem logo ap\u00f3s depilar o bu\u00e7o?<\/strong><\/summary>\n<div itemscope itemprop=\"acceptedAnswer\" itemtype=\"https:\/\/schema.org\/Answer\">\n<p itemprop=\"text\">O ideal \u00e9 esperar algumas horas para permitir que a pele se recupere, evitando maquiagem nas primeiras 12 horas, principalmente produtos mais densos ou com fragr\u00e2ncias.<\/p>\n<\/p><\/div>\n<\/details><\/div>\n<\/section>\n<footer>\n<h2>Conclus\u00e3o<\/h2>\n<p>Prevenir e tratar irrita\u00e7\u00f5es e alergias ap\u00f3s a depila\u00e7\u00e3o do bu\u00e7o \u00e9 fundamental para manter a sa\u00fade e a beleza da pele do rosto. Com os cuidados certos, \u00e9 poss\u00edvel minimizar desconfortos e garantir resultados suaves e duradouros. Ao menor sinal de rea\u00e7\u00e3o exacerbada, procure orienta\u00e7\u00e3o profissional para evitar complica\u00e7\u00f5es e manter sua pele sempre bonita, saud\u00e1vel e protegida!<\/p>\n<\/footer>\n<\/article>\n","protected":false},"excerpt":{"rendered":"<p>Preven\u00e7\u00e3o e Tratamento de Irrita\u00e7\u00f5es e Alergias Ap\u00f3s a Depila\u00e7\u00e3o do Bu\u00e7o: Dicas de Especialista Depila\u00e7\u00e3o do Bu\u00e7o: Cuidados Essenciais com a Pele Sens\u00edvel A depila\u00e7\u00e3o do bu\u00e7o \u00e9 um dos procedimentos est\u00e9ticos mais procurados por quem deseja uma apar\u00eancia facial lisa e livre de pelos indesejados. Seja por meio de cera quente, fria, linha &hellip;<\/p>\n<p class=\"read-more\"> <a class=\"\" href=\"https:\/\/fernandadepilacao.com.br\/portal\/2026\/01\/guia-completo-prevencao-tratamento-irritacoes-alergias-depilacao-buco\/\"> <span class=\"screen-reader-text\">Guia Completo para Prevenir e Tratar Irrita\u00e7\u00f5es e Alergias Ap\u00f3s a Depila\u00e7\u00e3o do Bu\u00e7o<\/span> Leia mais &raquo;<\/a><\/p>\n","protected":false},"author":1,"featured_media":1100,"comment_status":"open","ping_status":"open","sticky":false,"template":"","format":"standard","meta":[],"categories":[1],"tags":[],"yoast_head":"<!-- This site is optimized with the Yoast SEO plugin v18.4.1 - https:\/\/yoast.com\/wordpress\/plugins\/seo\/ -->\n<title>Guia Completo para Prevenir e Tratar Irrita\u00e7\u00f5es e Alergias Ap\u00f3s a Depila\u00e7\u00e3o do Bu\u00e7o - Fernanda Depila\u00e7\u00e3o<\/title>\n<meta name=\"robots\" content=\"index, follow, max-snippet:-1, max-image-preview:large, max-video-preview:-1\" \/>\n<link rel=\"canonical\" href=\"https:\/\/fernandadepilacao.com.br\/portal\/2026\/01\/guia-completo-prevencao-tratamento-irritacoes-alergias-depilacao-buco\/\" \/>\n<meta property=\"og:locale\" content=\"pt_BR\" \/>\n<meta property=\"og:type\" content=\"article\" \/>\n<meta property=\"og:title\" content=\"Guia Completo para Prevenir e Tratar Irrita\u00e7\u00f5es e Alergias Ap\u00f3s a Depila\u00e7\u00e3o do Bu\u00e7o - Fernanda Depila\u00e7\u00e3o\" \/>\n<meta property=\"og:description\" content=\"Preven\u00e7\u00e3o e Tratamento de Irrita\u00e7\u00f5es e Alergias Ap\u00f3s a Depila\u00e7\u00e3o do Bu\u00e7o: Dicas de Especialista Depila\u00e7\u00e3o do Bu\u00e7o: Cuidados Essenciais com a Pele Sens\u00edvel A depila\u00e7\u00e3o do bu\u00e7o \u00e9 um dos procedimentos est\u00e9ticos mais procurados por quem deseja uma apar\u00eancia facial lisa e livre de pelos indesejados. Seja por meio de cera quente, fria, linha &hellip; Guia Completo para Prevenir e Tratar Irrita\u00e7\u00f5es e Alergias Ap\u00f3s a Depila\u00e7\u00e3o do Bu\u00e7o Leia mais &raquo;\" \/>\n<meta property=\"og:url\" content=\"https:\/\/fernandadepilacao.com.br\/portal\/2026\/01\/guia-completo-prevencao-tratamento-irritacoes-alergias-depilacao-buco\/\" \/>\n<meta property=\"og:site_name\" content=\"Fernanda Depila\u00e7\u00e3o\" \/>\n<meta property=\"article:publisher\" content=\"https:\/\/www.facebook.com\/ferjobdepilacao\" \/>\n<meta property=\"article:published_time\" content=\"2026-01-11T03:01:12+00:00\" \/>\n<meta property=\"article:modified_time\" content=\"2026-01-11T03:01:13+00:00\" \/>\n<meta name=\"twitter:card\" content=\"summary_large_image\" \/>\n<meta name=\"twitter:label1\" content=\"Escrito por\" \/>\n\t<meta name=\"twitter:data1\" content=\"fernandajob\" \/>\n\t<meta name=\"twitter:label2\" content=\"Est. tempo de leitura\" \/>\n\t<meta name=\"twitter:data2\" content=\"4 minutos\" \/>\n<script type=\"application\/ld+json\" class=\"yoast-schema-graph\">{\"@context\":\"https:\/\/schema.org\",\"@graph\":[{\"@type\":\"Organization\",\"@id\":\"https:\/\/fernandadepilacao.com.br\/portal\/#organization\",\"name\":\"Fernanda Depila\u00e7\u00e3o\",\"url\":\"https:\/\/fernandadepilacao.com.br\/portal\/\",\"sameAs\":[\"https:\/\/www.facebook.com\/ferjobdepilacao\",\"http:\/\/instagram.com\/fernanda_job\"],\"logo\":{\"@type\":\"ImageObject\",\"@id\":\"https:\/\/fernandadepilacao.com.br\/portal\/#logo\",\"inLanguage\":\"pt-BR\",\"url\":\"http:\/\/fernandadepilacao.com.br\/portal\/wp-content\/uploads\/2021\/03\/logo_fernanda.png\",\"contentUrl\":\"http:\/\/fernandadepilacao.com.br\/portal\/wp-content\/uploads\/2021\/03\/logo_fernanda.png\",\"width\":673,\"height\":688,\"caption\":\"Fernanda Depila\u00e7\u00e3o\"},\"image\":{\"@id\":\"https:\/\/fernandadepilacao.com.br\/portal\/#logo\"}},{\"@type\":\"WebSite\",\"@id\":\"https:\/\/fernandadepilacao.com.br\/portal\/#website\",\"url\":\"https:\/\/fernandadepilacao.com.br\/portal\/\",\"name\":\"Fernanda Depila\u00e7\u00e3o\",\"description\":\"\",\"publisher\":{\"@id\":\"https:\/\/fernandadepilacao.com.br\/portal\/#organization\"},\"potentialAction\":[{\"@type\":\"SearchAction\",\"target\":{\"@type\":\"EntryPoint\",\"urlTemplate\":\"https:\/\/fernandadepilacao.com.br\/portal\/?s={search_term_string}\"},\"query-input\":\"required name=search_term_string\"}],\"inLanguage\":\"pt-BR\"},{\"@type\":\"ImageObject\",\"@id\":\"https:\/\/fernandadepilacao.com.br\/portal\/2026\/01\/guia-completo-prevencao-tratamento-irritacoes-alergias-depilacao-buco\/#primaryimage\",\"inLanguage\":\"pt-BR\",\"url\":\"https:\/\/fernandadepilacao.com.br\/portal\/wp-content\/uploads\/2026\/01\/20260111000110.png\",\"contentUrl\":\"https:\/\/fernandadepilacao.com.br\/portal\/wp-content\/uploads\/2026\/01\/20260111000110.png\",\"width\":500,\"height\":500},{\"@type\":\"WebPage\",\"@id\":\"https:\/\/fernandadepilacao.com.br\/portal\/2026\/01\/guia-completo-prevencao-tratamento-irritacoes-alergias-depilacao-buco\/#webpage\",\"url\":\"https:\/\/fernandadepilacao.com.br\/portal\/2026\/01\/guia-completo-prevencao-tratamento-irritacoes-alergias-depilacao-buco\/\",\"name\":\"Guia Completo para Prevenir e Tratar Irrita\u00e7\u00f5es e Alergias Ap\u00f3s a Depila\u00e7\u00e3o do Bu\u00e7o - Fernanda Depila\u00e7\u00e3o\",\"isPartOf\":{\"@id\":\"https:\/\/fernandadepilacao.com.br\/portal\/#website\"},\"primaryImageOfPage\":{\"@id\":\"https:\/\/fernandadepilacao.com.br\/portal\/2026\/01\/guia-completo-prevencao-tratamento-irritacoes-alergias-depilacao-buco\/#primaryimage\"},\"datePublished\":\"2026-01-11T03:01:12+00:00\",\"dateModified\":\"2026-01-11T03:01:13+00:00\",\"breadcrumb\":{\"@id\":\"https:\/\/fernandadepilacao.com.br\/portal\/2026\/01\/guia-completo-prevencao-tratamento-irritacoes-alergias-depilacao-buco\/#breadcrumb\"},\"inLanguage\":\"pt-BR\",\"potentialAction\":[{\"@type\":\"ReadAction\",\"target\":[\"https:\/\/fernandadepilacao.com.br\/portal\/2026\/01\/guia-completo-prevencao-tratamento-irritacoes-alergias-depilacao-buco\/\"]}]},{\"@type\":\"BreadcrumbList\",\"@id\":\"https:\/\/fernandadepilacao.com.br\/portal\/2026\/01\/guia-completo-prevencao-tratamento-irritacoes-alergias-depilacao-buco\/#breadcrumb\",\"itemListElement\":[{\"@type\":\"ListItem\",\"position\":1,\"name\":\"In\u00edcio\",\"item\":\"http:\/\/fernandadepilacao.com.br\/portal\/\"},{\"@type\":\"ListItem\",\"position\":2,\"name\":\"Guia Completo para Prevenir e Tratar Irrita\u00e7\u00f5es e Alergias Ap\u00f3s a Depila\u00e7\u00e3o do Bu\u00e7o\"}]},{\"@type\":\"Article\",\"@id\":\"https:\/\/fernandadepilacao.com.br\/portal\/2026\/01\/guia-completo-prevencao-tratamento-irritacoes-alergias-depilacao-buco\/#article\",\"isPartOf\":{\"@id\":\"https:\/\/fernandadepilacao.com.br\/portal\/2026\/01\/guia-completo-prevencao-tratamento-irritacoes-alergias-depilacao-buco\/#webpage\"},\"author\":{\"@id\":\"https:\/\/fernandadepilacao.com.br\/portal\/#\/schema\/person\/d00644c3bbfd9fd17711767a3b1abbd0\"},\"headline\":\"Guia Completo para Prevenir e Tratar Irrita\u00e7\u00f5es e Alergias Ap\u00f3s a Depila\u00e7\u00e3o do Bu\u00e7o\",\"datePublished\":\"2026-01-11T03:01:12+00:00\",\"dateModified\":\"2026-01-11T03:01:13+00:00\",\"mainEntityOfPage\":{\"@id\":\"https:\/\/fernandadepilacao.com.br\/portal\/2026\/01\/guia-completo-prevencao-tratamento-irritacoes-alergias-depilacao-buco\/#webpage\"},\"wordCount\":753,\"commentCount\":0,\"publisher\":{\"@id\":\"https:\/\/fernandadepilacao.com.br\/portal\/#organization\"},\"image\":{\"@id\":\"https:\/\/fernandadepilacao.com.br\/portal\/2026\/01\/guia-completo-prevencao-tratamento-irritacoes-alergias-depilacao-buco\/#primaryimage\"},\"thumbnailUrl\":\"https:\/\/fernandadepilacao.com.br\/portal\/wp-content\/uploads\/2026\/01\/20260111000110.png\",\"inLanguage\":\"pt-BR\",\"potentialAction\":[{\"@type\":\"CommentAction\",\"name\":\"Comment\",\"target\":[\"https:\/\/fernandadepilacao.com.br\/portal\/2026\/01\/guia-completo-prevencao-tratamento-irritacoes-alergias-depilacao-buco\/#respond\"]}]},{\"@type\":\"Person\",\"@id\":\"https:\/\/fernandadepilacao.com.br\/portal\/#\/schema\/person\/d00644c3bbfd9fd17711767a3b1abbd0\",\"name\":\"fernandajob\",\"image\":{\"@type\":\"ImageObject\",\"@id\":\"https:\/\/fernandadepilacao.com.br\/portal\/#personlogo\",\"inLanguage\":\"pt-BR\",\"url\":\"https:\/\/secure.gravatar.com\/avatar\/6c2268a68d69a325906fbdccd74b18e6?s=96&d=mm&r=g\",\"contentUrl\":\"https:\/\/secure.gravatar.com\/avatar\/6c2268a68d69a325906fbdccd74b18e6?s=96&d=mm&r=g\",\"caption\":\"fernandajob\"},\"sameAs\":[\"http:\/\/fernandadepilacao.com.br\/portal\"]}]}<\/script>\n<!-- \/ Yoast SEO plugin. -->","yoast_head_json":{"title":"Guia Completo para Prevenir e Tratar Irrita\u00e7\u00f5es e Alergias Ap\u00f3s a Depila\u00e7\u00e3o do Bu\u00e7o - Fernanda Depila\u00e7\u00e3o","robots":{"index":"index","follow":"follow","max-snippet":"max-snippet:-1","max-image-preview":"max-image-preview:large","max-video-preview":"max-video-preview:-1"},"canonical":"https:\/\/fernandadepilacao.com.br\/portal\/2026\/01\/guia-completo-prevencao-tratamento-irritacoes-alergias-depilacao-buco\/","og_locale":"pt_BR","og_type":"article","og_title":"Guia Completo para Prevenir e Tratar Irrita\u00e7\u00f5es e Alergias Ap\u00f3s a Depila\u00e7\u00e3o do Bu\u00e7o - Fernanda Depila\u00e7\u00e3o","og_description":"Preven\u00e7\u00e3o e Tratamento de Irrita\u00e7\u00f5es e Alergias Ap\u00f3s a Depila\u00e7\u00e3o do Bu\u00e7o: Dicas de Especialista Depila\u00e7\u00e3o do Bu\u00e7o: Cuidados Essenciais com a Pele Sens\u00edvel A depila\u00e7\u00e3o do bu\u00e7o \u00e9 um dos procedimentos est\u00e9ticos mais procurados por quem deseja uma apar\u00eancia facial lisa e livre de pelos indesejados. Seja por meio de cera quente, fria, linha &hellip; Guia Completo para Prevenir e Tratar Irrita\u00e7\u00f5es e Alergias Ap\u00f3s a Depila\u00e7\u00e3o do Bu\u00e7o Leia mais &raquo;","og_url":"https:\/\/fernandadepilacao.com.br\/portal\/2026\/01\/guia-completo-prevencao-tratamento-irritacoes-alergias-depilacao-buco\/","og_site_name":"Fernanda Depila\u00e7\u00e3o","article_publisher":"https:\/\/www.facebook.com\/ferjobdepilacao","article_published_time":"2026-01-11T03:01:12+00:00","article_modified_time":"2026-01-11T03:01:13+00:00","twitter_card":"summary_large_image","twitter_misc":{"Escrito por":"fernandajob","Est. tempo de leitura":"4 minutos"},"schema":{"@context":"https:\/\/schema.org","@graph":[{"@type":"Organization","@id":"https:\/\/fernandadepilacao.com.br\/portal\/#organization","name":"Fernanda Depila\u00e7\u00e3o","url":"https:\/\/fernandadepilacao.com.br\/portal\/","sameAs":["https:\/\/www.facebook.com\/ferjobdepilacao","http:\/\/instagram.com\/fernanda_job"],"logo":{"@type":"ImageObject","@id":"https:\/\/fernandadepilacao.com.br\/portal\/#logo","inLanguage":"pt-BR","url":"http:\/\/fernandadepilacao.com.br\/portal\/wp-content\/uploads\/2021\/03\/logo_fernanda.png","contentUrl":"http:\/\/fernandadepilacao.com.br\/portal\/wp-content\/uploads\/2021\/03\/logo_fernanda.png","width":673,"height":688,"caption":"Fernanda Depila\u00e7\u00e3o"},"image":{"@id":"https:\/\/fernandadepilacao.com.br\/portal\/#logo"}},{"@type":"WebSite","@id":"https:\/\/fernandadepilacao.com.br\/portal\/#website","url":"https:\/\/fernandadepilacao.com.br\/portal\/","name":"Fernanda Depila\u00e7\u00e3o","description":"","publisher":{"@id":"https:\/\/fernandadepilacao.com.br\/portal\/#organization"},"potentialAction":[{"@type":"SearchAction","target":{"@type":"EntryPoint","urlTemplate":"https:\/\/fernandadepilacao.com.br\/portal\/?s={search_term_string}"},"query-input":"required name=search_term_string"}],"inLanguage":"pt-BR"},{"@type":"ImageObject","@id":"https:\/\/fernandadepilacao.com.br\/portal\/2026\/01\/guia-completo-prevencao-tratamento-irritacoes-alergias-depilacao-buco\/#primaryimage","inLanguage":"pt-BR","url":"https:\/\/fernandadepilacao.com.br\/portal\/wp-content\/uploads\/2026\/01\/20260111000110.png","contentUrl":"https:\/\/fernandadepilacao.com.br\/portal\/wp-content\/uploads\/2026\/01\/20260111000110.png","width":500,"height":500},{"@type":"WebPage","@id":"https:\/\/fernandadepilacao.com.br\/portal\/2026\/01\/guia-completo-prevencao-tratamento-irritacoes-alergias-depilacao-buco\/#webpage","url":"https:\/\/fernandadepilacao.com.br\/portal\/2026\/01\/guia-completo-prevencao-tratamento-irritacoes-alergias-depilacao-buco\/","name":"Guia Completo para Prevenir e Tratar Irrita\u00e7\u00f5es e Alergias Ap\u00f3s a Depila\u00e7\u00e3o do Bu\u00e7o - Fernanda Depila\u00e7\u00e3o","isPartOf":{"@id":"https:\/\/fernandadepilacao.com.br\/portal\/#website"},"primaryImageOfPage":{"@id":"https:\/\/fernandadepilacao.com.br\/portal\/2026\/01\/guia-completo-prevencao-tratamento-irritacoes-alergias-depilacao-buco\/#primaryimage"},"datePublished":"2026-01-11T03:01:12+00:00","dateModified":"2026-01-11T03:01:13+00:00","breadcrumb":{"@id":"https:\/\/fernandadepilacao.com.br\/portal\/2026\/01\/guia-completo-prevencao-tratamento-irritacoes-alergias-depilacao-buco\/#breadcrumb"},"inLanguage":"pt-BR","potentialAction":[{"@type":"ReadAction","target":["https:\/\/fernandadepilacao.com.br\/portal\/2026\/01\/guia-completo-prevencao-tratamento-irritacoes-alergias-depilacao-buco\/"]}]},{"@type":"BreadcrumbList","@id":"https:\/\/fernandadepilacao.com.br\/portal\/2026\/01\/guia-completo-prevencao-tratamento-irritacoes-alergias-depilacao-buco\/#breadcrumb","itemListElement":[{"@type":"ListItem","position":1,"name":"In\u00edcio","item":"http:\/\/fernandadepilacao.com.br\/portal\/"},{"@type":"ListItem","position":2,"name":"Guia Completo para Prevenir e Tratar Irrita\u00e7\u00f5es e Alergias Ap\u00f3s a Depila\u00e7\u00e3o do Bu\u00e7o"}]},{"@type":"Article","@id":"https:\/\/fernandadepilacao.com.br\/portal\/2026\/01\/guia-completo-prevencao-tratamento-irritacoes-alergias-depilacao-buco\/#article","isPartOf":{"@id":"https:\/\/fernandadepilacao.com.br\/portal\/2026\/01\/guia-completo-prevencao-tratamento-irritacoes-alergias-depilacao-buco\/#webpage"},"author":{"@id":"https:\/\/fernandadepilacao.com.br\/portal\/#\/schema\/person\/d00644c3bbfd9fd17711767a3b1abbd0"},"headline":"Guia Completo para Prevenir e Tratar Irrita\u00e7\u00f5es e Alergias Ap\u00f3s a Depila\u00e7\u00e3o do Bu\u00e7o","datePublished":"2026-01-11T03:01:12+00:00","dateModified":"2026-01-11T03:01:13+00:00","mainEntityOfPage":{"@id":"https:\/\/fernandadepilacao.com.br\/portal\/2026\/01\/guia-completo-prevencao-tratamento-irritacoes-alergias-depilacao-buco\/#webpage"},"wordCount":753,"commentCount":0,"publisher":{"@id":"https:\/\/fernandadepilacao.com.br\/portal\/#organization"},"image":{"@id":"https:\/\/fernandadepilacao.com.br\/portal\/2026\/01\/guia-completo-prevencao-tratamento-irritacoes-alergias-depilacao-buco\/#primaryimage"},"thumbnailUrl":"https:\/\/fernandadepilacao.com.br\/portal\/wp-content\/uploads\/2026\/01\/20260111000110.png","inLanguage":"pt-BR","potentialAction":[{"@type":"CommentAction","name":"Comment","target":["https:\/\/fernandadepilacao.com.br\/portal\/2026\/01\/guia-completo-prevencao-tratamento-irritacoes-alergias-depilacao-buco\/#respond"]}]},{"@type":"Person","@id":"https:\/\/fernandadepilacao.com.br\/portal\/#\/schema\/person\/d00644c3bbfd9fd17711767a3b1abbd0","name":"fernandajob","image":{"@type":"ImageObject","@id":"https:\/\/fernandadepilacao.com.br\/portal\/#personlogo","inLanguage":"pt-BR","url":"https:\/\/secure.gravatar.com\/avatar\/6c2268a68d69a325906fbdccd74b18e6?s=96&d=mm&r=g","contentUrl":"https:\/\/secure.gravatar.com\/avatar\/6c2268a68d69a325906fbdccd74b18e6?s=96&d=mm&r=g","caption":"fernandajob"},"sameAs":["http:\/\/fernandadepilacao.com.br\/portal"]}]}},"uagb_featured_image_src":{"full":["https:\/\/fernandadepilacao.com.br\/portal\/wp-content\/uploads\/2026\/01\/20260111000110.png",500,500,false],"thumbnail":["https:\/\/fernandadepilacao.com.br\/portal\/wp-content\/uploads\/2026\/01\/20260111000110-150x150.png",150,150,true],"medium":["https:\/\/fernandadepilacao.com.br\/portal\/wp-content\/uploads\/2026\/01\/20260111000110-300x300.png",300,300,true],"medium_large":["https:\/\/fernandadepilacao.com.br\/portal\/wp-content\/uploads\/2026\/01\/20260111000110.png",500,500,false],"large":["https:\/\/fernandadepilacao.com.br\/portal\/wp-content\/uploads\/2026\/01\/20260111000110.png",500,500,false],"1536x1536":["https:\/\/fernandadepilacao.com.br\/portal\/wp-content\/uploads\/2026\/01\/20260111000110.png",500,500,false],"2048x2048":["https:\/\/fernandadepilacao.com.br\/portal\/wp-content\/uploads\/2026\/01\/20260111000110.png",500,500,false]},"uagb_author_info":{"display_name":"fernandajob","author_link":"https:\/\/fernandadepilacao.com.br\/portal\/author\/fernandajob\/"},"uagb_comment_info":0,"uagb_excerpt":"Preven\u00e7\u00e3o e Tratamento de Irrita\u00e7\u00f5es e Alergias Ap\u00f3s a Depila\u00e7\u00e3o do Bu\u00e7o: Dicas de Especialista Depila\u00e7\u00e3o do Bu\u00e7o: Cuidados Essenciais com a Pele Sens\u00edvel A depila\u00e7\u00e3o do bu\u00e7o \u00e9 um dos procedimentos est\u00e9ticos mais procurados por quem deseja uma apar\u00eancia facial lisa e livre de pelos indesejados. Seja por meio de cera quente, fria, linha&hellip;","_links":{"self":[{"href":"https:\/\/fernandadepilacao.com.br\/portal\/wp-json\/wp\/v2\/posts\/1101"}],"collection":[{"href":"https:\/\/fernandadepilacao.com.br\/portal\/wp-json\/wp\/v2\/posts"}],"about":[{"href":"https:\/\/fernandadepilacao.com.br\/portal\/wp-json\/wp\/v2\/types\/post"}],"author":[{"embeddable":true,"href":"https:\/\/fernandadepilacao.com.br\/portal\/wp-json\/wp\/v2\/users\/1"}],"replies":[{"embeddable":true,"href":"https:\/\/fernandadepilacao.com.br\/portal\/wp-json\/wp\/v2\/comments?post=1101"}],"version-history":[{"count":1,"href":"https:\/\/fernandadepilacao.com.br\/portal\/wp-json\/wp\/v2\/posts\/1101\/revisions"}],"predecessor-version":[{"id":1102,"href":"https:\/\/fernandadepilacao.com.br\/portal\/wp-json\/wp\/v2\/posts\/1101\/revisions\/1102"}],"wp:featuredmedia":[{"embeddable":true,"href":"https:\/\/fernandadepilacao.com.br\/portal\/wp-json\/wp\/v2\/media\/1100"}],"wp:attachment":[{"href":"https:\/\/fernandadepilacao.com.br\/portal\/wp-json\/wp\/v2\/media?parent=1101"}],"wp:term":[{"taxonomy":"category","embeddable":true,"href":"https:\/\/fernandadepilacao.com.br\/portal\/wp-json\/wp\/v2\/categories?post=1101"},{"taxonomy":"post_tag","embeddable":true,"href":"https:\/\/fernandadepilacao.com.br\/portal\/wp-json\/wp\/v2\/tags?post=1101"}],"curies":[{"name":"wp","href":"https:\/\/api.w.org\/{rel}","templated":true}]}}