{"id":1098,"date":"2026-01-10T16:01:20","date_gmt":"2026-01-10T19:01:20","guid":{"rendered":"https:\/\/fernandadepilacao.com.br\/portal\/2026\/01\/guia-completo-tecnicas-depilacao-buco-cera-linha-creme-laser\/"},"modified":"2026-01-10T16:01:21","modified_gmt":"2026-01-10T19:01:21","slug":"guia-completo-tecnicas-depilacao-buco-cera-linha-creme-laser","status":"publish","type":"post","link":"https:\/\/fernandadepilacao.com.br\/portal\/2026\/01\/guia-completo-tecnicas-depilacao-buco-cera-linha-creme-laser\/","title":{"rendered":"Guia Completo das T\u00e9cnicas de Depila\u00e7\u00e3o de Bu\u00e7o: Cera, Linha, Creme e Laser"},"content":{"rendered":"<article>\n<header>\n<h1>T\u00e9cnicas de depila\u00e7\u00e3o de bu\u00e7o: cera, linha, creme depilat\u00f3rio e laser<\/h1>\n<p>    <meta name=\"description\" content=\"Descubra as melhores t\u00e9cnicas para depila\u00e7\u00e3o do bu\u00e7o: cera, linha, creme depilat\u00f3rio e laser. Veja pr\u00f3s, contras e dicas para manter a pele suave e livre de pelos, com sa\u00fade e seguran\u00e7a.\" \/><br \/>\n  <\/header>\n<section>\n<h2>Introdu\u00e7\u00e3o: Por que depilar o bu\u00e7o?<\/h2>\n<p>\n      A depila\u00e7\u00e3o do bu\u00e7o \u00e9 uma preocupa\u00e7\u00e3o comum para quem busca manter o rosto com aspecto limpo e harmonioso. Os pelos dessa regi\u00e3o, por serem mais escuros ou grossos em algumas pessoas, podem causar desconforto est\u00e9tico. Felizmente, existem v\u00e1rias <strong>t\u00e9cnicas de depila\u00e7\u00e3o do bu\u00e7o<\/strong>, atendendo \u00e0 necessidade de cada tipo de pele e prefer\u00eancia pessoal. Neste artigo, veja tudo sobre as principais op\u00e7\u00f5es: <strong>cera<\/strong>, <strong>linha<\/strong>, <strong>creme depilat\u00f3rio<\/strong> e <strong>laser<\/strong> \u2014 com vantagens, desvantagens e dicas para melhores resultados.\n    <\/p>\n<\/section>\n<section>\n<h2>1. Depila\u00e7\u00e3o de Bu\u00e7o com Cera<\/h2>\n<p>\n      A <strong>cera<\/strong> \u00e9 uma das t\u00e9cnicas mais tradicionais e procuradas nos sal\u00f5es de beleza. Existem dois tipos principais: <em>cera quente<\/em> e <em>cera fria<\/em>. A cera quente \u00e9 mais indicada para a regi\u00e3o do bu\u00e7o, pois dilata os poros e facilita a remo\u00e7\u00e3o dos pelos pela raiz, oferecendo um resultado mais suave e prolongado.\n    <\/p>\n<ul>\n<li><strong>Vantagens:<\/strong> resultado duradouro de 15 a 20 dias, enfraquecimento progressivo dos pelos, sensa\u00e7\u00e3o de pele limpa.<\/li>\n<li><strong>Desvantagens:<\/strong> pode causar vermelhid\u00e3o, dor moment\u00e2nea e risco de queimaduras se n\u00e3o houver o cuidado adequado.<\/li>\n<\/ul>\n<p><strong>Dica:<\/strong> Evite exposi\u00e7\u00e3o ao sol ap\u00f3s a depila\u00e7\u00e3o com cera e utilize protetor solar, pois a pele fica sens\u00edvel e propensa a manchas.<\/p>\n<\/section>\n<section>\n<h2>2. Depila\u00e7\u00e3o de Bu\u00e7o com Linha<\/h2>\n<p>\n      A <strong>depila\u00e7\u00e3o com linha<\/strong> \u2014 tamb\u00e9m conhecida como <em>threading<\/em> \u2014 utiliza um fio de algod\u00e3o torcido, que retira o pelo desde a raiz, sem qualquer produto qu\u00edmico. \u00c9 indicada para peles sens\u00edveis e clientes que buscam precis\u00e3o, pois consegue remover at\u00e9 os pelos mais finos.<\/p>\n<ul>\n<li><strong>Vantagens:<\/strong> \u00e9 100% natural, n\u00e3o causa alergias, baixa agress\u00e3o \u00e0 pele, maior defini\u00e7\u00e3o do contorno.<\/li>\n<li><strong>Desvantagens:<\/strong> procedimento pode ser dolorido, exige habilidade do profissional e o tempo de dura\u00e7\u00e3o \u00e9 semelhante \u00e0 cera.<\/li>\n<\/ul>\n<p><strong>Dica:<\/strong> Aposte na depila\u00e7\u00e3o com linha se tiver hist\u00f3rico de alergias ou se busca um m\u00e9todo menos abrasivo.<\/p>\n<\/section>\n<section>\n<h2>3. Creme Depilat\u00f3rio para Bu\u00e7o<\/h2>\n<p>\n      O <strong>creme depilat\u00f3rio<\/strong> \u00e9 pr\u00e1tico e r\u00e1pido, ideal para quem precisa de uma solu\u00e7\u00e3o de \u00faltima hora para <em>remover pelos do bu\u00e7o<\/em>. Ele atua dissolvendo a haste do pelo na superf\u00edcie da pele, sem arrancar da raiz.<\/p>\n<ul>\n<li><strong>Vantagens:<\/strong> indolor, f\u00e1cil aplica\u00e7\u00e3o em casa, resultados em poucos minutos.<\/li>\n<li><strong>Desvantagens:<\/strong> dura\u00e7\u00e3o curta (3 a 7 dias), poss\u00edvel rea\u00e7\u00e3o al\u00e9rgica devido a ingredientes qu\u00edmicos, n\u00e3o enfraquece os pelos.<\/li>\n<\/ul>\n<p><strong>Dica:<\/strong> Sempre fa\u00e7a o teste de sensibilidade antes de usar o creme depilat\u00f3rio pela primeira vez para evitar irrita\u00e7\u00f5es ou alergias.<\/p>\n<\/section>\n<section>\n<h2>4. Depila\u00e7\u00e3o a Laser no Bu\u00e7o<\/h2>\n<p>\n      A <strong>depila\u00e7\u00e3o a laser<\/strong> \u00e9 considerada a solu\u00e7\u00e3o mais definitiva para eliminar os pelos do bu\u00e7o. O laser atua diretamente na raiz do pelo, inibindo o crescimento ao longo das sess\u00f5es. Existem tecnologias de laser espec\u00edficas para cada fototipo de pele, garantindo seguran\u00e7a e efic\u00e1cia para v\u00e1rias tonalidades.<\/p>\n<ul>\n<li><strong>Vantagens:<\/strong> redu\u00e7\u00e3o permanente dos pelos ap\u00f3s algumas sess\u00f5es, pele lisa e livre de inflama\u00e7\u00f5es como foliculite.<\/li>\n<li><strong>Desvantagens:<\/strong> requer investimento mais alto, v\u00e1rias sess\u00f5es, pode causar desconforto durante o procedimento e exige avalia\u00e7\u00e3o dermatol\u00f3gica.<\/li>\n<\/ul>\n<p><strong>Dica:<\/strong> Procure cl\u00ednica especializada e profissionais habilitados para avaliar sua pele e garantir o melhor protocolo de depila\u00e7\u00e3o a laser no bu\u00e7o.<\/p>\n<\/section>\n<section>\n<h2>Qual \u00e9 o melhor m\u00e9todo de depila\u00e7\u00e3o do bu\u00e7o?<\/h2>\n<p>\n      O melhor m\u00e9todo depende do tipo de pele, da espessura dos pelos, sensibilidade e objetivo de quem procura por <strong>depila\u00e7\u00e3o facial<\/strong>. Para quem busca praticidade e rapidez, o creme depilat\u00f3rio pode ser a solu\u00e7\u00e3o ideal. J\u00e1 quem deseja resultados duradouros, a cera ou a linha s\u00e3o excelentes op\u00e7\u00f5es. Para quem deseja eliminar de vez os pelos, a depila\u00e7\u00e3o a laser \u00e9 o investimento perfeito.\n    <\/p>\n<\/section>\n<section>\n<h2>Cuidados antes e depois da depila\u00e7\u00e3o do bu\u00e7o<\/h2>\n<ul>\n<li>Lave o rosto antes do procedimento para evitar contamina\u00e7\u00f5es.<\/li>\n<li>Hidrate levemente a pele com produtos livres de \u00f3leo ap\u00f3s a depila\u00e7\u00e3o.<\/li>\n<li>Evite esfoliar o bu\u00e7o pelo menos 48 horas antes e depois da depila\u00e7\u00e3o.<\/li>\n<li>Evite exposi\u00e7\u00e3o ao sol imediatamente ap\u00f3s a depila\u00e7\u00e3o, principalmente com cera ou laser, para evitar manchas.<\/li>\n<\/ul>\n<\/section>\n<section>\n<h2>Conclus\u00e3o<\/h2>\n<p>\n      Atualmente, existem m\u00e9todos variados, acess\u00edveis e seguros para <strong>depila\u00e7\u00e3o de bu\u00e7o<\/strong>. Ao escolher o mais indicado para o seu caso, considere sempre agendar uma avalia\u00e7\u00e3o profissional, respeitar a sensibilidade da sua pele e seguir os cuidados recomendados. Assim, \u00e9 poss\u00edvel manter o bu\u00e7o lisinho, com bem-estar e seguran\u00e7a!\n    <\/p>\n<\/section>\n<section>\n<h2>Perguntas frequentes sobre depila\u00e7\u00e3o de bu\u00e7o<\/h2>\n<dl>\n<dt>Depilar o bu\u00e7o pode causar manchas?<\/dt>\n<dd>Sim, principalmente se houver exposi\u00e7\u00e3o ao sol logo ap\u00f3s o procedimento. Sempre utilize filtro solar e evite o sol nas primeiras 24 horas.<\/dd>\n<dt>Qual a melhor op\u00e7\u00e3o para pele sens\u00edvel?<\/dt>\n<dd>A depila\u00e7\u00e3o com linha \u00e9 menos agressiva e n\u00e3o usa produtos qu\u00edmicos, sendo indicada para peles sens\u00edveis.<\/dd>\n<dt>O creme depilat\u00f3rio engrossa os pelos?<\/dt>\n<dd>N\u00e3o, mas como apenas corta o pelo na superf\u00edcie, pode dar sensa\u00e7\u00e3o de pelos mais grossos na volta do crescimento.<\/dd>\n<\/dl>\n<\/section>\n<\/article>\n","protected":false},"excerpt":{"rendered":"<p>T\u00e9cnicas de depila\u00e7\u00e3o de bu\u00e7o: cera, linha, creme depilat\u00f3rio e laser Introdu\u00e7\u00e3o: Por que depilar o bu\u00e7o? A depila\u00e7\u00e3o do bu\u00e7o \u00e9 uma preocupa\u00e7\u00e3o comum para quem busca manter o rosto com aspecto limpo e harmonioso. Os pelos dessa regi\u00e3o, por serem mais escuros ou grossos em algumas pessoas, podem causar desconforto est\u00e9tico. Felizmente, existem &hellip;<\/p>\n<p class=\"read-more\"> <a class=\"\" href=\"https:\/\/fernandadepilacao.com.br\/portal\/2026\/01\/guia-completo-tecnicas-depilacao-buco-cera-linha-creme-laser\/\"> <span class=\"screen-reader-text\">Guia Completo das T\u00e9cnicas de Depila\u00e7\u00e3o de Bu\u00e7o: Cera, Linha, Creme e Laser<\/span> Leia mais &raquo;<\/a><\/p>\n","protected":false},"author":1,"featured_media":1097,"comment_status":"open","ping_status":"open","sticky":false,"template":"","format":"standard","meta":[],"categories":[1],"tags":[],"yoast_head":"<!-- This site is optimized with the Yoast SEO plugin v18.4.1 - https:\/\/yoast.com\/wordpress\/plugins\/seo\/ -->\n<title>Guia Completo das T\u00e9cnicas de Depila\u00e7\u00e3o de Bu\u00e7o: Cera, Linha, Creme e Laser - Fernanda Depila\u00e7\u00e3o<\/title>\n<meta name=\"robots\" content=\"index, follow, max-snippet:-1, max-image-preview:large, max-video-preview:-1\" \/>\n<link rel=\"canonical\" href=\"https:\/\/fernandadepilacao.com.br\/portal\/2026\/01\/guia-completo-tecnicas-depilacao-buco-cera-linha-creme-laser\/\" \/>\n<meta property=\"og:locale\" content=\"pt_BR\" \/>\n<meta property=\"og:type\" content=\"article\" \/>\n<meta property=\"og:title\" content=\"Guia Completo das T\u00e9cnicas de Depila\u00e7\u00e3o de Bu\u00e7o: Cera, Linha, Creme e Laser - Fernanda Depila\u00e7\u00e3o\" \/>\n<meta property=\"og:description\" content=\"T\u00e9cnicas de depila\u00e7\u00e3o de bu\u00e7o: cera, linha, creme depilat\u00f3rio e laser Introdu\u00e7\u00e3o: Por que depilar o bu\u00e7o? A depila\u00e7\u00e3o do bu\u00e7o \u00e9 uma preocupa\u00e7\u00e3o comum para quem busca manter o rosto com aspecto limpo e harmonioso. Os pelos dessa regi\u00e3o, por serem mais escuros ou grossos em algumas pessoas, podem causar desconforto est\u00e9tico. Felizmente, existem &hellip; Guia Completo das T\u00e9cnicas de Depila\u00e7\u00e3o de Bu\u00e7o: Cera, Linha, Creme e Laser Leia mais &raquo;\" \/>\n<meta property=\"og:url\" content=\"https:\/\/fernandadepilacao.com.br\/portal\/2026\/01\/guia-completo-tecnicas-depilacao-buco-cera-linha-creme-laser\/\" \/>\n<meta property=\"og:site_name\" content=\"Fernanda Depila\u00e7\u00e3o\" \/>\n<meta property=\"article:publisher\" content=\"https:\/\/www.facebook.com\/ferjobdepilacao\" \/>\n<meta property=\"article:published_time\" content=\"2026-01-10T19:01:20+00:00\" \/>\n<meta property=\"article:modified_time\" content=\"2026-01-10T19:01:21+00:00\" \/>\n<meta name=\"twitter:card\" content=\"summary_large_image\" \/>\n<meta name=\"twitter:label1\" content=\"Escrito por\" \/>\n\t<meta name=\"twitter:data1\" content=\"fernandajob\" \/>\n\t<meta name=\"twitter:label2\" content=\"Est. tempo de leitura\" \/>\n\t<meta name=\"twitter:data2\" content=\"4 minutos\" \/>\n<script type=\"application\/ld+json\" class=\"yoast-schema-graph\">{\"@context\":\"https:\/\/schema.org\",\"@graph\":[{\"@type\":\"Organization\",\"@id\":\"https:\/\/fernandadepilacao.com.br\/portal\/#organization\",\"name\":\"Fernanda Depila\u00e7\u00e3o\",\"url\":\"https:\/\/fernandadepilacao.com.br\/portal\/\",\"sameAs\":[\"https:\/\/www.facebook.com\/ferjobdepilacao\",\"http:\/\/instagram.com\/fernanda_job\"],\"logo\":{\"@type\":\"ImageObject\",\"@id\":\"https:\/\/fernandadepilacao.com.br\/portal\/#logo\",\"inLanguage\":\"pt-BR\",\"url\":\"http:\/\/fernandadepilacao.com.br\/portal\/wp-content\/uploads\/2021\/03\/logo_fernanda.png\",\"contentUrl\":\"http:\/\/fernandadepilacao.com.br\/portal\/wp-content\/uploads\/2021\/03\/logo_fernanda.png\",\"width\":673,\"height\":688,\"caption\":\"Fernanda Depila\u00e7\u00e3o\"},\"image\":{\"@id\":\"https:\/\/fernandadepilacao.com.br\/portal\/#logo\"}},{\"@type\":\"WebSite\",\"@id\":\"https:\/\/fernandadepilacao.com.br\/portal\/#website\",\"url\":\"https:\/\/fernandadepilacao.com.br\/portal\/\",\"name\":\"Fernanda Depila\u00e7\u00e3o\",\"description\":\"\",\"publisher\":{\"@id\":\"https:\/\/fernandadepilacao.com.br\/portal\/#organization\"},\"potentialAction\":[{\"@type\":\"SearchAction\",\"target\":{\"@type\":\"EntryPoint\",\"urlTemplate\":\"https:\/\/fernandadepilacao.com.br\/portal\/?s={search_term_string}\"},\"query-input\":\"required name=search_term_string\"}],\"inLanguage\":\"pt-BR\"},{\"@type\":\"ImageObject\",\"@id\":\"https:\/\/fernandadepilacao.com.br\/portal\/2026\/01\/guia-completo-tecnicas-depilacao-buco-cera-linha-creme-laser\/#primaryimage\",\"inLanguage\":\"pt-BR\",\"url\":\"https:\/\/fernandadepilacao.com.br\/portal\/wp-content\/uploads\/2026\/01\/20260110160118.png\",\"contentUrl\":\"https:\/\/fernandadepilacao.com.br\/portal\/wp-content\/uploads\/2026\/01\/20260110160118.png\",\"width\":500,\"height\":500},{\"@type\":\"WebPage\",\"@id\":\"https:\/\/fernandadepilacao.com.br\/portal\/2026\/01\/guia-completo-tecnicas-depilacao-buco-cera-linha-creme-laser\/#webpage\",\"url\":\"https:\/\/fernandadepilacao.com.br\/portal\/2026\/01\/guia-completo-tecnicas-depilacao-buco-cera-linha-creme-laser\/\",\"name\":\"Guia Completo das T\u00e9cnicas de Depila\u00e7\u00e3o de Bu\u00e7o: Cera, Linha, Creme e Laser - Fernanda Depila\u00e7\u00e3o\",\"isPartOf\":{\"@id\":\"https:\/\/fernandadepilacao.com.br\/portal\/#website\"},\"primaryImageOfPage\":{\"@id\":\"https:\/\/fernandadepilacao.com.br\/portal\/2026\/01\/guia-completo-tecnicas-depilacao-buco-cera-linha-creme-laser\/#primaryimage\"},\"datePublished\":\"2026-01-10T19:01:20+00:00\",\"dateModified\":\"2026-01-10T19:01:21+00:00\",\"breadcrumb\":{\"@id\":\"https:\/\/fernandadepilacao.com.br\/portal\/2026\/01\/guia-completo-tecnicas-depilacao-buco-cera-linha-creme-laser\/#breadcrumb\"},\"inLanguage\":\"pt-BR\",\"potentialAction\":[{\"@type\":\"ReadAction\",\"target\":[\"https:\/\/fernandadepilacao.com.br\/portal\/2026\/01\/guia-completo-tecnicas-depilacao-buco-cera-linha-creme-laser\/\"]}]},{\"@type\":\"BreadcrumbList\",\"@id\":\"https:\/\/fernandadepilacao.com.br\/portal\/2026\/01\/guia-completo-tecnicas-depilacao-buco-cera-linha-creme-laser\/#breadcrumb\",\"itemListElement\":[{\"@type\":\"ListItem\",\"position\":1,\"name\":\"In\u00edcio\",\"item\":\"http:\/\/fernandadepilacao.com.br\/portal\/\"},{\"@type\":\"ListItem\",\"position\":2,\"name\":\"Guia Completo das T\u00e9cnicas de Depila\u00e7\u00e3o de Bu\u00e7o: Cera, Linha, Creme e Laser\"}]},{\"@type\":\"Article\",\"@id\":\"https:\/\/fernandadepilacao.com.br\/portal\/2026\/01\/guia-completo-tecnicas-depilacao-buco-cera-linha-creme-laser\/#article\",\"isPartOf\":{\"@id\":\"https:\/\/fernandadepilacao.com.br\/portal\/2026\/01\/guia-completo-tecnicas-depilacao-buco-cera-linha-creme-laser\/#webpage\"},\"author\":{\"@id\":\"https:\/\/fernandadepilacao.com.br\/portal\/#\/schema\/person\/d00644c3bbfd9fd17711767a3b1abbd0\"},\"headline\":\"Guia Completo das T\u00e9cnicas de Depila\u00e7\u00e3o de Bu\u00e7o: Cera, Linha, Creme e Laser\",\"datePublished\":\"2026-01-10T19:01:20+00:00\",\"dateModified\":\"2026-01-10T19:01:21+00:00\",\"mainEntityOfPage\":{\"@id\":\"https:\/\/fernandadepilacao.com.br\/portal\/2026\/01\/guia-completo-tecnicas-depilacao-buco-cera-linha-creme-laser\/#webpage\"},\"wordCount\":895,\"commentCount\":0,\"publisher\":{\"@id\":\"https:\/\/fernandadepilacao.com.br\/portal\/#organization\"},\"image\":{\"@id\":\"https:\/\/fernandadepilacao.com.br\/portal\/2026\/01\/guia-completo-tecnicas-depilacao-buco-cera-linha-creme-laser\/#primaryimage\"},\"thumbnailUrl\":\"https:\/\/fernandadepilacao.com.br\/portal\/wp-content\/uploads\/2026\/01\/20260110160118.png\",\"inLanguage\":\"pt-BR\",\"potentialAction\":[{\"@type\":\"CommentAction\",\"name\":\"Comment\",\"target\":[\"https:\/\/fernandadepilacao.com.br\/portal\/2026\/01\/guia-completo-tecnicas-depilacao-buco-cera-linha-creme-laser\/#respond\"]}]},{\"@type\":\"Person\",\"@id\":\"https:\/\/fernandadepilacao.com.br\/portal\/#\/schema\/person\/d00644c3bbfd9fd17711767a3b1abbd0\",\"name\":\"fernandajob\",\"image\":{\"@type\":\"ImageObject\",\"@id\":\"https:\/\/fernandadepilacao.com.br\/portal\/#personlogo\",\"inLanguage\":\"pt-BR\",\"url\":\"https:\/\/secure.gravatar.com\/avatar\/6c2268a68d69a325906fbdccd74b18e6?s=96&d=mm&r=g\",\"contentUrl\":\"https:\/\/secure.gravatar.com\/avatar\/6c2268a68d69a325906fbdccd74b18e6?s=96&d=mm&r=g\",\"caption\":\"fernandajob\"},\"sameAs\":[\"http:\/\/fernandadepilacao.com.br\/portal\"]}]}<\/script>\n<!-- \/ Yoast SEO plugin. -->","yoast_head_json":{"title":"Guia Completo das T\u00e9cnicas de Depila\u00e7\u00e3o de Bu\u00e7o: Cera, Linha, Creme e Laser - Fernanda Depila\u00e7\u00e3o","robots":{"index":"index","follow":"follow","max-snippet":"max-snippet:-1","max-image-preview":"max-image-preview:large","max-video-preview":"max-video-preview:-1"},"canonical":"https:\/\/fernandadepilacao.com.br\/portal\/2026\/01\/guia-completo-tecnicas-depilacao-buco-cera-linha-creme-laser\/","og_locale":"pt_BR","og_type":"article","og_title":"Guia Completo das T\u00e9cnicas de Depila\u00e7\u00e3o de Bu\u00e7o: Cera, Linha, Creme e Laser - Fernanda Depila\u00e7\u00e3o","og_description":"T\u00e9cnicas de depila\u00e7\u00e3o de bu\u00e7o: cera, linha, creme depilat\u00f3rio e laser Introdu\u00e7\u00e3o: Por que depilar o bu\u00e7o? A depila\u00e7\u00e3o do bu\u00e7o \u00e9 uma preocupa\u00e7\u00e3o comum para quem busca manter o rosto com aspecto limpo e harmonioso. Os pelos dessa regi\u00e3o, por serem mais escuros ou grossos em algumas pessoas, podem causar desconforto est\u00e9tico. Felizmente, existem &hellip; Guia Completo das T\u00e9cnicas de Depila\u00e7\u00e3o de Bu\u00e7o: Cera, Linha, Creme e Laser Leia mais &raquo;","og_url":"https:\/\/fernandadepilacao.com.br\/portal\/2026\/01\/guia-completo-tecnicas-depilacao-buco-cera-linha-creme-laser\/","og_site_name":"Fernanda Depila\u00e7\u00e3o","article_publisher":"https:\/\/www.facebook.com\/ferjobdepilacao","article_published_time":"2026-01-10T19:01:20+00:00","article_modified_time":"2026-01-10T19:01:21+00:00","twitter_card":"summary_large_image","twitter_misc":{"Escrito por":"fernandajob","Est. tempo de leitura":"4 minutos"},"schema":{"@context":"https:\/\/schema.org","@graph":[{"@type":"Organization","@id":"https:\/\/fernandadepilacao.com.br\/portal\/#organization","name":"Fernanda Depila\u00e7\u00e3o","url":"https:\/\/fernandadepilacao.com.br\/portal\/","sameAs":["https:\/\/www.facebook.com\/ferjobdepilacao","http:\/\/instagram.com\/fernanda_job"],"logo":{"@type":"ImageObject","@id":"https:\/\/fernandadepilacao.com.br\/portal\/#logo","inLanguage":"pt-BR","url":"http:\/\/fernandadepilacao.com.br\/portal\/wp-content\/uploads\/2021\/03\/logo_fernanda.png","contentUrl":"http:\/\/fernandadepilacao.com.br\/portal\/wp-content\/uploads\/2021\/03\/logo_fernanda.png","width":673,"height":688,"caption":"Fernanda Depila\u00e7\u00e3o"},"image":{"@id":"https:\/\/fernandadepilacao.com.br\/portal\/#logo"}},{"@type":"WebSite","@id":"https:\/\/fernandadepilacao.com.br\/portal\/#website","url":"https:\/\/fernandadepilacao.com.br\/portal\/","name":"Fernanda Depila\u00e7\u00e3o","description":"","publisher":{"@id":"https:\/\/fernandadepilacao.com.br\/portal\/#organization"},"potentialAction":[{"@type":"SearchAction","target":{"@type":"EntryPoint","urlTemplate":"https:\/\/fernandadepilacao.com.br\/portal\/?s={search_term_string}"},"query-input":"required name=search_term_string"}],"inLanguage":"pt-BR"},{"@type":"ImageObject","@id":"https:\/\/fernandadepilacao.com.br\/portal\/2026\/01\/guia-completo-tecnicas-depilacao-buco-cera-linha-creme-laser\/#primaryimage","inLanguage":"pt-BR","url":"https:\/\/fernandadepilacao.com.br\/portal\/wp-content\/uploads\/2026\/01\/20260110160118.png","contentUrl":"https:\/\/fernandadepilacao.com.br\/portal\/wp-content\/uploads\/2026\/01\/20260110160118.png","width":500,"height":500},{"@type":"WebPage","@id":"https:\/\/fernandadepilacao.com.br\/portal\/2026\/01\/guia-completo-tecnicas-depilacao-buco-cera-linha-creme-laser\/#webpage","url":"https:\/\/fernandadepilacao.com.br\/portal\/2026\/01\/guia-completo-tecnicas-depilacao-buco-cera-linha-creme-laser\/","name":"Guia Completo das T\u00e9cnicas de Depila\u00e7\u00e3o de Bu\u00e7o: Cera, Linha, Creme e Laser - Fernanda Depila\u00e7\u00e3o","isPartOf":{"@id":"https:\/\/fernandadepilacao.com.br\/portal\/#website"},"primaryImageOfPage":{"@id":"https:\/\/fernandadepilacao.com.br\/portal\/2026\/01\/guia-completo-tecnicas-depilacao-buco-cera-linha-creme-laser\/#primaryimage"},"datePublished":"2026-01-10T19:01:20+00:00","dateModified":"2026-01-10T19:01:21+00:00","breadcrumb":{"@id":"https:\/\/fernandadepilacao.com.br\/portal\/2026\/01\/guia-completo-tecnicas-depilacao-buco-cera-linha-creme-laser\/#breadcrumb"},"inLanguage":"pt-BR","potentialAction":[{"@type":"ReadAction","target":["https:\/\/fernandadepilacao.com.br\/portal\/2026\/01\/guia-completo-tecnicas-depilacao-buco-cera-linha-creme-laser\/"]}]},{"@type":"BreadcrumbList","@id":"https:\/\/fernandadepilacao.com.br\/portal\/2026\/01\/guia-completo-tecnicas-depilacao-buco-cera-linha-creme-laser\/#breadcrumb","itemListElement":[{"@type":"ListItem","position":1,"name":"In\u00edcio","item":"http:\/\/fernandadepilacao.com.br\/portal\/"},{"@type":"ListItem","position":2,"name":"Guia Completo das T\u00e9cnicas de Depila\u00e7\u00e3o de Bu\u00e7o: Cera, Linha, Creme e Laser"}]},{"@type":"Article","@id":"https:\/\/fernandadepilacao.com.br\/portal\/2026\/01\/guia-completo-tecnicas-depilacao-buco-cera-linha-creme-laser\/#article","isPartOf":{"@id":"https:\/\/fernandadepilacao.com.br\/portal\/2026\/01\/guia-completo-tecnicas-depilacao-buco-cera-linha-creme-laser\/#webpage"},"author":{"@id":"https:\/\/fernandadepilacao.com.br\/portal\/#\/schema\/person\/d00644c3bbfd9fd17711767a3b1abbd0"},"headline":"Guia Completo das T\u00e9cnicas de Depila\u00e7\u00e3o de Bu\u00e7o: Cera, Linha, Creme e Laser","datePublished":"2026-01-10T19:01:20+00:00","dateModified":"2026-01-10T19:01:21+00:00","mainEntityOfPage":{"@id":"https:\/\/fernandadepilacao.com.br\/portal\/2026\/01\/guia-completo-tecnicas-depilacao-buco-cera-linha-creme-laser\/#webpage"},"wordCount":895,"commentCount":0,"publisher":{"@id":"https:\/\/fernandadepilacao.com.br\/portal\/#organization"},"image":{"@id":"https:\/\/fernandadepilacao.com.br\/portal\/2026\/01\/guia-completo-tecnicas-depilacao-buco-cera-linha-creme-laser\/#primaryimage"},"thumbnailUrl":"https:\/\/fernandadepilacao.com.br\/portal\/wp-content\/uploads\/2026\/01\/20260110160118.png","inLanguage":"pt-BR","potentialAction":[{"@type":"CommentAction","name":"Comment","target":["https:\/\/fernandadepilacao.com.br\/portal\/2026\/01\/guia-completo-tecnicas-depilacao-buco-cera-linha-creme-laser\/#respond"]}]},{"@type":"Person","@id":"https:\/\/fernandadepilacao.com.br\/portal\/#\/schema\/person\/d00644c3bbfd9fd17711767a3b1abbd0","name":"fernandajob","image":{"@type":"ImageObject","@id":"https:\/\/fernandadepilacao.com.br\/portal\/#personlogo","inLanguage":"pt-BR","url":"https:\/\/secure.gravatar.com\/avatar\/6c2268a68d69a325906fbdccd74b18e6?s=96&d=mm&r=g","contentUrl":"https:\/\/secure.gravatar.com\/avatar\/6c2268a68d69a325906fbdccd74b18e6?s=96&d=mm&r=g","caption":"fernandajob"},"sameAs":["http:\/\/fernandadepilacao.com.br\/portal"]}]}},"uagb_featured_image_src":{"full":["https:\/\/fernandadepilacao.com.br\/portal\/wp-content\/uploads\/2026\/01\/20260110160118.png",500,500,false],"thumbnail":["https:\/\/fernandadepilacao.com.br\/portal\/wp-content\/uploads\/2026\/01\/20260110160118-150x150.png",150,150,true],"medium":["https:\/\/fernandadepilacao.com.br\/portal\/wp-content\/uploads\/2026\/01\/20260110160118-300x300.png",300,300,true],"medium_large":["https:\/\/fernandadepilacao.com.br\/portal\/wp-content\/uploads\/2026\/01\/20260110160118.png",500,500,false],"large":["https:\/\/fernandadepilacao.com.br\/portal\/wp-content\/uploads\/2026\/01\/20260110160118.png",500,500,false],"1536x1536":["https:\/\/fernandadepilacao.com.br\/portal\/wp-content\/uploads\/2026\/01\/20260110160118.png",500,500,false],"2048x2048":["https:\/\/fernandadepilacao.com.br\/portal\/wp-content\/uploads\/2026\/01\/20260110160118.png",500,500,false]},"uagb_author_info":{"display_name":"fernandajob","author_link":"https:\/\/fernandadepilacao.com.br\/portal\/author\/fernandajob\/"},"uagb_comment_info":0,"uagb_excerpt":"T\u00e9cnicas de depila\u00e7\u00e3o de bu\u00e7o: cera, linha, creme depilat\u00f3rio e laser Introdu\u00e7\u00e3o: Por que depilar o bu\u00e7o? A depila\u00e7\u00e3o do bu\u00e7o \u00e9 uma preocupa\u00e7\u00e3o comum para quem busca manter o rosto com aspecto limpo e harmonioso. Os pelos dessa regi\u00e3o, por serem mais escuros ou grossos em algumas pessoas, podem causar desconforto est\u00e9tico. Felizmente, existem&hellip;","_links":{"self":[{"href":"https:\/\/fernandadepilacao.com.br\/portal\/wp-json\/wp\/v2\/posts\/1098"}],"collection":[{"href":"https:\/\/fernandadepilacao.com.br\/portal\/wp-json\/wp\/v2\/posts"}],"about":[{"href":"https:\/\/fernandadepilacao.com.br\/portal\/wp-json\/wp\/v2\/types\/post"}],"author":[{"embeddable":true,"href":"https:\/\/fernandadepilacao.com.br\/portal\/wp-json\/wp\/v2\/users\/1"}],"replies":[{"embeddable":true,"href":"https:\/\/fernandadepilacao.com.br\/portal\/wp-json\/wp\/v2\/comments?post=1098"}],"version-history":[{"count":1,"href":"https:\/\/fernandadepilacao.com.br\/portal\/wp-json\/wp\/v2\/posts\/1098\/revisions"}],"predecessor-version":[{"id":1099,"href":"https:\/\/fernandadepilacao.com.br\/portal\/wp-json\/wp\/v2\/posts\/1098\/revisions\/1099"}],"wp:featuredmedia":[{"embeddable":true,"href":"https:\/\/fernandadepilacao.com.br\/portal\/wp-json\/wp\/v2\/media\/1097"}],"wp:attachment":[{"href":"https:\/\/fernandadepilacao.com.br\/portal\/wp-json\/wp\/v2\/media?parent=1098"}],"wp:term":[{"taxonomy":"category","embeddable":true,"href":"https:\/\/fernandadepilacao.com.br\/portal\/wp-json\/wp\/v2\/categories?post=1098"},{"taxonomy":"post_tag","embeddable":true,"href":"https:\/\/fernandadepilacao.com.br\/portal\/wp-json\/wp\/v2\/tags?post=1098"}],"curies":[{"name":"wp","href":"https:\/\/api.w.org\/{rel}","templated":true}]}}