{"id":1068,"date":"2026-01-06T08:02:15","date_gmt":"2026-01-06T11:02:15","guid":{"rendered":"https:\/\/fernandadepilacao.com.br\/portal\/2026\/01\/mitos-verdades-depilacao-intima\/"},"modified":"2026-01-06T08:02:17","modified_gmt":"2026-01-06T11:02:17","slug":"mitos-verdades-depilacao-intima","status":"publish","type":"post","link":"https:\/\/fernandadepilacao.com.br\/portal\/2026\/01\/mitos-verdades-depilacao-intima\/","title":{"rendered":"Mitos e Verdades Sobre a Depila\u00e7\u00e3o \u00cdntima: Esclare\u00e7a Suas D\u00favidas"},"content":{"rendered":"<article>\n<header>\n<h1>Principais Mitos e Verdades Sobre a Depila\u00e7\u00e3o \u00cdntima: Saiba o Que \u00e9 Fato!<\/h1>\n<p>    <meta name=\"description\" content=\"Descubra os principais mitos e verdades sobre depila\u00e7\u00e3o \u00edntima, quais m\u00e9todos s\u00e3o mais indicados, dicas para evitar irrita\u00e7\u00f5es e manter a sa\u00fade da regi\u00e3o \u00edntima. Orienta\u00e7\u00f5es da \u00e1rea est\u00e9tica para o p\u00fablico leigo e especializado.\"\/><br \/>\n  <\/header>\n<section>\n<h2>Depila\u00e7\u00e3o \u00cdntima: O Que \u00e9 e Por Que Falar Sobre o Tema?<\/h2>\n<p>\n      A <strong>depila\u00e7\u00e3o \u00edntima<\/strong> \u00e9 uma das pr\u00e1ticas est\u00e9ticas mais procuradas em cl\u00ednicas e sal\u00f5es. Ainda cercada de muitos tabus, d\u00favidas e informa\u00e7\u00f5es pouco claras, entender o que \u00e9 mito e o que \u00e9 verdade nesse universo \u00e9 fundamental para escolher o m\u00e9todo ideal, garantir a sa\u00fade da pele e da regi\u00e3o genital e sentir-se ainda mais confiante. Neste artigo, esclarecemos, de maneira acolhedora e confi\u00e1vel, os principais pontos sobre a depila\u00e7\u00e3o \u00edntima feminina e masculina!\n    <\/p>\n<\/section>\n<section>\n<h2>1. Mitos Mais Comuns Sobre a Depila\u00e7\u00e3o \u00cdntima<\/h2>\n<ul>\n<li>\n        <strong>&#8220;Depilar com l\u00e2mina engrossa os pelos&#8221;<\/strong> \u2014 <br \/>\n        <em>Mito!<\/em> O uso da l\u00e2mina corta apenas a haste do pelo, e n\u00e3o interfere no fol\u00edculo piloso. Isso pode dar a apar\u00eancia de pelos mais grossos, pois eles crescem retos e com a ponta cortada, mas a espessura e quantidade n\u00e3o mudam.\n      <\/li>\n<li>\n        <strong>&#8220;Ceras quentes podem deixar a pele fl\u00e1cida&#8221;<\/strong> \u2014 <br \/>\n        <em>Mito!<\/em> O uso correto da cera, aliado a t\u00e9cnicas profissionais, n\u00e3o provoca flacidez. O que pode ocorrer, se houver manipula\u00e7\u00e3o inadequada, \u00e9 um desconforto moment\u00e2neo ou, raramente, uma les\u00e3o superficial.\n      <\/li>\n<li>\n        <strong>&#8220;Depilar totalmente \u00e9 anti-higi\u00eanico&#8221;<\/strong> \u2014 <br \/>\n        <em>Mito!<\/em> A higiene \u00edntima depende dos h\u00e1bitos di\u00e1rios e n\u00e3o do tipo de depila\u00e7\u00e3o escolhida. Vale lembrar que os pelos t\u00eam fun\u00e7\u00e3o protetora, mas sua remo\u00e7\u00e3o n\u00e3o gera problemas diretos desde que os cuidados p\u00f3s-depilat\u00f3rios sejam adequados.\n      <\/li>\n<li>\n        <strong>&#8220;Depila\u00e7\u00e3o causa foliculite sempre&#8221;<\/strong> \u2014 <br \/>\n        <em>Mito!<\/em> A <a href=\"https:\/\/pt.wikipedia.org\/wiki\/Foliculite\" target=\"_blank\" rel=\"noopener\">foliculite<\/a> \u00e9 uma inflama\u00e7\u00e3o do fol\u00edculo piloso que pode ocorrer com qualquer m\u00e9todo, especialmente se a pele n\u00e3o for preparada ou cuidada ap\u00f3s o procedimento, mas pode ser totalmente evitada com t\u00e9cnicas adequadas.\n      <\/li>\n<\/ul>\n<\/section>\n<section>\n<h2>2. Verdades Importantes Sobre a Depila\u00e7\u00e3o \u00cdntima<\/h2>\n<ul>\n<li>\n        <strong>A depila\u00e7\u00e3o pode causar irrita\u00e7\u00e3o e sensibilidade<\/strong> \u2014<br \/>\n        O uso de cera quente, l\u00e2mina ou cremes depilat\u00f3rios pode gerar vermelhid\u00e3o, coceira ou alergias, principalmente em peles sens\u00edveis. Por isso, \u00e9 fundamental consultar uma profissional qualificada e usar produtos dermatologicamente testados.\n      <\/li>\n<li>\n        <strong>O laser \u00e9 seguro, mas exige avalia\u00e7\u00e3o profissional<\/strong> \u2014<br \/>\n        A <strong>depila\u00e7\u00e3o a laser<\/strong> reduz significativamente o crescimento de pelos, mas deve ser realizada ap\u00f3s avalia\u00e7\u00e3o personalizada. O laser \u00e9 mais efetivo para certos tons de pele e fios, al\u00e9m de demandar m\u00faltiplas sess\u00f5es.\n      <\/li>\n<li>\n        <strong>Os pelos protegem a regi\u00e3o de irrita\u00e7\u00f5es<\/strong> \u2014<br \/>\n        Manter os pelos ou escolher uma depila\u00e7\u00e3o parcial contribui para a sa\u00fade \u00edntima, formando uma barreira contra bact\u00e9rias e fungos. O importante \u00e9 escolher o m\u00e9todo e o acabamento que tragam conforto e seguran\u00e7a.\n      <\/li>\n<li>\n        <strong>A escolha do m\u00e9todo depende do biotipo e da prefer\u00eancia<\/strong> \u2014<br \/>\n        Cada pele e regi\u00e3o \u00edntima reagem de formas diferentes. Conhe\u00e7a seu corpo, converse com sua profissional de confian\u00e7a e fa\u00e7a testes antes de adotar uma t\u00e9cnica definitiva.\n      <\/li>\n<\/ul>\n<\/section>\n<section>\n<h2>3. Cuidados Essenciais Antes e Depois da Depila\u00e7\u00e3o \u00cdntima<\/h2>\n<ul>\n<li>Lave a regi\u00e3o com sabonete \u00edntimo neutro antes do procedimento.<\/li>\n<li>Evite esfolia\u00e7\u00f5es ou banhos muito quentes nas 24h anteriores e posteriores.<\/li>\n<li>Prefira roupas \u00edntimas de algod\u00e3o e evite roupas apertadas ap\u00f3s depilar-se.<\/li>\n<li>N\u00e3o toque excessivamente na \u00e1rea depilada e evite rela\u00e7\u00f5es \u00edntimas nas primeiras horas.<\/li>\n<li>Hidrate a pele com produtos espec\u00edficos e sem \u00e1lcool ap\u00f3s o procedimento.<\/li>\n<\/ul>\n<\/section>\n<section>\n<h2>Perguntas Frequentes (FAQ) Sobre Depila\u00e7\u00e3o \u00cdntima<\/h2>\n<dl>\n<dt>Qual \u00e9 o melhor m\u00e9todo de depila\u00e7\u00e3o \u00edntima?<\/dt>\n<dd>Depende das prefer\u00eancias e caracter\u00edsticas de cada pessoa. A cera quente, a l\u00e2mina, o creme depilat\u00f3rio e o laser t\u00eam vantagens e desvantagens espec\u00edficas. O laser, por exemplo, \u00e9 mais duradouro, enquanto a l\u00e2mina \u00e9 mais pr\u00e1tica no dia a dia.<\/dd>\n<dt>Homens tamb\u00e9m podem depilar a regi\u00e3o \u00edntima?<\/dt>\n<dd>Sim! A depila\u00e7\u00e3o \u00edntima masculina \u00e9 cada vez mais comum, e os cuidados s\u00e3o similares aos da depila\u00e7\u00e3o \u00edntima das mulheres.<\/dd>\n<dt>Depilar aumenta o risco de infec\u00e7\u00f5es?<\/dt>\n<dd>Desde que realizada com higiene e t\u00e9cnica adequada, n\u00e3o h\u00e1 aumento significativo do risco. Por\u00e9m, evite depilar se houver feridas, irrita\u00e7\u00f5es ou doen\u00e7as de pele ativas.<\/dd>\n<\/dl>\n<\/section>\n<section>\n<h2>Conclus\u00e3o<\/h2>\n<p>\n      Ao desmistificar os <strong>mitos e verdades sobre depila\u00e7\u00e3o \u00edntima<\/strong>, fica claro que a informa\u00e7\u00e3o e o atendimento profissional s\u00e3o os maiores aliados de quem busca praticidade, beleza e bem-estar. Cuide-se, escolha o m\u00e9todo que combine mais com voc\u00ea e procure sempre ambientes apropriados para esse cuidado. Assim, voc\u00ea garante sa\u00fade e autoconfian\u00e7a em todos os momentos!\n    <\/p>\n<\/section>\n<footer>\n<p>Para mais informa\u00e7\u00f5es e novidades sobre sa\u00fade, beleza e depila\u00e7\u00e3o \u00edntima, continue acompanhando nosso blog!<\/p>\n<\/footer>\n<\/article>\n","protected":false},"excerpt":{"rendered":"<p>Principais Mitos e Verdades Sobre a Depila\u00e7\u00e3o \u00cdntima: Saiba o Que \u00e9 Fato! Depila\u00e7\u00e3o \u00cdntima: O Que \u00e9 e Por Que Falar Sobre o Tema? A depila\u00e7\u00e3o \u00edntima \u00e9 uma das pr\u00e1ticas est\u00e9ticas mais procuradas em cl\u00ednicas e sal\u00f5es. Ainda cercada de muitos tabus, d\u00favidas e informa\u00e7\u00f5es pouco claras, entender o que \u00e9 mito e &hellip;<\/p>\n<p class=\"read-more\"> <a class=\"\" href=\"https:\/\/fernandadepilacao.com.br\/portal\/2026\/01\/mitos-verdades-depilacao-intima\/\"> <span class=\"screen-reader-text\">Mitos e Verdades Sobre a Depila\u00e7\u00e3o \u00cdntima: Esclare\u00e7a Suas D\u00favidas<\/span> Leia mais &raquo;<\/a><\/p>\n","protected":false},"author":1,"featured_media":1067,"comment_status":"open","ping_status":"open","sticky":false,"template":"","format":"standard","meta":[],"categories":[1],"tags":[],"yoast_head":"<!-- This site is optimized with the Yoast SEO plugin v18.4.1 - https:\/\/yoast.com\/wordpress\/plugins\/seo\/ -->\n<title>Mitos e Verdades Sobre a Depila\u00e7\u00e3o \u00cdntima: Esclare\u00e7a Suas D\u00favidas - Fernanda Depila\u00e7\u00e3o<\/title>\n<meta name=\"robots\" content=\"index, follow, max-snippet:-1, max-image-preview:large, max-video-preview:-1\" \/>\n<link rel=\"canonical\" href=\"https:\/\/fernandadepilacao.com.br\/portal\/2026\/01\/mitos-verdades-depilacao-intima\/\" \/>\n<meta property=\"og:locale\" content=\"pt_BR\" \/>\n<meta property=\"og:type\" content=\"article\" \/>\n<meta property=\"og:title\" content=\"Mitos e Verdades Sobre a Depila\u00e7\u00e3o \u00cdntima: Esclare\u00e7a Suas D\u00favidas - Fernanda Depila\u00e7\u00e3o\" \/>\n<meta property=\"og:description\" content=\"Principais Mitos e Verdades Sobre a Depila\u00e7\u00e3o \u00cdntima: Saiba o Que \u00e9 Fato! Depila\u00e7\u00e3o \u00cdntima: O Que \u00e9 e Por Que Falar Sobre o Tema? A depila\u00e7\u00e3o \u00edntima \u00e9 uma das pr\u00e1ticas est\u00e9ticas mais procuradas em cl\u00ednicas e sal\u00f5es. Ainda cercada de muitos tabus, d\u00favidas e informa\u00e7\u00f5es pouco claras, entender o que \u00e9 mito e &hellip; Mitos e Verdades Sobre a Depila\u00e7\u00e3o \u00cdntima: Esclare\u00e7a Suas D\u00favidas Leia mais &raquo;\" \/>\n<meta property=\"og:url\" content=\"https:\/\/fernandadepilacao.com.br\/portal\/2026\/01\/mitos-verdades-depilacao-intima\/\" \/>\n<meta property=\"og:site_name\" content=\"Fernanda Depila\u00e7\u00e3o\" \/>\n<meta property=\"article:publisher\" content=\"https:\/\/www.facebook.com\/ferjobdepilacao\" \/>\n<meta property=\"article:published_time\" content=\"2026-01-06T11:02:15+00:00\" \/>\n<meta property=\"article:modified_time\" content=\"2026-01-06T11:02:17+00:00\" \/>\n<meta name=\"twitter:card\" content=\"summary_large_image\" \/>\n<meta name=\"twitter:label1\" content=\"Escrito por\" \/>\n\t<meta name=\"twitter:data1\" content=\"fernandajob\" \/>\n\t<meta name=\"twitter:label2\" content=\"Est. tempo de leitura\" \/>\n\t<meta name=\"twitter:data2\" content=\"4 minutos\" \/>\n<script type=\"application\/ld+json\" class=\"yoast-schema-graph\">{\"@context\":\"https:\/\/schema.org\",\"@graph\":[{\"@type\":\"Organization\",\"@id\":\"https:\/\/fernandadepilacao.com.br\/portal\/#organization\",\"name\":\"Fernanda Depila\u00e7\u00e3o\",\"url\":\"https:\/\/fernandadepilacao.com.br\/portal\/\",\"sameAs\":[\"https:\/\/www.facebook.com\/ferjobdepilacao\",\"http:\/\/instagram.com\/fernanda_job\"],\"logo\":{\"@type\":\"ImageObject\",\"@id\":\"https:\/\/fernandadepilacao.com.br\/portal\/#logo\",\"inLanguage\":\"pt-BR\",\"url\":\"http:\/\/fernandadepilacao.com.br\/portal\/wp-content\/uploads\/2021\/03\/logo_fernanda.png\",\"contentUrl\":\"http:\/\/fernandadepilacao.com.br\/portal\/wp-content\/uploads\/2021\/03\/logo_fernanda.png\",\"width\":673,\"height\":688,\"caption\":\"Fernanda Depila\u00e7\u00e3o\"},\"image\":{\"@id\":\"https:\/\/fernandadepilacao.com.br\/portal\/#logo\"}},{\"@type\":\"WebSite\",\"@id\":\"https:\/\/fernandadepilacao.com.br\/portal\/#website\",\"url\":\"https:\/\/fernandadepilacao.com.br\/portal\/\",\"name\":\"Fernanda Depila\u00e7\u00e3o\",\"description\":\"\",\"publisher\":{\"@id\":\"https:\/\/fernandadepilacao.com.br\/portal\/#organization\"},\"potentialAction\":[{\"@type\":\"SearchAction\",\"target\":{\"@type\":\"EntryPoint\",\"urlTemplate\":\"https:\/\/fernandadepilacao.com.br\/portal\/?s={search_term_string}\"},\"query-input\":\"required name=search_term_string\"}],\"inLanguage\":\"pt-BR\"},{\"@type\":\"ImageObject\",\"@id\":\"https:\/\/fernandadepilacao.com.br\/portal\/2026\/01\/mitos-verdades-depilacao-intima\/#primaryimage\",\"inLanguage\":\"pt-BR\",\"url\":\"https:\/\/fernandadepilacao.com.br\/portal\/wp-content\/uploads\/2026\/01\/20260106080212.png\",\"contentUrl\":\"https:\/\/fernandadepilacao.com.br\/portal\/wp-content\/uploads\/2026\/01\/20260106080212.png\",\"width\":500,\"height\":500},{\"@type\":\"WebPage\",\"@id\":\"https:\/\/fernandadepilacao.com.br\/portal\/2026\/01\/mitos-verdades-depilacao-intima\/#webpage\",\"url\":\"https:\/\/fernandadepilacao.com.br\/portal\/2026\/01\/mitos-verdades-depilacao-intima\/\",\"name\":\"Mitos e Verdades Sobre a Depila\u00e7\u00e3o \u00cdntima: Esclare\u00e7a Suas D\u00favidas - Fernanda Depila\u00e7\u00e3o\",\"isPartOf\":{\"@id\":\"https:\/\/fernandadepilacao.com.br\/portal\/#website\"},\"primaryImageOfPage\":{\"@id\":\"https:\/\/fernandadepilacao.com.br\/portal\/2026\/01\/mitos-verdades-depilacao-intima\/#primaryimage\"},\"datePublished\":\"2026-01-06T11:02:15+00:00\",\"dateModified\":\"2026-01-06T11:02:17+00:00\",\"breadcrumb\":{\"@id\":\"https:\/\/fernandadepilacao.com.br\/portal\/2026\/01\/mitos-verdades-depilacao-intima\/#breadcrumb\"},\"inLanguage\":\"pt-BR\",\"potentialAction\":[{\"@type\":\"ReadAction\",\"target\":[\"https:\/\/fernandadepilacao.com.br\/portal\/2026\/01\/mitos-verdades-depilacao-intima\/\"]}]},{\"@type\":\"BreadcrumbList\",\"@id\":\"https:\/\/fernandadepilacao.com.br\/portal\/2026\/01\/mitos-verdades-depilacao-intima\/#breadcrumb\",\"itemListElement\":[{\"@type\":\"ListItem\",\"position\":1,\"name\":\"In\u00edcio\",\"item\":\"http:\/\/fernandadepilacao.com.br\/portal\/\"},{\"@type\":\"ListItem\",\"position\":2,\"name\":\"Mitos e Verdades Sobre a Depila\u00e7\u00e3o \u00cdntima: Esclare\u00e7a Suas D\u00favidas\"}]},{\"@type\":\"Article\",\"@id\":\"https:\/\/fernandadepilacao.com.br\/portal\/2026\/01\/mitos-verdades-depilacao-intima\/#article\",\"isPartOf\":{\"@id\":\"https:\/\/fernandadepilacao.com.br\/portal\/2026\/01\/mitos-verdades-depilacao-intima\/#webpage\"},\"author\":{\"@id\":\"https:\/\/fernandadepilacao.com.br\/portal\/#\/schema\/person\/d00644c3bbfd9fd17711767a3b1abbd0\"},\"headline\":\"Mitos e Verdades Sobre a Depila\u00e7\u00e3o \u00cdntima: Esclare\u00e7a Suas D\u00favidas\",\"datePublished\":\"2026-01-06T11:02:15+00:00\",\"dateModified\":\"2026-01-06T11:02:17+00:00\",\"mainEntityOfPage\":{\"@id\":\"https:\/\/fernandadepilacao.com.br\/portal\/2026\/01\/mitos-verdades-depilacao-intima\/#webpage\"},\"wordCount\":799,\"commentCount\":0,\"publisher\":{\"@id\":\"https:\/\/fernandadepilacao.com.br\/portal\/#organization\"},\"image\":{\"@id\":\"https:\/\/fernandadepilacao.com.br\/portal\/2026\/01\/mitos-verdades-depilacao-intima\/#primaryimage\"},\"thumbnailUrl\":\"https:\/\/fernandadepilacao.com.br\/portal\/wp-content\/uploads\/2026\/01\/20260106080212.png\",\"inLanguage\":\"pt-BR\",\"potentialAction\":[{\"@type\":\"CommentAction\",\"name\":\"Comment\",\"target\":[\"https:\/\/fernandadepilacao.com.br\/portal\/2026\/01\/mitos-verdades-depilacao-intima\/#respond\"]}]},{\"@type\":\"Person\",\"@id\":\"https:\/\/fernandadepilacao.com.br\/portal\/#\/schema\/person\/d00644c3bbfd9fd17711767a3b1abbd0\",\"name\":\"fernandajob\",\"image\":{\"@type\":\"ImageObject\",\"@id\":\"https:\/\/fernandadepilacao.com.br\/portal\/#personlogo\",\"inLanguage\":\"pt-BR\",\"url\":\"https:\/\/secure.gravatar.com\/avatar\/6c2268a68d69a325906fbdccd74b18e6?s=96&d=mm&r=g\",\"contentUrl\":\"https:\/\/secure.gravatar.com\/avatar\/6c2268a68d69a325906fbdccd74b18e6?s=96&d=mm&r=g\",\"caption\":\"fernandajob\"},\"sameAs\":[\"http:\/\/fernandadepilacao.com.br\/portal\"]}]}<\/script>\n<!-- \/ Yoast SEO plugin. -->","yoast_head_json":{"title":"Mitos e Verdades Sobre a Depila\u00e7\u00e3o \u00cdntima: Esclare\u00e7a Suas D\u00favidas - Fernanda Depila\u00e7\u00e3o","robots":{"index":"index","follow":"follow","max-snippet":"max-snippet:-1","max-image-preview":"max-image-preview:large","max-video-preview":"max-video-preview:-1"},"canonical":"https:\/\/fernandadepilacao.com.br\/portal\/2026\/01\/mitos-verdades-depilacao-intima\/","og_locale":"pt_BR","og_type":"article","og_title":"Mitos e Verdades Sobre a Depila\u00e7\u00e3o \u00cdntima: Esclare\u00e7a Suas D\u00favidas - Fernanda Depila\u00e7\u00e3o","og_description":"Principais Mitos e Verdades Sobre a Depila\u00e7\u00e3o \u00cdntima: Saiba o Que \u00e9 Fato! Depila\u00e7\u00e3o \u00cdntima: O Que \u00e9 e Por Que Falar Sobre o Tema? A depila\u00e7\u00e3o \u00edntima \u00e9 uma das pr\u00e1ticas est\u00e9ticas mais procuradas em cl\u00ednicas e sal\u00f5es. Ainda cercada de muitos tabus, d\u00favidas e informa\u00e7\u00f5es pouco claras, entender o que \u00e9 mito e &hellip; Mitos e Verdades Sobre a Depila\u00e7\u00e3o \u00cdntima: Esclare\u00e7a Suas D\u00favidas Leia mais &raquo;","og_url":"https:\/\/fernandadepilacao.com.br\/portal\/2026\/01\/mitos-verdades-depilacao-intima\/","og_site_name":"Fernanda Depila\u00e7\u00e3o","article_publisher":"https:\/\/www.facebook.com\/ferjobdepilacao","article_published_time":"2026-01-06T11:02:15+00:00","article_modified_time":"2026-01-06T11:02:17+00:00","twitter_card":"summary_large_image","twitter_misc":{"Escrito por":"fernandajob","Est. tempo de leitura":"4 minutos"},"schema":{"@context":"https:\/\/schema.org","@graph":[{"@type":"Organization","@id":"https:\/\/fernandadepilacao.com.br\/portal\/#organization","name":"Fernanda Depila\u00e7\u00e3o","url":"https:\/\/fernandadepilacao.com.br\/portal\/","sameAs":["https:\/\/www.facebook.com\/ferjobdepilacao","http:\/\/instagram.com\/fernanda_job"],"logo":{"@type":"ImageObject","@id":"https:\/\/fernandadepilacao.com.br\/portal\/#logo","inLanguage":"pt-BR","url":"http:\/\/fernandadepilacao.com.br\/portal\/wp-content\/uploads\/2021\/03\/logo_fernanda.png","contentUrl":"http:\/\/fernandadepilacao.com.br\/portal\/wp-content\/uploads\/2021\/03\/logo_fernanda.png","width":673,"height":688,"caption":"Fernanda Depila\u00e7\u00e3o"},"image":{"@id":"https:\/\/fernandadepilacao.com.br\/portal\/#logo"}},{"@type":"WebSite","@id":"https:\/\/fernandadepilacao.com.br\/portal\/#website","url":"https:\/\/fernandadepilacao.com.br\/portal\/","name":"Fernanda Depila\u00e7\u00e3o","description":"","publisher":{"@id":"https:\/\/fernandadepilacao.com.br\/portal\/#organization"},"potentialAction":[{"@type":"SearchAction","target":{"@type":"EntryPoint","urlTemplate":"https:\/\/fernandadepilacao.com.br\/portal\/?s={search_term_string}"},"query-input":"required name=search_term_string"}],"inLanguage":"pt-BR"},{"@type":"ImageObject","@id":"https:\/\/fernandadepilacao.com.br\/portal\/2026\/01\/mitos-verdades-depilacao-intima\/#primaryimage","inLanguage":"pt-BR","url":"https:\/\/fernandadepilacao.com.br\/portal\/wp-content\/uploads\/2026\/01\/20260106080212.png","contentUrl":"https:\/\/fernandadepilacao.com.br\/portal\/wp-content\/uploads\/2026\/01\/20260106080212.png","width":500,"height":500},{"@type":"WebPage","@id":"https:\/\/fernandadepilacao.com.br\/portal\/2026\/01\/mitos-verdades-depilacao-intima\/#webpage","url":"https:\/\/fernandadepilacao.com.br\/portal\/2026\/01\/mitos-verdades-depilacao-intima\/","name":"Mitos e Verdades Sobre a Depila\u00e7\u00e3o \u00cdntima: Esclare\u00e7a Suas D\u00favidas - Fernanda Depila\u00e7\u00e3o","isPartOf":{"@id":"https:\/\/fernandadepilacao.com.br\/portal\/#website"},"primaryImageOfPage":{"@id":"https:\/\/fernandadepilacao.com.br\/portal\/2026\/01\/mitos-verdades-depilacao-intima\/#primaryimage"},"datePublished":"2026-01-06T11:02:15+00:00","dateModified":"2026-01-06T11:02:17+00:00","breadcrumb":{"@id":"https:\/\/fernandadepilacao.com.br\/portal\/2026\/01\/mitos-verdades-depilacao-intima\/#breadcrumb"},"inLanguage":"pt-BR","potentialAction":[{"@type":"ReadAction","target":["https:\/\/fernandadepilacao.com.br\/portal\/2026\/01\/mitos-verdades-depilacao-intima\/"]}]},{"@type":"BreadcrumbList","@id":"https:\/\/fernandadepilacao.com.br\/portal\/2026\/01\/mitos-verdades-depilacao-intima\/#breadcrumb","itemListElement":[{"@type":"ListItem","position":1,"name":"In\u00edcio","item":"http:\/\/fernandadepilacao.com.br\/portal\/"},{"@type":"ListItem","position":2,"name":"Mitos e Verdades Sobre a Depila\u00e7\u00e3o \u00cdntima: Esclare\u00e7a Suas D\u00favidas"}]},{"@type":"Article","@id":"https:\/\/fernandadepilacao.com.br\/portal\/2026\/01\/mitos-verdades-depilacao-intima\/#article","isPartOf":{"@id":"https:\/\/fernandadepilacao.com.br\/portal\/2026\/01\/mitos-verdades-depilacao-intima\/#webpage"},"author":{"@id":"https:\/\/fernandadepilacao.com.br\/portal\/#\/schema\/person\/d00644c3bbfd9fd17711767a3b1abbd0"},"headline":"Mitos e Verdades Sobre a Depila\u00e7\u00e3o \u00cdntima: Esclare\u00e7a Suas D\u00favidas","datePublished":"2026-01-06T11:02:15+00:00","dateModified":"2026-01-06T11:02:17+00:00","mainEntityOfPage":{"@id":"https:\/\/fernandadepilacao.com.br\/portal\/2026\/01\/mitos-verdades-depilacao-intima\/#webpage"},"wordCount":799,"commentCount":0,"publisher":{"@id":"https:\/\/fernandadepilacao.com.br\/portal\/#organization"},"image":{"@id":"https:\/\/fernandadepilacao.com.br\/portal\/2026\/01\/mitos-verdades-depilacao-intima\/#primaryimage"},"thumbnailUrl":"https:\/\/fernandadepilacao.com.br\/portal\/wp-content\/uploads\/2026\/01\/20260106080212.png","inLanguage":"pt-BR","potentialAction":[{"@type":"CommentAction","name":"Comment","target":["https:\/\/fernandadepilacao.com.br\/portal\/2026\/01\/mitos-verdades-depilacao-intima\/#respond"]}]},{"@type":"Person","@id":"https:\/\/fernandadepilacao.com.br\/portal\/#\/schema\/person\/d00644c3bbfd9fd17711767a3b1abbd0","name":"fernandajob","image":{"@type":"ImageObject","@id":"https:\/\/fernandadepilacao.com.br\/portal\/#personlogo","inLanguage":"pt-BR","url":"https:\/\/secure.gravatar.com\/avatar\/6c2268a68d69a325906fbdccd74b18e6?s=96&d=mm&r=g","contentUrl":"https:\/\/secure.gravatar.com\/avatar\/6c2268a68d69a325906fbdccd74b18e6?s=96&d=mm&r=g","caption":"fernandajob"},"sameAs":["http:\/\/fernandadepilacao.com.br\/portal"]}]}},"uagb_featured_image_src":{"full":["https:\/\/fernandadepilacao.com.br\/portal\/wp-content\/uploads\/2026\/01\/20260106080212.png",500,500,false],"thumbnail":["https:\/\/fernandadepilacao.com.br\/portal\/wp-content\/uploads\/2026\/01\/20260106080212-150x150.png",150,150,true],"medium":["https:\/\/fernandadepilacao.com.br\/portal\/wp-content\/uploads\/2026\/01\/20260106080212-300x300.png",300,300,true],"medium_large":["https:\/\/fernandadepilacao.com.br\/portal\/wp-content\/uploads\/2026\/01\/20260106080212.png",500,500,false],"large":["https:\/\/fernandadepilacao.com.br\/portal\/wp-content\/uploads\/2026\/01\/20260106080212.png",500,500,false],"1536x1536":["https:\/\/fernandadepilacao.com.br\/portal\/wp-content\/uploads\/2026\/01\/20260106080212.png",500,500,false],"2048x2048":["https:\/\/fernandadepilacao.com.br\/portal\/wp-content\/uploads\/2026\/01\/20260106080212.png",500,500,false]},"uagb_author_info":{"display_name":"fernandajob","author_link":"https:\/\/fernandadepilacao.com.br\/portal\/author\/fernandajob\/"},"uagb_comment_info":0,"uagb_excerpt":"Principais Mitos e Verdades Sobre a Depila\u00e7\u00e3o \u00cdntima: Saiba o Que \u00e9 Fato! Depila\u00e7\u00e3o \u00cdntima: O Que \u00e9 e Por Que Falar Sobre o Tema? A depila\u00e7\u00e3o \u00edntima \u00e9 uma das pr\u00e1ticas est\u00e9ticas mais procuradas em cl\u00ednicas e sal\u00f5es. Ainda cercada de muitos tabus, d\u00favidas e informa\u00e7\u00f5es pouco claras, entender o que \u00e9 mito e&hellip;","_links":{"self":[{"href":"https:\/\/fernandadepilacao.com.br\/portal\/wp-json\/wp\/v2\/posts\/1068"}],"collection":[{"href":"https:\/\/fernandadepilacao.com.br\/portal\/wp-json\/wp\/v2\/posts"}],"about":[{"href":"https:\/\/fernandadepilacao.com.br\/portal\/wp-json\/wp\/v2\/types\/post"}],"author":[{"embeddable":true,"href":"https:\/\/fernandadepilacao.com.br\/portal\/wp-json\/wp\/v2\/users\/1"}],"replies":[{"embeddable":true,"href":"https:\/\/fernandadepilacao.com.br\/portal\/wp-json\/wp\/v2\/comments?post=1068"}],"version-history":[{"count":1,"href":"https:\/\/fernandadepilacao.com.br\/portal\/wp-json\/wp\/v2\/posts\/1068\/revisions"}],"predecessor-version":[{"id":1069,"href":"https:\/\/fernandadepilacao.com.br\/portal\/wp-json\/wp\/v2\/posts\/1068\/revisions\/1069"}],"wp:featuredmedia":[{"embeddable":true,"href":"https:\/\/fernandadepilacao.com.br\/portal\/wp-json\/wp\/v2\/media\/1067"}],"wp:attachment":[{"href":"https:\/\/fernandadepilacao.com.br\/portal\/wp-json\/wp\/v2\/media?parent=1068"}],"wp:term":[{"taxonomy":"category","embeddable":true,"href":"https:\/\/fernandadepilacao.com.br\/portal\/wp-json\/wp\/v2\/categories?post=1068"},{"taxonomy":"post_tag","embeddable":true,"href":"https:\/\/fernandadepilacao.com.br\/portal\/wp-json\/wp\/v2\/tags?post=1068"}],"curies":[{"name":"wp","href":"https:\/\/api.w.org\/{rel}","templated":true}]}}