{"id":1056,"date":"2026-01-05T00:01:19","date_gmt":"2026-01-05T03:01:19","guid":{"rendered":"https:\/\/fernandadepilacao.com.br\/portal\/2026\/01\/efeitos-colaterais-complicacoes-depilacao-prevencao-cuidados-essenciais\/"},"modified":"2026-01-05T00:01:20","modified_gmt":"2026-01-05T03:01:20","slug":"efeitos-colaterais-complicacoes-depilacao-prevencao-cuidados-essenciais","status":"publish","type":"post","link":"https:\/\/fernandadepilacao.com.br\/portal\/2026\/01\/efeitos-colaterais-complicacoes-depilacao-prevencao-cuidados-essenciais\/","title":{"rendered":"Efeitos colaterais e complica\u00e7\u00f5es comuns da depila\u00e7\u00e3o: preven\u00e7\u00e3o e cuidados essenciais"},"content":{"rendered":"<article>\n<header>\n<h1>Poss\u00edveis efeitos colaterais e complica\u00e7\u00f5es da depila\u00e7\u00e3o: tudo o que voc\u00ea precisa saber<\/h1>\n<p>    <meta name=\"description\" content=\"Descubra quais s\u00e3o os efeitos colaterais e complica\u00e7\u00f5es mais comuns nos principais m\u00e9todos de depila\u00e7\u00e3o. Saiba como prevenir problemas e manter a pele saud\u00e1vel ap\u00f3s a remo\u00e7\u00e3o dos pelos.\" \/><br \/>\n  <\/header>\n<section>\n<h2>Introdu\u00e7\u00e3o: A remo\u00e7\u00e3o dos pelos e seus cuidados<\/h2>\n<p>\n      A depila\u00e7\u00e3o \u00e9 um procedimento est\u00e9tico muito procurado para manter a pele lisa e suave. No entanto, quem busca remover os pelos precisa conhecer n\u00e3o apenas as t\u00e9cnicas dispon\u00edveis, mas tamb\u00e9m os <strong>poss\u00edveis efeitos colaterais da depila\u00e7\u00e3o<\/strong> e as complica\u00e7\u00f5es associadas aos m\u00e9todos mais comuns, como a depila\u00e7\u00e3o com cera, l\u00e2mina, laser e cremes depilat\u00f3rios. Entender esses riscos \u00e9 fundamental para escolher o m\u00e9todo mais adequado e garantir o bem-estar da pele.\n    <\/p>\n<\/section>\n<section>\n<h2>Os principais m\u00e9todos de depila\u00e7\u00e3o e seus riscos<\/h2>\n<ul>\n<li><strong>Depila\u00e7\u00e3o com cera<\/strong>: Usa a remo\u00e7\u00e3o dos pelos pela raiz, podendo causar vermelhid\u00e3o, dor, foliculite e queimaduras.<\/li>\n<li><strong>Depila\u00e7\u00e3o com l\u00e2mina<\/strong>: M\u00e9todo pr\u00e1tico e r\u00e1pido, mas pode provocar cortes, irrita\u00e7\u00f5es e encravamento dos pelos.<\/li>\n<li><strong>Depila\u00e7\u00e3o a laser<\/strong>: Tecnologia avan\u00e7ada, por\u00e9m pode causar manchas, queimaduras e altera\u00e7\u00f5es na pigmenta\u00e7\u00e3o da pele.<\/li>\n<li><strong>Cremes depilat\u00f3rios<\/strong>: Pr\u00e1ticos para uso em casa, mas apresentam risco de alergias e irrita\u00e7\u00e3o qu\u00edmica.<\/li>\n<\/ul>\n<\/section>\n<section>\n<h2>Principais efeitos colaterais e complica\u00e7\u00f5es da depila\u00e7\u00e3o<\/h2>\n<h3>1. Irrita\u00e7\u00e3o e vermelhid\u00e3o<\/h3>\n<p>\n      \u00c9 muito comum ap\u00f3s a depila\u00e7\u00e3o, especialmente em peles sens\u00edveis, observar vermelhid\u00e3o e sensa\u00e7\u00e3o de ard\u00eancia. Isso ocorre por conta da remo\u00e7\u00e3o do pelo pela raiz ou pelo atrito da l\u00e2mina, causando microles\u00f5es na camada superficial da pele.\n    <\/p>\n<h3>2. Foliculite<\/h3>\n<p>\n      A <strong>foliculite<\/strong> \u00e9 a inflama\u00e7\u00e3o dos fol\u00edculos pilosos, geralmente provocada por infec\u00e7\u00e3o bacteriana ou crescimento do pelo para dentro da pele (pelo encravado). Ela pode aparecer como pequenas bolinhas avermelhadas, que \u00e0s vezes co\u00e7am ou at\u00e9 doem.\n    <\/p>\n<h3>3. Manchas na pele<\/h3>\n<p>\n      Altera\u00e7\u00f5es na colora\u00e7\u00e3o, como manchas escuras (hiperpigmenta\u00e7\u00e3o) ou claras (hipopigmenta\u00e7\u00e3o), podem surgir ap\u00f3s depila\u00e7\u00e3o, especialmente se houver exposi\u00e7\u00e3o ao sol sem prote\u00e7\u00e3o nas regi\u00f5es tratadas. Esses quadros s\u00e3o mais comuns ap\u00f3s procedimentos como laser ou uso de ceras muito quentes.\n    <\/p>\n<h3>4. Queimaduras<\/h3>\n<p>\n      O uso inadequado de cera quente ou exposi\u00e7\u00e3o do local depilado ao sol logo ap\u00f3s o procedimento pode causar queimaduras. Em casos mais graves, isso pode resultar em bolhas e descama\u00e7\u00e3o.\n    <\/p>\n<h3>5. Rea\u00e7\u00e3o al\u00e9rgica<\/h3>\n<p>\n      Produtos como ceras, cremes ou lo\u00e7\u00f5es p\u00f3s-depilat\u00f3rias podem desencadear <strong>alergias<\/strong>, provocando coceira, incha\u00e7o e at\u00e9 mesmo pequenas bolhas. Fique atento especialmente se voc\u00ea j\u00e1 possui hist\u00f3rico de alergias cut\u00e2neas.\n    <\/p>\n<h3>6. Infec\u00e7\u00f5es<\/h3>\n<p>\n      Realizar depila\u00e7\u00e3o em ambientes inadequados ou com materiais contaminados aumenta o risco de infec\u00e7\u00e3o bacteriana ou f\u00fangica, que em alguns casos exige tratamento m\u00e9dico.\n    <\/p>\n<\/section>\n<section>\n<h2>Como prevenir efeitos colaterais e complica\u00e7\u00f5es da depila\u00e7\u00e3o<\/h2>\n<ol>\n<li><strong>Higienize a pele<\/strong> antes e depois do procedimento.<\/li>\n<li><strong>Evite exposi\u00e7\u00e3o solar<\/strong> nas 24-48h ap\u00f3s depilar, principalmente com m\u00e9todos de remo\u00e7\u00e3o pela raiz ou laser.<\/li>\n<li>Prefira <strong>produtos hipoalerg\u00eanicos<\/strong> e realize teste de sensibilidade.<\/li>\n<li><strong>Hidrate a pele<\/strong> diariamente, evitando produtos com \u00e1lcool ap\u00f3s depilar.<\/li>\n<li>N\u00e3o retire os pelos em casos de <strong>feridas, machucados ou irrita\u00e7\u00f5es pr\u00e9-existentes<\/strong>.<\/li>\n<li>Confie sua depila\u00e7\u00e3o a profissionais qualificados e ambientes limpos.<\/li>\n<\/ol>\n<\/section>\n<section>\n<h2>Quando procurar um m\u00e9dico?<\/h2>\n<p>\n      Em caso de <strong>infec\u00e7\u00f5es persistentes<\/strong>, rea\u00e7\u00f5es al\u00e9rgicas graves ou sintomas que n\u00e3o melhoram ap\u00f3s alguns dias, procure avalia\u00e7\u00e3o dermatol\u00f3gica. Nunca ignore sinais como febre, dor intensa, secre\u00e7\u00e3o amarelada ou vermelhid\u00e3o que aumenta.\n    <\/p>\n<\/section>\n<section>\n<h2>Considera\u00e7\u00f5es finais<\/h2>\n<p>\n      Cuidar da sa\u00fade da sua pele \u00e9 fundamental em todos os tipos de <strong>depila\u00e7\u00e3o<\/strong>. Entendendo os principais efeitos colaterais e complica\u00e7\u00f5es, \u00e9 poss\u00edvel prevenir problemas, preservar a beleza e desfrutar dos benef\u00edcios de uma pele lisa, sem abrir m\u00e3o da seguran\u00e7a. Escolha sempre seus m\u00e9todos e profissionais com aten\u00e7\u00e3o ao hist\u00f3rico, qualidade dos produtos e ambiente seguro.\n    <\/p>\n<\/section>\n<footer>\n<p><em>Para mais dicas sobre cuidados com a pele e depila\u00e7\u00e3o, continue acompanhando nosso blog!<\/em><\/p>\n<\/footer>\n<\/article>\n","protected":false},"excerpt":{"rendered":"<p>Poss\u00edveis efeitos colaterais e complica\u00e7\u00f5es da depila\u00e7\u00e3o: tudo o que voc\u00ea precisa saber Introdu\u00e7\u00e3o: A remo\u00e7\u00e3o dos pelos e seus cuidados A depila\u00e7\u00e3o \u00e9 um procedimento est\u00e9tico muito procurado para manter a pele lisa e suave. No entanto, quem busca remover os pelos precisa conhecer n\u00e3o apenas as t\u00e9cnicas dispon\u00edveis, mas tamb\u00e9m os poss\u00edveis efeitos &hellip;<\/p>\n<p class=\"read-more\"> <a class=\"\" href=\"https:\/\/fernandadepilacao.com.br\/portal\/2026\/01\/efeitos-colaterais-complicacoes-depilacao-prevencao-cuidados-essenciais\/\"> <span class=\"screen-reader-text\">Efeitos colaterais e complica\u00e7\u00f5es comuns da depila\u00e7\u00e3o: preven\u00e7\u00e3o e cuidados essenciais<\/span> Leia mais &raquo;<\/a><\/p>\n","protected":false},"author":1,"featured_media":1055,"comment_status":"open","ping_status":"open","sticky":false,"template":"","format":"standard","meta":[],"categories":[1],"tags":[],"yoast_head":"<!-- This site is optimized with the Yoast SEO plugin v18.4.1 - https:\/\/yoast.com\/wordpress\/plugins\/seo\/ -->\n<title>Efeitos colaterais e complica\u00e7\u00f5es comuns da depila\u00e7\u00e3o: preven\u00e7\u00e3o e cuidados essenciais - Fernanda Depila\u00e7\u00e3o<\/title>\n<meta name=\"robots\" content=\"index, follow, max-snippet:-1, max-image-preview:large, max-video-preview:-1\" \/>\n<link rel=\"canonical\" href=\"https:\/\/fernandadepilacao.com.br\/portal\/2026\/01\/efeitos-colaterais-complicacoes-depilacao-prevencao-cuidados-essenciais\/\" \/>\n<meta property=\"og:locale\" content=\"pt_BR\" \/>\n<meta property=\"og:type\" content=\"article\" \/>\n<meta property=\"og:title\" content=\"Efeitos colaterais e complica\u00e7\u00f5es comuns da depila\u00e7\u00e3o: preven\u00e7\u00e3o e cuidados essenciais - Fernanda Depila\u00e7\u00e3o\" \/>\n<meta property=\"og:description\" content=\"Poss\u00edveis efeitos colaterais e complica\u00e7\u00f5es da depila\u00e7\u00e3o: tudo o que voc\u00ea precisa saber Introdu\u00e7\u00e3o: A remo\u00e7\u00e3o dos pelos e seus cuidados A depila\u00e7\u00e3o \u00e9 um procedimento est\u00e9tico muito procurado para manter a pele lisa e suave. No entanto, quem busca remover os pelos precisa conhecer n\u00e3o apenas as t\u00e9cnicas dispon\u00edveis, mas tamb\u00e9m os poss\u00edveis efeitos &hellip; Efeitos colaterais e complica\u00e7\u00f5es comuns da depila\u00e7\u00e3o: preven\u00e7\u00e3o e cuidados essenciais Leia mais &raquo;\" \/>\n<meta property=\"og:url\" content=\"https:\/\/fernandadepilacao.com.br\/portal\/2026\/01\/efeitos-colaterais-complicacoes-depilacao-prevencao-cuidados-essenciais\/\" \/>\n<meta property=\"og:site_name\" content=\"Fernanda Depila\u00e7\u00e3o\" \/>\n<meta property=\"article:publisher\" content=\"https:\/\/www.facebook.com\/ferjobdepilacao\" \/>\n<meta property=\"article:published_time\" content=\"2026-01-05T03:01:19+00:00\" \/>\n<meta property=\"article:modified_time\" content=\"2026-01-05T03:01:20+00:00\" \/>\n<meta name=\"twitter:card\" content=\"summary_large_image\" \/>\n<meta name=\"twitter:label1\" content=\"Escrito por\" \/>\n\t<meta name=\"twitter:data1\" content=\"fernandajob\" \/>\n\t<meta name=\"twitter:label2\" content=\"Est. tempo de leitura\" \/>\n\t<meta name=\"twitter:data2\" content=\"3 minutos\" \/>\n<script type=\"application\/ld+json\" class=\"yoast-schema-graph\">{\"@context\":\"https:\/\/schema.org\",\"@graph\":[{\"@type\":\"Organization\",\"@id\":\"https:\/\/fernandadepilacao.com.br\/portal\/#organization\",\"name\":\"Fernanda Depila\u00e7\u00e3o\",\"url\":\"https:\/\/fernandadepilacao.com.br\/portal\/\",\"sameAs\":[\"https:\/\/www.facebook.com\/ferjobdepilacao\",\"http:\/\/instagram.com\/fernanda_job\"],\"logo\":{\"@type\":\"ImageObject\",\"@id\":\"https:\/\/fernandadepilacao.com.br\/portal\/#logo\",\"inLanguage\":\"pt-BR\",\"url\":\"http:\/\/fernandadepilacao.com.br\/portal\/wp-content\/uploads\/2021\/03\/logo_fernanda.png\",\"contentUrl\":\"http:\/\/fernandadepilacao.com.br\/portal\/wp-content\/uploads\/2021\/03\/logo_fernanda.png\",\"width\":673,\"height\":688,\"caption\":\"Fernanda Depila\u00e7\u00e3o\"},\"image\":{\"@id\":\"https:\/\/fernandadepilacao.com.br\/portal\/#logo\"}},{\"@type\":\"WebSite\",\"@id\":\"https:\/\/fernandadepilacao.com.br\/portal\/#website\",\"url\":\"https:\/\/fernandadepilacao.com.br\/portal\/\",\"name\":\"Fernanda Depila\u00e7\u00e3o\",\"description\":\"\",\"publisher\":{\"@id\":\"https:\/\/fernandadepilacao.com.br\/portal\/#organization\"},\"potentialAction\":[{\"@type\":\"SearchAction\",\"target\":{\"@type\":\"EntryPoint\",\"urlTemplate\":\"https:\/\/fernandadepilacao.com.br\/portal\/?s={search_term_string}\"},\"query-input\":\"required name=search_term_string\"}],\"inLanguage\":\"pt-BR\"},{\"@type\":\"ImageObject\",\"@id\":\"https:\/\/fernandadepilacao.com.br\/portal\/2026\/01\/efeitos-colaterais-complicacoes-depilacao-prevencao-cuidados-essenciais\/#primaryimage\",\"inLanguage\":\"pt-BR\",\"url\":\"https:\/\/fernandadepilacao.com.br\/portal\/wp-content\/uploads\/2026\/01\/20260105000116.png\",\"contentUrl\":\"https:\/\/fernandadepilacao.com.br\/portal\/wp-content\/uploads\/2026\/01\/20260105000116.png\",\"width\":500,\"height\":500},{\"@type\":\"WebPage\",\"@id\":\"https:\/\/fernandadepilacao.com.br\/portal\/2026\/01\/efeitos-colaterais-complicacoes-depilacao-prevencao-cuidados-essenciais\/#webpage\",\"url\":\"https:\/\/fernandadepilacao.com.br\/portal\/2026\/01\/efeitos-colaterais-complicacoes-depilacao-prevencao-cuidados-essenciais\/\",\"name\":\"Efeitos colaterais e complica\u00e7\u00f5es comuns da depila\u00e7\u00e3o: preven\u00e7\u00e3o e cuidados essenciais - Fernanda Depila\u00e7\u00e3o\",\"isPartOf\":{\"@id\":\"https:\/\/fernandadepilacao.com.br\/portal\/#website\"},\"primaryImageOfPage\":{\"@id\":\"https:\/\/fernandadepilacao.com.br\/portal\/2026\/01\/efeitos-colaterais-complicacoes-depilacao-prevencao-cuidados-essenciais\/#primaryimage\"},\"datePublished\":\"2026-01-05T03:01:19+00:00\",\"dateModified\":\"2026-01-05T03:01:20+00:00\",\"breadcrumb\":{\"@id\":\"https:\/\/fernandadepilacao.com.br\/portal\/2026\/01\/efeitos-colaterais-complicacoes-depilacao-prevencao-cuidados-essenciais\/#breadcrumb\"},\"inLanguage\":\"pt-BR\",\"potentialAction\":[{\"@type\":\"ReadAction\",\"target\":[\"https:\/\/fernandadepilacao.com.br\/portal\/2026\/01\/efeitos-colaterais-complicacoes-depilacao-prevencao-cuidados-essenciais\/\"]}]},{\"@type\":\"BreadcrumbList\",\"@id\":\"https:\/\/fernandadepilacao.com.br\/portal\/2026\/01\/efeitos-colaterais-complicacoes-depilacao-prevencao-cuidados-essenciais\/#breadcrumb\",\"itemListElement\":[{\"@type\":\"ListItem\",\"position\":1,\"name\":\"In\u00edcio\",\"item\":\"http:\/\/fernandadepilacao.com.br\/portal\/\"},{\"@type\":\"ListItem\",\"position\":2,\"name\":\"Efeitos colaterais e complica\u00e7\u00f5es comuns da depila\u00e7\u00e3o: preven\u00e7\u00e3o e cuidados essenciais\"}]},{\"@type\":\"Article\",\"@id\":\"https:\/\/fernandadepilacao.com.br\/portal\/2026\/01\/efeitos-colaterais-complicacoes-depilacao-prevencao-cuidados-essenciais\/#article\",\"isPartOf\":{\"@id\":\"https:\/\/fernandadepilacao.com.br\/portal\/2026\/01\/efeitos-colaterais-complicacoes-depilacao-prevencao-cuidados-essenciais\/#webpage\"},\"author\":{\"@id\":\"https:\/\/fernandadepilacao.com.br\/portal\/#\/schema\/person\/d00644c3bbfd9fd17711767a3b1abbd0\"},\"headline\":\"Efeitos colaterais e complica\u00e7\u00f5es comuns da depila\u00e7\u00e3o: preven\u00e7\u00e3o e cuidados essenciais\",\"datePublished\":\"2026-01-05T03:01:19+00:00\",\"dateModified\":\"2026-01-05T03:01:20+00:00\",\"mainEntityOfPage\":{\"@id\":\"https:\/\/fernandadepilacao.com.br\/portal\/2026\/01\/efeitos-colaterais-complicacoes-depilacao-prevencao-cuidados-essenciais\/#webpage\"},\"wordCount\":688,\"commentCount\":0,\"publisher\":{\"@id\":\"https:\/\/fernandadepilacao.com.br\/portal\/#organization\"},\"image\":{\"@id\":\"https:\/\/fernandadepilacao.com.br\/portal\/2026\/01\/efeitos-colaterais-complicacoes-depilacao-prevencao-cuidados-essenciais\/#primaryimage\"},\"thumbnailUrl\":\"https:\/\/fernandadepilacao.com.br\/portal\/wp-content\/uploads\/2026\/01\/20260105000116.png\",\"inLanguage\":\"pt-BR\",\"potentialAction\":[{\"@type\":\"CommentAction\",\"name\":\"Comment\",\"target\":[\"https:\/\/fernandadepilacao.com.br\/portal\/2026\/01\/efeitos-colaterais-complicacoes-depilacao-prevencao-cuidados-essenciais\/#respond\"]}]},{\"@type\":\"Person\",\"@id\":\"https:\/\/fernandadepilacao.com.br\/portal\/#\/schema\/person\/d00644c3bbfd9fd17711767a3b1abbd0\",\"name\":\"fernandajob\",\"image\":{\"@type\":\"ImageObject\",\"@id\":\"https:\/\/fernandadepilacao.com.br\/portal\/#personlogo\",\"inLanguage\":\"pt-BR\",\"url\":\"https:\/\/secure.gravatar.com\/avatar\/6c2268a68d69a325906fbdccd74b18e6?s=96&d=mm&r=g\",\"contentUrl\":\"https:\/\/secure.gravatar.com\/avatar\/6c2268a68d69a325906fbdccd74b18e6?s=96&d=mm&r=g\",\"caption\":\"fernandajob\"},\"sameAs\":[\"http:\/\/fernandadepilacao.com.br\/portal\"]}]}<\/script>\n<!-- \/ Yoast SEO plugin. -->","yoast_head_json":{"title":"Efeitos colaterais e complica\u00e7\u00f5es comuns da depila\u00e7\u00e3o: preven\u00e7\u00e3o e cuidados essenciais - Fernanda Depila\u00e7\u00e3o","robots":{"index":"index","follow":"follow","max-snippet":"max-snippet:-1","max-image-preview":"max-image-preview:large","max-video-preview":"max-video-preview:-1"},"canonical":"https:\/\/fernandadepilacao.com.br\/portal\/2026\/01\/efeitos-colaterais-complicacoes-depilacao-prevencao-cuidados-essenciais\/","og_locale":"pt_BR","og_type":"article","og_title":"Efeitos colaterais e complica\u00e7\u00f5es comuns da depila\u00e7\u00e3o: preven\u00e7\u00e3o e cuidados essenciais - Fernanda Depila\u00e7\u00e3o","og_description":"Poss\u00edveis efeitos colaterais e complica\u00e7\u00f5es da depila\u00e7\u00e3o: tudo o que voc\u00ea precisa saber Introdu\u00e7\u00e3o: A remo\u00e7\u00e3o dos pelos e seus cuidados A depila\u00e7\u00e3o \u00e9 um procedimento est\u00e9tico muito procurado para manter a pele lisa e suave. No entanto, quem busca remover os pelos precisa conhecer n\u00e3o apenas as t\u00e9cnicas dispon\u00edveis, mas tamb\u00e9m os poss\u00edveis efeitos &hellip; Efeitos colaterais e complica\u00e7\u00f5es comuns da depila\u00e7\u00e3o: preven\u00e7\u00e3o e cuidados essenciais Leia mais &raquo;","og_url":"https:\/\/fernandadepilacao.com.br\/portal\/2026\/01\/efeitos-colaterais-complicacoes-depilacao-prevencao-cuidados-essenciais\/","og_site_name":"Fernanda Depila\u00e7\u00e3o","article_publisher":"https:\/\/www.facebook.com\/ferjobdepilacao","article_published_time":"2026-01-05T03:01:19+00:00","article_modified_time":"2026-01-05T03:01:20+00:00","twitter_card":"summary_large_image","twitter_misc":{"Escrito por":"fernandajob","Est. tempo de leitura":"3 minutos"},"schema":{"@context":"https:\/\/schema.org","@graph":[{"@type":"Organization","@id":"https:\/\/fernandadepilacao.com.br\/portal\/#organization","name":"Fernanda Depila\u00e7\u00e3o","url":"https:\/\/fernandadepilacao.com.br\/portal\/","sameAs":["https:\/\/www.facebook.com\/ferjobdepilacao","http:\/\/instagram.com\/fernanda_job"],"logo":{"@type":"ImageObject","@id":"https:\/\/fernandadepilacao.com.br\/portal\/#logo","inLanguage":"pt-BR","url":"http:\/\/fernandadepilacao.com.br\/portal\/wp-content\/uploads\/2021\/03\/logo_fernanda.png","contentUrl":"http:\/\/fernandadepilacao.com.br\/portal\/wp-content\/uploads\/2021\/03\/logo_fernanda.png","width":673,"height":688,"caption":"Fernanda Depila\u00e7\u00e3o"},"image":{"@id":"https:\/\/fernandadepilacao.com.br\/portal\/#logo"}},{"@type":"WebSite","@id":"https:\/\/fernandadepilacao.com.br\/portal\/#website","url":"https:\/\/fernandadepilacao.com.br\/portal\/","name":"Fernanda Depila\u00e7\u00e3o","description":"","publisher":{"@id":"https:\/\/fernandadepilacao.com.br\/portal\/#organization"},"potentialAction":[{"@type":"SearchAction","target":{"@type":"EntryPoint","urlTemplate":"https:\/\/fernandadepilacao.com.br\/portal\/?s={search_term_string}"},"query-input":"required name=search_term_string"}],"inLanguage":"pt-BR"},{"@type":"ImageObject","@id":"https:\/\/fernandadepilacao.com.br\/portal\/2026\/01\/efeitos-colaterais-complicacoes-depilacao-prevencao-cuidados-essenciais\/#primaryimage","inLanguage":"pt-BR","url":"https:\/\/fernandadepilacao.com.br\/portal\/wp-content\/uploads\/2026\/01\/20260105000116.png","contentUrl":"https:\/\/fernandadepilacao.com.br\/portal\/wp-content\/uploads\/2026\/01\/20260105000116.png","width":500,"height":500},{"@type":"WebPage","@id":"https:\/\/fernandadepilacao.com.br\/portal\/2026\/01\/efeitos-colaterais-complicacoes-depilacao-prevencao-cuidados-essenciais\/#webpage","url":"https:\/\/fernandadepilacao.com.br\/portal\/2026\/01\/efeitos-colaterais-complicacoes-depilacao-prevencao-cuidados-essenciais\/","name":"Efeitos colaterais e complica\u00e7\u00f5es comuns da depila\u00e7\u00e3o: preven\u00e7\u00e3o e cuidados essenciais - Fernanda Depila\u00e7\u00e3o","isPartOf":{"@id":"https:\/\/fernandadepilacao.com.br\/portal\/#website"},"primaryImageOfPage":{"@id":"https:\/\/fernandadepilacao.com.br\/portal\/2026\/01\/efeitos-colaterais-complicacoes-depilacao-prevencao-cuidados-essenciais\/#primaryimage"},"datePublished":"2026-01-05T03:01:19+00:00","dateModified":"2026-01-05T03:01:20+00:00","breadcrumb":{"@id":"https:\/\/fernandadepilacao.com.br\/portal\/2026\/01\/efeitos-colaterais-complicacoes-depilacao-prevencao-cuidados-essenciais\/#breadcrumb"},"inLanguage":"pt-BR","potentialAction":[{"@type":"ReadAction","target":["https:\/\/fernandadepilacao.com.br\/portal\/2026\/01\/efeitos-colaterais-complicacoes-depilacao-prevencao-cuidados-essenciais\/"]}]},{"@type":"BreadcrumbList","@id":"https:\/\/fernandadepilacao.com.br\/portal\/2026\/01\/efeitos-colaterais-complicacoes-depilacao-prevencao-cuidados-essenciais\/#breadcrumb","itemListElement":[{"@type":"ListItem","position":1,"name":"In\u00edcio","item":"http:\/\/fernandadepilacao.com.br\/portal\/"},{"@type":"ListItem","position":2,"name":"Efeitos colaterais e complica\u00e7\u00f5es comuns da depila\u00e7\u00e3o: preven\u00e7\u00e3o e cuidados essenciais"}]},{"@type":"Article","@id":"https:\/\/fernandadepilacao.com.br\/portal\/2026\/01\/efeitos-colaterais-complicacoes-depilacao-prevencao-cuidados-essenciais\/#article","isPartOf":{"@id":"https:\/\/fernandadepilacao.com.br\/portal\/2026\/01\/efeitos-colaterais-complicacoes-depilacao-prevencao-cuidados-essenciais\/#webpage"},"author":{"@id":"https:\/\/fernandadepilacao.com.br\/portal\/#\/schema\/person\/d00644c3bbfd9fd17711767a3b1abbd0"},"headline":"Efeitos colaterais e complica\u00e7\u00f5es comuns da depila\u00e7\u00e3o: preven\u00e7\u00e3o e cuidados essenciais","datePublished":"2026-01-05T03:01:19+00:00","dateModified":"2026-01-05T03:01:20+00:00","mainEntityOfPage":{"@id":"https:\/\/fernandadepilacao.com.br\/portal\/2026\/01\/efeitos-colaterais-complicacoes-depilacao-prevencao-cuidados-essenciais\/#webpage"},"wordCount":688,"commentCount":0,"publisher":{"@id":"https:\/\/fernandadepilacao.com.br\/portal\/#organization"},"image":{"@id":"https:\/\/fernandadepilacao.com.br\/portal\/2026\/01\/efeitos-colaterais-complicacoes-depilacao-prevencao-cuidados-essenciais\/#primaryimage"},"thumbnailUrl":"https:\/\/fernandadepilacao.com.br\/portal\/wp-content\/uploads\/2026\/01\/20260105000116.png","inLanguage":"pt-BR","potentialAction":[{"@type":"CommentAction","name":"Comment","target":["https:\/\/fernandadepilacao.com.br\/portal\/2026\/01\/efeitos-colaterais-complicacoes-depilacao-prevencao-cuidados-essenciais\/#respond"]}]},{"@type":"Person","@id":"https:\/\/fernandadepilacao.com.br\/portal\/#\/schema\/person\/d00644c3bbfd9fd17711767a3b1abbd0","name":"fernandajob","image":{"@type":"ImageObject","@id":"https:\/\/fernandadepilacao.com.br\/portal\/#personlogo","inLanguage":"pt-BR","url":"https:\/\/secure.gravatar.com\/avatar\/6c2268a68d69a325906fbdccd74b18e6?s=96&d=mm&r=g","contentUrl":"https:\/\/secure.gravatar.com\/avatar\/6c2268a68d69a325906fbdccd74b18e6?s=96&d=mm&r=g","caption":"fernandajob"},"sameAs":["http:\/\/fernandadepilacao.com.br\/portal"]}]}},"uagb_featured_image_src":{"full":["https:\/\/fernandadepilacao.com.br\/portal\/wp-content\/uploads\/2026\/01\/20260105000116.png",500,500,false],"thumbnail":["https:\/\/fernandadepilacao.com.br\/portal\/wp-content\/uploads\/2026\/01\/20260105000116-150x150.png",150,150,true],"medium":["https:\/\/fernandadepilacao.com.br\/portal\/wp-content\/uploads\/2026\/01\/20260105000116-300x300.png",300,300,true],"medium_large":["https:\/\/fernandadepilacao.com.br\/portal\/wp-content\/uploads\/2026\/01\/20260105000116.png",500,500,false],"large":["https:\/\/fernandadepilacao.com.br\/portal\/wp-content\/uploads\/2026\/01\/20260105000116.png",500,500,false],"1536x1536":["https:\/\/fernandadepilacao.com.br\/portal\/wp-content\/uploads\/2026\/01\/20260105000116.png",500,500,false],"2048x2048":["https:\/\/fernandadepilacao.com.br\/portal\/wp-content\/uploads\/2026\/01\/20260105000116.png",500,500,false]},"uagb_author_info":{"display_name":"fernandajob","author_link":"https:\/\/fernandadepilacao.com.br\/portal\/author\/fernandajob\/"},"uagb_comment_info":0,"uagb_excerpt":"Poss\u00edveis efeitos colaterais e complica\u00e7\u00f5es da depila\u00e7\u00e3o: tudo o que voc\u00ea precisa saber Introdu\u00e7\u00e3o: A remo\u00e7\u00e3o dos pelos e seus cuidados A depila\u00e7\u00e3o \u00e9 um procedimento est\u00e9tico muito procurado para manter a pele lisa e suave. No entanto, quem busca remover os pelos precisa conhecer n\u00e3o apenas as t\u00e9cnicas dispon\u00edveis, mas tamb\u00e9m os poss\u00edveis efeitos&hellip;","_links":{"self":[{"href":"https:\/\/fernandadepilacao.com.br\/portal\/wp-json\/wp\/v2\/posts\/1056"}],"collection":[{"href":"https:\/\/fernandadepilacao.com.br\/portal\/wp-json\/wp\/v2\/posts"}],"about":[{"href":"https:\/\/fernandadepilacao.com.br\/portal\/wp-json\/wp\/v2\/types\/post"}],"author":[{"embeddable":true,"href":"https:\/\/fernandadepilacao.com.br\/portal\/wp-json\/wp\/v2\/users\/1"}],"replies":[{"embeddable":true,"href":"https:\/\/fernandadepilacao.com.br\/portal\/wp-json\/wp\/v2\/comments?post=1056"}],"version-history":[{"count":1,"href":"https:\/\/fernandadepilacao.com.br\/portal\/wp-json\/wp\/v2\/posts\/1056\/revisions"}],"predecessor-version":[{"id":1057,"href":"https:\/\/fernandadepilacao.com.br\/portal\/wp-json\/wp\/v2\/posts\/1056\/revisions\/1057"}],"wp:featuredmedia":[{"embeddable":true,"href":"https:\/\/fernandadepilacao.com.br\/portal\/wp-json\/wp\/v2\/media\/1055"}],"wp:attachment":[{"href":"https:\/\/fernandadepilacao.com.br\/portal\/wp-json\/wp\/v2\/media?parent=1056"}],"wp:term":[{"taxonomy":"category","embeddable":true,"href":"https:\/\/fernandadepilacao.com.br\/portal\/wp-json\/wp\/v2\/categories?post=1056"},{"taxonomy":"post_tag","embeddable":true,"href":"https:\/\/fernandadepilacao.com.br\/portal\/wp-json\/wp\/v2\/tags?post=1056"}],"curies":[{"name":"wp","href":"https:\/\/api.w.org\/{rel}","templated":true}]}}