{"id":1050,"date":"2026-01-03T16:01:26","date_gmt":"2026-01-03T19:01:26","guid":{"rendered":"https:\/\/fernandadepilacao.com.br\/portal\/2026\/01\/indicacoes-contraindicacoes-metodos-depilacao-como-escolher\/"},"modified":"2026-01-03T16:01:27","modified_gmt":"2026-01-03T19:01:27","slug":"indicacoes-contraindicacoes-metodos-depilacao-como-escolher","status":"publish","type":"post","link":"https:\/\/fernandadepilacao.com.br\/portal\/2026\/01\/indicacoes-contraindicacoes-metodos-depilacao-como-escolher\/","title":{"rendered":"Indica\u00e7\u00f5es e Contraindica\u00e7\u00f5es dos M\u00e9todos de Depila\u00e7\u00e3o: Como Escolher o Ideal para Sua Pele"},"content":{"rendered":"<article>\n<header>\n<h1>Indica\u00e7\u00f5es e Contraindica\u00e7\u00f5es dos M\u00e9todos de Depila\u00e7\u00e3o: Guia Completo para Uma Pele Linda e Segura<\/h1>\n<p>    <meta name=\"description\" content=\"Descubra indica\u00e7\u00f5es e contraindica\u00e7\u00f5es dos principais m\u00e9todos de depila\u00e7\u00e3o. Entenda como escolher a t\u00e9cnica ideal para sua pele, evitando riscos e alcan\u00e7ando resultados seguros.\" \/><br \/>\n  <\/header>\n<section>\n<h2>Por Que Entender as Indica\u00e7\u00f5es e Contraindica\u00e7\u00f5es da Depila\u00e7\u00e3o?<\/h2>\n<p>\n      A escolha do m\u00e9todo de <strong>depila\u00e7\u00e3o<\/strong> vai muito al\u00e9m da est\u00e9tica. Compreender as <strong>indica\u00e7\u00f5es<\/strong> e <strong>contraindica\u00e7\u00f5es<\/strong> de cada t\u00e9cnica \u00e9 essencial para garantir a sa\u00fade da pele, prevenir <em>rea\u00e7\u00f5es adversas<\/em> e conquistar uma pele lisinha de forma segura. Afinal, cada corpo \u00e9 \u00fanico, e respeitar suas caracter\u00edsticas faz toda a diferen\u00e7a no resultado final.\n    <\/p>\n<\/section>\n<section>\n<h2>Os Principais M\u00e9todos de Depila\u00e7\u00e3o<\/h2>\n<ul>\n<li><strong>Cera quente ou fria<\/strong><\/li>\n<li><strong>L\u00e2mina<\/strong><\/li>\n<li><strong>Cremes depilat\u00f3rios<\/strong><\/li>\n<li><strong>Depila\u00e7\u00e3o a laser e luz pulsada<\/strong><\/li>\n<li><strong>Pin\u00e7a<\/strong><\/li>\n<li><strong>Fio eg\u00edpcio<\/strong><\/li>\n<li><strong>Depiladores el\u00e9tricos<\/strong><\/li>\n<\/ul>\n<p>\n      Cada uma dessas op\u00e7\u00f5es apresenta vantagens, desvantagens e cuidados espec\u00edficos. A seguir, entenda melhor quando cada uma \u00e9 <strong>indicada<\/strong> e quando deve ser <strong>evitada<\/strong>.\n    <\/p>\n<\/section>\n<section>\n<h2 id=\"cera\">Depila\u00e7\u00e3o com Cera (Quente ou Fria)<\/h2>\n<h3>Indica\u00e7\u00f5es<\/h3>\n<ul>\n<li>Ideal para quem deseja resultados duradouros (de 20 a 30 dias).<\/li>\n<li>Boa para pernas, axilas, virilha, bu\u00e7o e rosto (com cuidados extras em \u00e1reas sens\u00edveis).<\/li>\n<li>Possui efeito de afinamento dos pelos a longo prazo.<\/li>\n<\/ul>\n<h3>Contraindica\u00e7\u00f5es<\/h3>\n<ul>\n<li><strong>Peles muito sens\u00edveis ou al\u00e9rgicas<\/strong> podem ter rea\u00e7\u00f5es, como vermelhid\u00e3o, coceira e irrita\u00e7\u00e3o.<\/li>\n<li><strong>Portadores de varizes<\/strong> devem evitar a cera quente, principalmente nas pernas.<\/li>\n<li><strong>Pessoas com feridas, queimaduras ou dermatites ativas<\/strong>.<\/li>\n<li>Evitar <strong>logo ap\u00f3s o bronzeamento<\/strong> ou procedimentos como peeling qu\u00edmico.<\/li>\n<li>Quem faz uso de medicamentos como isotretino\u00edna deve evitar cera no rosto.<\/li>\n<\/ul>\n<\/section>\n<section>\n<h2 id=\"lamina\">Depila\u00e7\u00e3o com L\u00e2mina<\/h2>\n<h3>Indica\u00e7\u00f5es<\/h3>\n<ul>\n<li>\u00d3tima para quem busca <strong>praticidade e rapidez<\/strong>.<\/li>\n<li>Indicada para <strong>peles n\u00e3o sens\u00edveis<\/strong> e sem tend\u00eancia a foliculite.<\/li>\n<li>\u00datil para emerg\u00eancias ou retoques de \u00faltima hora.<\/li>\n<\/ul>\n<h3>Contraindica\u00e7\u00f5es<\/h3>\n<ul>\n<li><strong>Peles com foliculite (pelos encravados)<\/strong> podem piorar com o uso frequente.<\/li>\n<li>N\u00e3o recomendada em regi\u00f5es j\u00e1 irritadas, com cortes ou alergias.<\/li>\n<li>Evitar o compartilhamento de l\u00e2minas para prevenir infec\u00e7\u00f5es.<\/li>\n<\/ul>\n<\/section>\n<section>\n<h2 id=\"creme\">Cremes Depilat\u00f3rios<\/h2>\n<h3>Indica\u00e7\u00f5es<\/h3>\n<ul>\n<li>Boas op\u00e7\u00f5es para quem sente dor com outros m\u00e9todos.<\/li>\n<li>Indicados para \u00e1reas onde se deseja praticidade, como pernas e bra\u00e7os.<\/li>\n<\/ul>\n<h3>Contraindica\u00e7\u00f5es<\/h3>\n<ul>\n<li><strong>Peles sens\u00edveis<\/strong> podem apresentar rea\u00e7\u00f5es a ingredientes qu\u00edmicos.<\/li>\n<li>Evitar em \u00e1reas com les\u00f5es, mucosas ou ap\u00f3s exposi\u00e7\u00e3o solar intensa.<\/li>\n<li>Leia sempre o r\u00f3tulo para evitar alergias.<\/li>\n<\/ul>\n<\/section>\n<section>\n<h2 id=\"laser\">Depila\u00e7\u00e3o a Laser e Luz Pulsada<\/h2>\n<h3>Indica\u00e7\u00f5es<\/h3>\n<ul>\n<li>Excelente para quem busca resultados prolongados e redu\u00e7\u00e3o definitiva dos pelos.<\/li>\n<li>Especialmente eficaz em pelos escuros e grossos.<\/li>\n<li>Recomendada para quem sofre de foliculite recorrente.<\/li>\n<\/ul>\n<h3>Contraindica\u00e7\u00f5es<\/h3>\n<ul>\n<li><strong>Gestantes e lactantes<\/strong>.<\/li>\n<li><strong>Peles muito bronzeadas<\/strong> ou pessoas em uso de medicamentos fotossensibilizantes.<\/li>\n<li>\u00c1reas com machucados, les\u00f5es, ou infec\u00e7\u00f5es de pele.<\/li>\n<li>Indiv\u00edduos com hist\u00f3rico de <strong>queloides<\/strong> ou vitiligo devem consultar um dermatologista.<\/li>\n<\/ul>\n<\/section>\n<section>\n<h2>Outros M\u00e9todos: Pin\u00e7a, Fio Eg\u00edpcio e Depiladores El\u00e9tricos<\/h2>\n<h3>Indica\u00e7\u00f5es<\/h3>\n<ul>\n<li><strong>Pin\u00e7a:<\/strong> Ideal para \u00e1reas pequenas, como sobrancelhas e bu\u00e7o.<\/li>\n<li><strong>Fio Eg\u00edpcio:<\/strong> Indicado para peles sens\u00edveis, principalmente no rosto.<\/li>\n<li><strong>Depilador El\u00e9trico:<\/strong> Praticidade para uso dom\u00e9stico.<\/li>\n<\/ul>\n<h3>Contraindica\u00e7\u00f5es<\/h3>\n<ul>\n<li>N\u00e3o indicado para grandes \u00e1reas, devido ao desconforto.<\/li>\n<li>Pessoas com <strong>foliculite ou sensibilidade extrema<\/strong> devem evitar depiladores el\u00e9tricos.<\/li>\n<li>Evitar uso em \u00e1reas lesionadas.<\/li>\n<\/ul>\n<\/section>\n<section>\n<h2>Cuidados Gerais Para Qualquer M\u00e9todo de Depila\u00e7\u00e3o<\/h2>\n<ul>\n<li>Mantenha a pele <strong>limpa<\/strong> e <strong>hidratada<\/strong> antes e ap\u00f3s o procedimento.<\/li>\n<li>Evite <strong>exposi\u00e7\u00e3o solar<\/strong> imediata para prevenir manchas e irrita\u00e7\u00f5es.<\/li>\n<li>N\u00e3o esque\u00e7a de consultar um profissional especializado para orienta\u00e7\u00f5es individualizadas.<\/li>\n<li>Sempre verifique poss\u00edveis <strong>alergias<\/strong> antes de testar produtos novos.<\/li>\n<\/ul>\n<\/section>\n<section>\n<h2>Conclus\u00e3o<\/h2>\n<p>\n      Cada tipo de depila\u00e7\u00e3o possui suas particularidades, e escolher o m\u00e9todo adequado depende de fatores como tipo de pele, sensibilidade, ritmo de crescimento dos pelos e condi\u00e7\u00f5es de sa\u00fade. O acompanhamento de um profissional respons\u00e1vel \u00e9 fundamental para um resultado tranquilo, sem riscos e de acordo com seus objetivos. Conte com uma depila\u00e7\u00e3o segura para real\u00e7ar a sua autoestima!\n    <\/p>\n<\/section>\n<footer>\n<p>Compartilhe este artigo e ajude outras pessoas a cuidarem da sa\u00fade da pele!<\/p>\n<ul>\n<li><a href=\"#cera\">Depila\u00e7\u00e3o com Cera<\/a><\/li>\n<li><a href=\"#lamina\">Depila\u00e7\u00e3o com L\u00e2mina<\/a><\/li>\n<li><a href=\"#creme\">Cremes Depilat\u00f3rios<\/a><\/li>\n<li><a href=\"#laser\">Depila\u00e7\u00e3o a Laser<\/a><\/li>\n<\/ul>\n<\/footer>\n<\/article>\n","protected":false},"excerpt":{"rendered":"<p>Indica\u00e7\u00f5es e Contraindica\u00e7\u00f5es dos M\u00e9todos de Depila\u00e7\u00e3o: Guia Completo para Uma Pele Linda e Segura Por Que Entender as Indica\u00e7\u00f5es e Contraindica\u00e7\u00f5es da Depila\u00e7\u00e3o? A escolha do m\u00e9todo de depila\u00e7\u00e3o vai muito al\u00e9m da est\u00e9tica. Compreender as indica\u00e7\u00f5es e contraindica\u00e7\u00f5es de cada t\u00e9cnica \u00e9 essencial para garantir a sa\u00fade da pele, prevenir rea\u00e7\u00f5es adversas e &hellip;<\/p>\n<p class=\"read-more\"> <a class=\"\" href=\"https:\/\/fernandadepilacao.com.br\/portal\/2026\/01\/indicacoes-contraindicacoes-metodos-depilacao-como-escolher\/\"> <span class=\"screen-reader-text\">Indica\u00e7\u00f5es e Contraindica\u00e7\u00f5es dos M\u00e9todos de Depila\u00e7\u00e3o: Como Escolher o Ideal para Sua Pele<\/span> Leia mais &raquo;<\/a><\/p>\n","protected":false},"author":1,"featured_media":1049,"comment_status":"open","ping_status":"open","sticky":false,"template":"","format":"standard","meta":[],"categories":[1],"tags":[],"yoast_head":"<!-- This site is optimized with the Yoast SEO plugin v18.4.1 - https:\/\/yoast.com\/wordpress\/plugins\/seo\/ -->\n<title>Indica\u00e7\u00f5es e Contraindica\u00e7\u00f5es dos M\u00e9todos de Depila\u00e7\u00e3o: Como Escolher o Ideal para Sua Pele - Fernanda Depila\u00e7\u00e3o<\/title>\n<meta name=\"robots\" content=\"index, follow, max-snippet:-1, max-image-preview:large, max-video-preview:-1\" \/>\n<link rel=\"canonical\" href=\"https:\/\/fernandadepilacao.com.br\/portal\/2026\/01\/indicacoes-contraindicacoes-metodos-depilacao-como-escolher\/\" \/>\n<meta property=\"og:locale\" content=\"pt_BR\" \/>\n<meta property=\"og:type\" content=\"article\" \/>\n<meta property=\"og:title\" content=\"Indica\u00e7\u00f5es e Contraindica\u00e7\u00f5es dos M\u00e9todos de Depila\u00e7\u00e3o: Como Escolher o Ideal para Sua Pele - Fernanda Depila\u00e7\u00e3o\" \/>\n<meta property=\"og:description\" content=\"Indica\u00e7\u00f5es e Contraindica\u00e7\u00f5es dos M\u00e9todos de Depila\u00e7\u00e3o: Guia Completo para Uma Pele Linda e Segura Por Que Entender as Indica\u00e7\u00f5es e Contraindica\u00e7\u00f5es da Depila\u00e7\u00e3o? A escolha do m\u00e9todo de depila\u00e7\u00e3o vai muito al\u00e9m da est\u00e9tica. Compreender as indica\u00e7\u00f5es e contraindica\u00e7\u00f5es de cada t\u00e9cnica \u00e9 essencial para garantir a sa\u00fade da pele, prevenir rea\u00e7\u00f5es adversas e &hellip; Indica\u00e7\u00f5es e Contraindica\u00e7\u00f5es dos M\u00e9todos de Depila\u00e7\u00e3o: Como Escolher o Ideal para Sua Pele Leia mais &raquo;\" \/>\n<meta property=\"og:url\" content=\"https:\/\/fernandadepilacao.com.br\/portal\/2026\/01\/indicacoes-contraindicacoes-metodos-depilacao-como-escolher\/\" \/>\n<meta property=\"og:site_name\" content=\"Fernanda Depila\u00e7\u00e3o\" \/>\n<meta property=\"article:publisher\" content=\"https:\/\/www.facebook.com\/ferjobdepilacao\" \/>\n<meta property=\"article:published_time\" content=\"2026-01-03T19:01:26+00:00\" \/>\n<meta property=\"article:modified_time\" content=\"2026-01-03T19:01:27+00:00\" \/>\n<meta name=\"twitter:card\" content=\"summary_large_image\" \/>\n<meta name=\"twitter:label1\" content=\"Escrito por\" \/>\n\t<meta name=\"twitter:data1\" content=\"fernandajob\" \/>\n\t<meta name=\"twitter:label2\" content=\"Est. tempo de leitura\" \/>\n\t<meta name=\"twitter:data2\" content=\"3 minutos\" \/>\n<script type=\"application\/ld+json\" class=\"yoast-schema-graph\">{\"@context\":\"https:\/\/schema.org\",\"@graph\":[{\"@type\":\"Organization\",\"@id\":\"https:\/\/fernandadepilacao.com.br\/portal\/#organization\",\"name\":\"Fernanda Depila\u00e7\u00e3o\",\"url\":\"https:\/\/fernandadepilacao.com.br\/portal\/\",\"sameAs\":[\"https:\/\/www.facebook.com\/ferjobdepilacao\",\"http:\/\/instagram.com\/fernanda_job\"],\"logo\":{\"@type\":\"ImageObject\",\"@id\":\"https:\/\/fernandadepilacao.com.br\/portal\/#logo\",\"inLanguage\":\"pt-BR\",\"url\":\"http:\/\/fernandadepilacao.com.br\/portal\/wp-content\/uploads\/2021\/03\/logo_fernanda.png\",\"contentUrl\":\"http:\/\/fernandadepilacao.com.br\/portal\/wp-content\/uploads\/2021\/03\/logo_fernanda.png\",\"width\":673,\"height\":688,\"caption\":\"Fernanda Depila\u00e7\u00e3o\"},\"image\":{\"@id\":\"https:\/\/fernandadepilacao.com.br\/portal\/#logo\"}},{\"@type\":\"WebSite\",\"@id\":\"https:\/\/fernandadepilacao.com.br\/portal\/#website\",\"url\":\"https:\/\/fernandadepilacao.com.br\/portal\/\",\"name\":\"Fernanda Depila\u00e7\u00e3o\",\"description\":\"\",\"publisher\":{\"@id\":\"https:\/\/fernandadepilacao.com.br\/portal\/#organization\"},\"potentialAction\":[{\"@type\":\"SearchAction\",\"target\":{\"@type\":\"EntryPoint\",\"urlTemplate\":\"https:\/\/fernandadepilacao.com.br\/portal\/?s={search_term_string}\"},\"query-input\":\"required name=search_term_string\"}],\"inLanguage\":\"pt-BR\"},{\"@type\":\"ImageObject\",\"@id\":\"https:\/\/fernandadepilacao.com.br\/portal\/2026\/01\/indicacoes-contraindicacoes-metodos-depilacao-como-escolher\/#primaryimage\",\"inLanguage\":\"pt-BR\",\"url\":\"https:\/\/fernandadepilacao.com.br\/portal\/wp-content\/uploads\/2026\/01\/20260103160124.png\",\"contentUrl\":\"https:\/\/fernandadepilacao.com.br\/portal\/wp-content\/uploads\/2026\/01\/20260103160124.png\",\"width\":500,\"height\":500},{\"@type\":\"WebPage\",\"@id\":\"https:\/\/fernandadepilacao.com.br\/portal\/2026\/01\/indicacoes-contraindicacoes-metodos-depilacao-como-escolher\/#webpage\",\"url\":\"https:\/\/fernandadepilacao.com.br\/portal\/2026\/01\/indicacoes-contraindicacoes-metodos-depilacao-como-escolher\/\",\"name\":\"Indica\u00e7\u00f5es e Contraindica\u00e7\u00f5es dos M\u00e9todos de Depila\u00e7\u00e3o: Como Escolher o Ideal para Sua Pele - Fernanda Depila\u00e7\u00e3o\",\"isPartOf\":{\"@id\":\"https:\/\/fernandadepilacao.com.br\/portal\/#website\"},\"primaryImageOfPage\":{\"@id\":\"https:\/\/fernandadepilacao.com.br\/portal\/2026\/01\/indicacoes-contraindicacoes-metodos-depilacao-como-escolher\/#primaryimage\"},\"datePublished\":\"2026-01-03T19:01:26+00:00\",\"dateModified\":\"2026-01-03T19:01:27+00:00\",\"breadcrumb\":{\"@id\":\"https:\/\/fernandadepilacao.com.br\/portal\/2026\/01\/indicacoes-contraindicacoes-metodos-depilacao-como-escolher\/#breadcrumb\"},\"inLanguage\":\"pt-BR\",\"potentialAction\":[{\"@type\":\"ReadAction\",\"target\":[\"https:\/\/fernandadepilacao.com.br\/portal\/2026\/01\/indicacoes-contraindicacoes-metodos-depilacao-como-escolher\/\"]}]},{\"@type\":\"BreadcrumbList\",\"@id\":\"https:\/\/fernandadepilacao.com.br\/portal\/2026\/01\/indicacoes-contraindicacoes-metodos-depilacao-como-escolher\/#breadcrumb\",\"itemListElement\":[{\"@type\":\"ListItem\",\"position\":1,\"name\":\"In\u00edcio\",\"item\":\"http:\/\/fernandadepilacao.com.br\/portal\/\"},{\"@type\":\"ListItem\",\"position\":2,\"name\":\"Indica\u00e7\u00f5es e Contraindica\u00e7\u00f5es dos M\u00e9todos de Depila\u00e7\u00e3o: Como Escolher o Ideal para Sua Pele\"}]},{\"@type\":\"Article\",\"@id\":\"https:\/\/fernandadepilacao.com.br\/portal\/2026\/01\/indicacoes-contraindicacoes-metodos-depilacao-como-escolher\/#article\",\"isPartOf\":{\"@id\":\"https:\/\/fernandadepilacao.com.br\/portal\/2026\/01\/indicacoes-contraindicacoes-metodos-depilacao-como-escolher\/#webpage\"},\"author\":{\"@id\":\"https:\/\/fernandadepilacao.com.br\/portal\/#\/schema\/person\/d00644c3bbfd9fd17711767a3b1abbd0\"},\"headline\":\"Indica\u00e7\u00f5es e Contraindica\u00e7\u00f5es dos M\u00e9todos de Depila\u00e7\u00e3o: Como Escolher o Ideal para Sua Pele\",\"datePublished\":\"2026-01-03T19:01:26+00:00\",\"dateModified\":\"2026-01-03T19:01:27+00:00\",\"mainEntityOfPage\":{\"@id\":\"https:\/\/fernandadepilacao.com.br\/portal\/2026\/01\/indicacoes-contraindicacoes-metodos-depilacao-como-escolher\/#webpage\"},\"wordCount\":704,\"commentCount\":0,\"publisher\":{\"@id\":\"https:\/\/fernandadepilacao.com.br\/portal\/#organization\"},\"image\":{\"@id\":\"https:\/\/fernandadepilacao.com.br\/portal\/2026\/01\/indicacoes-contraindicacoes-metodos-depilacao-como-escolher\/#primaryimage\"},\"thumbnailUrl\":\"https:\/\/fernandadepilacao.com.br\/portal\/wp-content\/uploads\/2026\/01\/20260103160124.png\",\"inLanguage\":\"pt-BR\",\"potentialAction\":[{\"@type\":\"CommentAction\",\"name\":\"Comment\",\"target\":[\"https:\/\/fernandadepilacao.com.br\/portal\/2026\/01\/indicacoes-contraindicacoes-metodos-depilacao-como-escolher\/#respond\"]}]},{\"@type\":\"Person\",\"@id\":\"https:\/\/fernandadepilacao.com.br\/portal\/#\/schema\/person\/d00644c3bbfd9fd17711767a3b1abbd0\",\"name\":\"fernandajob\",\"image\":{\"@type\":\"ImageObject\",\"@id\":\"https:\/\/fernandadepilacao.com.br\/portal\/#personlogo\",\"inLanguage\":\"pt-BR\",\"url\":\"https:\/\/secure.gravatar.com\/avatar\/6c2268a68d69a325906fbdccd74b18e6?s=96&d=mm&r=g\",\"contentUrl\":\"https:\/\/secure.gravatar.com\/avatar\/6c2268a68d69a325906fbdccd74b18e6?s=96&d=mm&r=g\",\"caption\":\"fernandajob\"},\"sameAs\":[\"http:\/\/fernandadepilacao.com.br\/portal\"]}]}<\/script>\n<!-- \/ Yoast SEO plugin. -->","yoast_head_json":{"title":"Indica\u00e7\u00f5es e Contraindica\u00e7\u00f5es dos M\u00e9todos de Depila\u00e7\u00e3o: Como Escolher o Ideal para Sua Pele - Fernanda Depila\u00e7\u00e3o","robots":{"index":"index","follow":"follow","max-snippet":"max-snippet:-1","max-image-preview":"max-image-preview:large","max-video-preview":"max-video-preview:-1"},"canonical":"https:\/\/fernandadepilacao.com.br\/portal\/2026\/01\/indicacoes-contraindicacoes-metodos-depilacao-como-escolher\/","og_locale":"pt_BR","og_type":"article","og_title":"Indica\u00e7\u00f5es e Contraindica\u00e7\u00f5es dos M\u00e9todos de Depila\u00e7\u00e3o: Como Escolher o Ideal para Sua Pele - Fernanda Depila\u00e7\u00e3o","og_description":"Indica\u00e7\u00f5es e Contraindica\u00e7\u00f5es dos M\u00e9todos de Depila\u00e7\u00e3o: Guia Completo para Uma Pele Linda e Segura Por Que Entender as Indica\u00e7\u00f5es e Contraindica\u00e7\u00f5es da Depila\u00e7\u00e3o? A escolha do m\u00e9todo de depila\u00e7\u00e3o vai muito al\u00e9m da est\u00e9tica. Compreender as indica\u00e7\u00f5es e contraindica\u00e7\u00f5es de cada t\u00e9cnica \u00e9 essencial para garantir a sa\u00fade da pele, prevenir rea\u00e7\u00f5es adversas e &hellip; Indica\u00e7\u00f5es e Contraindica\u00e7\u00f5es dos M\u00e9todos de Depila\u00e7\u00e3o: Como Escolher o Ideal para Sua Pele Leia mais &raquo;","og_url":"https:\/\/fernandadepilacao.com.br\/portal\/2026\/01\/indicacoes-contraindicacoes-metodos-depilacao-como-escolher\/","og_site_name":"Fernanda Depila\u00e7\u00e3o","article_publisher":"https:\/\/www.facebook.com\/ferjobdepilacao","article_published_time":"2026-01-03T19:01:26+00:00","article_modified_time":"2026-01-03T19:01:27+00:00","twitter_card":"summary_large_image","twitter_misc":{"Escrito por":"fernandajob","Est. tempo de leitura":"3 minutos"},"schema":{"@context":"https:\/\/schema.org","@graph":[{"@type":"Organization","@id":"https:\/\/fernandadepilacao.com.br\/portal\/#organization","name":"Fernanda Depila\u00e7\u00e3o","url":"https:\/\/fernandadepilacao.com.br\/portal\/","sameAs":["https:\/\/www.facebook.com\/ferjobdepilacao","http:\/\/instagram.com\/fernanda_job"],"logo":{"@type":"ImageObject","@id":"https:\/\/fernandadepilacao.com.br\/portal\/#logo","inLanguage":"pt-BR","url":"http:\/\/fernandadepilacao.com.br\/portal\/wp-content\/uploads\/2021\/03\/logo_fernanda.png","contentUrl":"http:\/\/fernandadepilacao.com.br\/portal\/wp-content\/uploads\/2021\/03\/logo_fernanda.png","width":673,"height":688,"caption":"Fernanda Depila\u00e7\u00e3o"},"image":{"@id":"https:\/\/fernandadepilacao.com.br\/portal\/#logo"}},{"@type":"WebSite","@id":"https:\/\/fernandadepilacao.com.br\/portal\/#website","url":"https:\/\/fernandadepilacao.com.br\/portal\/","name":"Fernanda Depila\u00e7\u00e3o","description":"","publisher":{"@id":"https:\/\/fernandadepilacao.com.br\/portal\/#organization"},"potentialAction":[{"@type":"SearchAction","target":{"@type":"EntryPoint","urlTemplate":"https:\/\/fernandadepilacao.com.br\/portal\/?s={search_term_string}"},"query-input":"required name=search_term_string"}],"inLanguage":"pt-BR"},{"@type":"ImageObject","@id":"https:\/\/fernandadepilacao.com.br\/portal\/2026\/01\/indicacoes-contraindicacoes-metodos-depilacao-como-escolher\/#primaryimage","inLanguage":"pt-BR","url":"https:\/\/fernandadepilacao.com.br\/portal\/wp-content\/uploads\/2026\/01\/20260103160124.png","contentUrl":"https:\/\/fernandadepilacao.com.br\/portal\/wp-content\/uploads\/2026\/01\/20260103160124.png","width":500,"height":500},{"@type":"WebPage","@id":"https:\/\/fernandadepilacao.com.br\/portal\/2026\/01\/indicacoes-contraindicacoes-metodos-depilacao-como-escolher\/#webpage","url":"https:\/\/fernandadepilacao.com.br\/portal\/2026\/01\/indicacoes-contraindicacoes-metodos-depilacao-como-escolher\/","name":"Indica\u00e7\u00f5es e Contraindica\u00e7\u00f5es dos M\u00e9todos de Depila\u00e7\u00e3o: Como Escolher o Ideal para Sua Pele - Fernanda Depila\u00e7\u00e3o","isPartOf":{"@id":"https:\/\/fernandadepilacao.com.br\/portal\/#website"},"primaryImageOfPage":{"@id":"https:\/\/fernandadepilacao.com.br\/portal\/2026\/01\/indicacoes-contraindicacoes-metodos-depilacao-como-escolher\/#primaryimage"},"datePublished":"2026-01-03T19:01:26+00:00","dateModified":"2026-01-03T19:01:27+00:00","breadcrumb":{"@id":"https:\/\/fernandadepilacao.com.br\/portal\/2026\/01\/indicacoes-contraindicacoes-metodos-depilacao-como-escolher\/#breadcrumb"},"inLanguage":"pt-BR","potentialAction":[{"@type":"ReadAction","target":["https:\/\/fernandadepilacao.com.br\/portal\/2026\/01\/indicacoes-contraindicacoes-metodos-depilacao-como-escolher\/"]}]},{"@type":"BreadcrumbList","@id":"https:\/\/fernandadepilacao.com.br\/portal\/2026\/01\/indicacoes-contraindicacoes-metodos-depilacao-como-escolher\/#breadcrumb","itemListElement":[{"@type":"ListItem","position":1,"name":"In\u00edcio","item":"http:\/\/fernandadepilacao.com.br\/portal\/"},{"@type":"ListItem","position":2,"name":"Indica\u00e7\u00f5es e Contraindica\u00e7\u00f5es dos M\u00e9todos de Depila\u00e7\u00e3o: Como Escolher o Ideal para Sua Pele"}]},{"@type":"Article","@id":"https:\/\/fernandadepilacao.com.br\/portal\/2026\/01\/indicacoes-contraindicacoes-metodos-depilacao-como-escolher\/#article","isPartOf":{"@id":"https:\/\/fernandadepilacao.com.br\/portal\/2026\/01\/indicacoes-contraindicacoes-metodos-depilacao-como-escolher\/#webpage"},"author":{"@id":"https:\/\/fernandadepilacao.com.br\/portal\/#\/schema\/person\/d00644c3bbfd9fd17711767a3b1abbd0"},"headline":"Indica\u00e7\u00f5es e Contraindica\u00e7\u00f5es dos M\u00e9todos de Depila\u00e7\u00e3o: Como Escolher o Ideal para Sua Pele","datePublished":"2026-01-03T19:01:26+00:00","dateModified":"2026-01-03T19:01:27+00:00","mainEntityOfPage":{"@id":"https:\/\/fernandadepilacao.com.br\/portal\/2026\/01\/indicacoes-contraindicacoes-metodos-depilacao-como-escolher\/#webpage"},"wordCount":704,"commentCount":0,"publisher":{"@id":"https:\/\/fernandadepilacao.com.br\/portal\/#organization"},"image":{"@id":"https:\/\/fernandadepilacao.com.br\/portal\/2026\/01\/indicacoes-contraindicacoes-metodos-depilacao-como-escolher\/#primaryimage"},"thumbnailUrl":"https:\/\/fernandadepilacao.com.br\/portal\/wp-content\/uploads\/2026\/01\/20260103160124.png","inLanguage":"pt-BR","potentialAction":[{"@type":"CommentAction","name":"Comment","target":["https:\/\/fernandadepilacao.com.br\/portal\/2026\/01\/indicacoes-contraindicacoes-metodos-depilacao-como-escolher\/#respond"]}]},{"@type":"Person","@id":"https:\/\/fernandadepilacao.com.br\/portal\/#\/schema\/person\/d00644c3bbfd9fd17711767a3b1abbd0","name":"fernandajob","image":{"@type":"ImageObject","@id":"https:\/\/fernandadepilacao.com.br\/portal\/#personlogo","inLanguage":"pt-BR","url":"https:\/\/secure.gravatar.com\/avatar\/6c2268a68d69a325906fbdccd74b18e6?s=96&d=mm&r=g","contentUrl":"https:\/\/secure.gravatar.com\/avatar\/6c2268a68d69a325906fbdccd74b18e6?s=96&d=mm&r=g","caption":"fernandajob"},"sameAs":["http:\/\/fernandadepilacao.com.br\/portal"]}]}},"uagb_featured_image_src":{"full":["https:\/\/fernandadepilacao.com.br\/portal\/wp-content\/uploads\/2026\/01\/20260103160124.png",500,500,false],"thumbnail":["https:\/\/fernandadepilacao.com.br\/portal\/wp-content\/uploads\/2026\/01\/20260103160124-150x150.png",150,150,true],"medium":["https:\/\/fernandadepilacao.com.br\/portal\/wp-content\/uploads\/2026\/01\/20260103160124-300x300.png",300,300,true],"medium_large":["https:\/\/fernandadepilacao.com.br\/portal\/wp-content\/uploads\/2026\/01\/20260103160124.png",500,500,false],"large":["https:\/\/fernandadepilacao.com.br\/portal\/wp-content\/uploads\/2026\/01\/20260103160124.png",500,500,false],"1536x1536":["https:\/\/fernandadepilacao.com.br\/portal\/wp-content\/uploads\/2026\/01\/20260103160124.png",500,500,false],"2048x2048":["https:\/\/fernandadepilacao.com.br\/portal\/wp-content\/uploads\/2026\/01\/20260103160124.png",500,500,false]},"uagb_author_info":{"display_name":"fernandajob","author_link":"https:\/\/fernandadepilacao.com.br\/portal\/author\/fernandajob\/"},"uagb_comment_info":0,"uagb_excerpt":"Indica\u00e7\u00f5es e Contraindica\u00e7\u00f5es dos M\u00e9todos de Depila\u00e7\u00e3o: Guia Completo para Uma Pele Linda e Segura Por Que Entender as Indica\u00e7\u00f5es e Contraindica\u00e7\u00f5es da Depila\u00e7\u00e3o? A escolha do m\u00e9todo de depila\u00e7\u00e3o vai muito al\u00e9m da est\u00e9tica. Compreender as indica\u00e7\u00f5es e contraindica\u00e7\u00f5es de cada t\u00e9cnica \u00e9 essencial para garantir a sa\u00fade da pele, prevenir rea\u00e7\u00f5es adversas e&hellip;","_links":{"self":[{"href":"https:\/\/fernandadepilacao.com.br\/portal\/wp-json\/wp\/v2\/posts\/1050"}],"collection":[{"href":"https:\/\/fernandadepilacao.com.br\/portal\/wp-json\/wp\/v2\/posts"}],"about":[{"href":"https:\/\/fernandadepilacao.com.br\/portal\/wp-json\/wp\/v2\/types\/post"}],"author":[{"embeddable":true,"href":"https:\/\/fernandadepilacao.com.br\/portal\/wp-json\/wp\/v2\/users\/1"}],"replies":[{"embeddable":true,"href":"https:\/\/fernandadepilacao.com.br\/portal\/wp-json\/wp\/v2\/comments?post=1050"}],"version-history":[{"count":1,"href":"https:\/\/fernandadepilacao.com.br\/portal\/wp-json\/wp\/v2\/posts\/1050\/revisions"}],"predecessor-version":[{"id":1051,"href":"https:\/\/fernandadepilacao.com.br\/portal\/wp-json\/wp\/v2\/posts\/1050\/revisions\/1051"}],"wp:featuredmedia":[{"embeddable":true,"href":"https:\/\/fernandadepilacao.com.br\/portal\/wp-json\/wp\/v2\/media\/1049"}],"wp:attachment":[{"href":"https:\/\/fernandadepilacao.com.br\/portal\/wp-json\/wp\/v2\/media?parent=1050"}],"wp:term":[{"taxonomy":"category","embeddable":true,"href":"https:\/\/fernandadepilacao.com.br\/portal\/wp-json\/wp\/v2\/categories?post=1050"},{"taxonomy":"post_tag","embeddable":true,"href":"https:\/\/fernandadepilacao.com.br\/portal\/wp-json\/wp\/v2\/tags?post=1050"}],"curies":[{"name":"wp","href":"https:\/\/api.w.org\/{rel}","templated":true}]}}