{"id":1047,"date":"2026-01-03T08:01:16","date_gmt":"2026-01-03T11:01:16","guid":{"rendered":"https:\/\/fernandadepilacao.com.br\/portal\/2026\/01\/como-identificar-e-cuidar-de-alergias-ou-irritacoes-na-pele-apos-a-depilacao\/"},"modified":"2026-01-03T08:01:17","modified_gmt":"2026-01-03T11:01:17","slug":"como-identificar-e-cuidar-de-alergias-ou-irritacoes-na-pele-apos-a-depilacao","status":"publish","type":"post","link":"https:\/\/fernandadepilacao.com.br\/portal\/2026\/01\/como-identificar-e-cuidar-de-alergias-ou-irritacoes-na-pele-apos-a-depilacao\/","title":{"rendered":"Como Identificar e Cuidar de Alergias ou Irrita\u00e7\u00f5es na Pele Ap\u00f3s a Depila\u00e7\u00e3o"},"content":{"rendered":"<article>\n<header>\n<h1>Rea\u00e7\u00f5es Comuns Ap\u00f3s a Depila\u00e7\u00e3o: Como Identificar e Cuidar de Alergias ou Irrita\u00e7\u00f5es na Pele<\/h1>\n<p>    <meta name=\"description\" content=\"Descubra como identificar, tratar e prevenir alergias ou irrita\u00e7\u00f5es ap\u00f3s a depila\u00e7\u00e3o. Dicas de cuidados p\u00f3s-depila\u00e7\u00e3o para manter sua pele saud\u00e1vel e livre de desconfortos.\" \/><br \/>\n  <\/header>\n<section>\n<h2>Entendendo as rea\u00e7\u00f5es da pele ap\u00f3s a depila\u00e7\u00e3o<\/h2>\n<p>O procedimento de depila\u00e7\u00e3o, seja com cera, l\u00e2mina, creme depilat\u00f3rio ou outros m\u00e9todos, pode causar uma s\u00e9rie de rea\u00e7\u00f5es na pele. Na maioria das vezes, essas rea\u00e7\u00f5es s\u00e3o consideradas normais e transit\u00f3rias, especialmente se formos cuidadosos com a prepara\u00e7\u00e3o e os cuidados p\u00f3s-depila\u00e7\u00e3o. No entanto, \u00e9 importante saber diferenciar entre uma rea\u00e7\u00e3o comum e uma poss\u00edvel alergia ou irrita\u00e7\u00e3o mais s\u00e9ria.<\/p>\n<\/section>\n<section>\n<h2>Rea\u00e7\u00f5es comuns e causas frequentes<\/h2>\n<ul>\n<li>\n        <strong>Vermelhid\u00e3o (Eritema):<\/strong> A apar\u00eancia avermelhada logo ap\u00f3s a depila\u00e7\u00e3o \u00e9 resultado da dilata\u00e7\u00e3o dos vasos sangu\u00edneos por conta do atrito ou remo\u00e7\u00e3o dos pelos. Normalmente, desaparece ap\u00f3s algumas horas.\n      <\/li>\n<li>\n        <strong>Incha\u00e7o leve:<\/strong> Algumas pessoas podem notar um pequeno edema, principalmente em \u00e1reas mais sens\u00edveis como virilha ou axilas.\n      <\/li>\n<li>\n        <strong>Bolhinhas ou p\u00e1pulas:<\/strong> Pequenas eleva\u00e7\u00f5es, semelhantes a &#8220;bolinhas&#8221;, s\u00e3o comuns, especialmente em peles mais delicadas.\n      <\/li>\n<li>\n        <strong>Coceira:<\/strong> A sensa\u00e7\u00e3o de &#8220;pinica\u00e7\u00e3o&#8221; ou coceira tende a surgir com a renova\u00e7\u00e3o da pele e geralmente cessa rapidamente.<\/li>\n<\/ul>\n<p>Essas rea\u00e7\u00f5es normalmente cessam naturalmente em at\u00e9 24 horas, desde que a pele seja bem hidratada e protegida.<\/p>\n<\/section>\n<section>\n<h2><strong>Como identificar alergias ou irrita\u00e7\u00f5es ap\u00f3s a depila\u00e7\u00e3o?<\/strong><\/h2>\n<p>Em alguns casos, a pele pode apresentar sintomas mais intensos, indicando uma poss\u00edvel <strong>alergia aos produtos utilizados<\/strong> ou <strong>irrita\u00e7\u00e3o por sensibilidade<\/strong>:<\/p>\n<ol>\n<li>Manchas avermelhadas persistentes e espalhadas;<\/li>\n<li>Coceira intensa e cont\u00ednua;<\/li>\n<li>Descama\u00e7\u00e3o, ard\u00eancia e sensa\u00e7\u00e3o de queima\u00e7\u00e3o;<\/li>\n<li>Presen\u00e7a de bolhas ou ves\u00edculas;<\/li>\n<li>P\u00fastulas (bolinhas com pus) que podem evoluir para foliculite;<\/li>\n<\/ol>\n<p>Se esses sintomas persistirem por mais de 48 horas, evolu\u00edrem ou se espalharem, \u00e9 recomendado procurar um dermatologista.<\/p>\n<\/section>\n<section>\n<h2>Como tratar irrita\u00e7\u00f5es e alergias p\u00f3s-depila\u00e7\u00e3o?<\/h2>\n<p>Confira dicas eficazes e simples para tratar a pele ap\u00f3s a depila\u00e7\u00e3o e evitar complica\u00e7\u00f5es:<\/p>\n<ul>\n<li>\n        <strong>Higienize a \u00e1rea suavemente:<\/strong> Use \u00e1gua fria ou morna e sabonete neutro. Evite esfregar com for\u00e7a.\n      <\/li>\n<li>\n        <strong>Aplica\u00e7\u00e3o de compressas frias:<\/strong> Uma toalha limpa embebida em \u00e1gua fria ajuda a aliviar o desconforto e reduzir a vermelhid\u00e3o.\n      <\/li>\n<li>\n        <strong>Use cremes calmantes:<\/strong> Produtos com <em>aloe vera<\/em>, camomila, calamina ou hidratantes livres de \u00e1lcool acalmam a pele e auxiliam na recupera\u00e7\u00e3o.\n      <\/li>\n<li>\n        <strong>Evite exposi\u00e7\u00e3o ao sol:<\/strong> O sol pode intensificar a irrita\u00e7\u00e3o. Utilize protetor solar apropriado ao retomar a exposi\u00e7\u00e3o.\n      <\/li>\n<li>\n        <strong>N\u00e3o use roupas apertadas:<\/strong> Tecidos justos e sint\u00e9ticos aumentam o atrito e podem agravar o quadro, facilitando tamb\u00e9m o surgimento de foliculite.\n      <\/li>\n<li>\n        <strong>Evite co\u00e7ar:<\/strong> Isso pode lesionar a pele e favorecer infec\u00e7\u00f5es secund\u00e1rias.\n      <\/li>\n<li>\n        <strong>Em caso de alergia:<\/strong> Suspenda imediatamente o uso do produto ou m\u00e9todo que causou a rea\u00e7\u00e3o. Se necess\u00e1rio, busque orienta\u00e7\u00e3o m\u00e9dica para a prescri\u00e7\u00e3o de antial\u00e9rgicos t\u00f3picos ou orais.<\/li>\n<\/ul>\n<\/section>\n<section>\n<h2>Dicas para prevenir alergias e irrita\u00e7\u00f5es ap\u00f3s depila\u00e7\u00e3o<\/h2>\n<ul>\n<li>Fa\u00e7a um <strong>teste de sensibilidade<\/strong> antes da primeira aplica\u00e7\u00e3o de qualquer produto depilat\u00f3rio.<\/li>\n<li>Prefira <strong>produtos hipoalerg\u00eanicos<\/strong> e indicados para o seu tipo de pele.<\/li>\n<li><strong>Evite depilar \u00e1reas lesionadas, com feridas ou assaduras.<\/strong><\/li>\n<li>Mantenha uma <strong>rotina de hidrata\u00e7\u00e3o<\/strong> constante para fortalecer a barreira cut\u00e2nea.<\/li>\n<li>Realize a depila\u00e7\u00e3o sempre em ambiente limpo, com materiais descart\u00e1veis ou devidamente esterilizados.<\/li>\n<\/ul>\n<\/section>\n<section>\n<h2>Perguntas frequentes sobre alergia ou irrita\u00e7\u00e3o ap\u00f3s depila\u00e7\u00e3o<\/h2>\n<details>\n<summary>Como saber se a rea\u00e7\u00e3o \u00e9 normal ou uma alergia?<\/summary>\n<p>Vermelhid\u00e3o e leve coceira que desaparecem em at\u00e9 24 horas s\u00e3o rea\u00e7\u00f5es normais. Sintomas como bolhas, coceira intensa, descama\u00e7\u00e3o ou pus indicam poss\u00edvel alergia ou infec\u00e7\u00e3o e exigem aten\u00e7\u00e3o m\u00e9dica.<\/p>\n<\/details>\n<details>\n<summary>Posso passar pomada com corticoide ap\u00f3s a depila\u00e7\u00e3o?<\/summary>\n<p>Evite automedica\u00e7\u00e3o. Pomadas \u00e0 base de corticoides devem ser utilizadas somente sob orienta\u00e7\u00e3o m\u00e9dica em casos de alergias ou irrita\u00e7\u00f5es severas.<\/p>\n<\/details>\n<details>\n<summary>A depila\u00e7\u00e3o pode causar manchas?<\/summary>\n<p>Sim. A inflama\u00e7\u00e3o causada pela depila\u00e7\u00e3o, especialmente se houver exposi\u00e7\u00e3o solar, pode levar ao aparecimento de manchas (hiperpigmenta\u00e7\u00e3o p\u00f3s-inflamat\u00f3ria). Use protetor solar e evite co\u00e7ar ou traumatizar a \u00e1rea depilada.<\/p>\n<\/details>\n<\/section>\n<section>\n<h2>Resumo: cuide-se e garanta os melhores resultados!<\/h2>\n<p>Lembrando sempre que cuidados simples \u2014 como testar produtos, manter a pele hidratada e ter aten\u00e7\u00e3o \u00e0s rea\u00e7\u00f5es cut\u00e2neas \u2014 s\u00e3o fundamentais para <strong>prevenir e tratar alergias ou irrita\u00e7\u00f5es ap\u00f3s a depila\u00e7\u00e3o<\/strong>. Caso identifique sintomas fora do padr\u00e3o, <strong>procure ajuda profissional<\/strong> para uma avalia\u00e7\u00e3o criteriosa e orienta\u00e7\u00e3o adequada.<\/p>\n<\/section>\n<footer>\n<p>Gostou deste artigo? Compartilhe com suas amigas e continue acompanhando nossas dicas para uma pele sempre linda, saud\u00e1vel e livre de desconfortos!<\/p>\n<\/footer>\n<\/article>\n","protected":false},"excerpt":{"rendered":"<p>Rea\u00e7\u00f5es Comuns Ap\u00f3s a Depila\u00e7\u00e3o: Como Identificar e Cuidar de Alergias ou Irrita\u00e7\u00f5es na Pele Entendendo as rea\u00e7\u00f5es da pele ap\u00f3s a depila\u00e7\u00e3o O procedimento de depila\u00e7\u00e3o, seja com cera, l\u00e2mina, creme depilat\u00f3rio ou outros m\u00e9todos, pode causar uma s\u00e9rie de rea\u00e7\u00f5es na pele. Na maioria das vezes, essas rea\u00e7\u00f5es s\u00e3o consideradas normais e transit\u00f3rias, &hellip;<\/p>\n<p class=\"read-more\"> <a class=\"\" href=\"https:\/\/fernandadepilacao.com.br\/portal\/2026\/01\/como-identificar-e-cuidar-de-alergias-ou-irritacoes-na-pele-apos-a-depilacao\/\"> <span class=\"screen-reader-text\">Como Identificar e Cuidar de Alergias ou Irrita\u00e7\u00f5es na Pele Ap\u00f3s a Depila\u00e7\u00e3o<\/span> Leia mais &raquo;<\/a><\/p>\n","protected":false},"author":1,"featured_media":1046,"comment_status":"open","ping_status":"open","sticky":false,"template":"","format":"standard","meta":[],"categories":[1],"tags":[],"yoast_head":"<!-- This site is optimized with the Yoast SEO plugin v18.4.1 - https:\/\/yoast.com\/wordpress\/plugins\/seo\/ -->\n<title>Como Identificar e Cuidar de Alergias ou Irrita\u00e7\u00f5es na Pele Ap\u00f3s a Depila\u00e7\u00e3o - Fernanda Depila\u00e7\u00e3o<\/title>\n<meta name=\"robots\" content=\"index, follow, max-snippet:-1, max-image-preview:large, max-video-preview:-1\" \/>\n<link rel=\"canonical\" href=\"https:\/\/fernandadepilacao.com.br\/portal\/2026\/01\/como-identificar-e-cuidar-de-alergias-ou-irritacoes-na-pele-apos-a-depilacao\/\" \/>\n<meta property=\"og:locale\" content=\"pt_BR\" \/>\n<meta property=\"og:type\" content=\"article\" \/>\n<meta property=\"og:title\" content=\"Como Identificar e Cuidar de Alergias ou Irrita\u00e7\u00f5es na Pele Ap\u00f3s a Depila\u00e7\u00e3o - Fernanda Depila\u00e7\u00e3o\" \/>\n<meta property=\"og:description\" content=\"Rea\u00e7\u00f5es Comuns Ap\u00f3s a Depila\u00e7\u00e3o: Como Identificar e Cuidar de Alergias ou Irrita\u00e7\u00f5es na Pele Entendendo as rea\u00e7\u00f5es da pele ap\u00f3s a depila\u00e7\u00e3o O procedimento de depila\u00e7\u00e3o, seja com cera, l\u00e2mina, creme depilat\u00f3rio ou outros m\u00e9todos, pode causar uma s\u00e9rie de rea\u00e7\u00f5es na pele. Na maioria das vezes, essas rea\u00e7\u00f5es s\u00e3o consideradas normais e transit\u00f3rias, &hellip; Como Identificar e Cuidar de Alergias ou Irrita\u00e7\u00f5es na Pele Ap\u00f3s a Depila\u00e7\u00e3o Leia mais &raquo;\" \/>\n<meta property=\"og:url\" content=\"https:\/\/fernandadepilacao.com.br\/portal\/2026\/01\/como-identificar-e-cuidar-de-alergias-ou-irritacoes-na-pele-apos-a-depilacao\/\" \/>\n<meta property=\"og:site_name\" content=\"Fernanda Depila\u00e7\u00e3o\" \/>\n<meta property=\"article:publisher\" content=\"https:\/\/www.facebook.com\/ferjobdepilacao\" \/>\n<meta property=\"article:published_time\" content=\"2026-01-03T11:01:16+00:00\" \/>\n<meta property=\"article:modified_time\" content=\"2026-01-03T11:01:17+00:00\" \/>\n<meta name=\"twitter:card\" content=\"summary_large_image\" \/>\n<meta name=\"twitter:label1\" content=\"Escrito por\" \/>\n\t<meta name=\"twitter:data1\" content=\"fernandajob\" \/>\n\t<meta name=\"twitter:label2\" content=\"Est. tempo de leitura\" \/>\n\t<meta name=\"twitter:data2\" content=\"4 minutos\" \/>\n<script type=\"application\/ld+json\" class=\"yoast-schema-graph\">{\"@context\":\"https:\/\/schema.org\",\"@graph\":[{\"@type\":\"Organization\",\"@id\":\"https:\/\/fernandadepilacao.com.br\/portal\/#organization\",\"name\":\"Fernanda Depila\u00e7\u00e3o\",\"url\":\"https:\/\/fernandadepilacao.com.br\/portal\/\",\"sameAs\":[\"https:\/\/www.facebook.com\/ferjobdepilacao\",\"http:\/\/instagram.com\/fernanda_job\"],\"logo\":{\"@type\":\"ImageObject\",\"@id\":\"https:\/\/fernandadepilacao.com.br\/portal\/#logo\",\"inLanguage\":\"pt-BR\",\"url\":\"http:\/\/fernandadepilacao.com.br\/portal\/wp-content\/uploads\/2021\/03\/logo_fernanda.png\",\"contentUrl\":\"http:\/\/fernandadepilacao.com.br\/portal\/wp-content\/uploads\/2021\/03\/logo_fernanda.png\",\"width\":673,\"height\":688,\"caption\":\"Fernanda Depila\u00e7\u00e3o\"},\"image\":{\"@id\":\"https:\/\/fernandadepilacao.com.br\/portal\/#logo\"}},{\"@type\":\"WebSite\",\"@id\":\"https:\/\/fernandadepilacao.com.br\/portal\/#website\",\"url\":\"https:\/\/fernandadepilacao.com.br\/portal\/\",\"name\":\"Fernanda Depila\u00e7\u00e3o\",\"description\":\"\",\"publisher\":{\"@id\":\"https:\/\/fernandadepilacao.com.br\/portal\/#organization\"},\"potentialAction\":[{\"@type\":\"SearchAction\",\"target\":{\"@type\":\"EntryPoint\",\"urlTemplate\":\"https:\/\/fernandadepilacao.com.br\/portal\/?s={search_term_string}\"},\"query-input\":\"required name=search_term_string\"}],\"inLanguage\":\"pt-BR\"},{\"@type\":\"ImageObject\",\"@id\":\"https:\/\/fernandadepilacao.com.br\/portal\/2026\/01\/como-identificar-e-cuidar-de-alergias-ou-irritacoes-na-pele-apos-a-depilacao\/#primaryimage\",\"inLanguage\":\"pt-BR\",\"url\":\"https:\/\/fernandadepilacao.com.br\/portal\/wp-content\/uploads\/2026\/01\/20260103080114.png\",\"contentUrl\":\"https:\/\/fernandadepilacao.com.br\/portal\/wp-content\/uploads\/2026\/01\/20260103080114.png\",\"width\":500,\"height\":500},{\"@type\":\"WebPage\",\"@id\":\"https:\/\/fernandadepilacao.com.br\/portal\/2026\/01\/como-identificar-e-cuidar-de-alergias-ou-irritacoes-na-pele-apos-a-depilacao\/#webpage\",\"url\":\"https:\/\/fernandadepilacao.com.br\/portal\/2026\/01\/como-identificar-e-cuidar-de-alergias-ou-irritacoes-na-pele-apos-a-depilacao\/\",\"name\":\"Como Identificar e Cuidar de Alergias ou Irrita\u00e7\u00f5es na Pele Ap\u00f3s a Depila\u00e7\u00e3o - Fernanda Depila\u00e7\u00e3o\",\"isPartOf\":{\"@id\":\"https:\/\/fernandadepilacao.com.br\/portal\/#website\"},\"primaryImageOfPage\":{\"@id\":\"https:\/\/fernandadepilacao.com.br\/portal\/2026\/01\/como-identificar-e-cuidar-de-alergias-ou-irritacoes-na-pele-apos-a-depilacao\/#primaryimage\"},\"datePublished\":\"2026-01-03T11:01:16+00:00\",\"dateModified\":\"2026-01-03T11:01:17+00:00\",\"breadcrumb\":{\"@id\":\"https:\/\/fernandadepilacao.com.br\/portal\/2026\/01\/como-identificar-e-cuidar-de-alergias-ou-irritacoes-na-pele-apos-a-depilacao\/#breadcrumb\"},\"inLanguage\":\"pt-BR\",\"potentialAction\":[{\"@type\":\"ReadAction\",\"target\":[\"https:\/\/fernandadepilacao.com.br\/portal\/2026\/01\/como-identificar-e-cuidar-de-alergias-ou-irritacoes-na-pele-apos-a-depilacao\/\"]}]},{\"@type\":\"BreadcrumbList\",\"@id\":\"https:\/\/fernandadepilacao.com.br\/portal\/2026\/01\/como-identificar-e-cuidar-de-alergias-ou-irritacoes-na-pele-apos-a-depilacao\/#breadcrumb\",\"itemListElement\":[{\"@type\":\"ListItem\",\"position\":1,\"name\":\"In\u00edcio\",\"item\":\"http:\/\/fernandadepilacao.com.br\/portal\/\"},{\"@type\":\"ListItem\",\"position\":2,\"name\":\"Como Identificar e Cuidar de Alergias ou Irrita\u00e7\u00f5es na Pele Ap\u00f3s a Depila\u00e7\u00e3o\"}]},{\"@type\":\"Article\",\"@id\":\"https:\/\/fernandadepilacao.com.br\/portal\/2026\/01\/como-identificar-e-cuidar-de-alergias-ou-irritacoes-na-pele-apos-a-depilacao\/#article\",\"isPartOf\":{\"@id\":\"https:\/\/fernandadepilacao.com.br\/portal\/2026\/01\/como-identificar-e-cuidar-de-alergias-ou-irritacoes-na-pele-apos-a-depilacao\/#webpage\"},\"author\":{\"@id\":\"https:\/\/fernandadepilacao.com.br\/portal\/#\/schema\/person\/d00644c3bbfd9fd17711767a3b1abbd0\"},\"headline\":\"Como Identificar e Cuidar de Alergias ou Irrita\u00e7\u00f5es na Pele Ap\u00f3s a Depila\u00e7\u00e3o\",\"datePublished\":\"2026-01-03T11:01:16+00:00\",\"dateModified\":\"2026-01-03T11:01:17+00:00\",\"mainEntityOfPage\":{\"@id\":\"https:\/\/fernandadepilacao.com.br\/portal\/2026\/01\/como-identificar-e-cuidar-de-alergias-ou-irritacoes-na-pele-apos-a-depilacao\/#webpage\"},\"wordCount\":811,\"commentCount\":0,\"publisher\":{\"@id\":\"https:\/\/fernandadepilacao.com.br\/portal\/#organization\"},\"image\":{\"@id\":\"https:\/\/fernandadepilacao.com.br\/portal\/2026\/01\/como-identificar-e-cuidar-de-alergias-ou-irritacoes-na-pele-apos-a-depilacao\/#primaryimage\"},\"thumbnailUrl\":\"https:\/\/fernandadepilacao.com.br\/portal\/wp-content\/uploads\/2026\/01\/20260103080114.png\",\"inLanguage\":\"pt-BR\",\"potentialAction\":[{\"@type\":\"CommentAction\",\"name\":\"Comment\",\"target\":[\"https:\/\/fernandadepilacao.com.br\/portal\/2026\/01\/como-identificar-e-cuidar-de-alergias-ou-irritacoes-na-pele-apos-a-depilacao\/#respond\"]}]},{\"@type\":\"Person\",\"@id\":\"https:\/\/fernandadepilacao.com.br\/portal\/#\/schema\/person\/d00644c3bbfd9fd17711767a3b1abbd0\",\"name\":\"fernandajob\",\"image\":{\"@type\":\"ImageObject\",\"@id\":\"https:\/\/fernandadepilacao.com.br\/portal\/#personlogo\",\"inLanguage\":\"pt-BR\",\"url\":\"https:\/\/secure.gravatar.com\/avatar\/6c2268a68d69a325906fbdccd74b18e6?s=96&d=mm&r=g\",\"contentUrl\":\"https:\/\/secure.gravatar.com\/avatar\/6c2268a68d69a325906fbdccd74b18e6?s=96&d=mm&r=g\",\"caption\":\"fernandajob\"},\"sameAs\":[\"http:\/\/fernandadepilacao.com.br\/portal\"]}]}<\/script>\n<!-- \/ Yoast SEO plugin. -->","yoast_head_json":{"title":"Como Identificar e Cuidar de Alergias ou Irrita\u00e7\u00f5es na Pele Ap\u00f3s a Depila\u00e7\u00e3o - Fernanda Depila\u00e7\u00e3o","robots":{"index":"index","follow":"follow","max-snippet":"max-snippet:-1","max-image-preview":"max-image-preview:large","max-video-preview":"max-video-preview:-1"},"canonical":"https:\/\/fernandadepilacao.com.br\/portal\/2026\/01\/como-identificar-e-cuidar-de-alergias-ou-irritacoes-na-pele-apos-a-depilacao\/","og_locale":"pt_BR","og_type":"article","og_title":"Como Identificar e Cuidar de Alergias ou Irrita\u00e7\u00f5es na Pele Ap\u00f3s a Depila\u00e7\u00e3o - Fernanda Depila\u00e7\u00e3o","og_description":"Rea\u00e7\u00f5es Comuns Ap\u00f3s a Depila\u00e7\u00e3o: Como Identificar e Cuidar de Alergias ou Irrita\u00e7\u00f5es na Pele Entendendo as rea\u00e7\u00f5es da pele ap\u00f3s a depila\u00e7\u00e3o O procedimento de depila\u00e7\u00e3o, seja com cera, l\u00e2mina, creme depilat\u00f3rio ou outros m\u00e9todos, pode causar uma s\u00e9rie de rea\u00e7\u00f5es na pele. Na maioria das vezes, essas rea\u00e7\u00f5es s\u00e3o consideradas normais e transit\u00f3rias, &hellip; Como Identificar e Cuidar de Alergias ou Irrita\u00e7\u00f5es na Pele Ap\u00f3s a Depila\u00e7\u00e3o Leia mais &raquo;","og_url":"https:\/\/fernandadepilacao.com.br\/portal\/2026\/01\/como-identificar-e-cuidar-de-alergias-ou-irritacoes-na-pele-apos-a-depilacao\/","og_site_name":"Fernanda Depila\u00e7\u00e3o","article_publisher":"https:\/\/www.facebook.com\/ferjobdepilacao","article_published_time":"2026-01-03T11:01:16+00:00","article_modified_time":"2026-01-03T11:01:17+00:00","twitter_card":"summary_large_image","twitter_misc":{"Escrito por":"fernandajob","Est. tempo de leitura":"4 minutos"},"schema":{"@context":"https:\/\/schema.org","@graph":[{"@type":"Organization","@id":"https:\/\/fernandadepilacao.com.br\/portal\/#organization","name":"Fernanda Depila\u00e7\u00e3o","url":"https:\/\/fernandadepilacao.com.br\/portal\/","sameAs":["https:\/\/www.facebook.com\/ferjobdepilacao","http:\/\/instagram.com\/fernanda_job"],"logo":{"@type":"ImageObject","@id":"https:\/\/fernandadepilacao.com.br\/portal\/#logo","inLanguage":"pt-BR","url":"http:\/\/fernandadepilacao.com.br\/portal\/wp-content\/uploads\/2021\/03\/logo_fernanda.png","contentUrl":"http:\/\/fernandadepilacao.com.br\/portal\/wp-content\/uploads\/2021\/03\/logo_fernanda.png","width":673,"height":688,"caption":"Fernanda Depila\u00e7\u00e3o"},"image":{"@id":"https:\/\/fernandadepilacao.com.br\/portal\/#logo"}},{"@type":"WebSite","@id":"https:\/\/fernandadepilacao.com.br\/portal\/#website","url":"https:\/\/fernandadepilacao.com.br\/portal\/","name":"Fernanda Depila\u00e7\u00e3o","description":"","publisher":{"@id":"https:\/\/fernandadepilacao.com.br\/portal\/#organization"},"potentialAction":[{"@type":"SearchAction","target":{"@type":"EntryPoint","urlTemplate":"https:\/\/fernandadepilacao.com.br\/portal\/?s={search_term_string}"},"query-input":"required name=search_term_string"}],"inLanguage":"pt-BR"},{"@type":"ImageObject","@id":"https:\/\/fernandadepilacao.com.br\/portal\/2026\/01\/como-identificar-e-cuidar-de-alergias-ou-irritacoes-na-pele-apos-a-depilacao\/#primaryimage","inLanguage":"pt-BR","url":"https:\/\/fernandadepilacao.com.br\/portal\/wp-content\/uploads\/2026\/01\/20260103080114.png","contentUrl":"https:\/\/fernandadepilacao.com.br\/portal\/wp-content\/uploads\/2026\/01\/20260103080114.png","width":500,"height":500},{"@type":"WebPage","@id":"https:\/\/fernandadepilacao.com.br\/portal\/2026\/01\/como-identificar-e-cuidar-de-alergias-ou-irritacoes-na-pele-apos-a-depilacao\/#webpage","url":"https:\/\/fernandadepilacao.com.br\/portal\/2026\/01\/como-identificar-e-cuidar-de-alergias-ou-irritacoes-na-pele-apos-a-depilacao\/","name":"Como Identificar e Cuidar de Alergias ou Irrita\u00e7\u00f5es na Pele Ap\u00f3s a Depila\u00e7\u00e3o - Fernanda Depila\u00e7\u00e3o","isPartOf":{"@id":"https:\/\/fernandadepilacao.com.br\/portal\/#website"},"primaryImageOfPage":{"@id":"https:\/\/fernandadepilacao.com.br\/portal\/2026\/01\/como-identificar-e-cuidar-de-alergias-ou-irritacoes-na-pele-apos-a-depilacao\/#primaryimage"},"datePublished":"2026-01-03T11:01:16+00:00","dateModified":"2026-01-03T11:01:17+00:00","breadcrumb":{"@id":"https:\/\/fernandadepilacao.com.br\/portal\/2026\/01\/como-identificar-e-cuidar-de-alergias-ou-irritacoes-na-pele-apos-a-depilacao\/#breadcrumb"},"inLanguage":"pt-BR","potentialAction":[{"@type":"ReadAction","target":["https:\/\/fernandadepilacao.com.br\/portal\/2026\/01\/como-identificar-e-cuidar-de-alergias-ou-irritacoes-na-pele-apos-a-depilacao\/"]}]},{"@type":"BreadcrumbList","@id":"https:\/\/fernandadepilacao.com.br\/portal\/2026\/01\/como-identificar-e-cuidar-de-alergias-ou-irritacoes-na-pele-apos-a-depilacao\/#breadcrumb","itemListElement":[{"@type":"ListItem","position":1,"name":"In\u00edcio","item":"http:\/\/fernandadepilacao.com.br\/portal\/"},{"@type":"ListItem","position":2,"name":"Como Identificar e Cuidar de Alergias ou Irrita\u00e7\u00f5es na Pele Ap\u00f3s a Depila\u00e7\u00e3o"}]},{"@type":"Article","@id":"https:\/\/fernandadepilacao.com.br\/portal\/2026\/01\/como-identificar-e-cuidar-de-alergias-ou-irritacoes-na-pele-apos-a-depilacao\/#article","isPartOf":{"@id":"https:\/\/fernandadepilacao.com.br\/portal\/2026\/01\/como-identificar-e-cuidar-de-alergias-ou-irritacoes-na-pele-apos-a-depilacao\/#webpage"},"author":{"@id":"https:\/\/fernandadepilacao.com.br\/portal\/#\/schema\/person\/d00644c3bbfd9fd17711767a3b1abbd0"},"headline":"Como Identificar e Cuidar de Alergias ou Irrita\u00e7\u00f5es na Pele Ap\u00f3s a Depila\u00e7\u00e3o","datePublished":"2026-01-03T11:01:16+00:00","dateModified":"2026-01-03T11:01:17+00:00","mainEntityOfPage":{"@id":"https:\/\/fernandadepilacao.com.br\/portal\/2026\/01\/como-identificar-e-cuidar-de-alergias-ou-irritacoes-na-pele-apos-a-depilacao\/#webpage"},"wordCount":811,"commentCount":0,"publisher":{"@id":"https:\/\/fernandadepilacao.com.br\/portal\/#organization"},"image":{"@id":"https:\/\/fernandadepilacao.com.br\/portal\/2026\/01\/como-identificar-e-cuidar-de-alergias-ou-irritacoes-na-pele-apos-a-depilacao\/#primaryimage"},"thumbnailUrl":"https:\/\/fernandadepilacao.com.br\/portal\/wp-content\/uploads\/2026\/01\/20260103080114.png","inLanguage":"pt-BR","potentialAction":[{"@type":"CommentAction","name":"Comment","target":["https:\/\/fernandadepilacao.com.br\/portal\/2026\/01\/como-identificar-e-cuidar-de-alergias-ou-irritacoes-na-pele-apos-a-depilacao\/#respond"]}]},{"@type":"Person","@id":"https:\/\/fernandadepilacao.com.br\/portal\/#\/schema\/person\/d00644c3bbfd9fd17711767a3b1abbd0","name":"fernandajob","image":{"@type":"ImageObject","@id":"https:\/\/fernandadepilacao.com.br\/portal\/#personlogo","inLanguage":"pt-BR","url":"https:\/\/secure.gravatar.com\/avatar\/6c2268a68d69a325906fbdccd74b18e6?s=96&d=mm&r=g","contentUrl":"https:\/\/secure.gravatar.com\/avatar\/6c2268a68d69a325906fbdccd74b18e6?s=96&d=mm&r=g","caption":"fernandajob"},"sameAs":["http:\/\/fernandadepilacao.com.br\/portal"]}]}},"uagb_featured_image_src":{"full":["https:\/\/fernandadepilacao.com.br\/portal\/wp-content\/uploads\/2026\/01\/20260103080114.png",500,500,false],"thumbnail":["https:\/\/fernandadepilacao.com.br\/portal\/wp-content\/uploads\/2026\/01\/20260103080114-150x150.png",150,150,true],"medium":["https:\/\/fernandadepilacao.com.br\/portal\/wp-content\/uploads\/2026\/01\/20260103080114-300x300.png",300,300,true],"medium_large":["https:\/\/fernandadepilacao.com.br\/portal\/wp-content\/uploads\/2026\/01\/20260103080114.png",500,500,false],"large":["https:\/\/fernandadepilacao.com.br\/portal\/wp-content\/uploads\/2026\/01\/20260103080114.png",500,500,false],"1536x1536":["https:\/\/fernandadepilacao.com.br\/portal\/wp-content\/uploads\/2026\/01\/20260103080114.png",500,500,false],"2048x2048":["https:\/\/fernandadepilacao.com.br\/portal\/wp-content\/uploads\/2026\/01\/20260103080114.png",500,500,false]},"uagb_author_info":{"display_name":"fernandajob","author_link":"https:\/\/fernandadepilacao.com.br\/portal\/author\/fernandajob\/"},"uagb_comment_info":0,"uagb_excerpt":"Rea\u00e7\u00f5es Comuns Ap\u00f3s a Depila\u00e7\u00e3o: Como Identificar e Cuidar de Alergias ou Irrita\u00e7\u00f5es na Pele Entendendo as rea\u00e7\u00f5es da pele ap\u00f3s a depila\u00e7\u00e3o O procedimento de depila\u00e7\u00e3o, seja com cera, l\u00e2mina, creme depilat\u00f3rio ou outros m\u00e9todos, pode causar uma s\u00e9rie de rea\u00e7\u00f5es na pele. Na maioria das vezes, essas rea\u00e7\u00f5es s\u00e3o consideradas normais e transit\u00f3rias,&hellip;","_links":{"self":[{"href":"https:\/\/fernandadepilacao.com.br\/portal\/wp-json\/wp\/v2\/posts\/1047"}],"collection":[{"href":"https:\/\/fernandadepilacao.com.br\/portal\/wp-json\/wp\/v2\/posts"}],"about":[{"href":"https:\/\/fernandadepilacao.com.br\/portal\/wp-json\/wp\/v2\/types\/post"}],"author":[{"embeddable":true,"href":"https:\/\/fernandadepilacao.com.br\/portal\/wp-json\/wp\/v2\/users\/1"}],"replies":[{"embeddable":true,"href":"https:\/\/fernandadepilacao.com.br\/portal\/wp-json\/wp\/v2\/comments?post=1047"}],"version-history":[{"count":1,"href":"https:\/\/fernandadepilacao.com.br\/portal\/wp-json\/wp\/v2\/posts\/1047\/revisions"}],"predecessor-version":[{"id":1048,"href":"https:\/\/fernandadepilacao.com.br\/portal\/wp-json\/wp\/v2\/posts\/1047\/revisions\/1048"}],"wp:featuredmedia":[{"embeddable":true,"href":"https:\/\/fernandadepilacao.com.br\/portal\/wp-json\/wp\/v2\/media\/1046"}],"wp:attachment":[{"href":"https:\/\/fernandadepilacao.com.br\/portal\/wp-json\/wp\/v2\/media?parent=1047"}],"wp:term":[{"taxonomy":"category","embeddable":true,"href":"https:\/\/fernandadepilacao.com.br\/portal\/wp-json\/wp\/v2\/categories?post=1047"},{"taxonomy":"post_tag","embeddable":true,"href":"https:\/\/fernandadepilacao.com.br\/portal\/wp-json\/wp\/v2\/tags?post=1047"}],"curies":[{"name":"wp","href":"https:\/\/api.w.org\/{rel}","templated":true}]}}