{"id":1044,"date":"2026-01-02T16:01:40","date_gmt":"2026-01-02T19:01:40","guid":{"rendered":"https:\/\/fernandadepilacao.com.br\/portal\/2026\/01\/guia-completo-cuidados-pre-pos-depilacao-cera-pele-lisa\/"},"modified":"2026-01-02T16:01:41","modified_gmt":"2026-01-02T19:01:41","slug":"guia-completo-cuidados-pre-pos-depilacao-cera-pele-lisa","status":"publish","type":"post","link":"https:\/\/fernandadepilacao.com.br\/portal\/2026\/01\/guia-completo-cuidados-pre-pos-depilacao-cera-pele-lisa\/","title":{"rendered":"Guia Completo de Cuidados Pr\u00e9 e P\u00f3s Depila\u00e7\u00e3o com Cera para uma Pele Lisa"},"content":{"rendered":"<article>\n<header>\n<h1>Cuidados Pr\u00e9 e P\u00f3s Depila\u00e7\u00e3o com Cera: O Guia Completo para uma Pele Lisa e Saud\u00e1vel<\/h1>\n<p>    <meta name=\"description\" content=\"Descubra os principais cuidados antes e depois da depila\u00e7\u00e3o com cera para evitar irrita\u00e7\u00f5es, foliculite e garantir uma pele impec\u00e1vel. Veja dicas de especialista!\"><br \/>\n  <\/header>\n<section>\n<h2>Por que a depila\u00e7\u00e3o com cera exige cuidados especiais?<\/h2>\n<p>A depila\u00e7\u00e3o com cera \u00e9 um dos m\u00e9todos mais procurados para remo\u00e7\u00e3o dos pelos, pois al\u00e9m de garantir uma pele lisa por mais tempo, auxilia na diminui\u00e7\u00e3o do crescimento dos fios ao longo do tempo. No entanto, este procedimento exige aten\u00e7\u00e3o especial tanto antes quanto depois da sess\u00e3o, para evitar irrita\u00e7\u00e3o, foliculite, pelos encravados e outros desconfortos na pele. Quer saber como preparar o corpo para a depila\u00e7\u00e3o e como proteg\u00ea-lo ap\u00f3s o procedimento? Continue a leitura e tire todas as suas d\u00favidas!<\/p>\n<\/section>\n<section>\n<h2>Cuidados <strong>pr\u00e9<\/strong> depila\u00e7\u00e3o com cera<\/h2>\n<ul>\n<li>\n        <strong>Higienize a pele<\/strong>: Lave bem a regi\u00e3o a ser depilada, removendo sujeira, suor, res\u00edduos de cremes ou \u00f3leos. O ideal \u00e9 usar um sabonete neutro, para evitar rea\u00e7\u00f5es al\u00e9rgicas.<\/li>\n<li>\n        <strong>Evite exposi\u00e7\u00e3o ao sol<\/strong>: Pelo menos 24 horas antes da depila\u00e7\u00e3o, evite tomar sol na \u00e1rea que ser\u00e1 depilada. A pele sensibilizada pela radia\u00e7\u00e3o solar tem maior risco de manchas e irrita\u00e7\u00f5es.<\/li>\n<li>\n        <strong>Fa\u00e7a uma esfolia\u00e7\u00e3o suave<\/strong>: Esfolie a pele de 1 a 2 dias antes da depila\u00e7\u00e3o. Isso ajuda a remover c\u00e9lulas mortas e reduz a chance de pelos encravados, deixando o procedimento mais eficiente e menos dolorido.<\/li>\n<li>\n        <strong>Observe o tamanho dos pelos<\/strong>: Os pelos devem estar com, pelo menos, 0,5 cm de comprimento (aproximadamente o tamanho de um gr\u00e3o de arroz). Se estiverem menores, a cera pode n\u00e3o aderir bem.<\/li>\n<li>\n        <strong>Evite cremes e \u00f3leos<\/strong>: Nos dias que antecedem o procedimento, n\u00e3o aplique hidratantes, protetores solares, \u00f3leos ou perfumes no local.<\/li>\n<li>\n        <strong>Comunique alergias ou sensibilidades<\/strong>: Informe sempre o profissional sobre alergias, uso de \u00e1cidos, retin\u00f3ides ou outras subst\u00e2ncias que fragilizam a pele.<\/li>\n<\/ul>\n<\/section>\n<section>\n<h2>Cuidados <strong>p\u00f3s<\/strong> depila\u00e7\u00e3o com cera<\/h2>\n<ul>\n<li>\n        <strong>Use produtos calmantes<\/strong>: Ap\u00f3s a depila\u00e7\u00e3o, aplique lo\u00e7\u00f5es calmantes \u00e0 base de camomila, aloe vera, cal\u00eandula ou \u00e1gua termal. Elas promovem al\u00edvio imediato, controlam a vermelhid\u00e3o e aceleram a recupera\u00e7\u00e3o da pele.<\/li>\n<li>\n        <strong>Evite calor e suor<\/strong>: Por pelo menos 24 horas, n\u00e3o exponha a \u00e1rea depilada ao calor excessivo, como banhos quentes, sauna, academia, praia ou piscina. O suor e o calor favorecem a prolifera\u00e7\u00e3o de bact\u00e9rias e aumentam o risco de irrita\u00e7\u00e3o.<\/li>\n<li>\n        <strong>N\u00e3o coce nem esfregue<\/strong>: Mesmo que a regi\u00e3o fique sens\u00edvel ou irritada, evite tocar, co\u00e7ar ou usar roupas muito justas, pois isso pode agravar a irrita\u00e7\u00e3o e causar manchas.<\/li>\n<li>\n        <strong>Evite esfolia\u00e7\u00e3o e procedimentos agressivos<\/strong>: Aguarde de 3 a 5 dias para realizar novas esfolia\u00e7\u00f5es ou procedimentos qu\u00edmicos no local, como peeling, aplica\u00e7\u00e3o de \u00e1cidos ou clareadores.<\/li>\n<li>\n        <strong>Proteja do sol<\/strong>: Use protetor solar na \u00e1rea depilada sempre que houver exposi\u00e7\u00e3o \u00e0 luz solar. Isso previne manchas escuras (hiperpigmenta\u00e7\u00e3o).<\/li>\n<li>\n        <strong>Aten\u00e7\u00e3o \u00e0 higiene<\/strong>: Mantenha a regi\u00e3o limpa e evite contato com superf\u00edcies sujas. Se houver sinais de infec\u00e7\u00e3o, como pus, dor intensa ou vermelhid\u00e3o persistente, procure um profissional de sa\u00fade.<\/li>\n<\/ul>\n<\/section>\n<section>\n<h2>Perguntas frequentes sobre a depila\u00e7\u00e3o com cera<\/h2>\n<h3>Quanto tempo dura o efeito da depila\u00e7\u00e3o com cera?<\/h3>\n<p>Em geral, a pele permanece lisinha por 3 a 4 semanas, mas isso pode variar conforme o ciclo de crescimento dos pelos de cada pessoa.<\/p>\n<h3>Quem tem pele sens\u00edvel pode fazer depila\u00e7\u00e3o com cera?<\/h3>\n<p>Sim, por\u00e9m \u00e9 fundamental informar o profissional, optar por ceras espec\u00edficas para peles sens\u00edveis e seguir todos os cuidados pr\u00e9 e p\u00f3s citados neste artigo.<\/p>\n<h3>Qual a diferen\u00e7a entre cera quente e cera fria?<\/h3>\n<p>A <strong>cera quente<\/strong> dilata os poros devido \u00e0 temperatura, o que facilita a remo\u00e7\u00e3o dos pelos e diminui a dor, sendo ideal para \u00e1reas mais delicadas. J\u00e1 a <strong>cera fria<\/strong> \u00e9 geralmente usada em regi\u00f5es menos sens\u00edveis e pode ser pr\u00e1tica para pequenos retoques.<\/p>\n<\/section>\n<section>\n<h2>Dicas b\u00f4nus para potencializar o resultado<\/h2>\n<ul>\n<li>Mantenha a hidrata\u00e7\u00e3o da pele entre as sess\u00f5es, usando hidratantes n\u00e3o oleosos ap\u00f3s o per\u00edodo cr\u00edtico do p\u00f3s depilat\u00f3rio.<\/li>\n<li>Evite depilar durante o per\u00edodo menstrual, pois a sensibilidade \u00e0 dor pode estar aumentada.<\/li>\n<li>Procure profissionais capacitados e use produtos de proced\u00eancia confi\u00e1vel. Isso faz toda a diferen\u00e7a para a sa\u00fade da pele e seguran\u00e7a do procedimento.<\/li>\n<li>Fique atento \u00e0 higiene do local e dos materiais utilizados, prevenindo infec\u00e7\u00f5es.<\/li>\n<\/ul>\n<\/section>\n<section>\n<h2>Conclus\u00e3o<\/h2>\n<p>A depila\u00e7\u00e3o com cera \u00e9 segura, pr\u00e1tica e eficiente quando realizada com os devidos cuidados. Ao seguir as orienta\u00e7\u00f5es de prepara\u00e7\u00e3o da pele, assim como as recomenda\u00e7\u00f5es ap\u00f3s o procedimento, voc\u00ea garante n\u00e3o s\u00f3 um resultado impec\u00e1vel, mas tamb\u00e9m a sa\u00fade e beleza de sua pele. Sempre que surgirem d\u00favidas ou rea\u00e7\u00f5es adversas, procure orienta\u00e7\u00e3o de um profissional qualificado. Cuide-se e desfrute da sensa\u00e7\u00e3o de pele lisinha com tranquilidade e bem-estar!<\/p>\n<\/section>\n<footer>\n<p><strong>Palavras-chave:<\/strong> depila\u00e7\u00e3o com cera, cuidados pr\u00e9 depila\u00e7\u00e3o, cuidados p\u00f3s depila\u00e7\u00e3o, foliculite, irrita\u00e7\u00e3o, pele lisinha, cera quente, cera fria, pelos encravados, dicas de depila\u00e7\u00e3o.<\/p>\n<\/footer>\n<\/article>\n","protected":false},"excerpt":{"rendered":"<p>Cuidados Pr\u00e9 e P\u00f3s Depila\u00e7\u00e3o com Cera: O Guia Completo para uma Pele Lisa e Saud\u00e1vel Por que a depila\u00e7\u00e3o com cera exige cuidados especiais? A depila\u00e7\u00e3o com cera \u00e9 um dos m\u00e9todos mais procurados para remo\u00e7\u00e3o dos pelos, pois al\u00e9m de garantir uma pele lisa por mais tempo, auxilia na diminui\u00e7\u00e3o do crescimento dos &hellip;<\/p>\n<p class=\"read-more\"> <a class=\"\" href=\"https:\/\/fernandadepilacao.com.br\/portal\/2026\/01\/guia-completo-cuidados-pre-pos-depilacao-cera-pele-lisa\/\"> <span class=\"screen-reader-text\">Guia Completo de Cuidados Pr\u00e9 e P\u00f3s Depila\u00e7\u00e3o com Cera para uma Pele Lisa<\/span> Leia mais &raquo;<\/a><\/p>\n","protected":false},"author":1,"featured_media":1043,"comment_status":"open","ping_status":"open","sticky":false,"template":"","format":"standard","meta":[],"categories":[1],"tags":[],"yoast_head":"<!-- This site is optimized with the Yoast SEO plugin v18.4.1 - https:\/\/yoast.com\/wordpress\/plugins\/seo\/ -->\n<title>Guia Completo de Cuidados Pr\u00e9 e P\u00f3s Depila\u00e7\u00e3o com Cera para uma Pele Lisa - Fernanda Depila\u00e7\u00e3o<\/title>\n<meta name=\"robots\" content=\"index, follow, max-snippet:-1, max-image-preview:large, max-video-preview:-1\" \/>\n<link rel=\"canonical\" href=\"https:\/\/fernandadepilacao.com.br\/portal\/2026\/01\/guia-completo-cuidados-pre-pos-depilacao-cera-pele-lisa\/\" \/>\n<meta property=\"og:locale\" content=\"pt_BR\" \/>\n<meta property=\"og:type\" content=\"article\" \/>\n<meta property=\"og:title\" content=\"Guia Completo de Cuidados Pr\u00e9 e P\u00f3s Depila\u00e7\u00e3o com Cera para uma Pele Lisa - Fernanda Depila\u00e7\u00e3o\" \/>\n<meta property=\"og:description\" content=\"Cuidados Pr\u00e9 e P\u00f3s Depila\u00e7\u00e3o com Cera: O Guia Completo para uma Pele Lisa e Saud\u00e1vel Por que a depila\u00e7\u00e3o com cera exige cuidados especiais? A depila\u00e7\u00e3o com cera \u00e9 um dos m\u00e9todos mais procurados para remo\u00e7\u00e3o dos pelos, pois al\u00e9m de garantir uma pele lisa por mais tempo, auxilia na diminui\u00e7\u00e3o do crescimento dos &hellip; Guia Completo de Cuidados Pr\u00e9 e P\u00f3s Depila\u00e7\u00e3o com Cera para uma Pele Lisa Leia mais &raquo;\" \/>\n<meta property=\"og:url\" content=\"https:\/\/fernandadepilacao.com.br\/portal\/2026\/01\/guia-completo-cuidados-pre-pos-depilacao-cera-pele-lisa\/\" \/>\n<meta property=\"og:site_name\" content=\"Fernanda Depila\u00e7\u00e3o\" \/>\n<meta property=\"article:publisher\" content=\"https:\/\/www.facebook.com\/ferjobdepilacao\" \/>\n<meta property=\"article:published_time\" content=\"2026-01-02T19:01:40+00:00\" \/>\n<meta property=\"article:modified_time\" content=\"2026-01-02T19:01:41+00:00\" \/>\n<meta name=\"twitter:card\" content=\"summary_large_image\" \/>\n<meta name=\"twitter:label1\" content=\"Escrito por\" \/>\n\t<meta name=\"twitter:data1\" content=\"fernandajob\" \/>\n\t<meta name=\"twitter:label2\" content=\"Est. tempo de leitura\" \/>\n\t<meta name=\"twitter:data2\" content=\"4 minutos\" \/>\n<script type=\"application\/ld+json\" class=\"yoast-schema-graph\">{\"@context\":\"https:\/\/schema.org\",\"@graph\":[{\"@type\":\"Organization\",\"@id\":\"https:\/\/fernandadepilacao.com.br\/portal\/#organization\",\"name\":\"Fernanda Depila\u00e7\u00e3o\",\"url\":\"https:\/\/fernandadepilacao.com.br\/portal\/\",\"sameAs\":[\"https:\/\/www.facebook.com\/ferjobdepilacao\",\"http:\/\/instagram.com\/fernanda_job\"],\"logo\":{\"@type\":\"ImageObject\",\"@id\":\"https:\/\/fernandadepilacao.com.br\/portal\/#logo\",\"inLanguage\":\"pt-BR\",\"url\":\"http:\/\/fernandadepilacao.com.br\/portal\/wp-content\/uploads\/2021\/03\/logo_fernanda.png\",\"contentUrl\":\"http:\/\/fernandadepilacao.com.br\/portal\/wp-content\/uploads\/2021\/03\/logo_fernanda.png\",\"width\":673,\"height\":688,\"caption\":\"Fernanda Depila\u00e7\u00e3o\"},\"image\":{\"@id\":\"https:\/\/fernandadepilacao.com.br\/portal\/#logo\"}},{\"@type\":\"WebSite\",\"@id\":\"https:\/\/fernandadepilacao.com.br\/portal\/#website\",\"url\":\"https:\/\/fernandadepilacao.com.br\/portal\/\",\"name\":\"Fernanda Depila\u00e7\u00e3o\",\"description\":\"\",\"publisher\":{\"@id\":\"https:\/\/fernandadepilacao.com.br\/portal\/#organization\"},\"potentialAction\":[{\"@type\":\"SearchAction\",\"target\":{\"@type\":\"EntryPoint\",\"urlTemplate\":\"https:\/\/fernandadepilacao.com.br\/portal\/?s={search_term_string}\"},\"query-input\":\"required name=search_term_string\"}],\"inLanguage\":\"pt-BR\"},{\"@type\":\"ImageObject\",\"@id\":\"https:\/\/fernandadepilacao.com.br\/portal\/2026\/01\/guia-completo-cuidados-pre-pos-depilacao-cera-pele-lisa\/#primaryimage\",\"inLanguage\":\"pt-BR\",\"url\":\"https:\/\/fernandadepilacao.com.br\/portal\/wp-content\/uploads\/2026\/01\/20260102160137.png\",\"contentUrl\":\"https:\/\/fernandadepilacao.com.br\/portal\/wp-content\/uploads\/2026\/01\/20260102160137.png\",\"width\":500,\"height\":500},{\"@type\":\"WebPage\",\"@id\":\"https:\/\/fernandadepilacao.com.br\/portal\/2026\/01\/guia-completo-cuidados-pre-pos-depilacao-cera-pele-lisa\/#webpage\",\"url\":\"https:\/\/fernandadepilacao.com.br\/portal\/2026\/01\/guia-completo-cuidados-pre-pos-depilacao-cera-pele-lisa\/\",\"name\":\"Guia Completo de Cuidados Pr\u00e9 e P\u00f3s Depila\u00e7\u00e3o com Cera para uma Pele Lisa - Fernanda Depila\u00e7\u00e3o\",\"isPartOf\":{\"@id\":\"https:\/\/fernandadepilacao.com.br\/portal\/#website\"},\"primaryImageOfPage\":{\"@id\":\"https:\/\/fernandadepilacao.com.br\/portal\/2026\/01\/guia-completo-cuidados-pre-pos-depilacao-cera-pele-lisa\/#primaryimage\"},\"datePublished\":\"2026-01-02T19:01:40+00:00\",\"dateModified\":\"2026-01-02T19:01:41+00:00\",\"breadcrumb\":{\"@id\":\"https:\/\/fernandadepilacao.com.br\/portal\/2026\/01\/guia-completo-cuidados-pre-pos-depilacao-cera-pele-lisa\/#breadcrumb\"},\"inLanguage\":\"pt-BR\",\"potentialAction\":[{\"@type\":\"ReadAction\",\"target\":[\"https:\/\/fernandadepilacao.com.br\/portal\/2026\/01\/guia-completo-cuidados-pre-pos-depilacao-cera-pele-lisa\/\"]}]},{\"@type\":\"BreadcrumbList\",\"@id\":\"https:\/\/fernandadepilacao.com.br\/portal\/2026\/01\/guia-completo-cuidados-pre-pos-depilacao-cera-pele-lisa\/#breadcrumb\",\"itemListElement\":[{\"@type\":\"ListItem\",\"position\":1,\"name\":\"In\u00edcio\",\"item\":\"http:\/\/fernandadepilacao.com.br\/portal\/\"},{\"@type\":\"ListItem\",\"position\":2,\"name\":\"Guia Completo de Cuidados Pr\u00e9 e P\u00f3s Depila\u00e7\u00e3o com Cera para uma Pele Lisa\"}]},{\"@type\":\"Article\",\"@id\":\"https:\/\/fernandadepilacao.com.br\/portal\/2026\/01\/guia-completo-cuidados-pre-pos-depilacao-cera-pele-lisa\/#article\",\"isPartOf\":{\"@id\":\"https:\/\/fernandadepilacao.com.br\/portal\/2026\/01\/guia-completo-cuidados-pre-pos-depilacao-cera-pele-lisa\/#webpage\"},\"author\":{\"@id\":\"https:\/\/fernandadepilacao.com.br\/portal\/#\/schema\/person\/d00644c3bbfd9fd17711767a3b1abbd0\"},\"headline\":\"Guia Completo de Cuidados Pr\u00e9 e P\u00f3s Depila\u00e7\u00e3o com Cera para uma Pele Lisa\",\"datePublished\":\"2026-01-02T19:01:40+00:00\",\"dateModified\":\"2026-01-02T19:01:41+00:00\",\"mainEntityOfPage\":{\"@id\":\"https:\/\/fernandadepilacao.com.br\/portal\/2026\/01\/guia-completo-cuidados-pre-pos-depilacao-cera-pele-lisa\/#webpage\"},\"wordCount\":876,\"commentCount\":0,\"publisher\":{\"@id\":\"https:\/\/fernandadepilacao.com.br\/portal\/#organization\"},\"image\":{\"@id\":\"https:\/\/fernandadepilacao.com.br\/portal\/2026\/01\/guia-completo-cuidados-pre-pos-depilacao-cera-pele-lisa\/#primaryimage\"},\"thumbnailUrl\":\"https:\/\/fernandadepilacao.com.br\/portal\/wp-content\/uploads\/2026\/01\/20260102160137.png\",\"inLanguage\":\"pt-BR\",\"potentialAction\":[{\"@type\":\"CommentAction\",\"name\":\"Comment\",\"target\":[\"https:\/\/fernandadepilacao.com.br\/portal\/2026\/01\/guia-completo-cuidados-pre-pos-depilacao-cera-pele-lisa\/#respond\"]}]},{\"@type\":\"Person\",\"@id\":\"https:\/\/fernandadepilacao.com.br\/portal\/#\/schema\/person\/d00644c3bbfd9fd17711767a3b1abbd0\",\"name\":\"fernandajob\",\"image\":{\"@type\":\"ImageObject\",\"@id\":\"https:\/\/fernandadepilacao.com.br\/portal\/#personlogo\",\"inLanguage\":\"pt-BR\",\"url\":\"https:\/\/secure.gravatar.com\/avatar\/6c2268a68d69a325906fbdccd74b18e6?s=96&d=mm&r=g\",\"contentUrl\":\"https:\/\/secure.gravatar.com\/avatar\/6c2268a68d69a325906fbdccd74b18e6?s=96&d=mm&r=g\",\"caption\":\"fernandajob\"},\"sameAs\":[\"http:\/\/fernandadepilacao.com.br\/portal\"]}]}<\/script>\n<!-- \/ Yoast SEO plugin. -->","yoast_head_json":{"title":"Guia Completo de Cuidados Pr\u00e9 e P\u00f3s Depila\u00e7\u00e3o com Cera para uma Pele Lisa - Fernanda Depila\u00e7\u00e3o","robots":{"index":"index","follow":"follow","max-snippet":"max-snippet:-1","max-image-preview":"max-image-preview:large","max-video-preview":"max-video-preview:-1"},"canonical":"https:\/\/fernandadepilacao.com.br\/portal\/2026\/01\/guia-completo-cuidados-pre-pos-depilacao-cera-pele-lisa\/","og_locale":"pt_BR","og_type":"article","og_title":"Guia Completo de Cuidados Pr\u00e9 e P\u00f3s Depila\u00e7\u00e3o com Cera para uma Pele Lisa - Fernanda Depila\u00e7\u00e3o","og_description":"Cuidados Pr\u00e9 e P\u00f3s Depila\u00e7\u00e3o com Cera: O Guia Completo para uma Pele Lisa e Saud\u00e1vel Por que a depila\u00e7\u00e3o com cera exige cuidados especiais? A depila\u00e7\u00e3o com cera \u00e9 um dos m\u00e9todos mais procurados para remo\u00e7\u00e3o dos pelos, pois al\u00e9m de garantir uma pele lisa por mais tempo, auxilia na diminui\u00e7\u00e3o do crescimento dos &hellip; Guia Completo de Cuidados Pr\u00e9 e P\u00f3s Depila\u00e7\u00e3o com Cera para uma Pele Lisa Leia mais &raquo;","og_url":"https:\/\/fernandadepilacao.com.br\/portal\/2026\/01\/guia-completo-cuidados-pre-pos-depilacao-cera-pele-lisa\/","og_site_name":"Fernanda Depila\u00e7\u00e3o","article_publisher":"https:\/\/www.facebook.com\/ferjobdepilacao","article_published_time":"2026-01-02T19:01:40+00:00","article_modified_time":"2026-01-02T19:01:41+00:00","twitter_card":"summary_large_image","twitter_misc":{"Escrito por":"fernandajob","Est. tempo de leitura":"4 minutos"},"schema":{"@context":"https:\/\/schema.org","@graph":[{"@type":"Organization","@id":"https:\/\/fernandadepilacao.com.br\/portal\/#organization","name":"Fernanda Depila\u00e7\u00e3o","url":"https:\/\/fernandadepilacao.com.br\/portal\/","sameAs":["https:\/\/www.facebook.com\/ferjobdepilacao","http:\/\/instagram.com\/fernanda_job"],"logo":{"@type":"ImageObject","@id":"https:\/\/fernandadepilacao.com.br\/portal\/#logo","inLanguage":"pt-BR","url":"http:\/\/fernandadepilacao.com.br\/portal\/wp-content\/uploads\/2021\/03\/logo_fernanda.png","contentUrl":"http:\/\/fernandadepilacao.com.br\/portal\/wp-content\/uploads\/2021\/03\/logo_fernanda.png","width":673,"height":688,"caption":"Fernanda Depila\u00e7\u00e3o"},"image":{"@id":"https:\/\/fernandadepilacao.com.br\/portal\/#logo"}},{"@type":"WebSite","@id":"https:\/\/fernandadepilacao.com.br\/portal\/#website","url":"https:\/\/fernandadepilacao.com.br\/portal\/","name":"Fernanda Depila\u00e7\u00e3o","description":"","publisher":{"@id":"https:\/\/fernandadepilacao.com.br\/portal\/#organization"},"potentialAction":[{"@type":"SearchAction","target":{"@type":"EntryPoint","urlTemplate":"https:\/\/fernandadepilacao.com.br\/portal\/?s={search_term_string}"},"query-input":"required name=search_term_string"}],"inLanguage":"pt-BR"},{"@type":"ImageObject","@id":"https:\/\/fernandadepilacao.com.br\/portal\/2026\/01\/guia-completo-cuidados-pre-pos-depilacao-cera-pele-lisa\/#primaryimage","inLanguage":"pt-BR","url":"https:\/\/fernandadepilacao.com.br\/portal\/wp-content\/uploads\/2026\/01\/20260102160137.png","contentUrl":"https:\/\/fernandadepilacao.com.br\/portal\/wp-content\/uploads\/2026\/01\/20260102160137.png","width":500,"height":500},{"@type":"WebPage","@id":"https:\/\/fernandadepilacao.com.br\/portal\/2026\/01\/guia-completo-cuidados-pre-pos-depilacao-cera-pele-lisa\/#webpage","url":"https:\/\/fernandadepilacao.com.br\/portal\/2026\/01\/guia-completo-cuidados-pre-pos-depilacao-cera-pele-lisa\/","name":"Guia Completo de Cuidados Pr\u00e9 e P\u00f3s Depila\u00e7\u00e3o com Cera para uma Pele Lisa - Fernanda Depila\u00e7\u00e3o","isPartOf":{"@id":"https:\/\/fernandadepilacao.com.br\/portal\/#website"},"primaryImageOfPage":{"@id":"https:\/\/fernandadepilacao.com.br\/portal\/2026\/01\/guia-completo-cuidados-pre-pos-depilacao-cera-pele-lisa\/#primaryimage"},"datePublished":"2026-01-02T19:01:40+00:00","dateModified":"2026-01-02T19:01:41+00:00","breadcrumb":{"@id":"https:\/\/fernandadepilacao.com.br\/portal\/2026\/01\/guia-completo-cuidados-pre-pos-depilacao-cera-pele-lisa\/#breadcrumb"},"inLanguage":"pt-BR","potentialAction":[{"@type":"ReadAction","target":["https:\/\/fernandadepilacao.com.br\/portal\/2026\/01\/guia-completo-cuidados-pre-pos-depilacao-cera-pele-lisa\/"]}]},{"@type":"BreadcrumbList","@id":"https:\/\/fernandadepilacao.com.br\/portal\/2026\/01\/guia-completo-cuidados-pre-pos-depilacao-cera-pele-lisa\/#breadcrumb","itemListElement":[{"@type":"ListItem","position":1,"name":"In\u00edcio","item":"http:\/\/fernandadepilacao.com.br\/portal\/"},{"@type":"ListItem","position":2,"name":"Guia Completo de Cuidados Pr\u00e9 e P\u00f3s Depila\u00e7\u00e3o com Cera para uma Pele Lisa"}]},{"@type":"Article","@id":"https:\/\/fernandadepilacao.com.br\/portal\/2026\/01\/guia-completo-cuidados-pre-pos-depilacao-cera-pele-lisa\/#article","isPartOf":{"@id":"https:\/\/fernandadepilacao.com.br\/portal\/2026\/01\/guia-completo-cuidados-pre-pos-depilacao-cera-pele-lisa\/#webpage"},"author":{"@id":"https:\/\/fernandadepilacao.com.br\/portal\/#\/schema\/person\/d00644c3bbfd9fd17711767a3b1abbd0"},"headline":"Guia Completo de Cuidados Pr\u00e9 e P\u00f3s Depila\u00e7\u00e3o com Cera para uma Pele Lisa","datePublished":"2026-01-02T19:01:40+00:00","dateModified":"2026-01-02T19:01:41+00:00","mainEntityOfPage":{"@id":"https:\/\/fernandadepilacao.com.br\/portal\/2026\/01\/guia-completo-cuidados-pre-pos-depilacao-cera-pele-lisa\/#webpage"},"wordCount":876,"commentCount":0,"publisher":{"@id":"https:\/\/fernandadepilacao.com.br\/portal\/#organization"},"image":{"@id":"https:\/\/fernandadepilacao.com.br\/portal\/2026\/01\/guia-completo-cuidados-pre-pos-depilacao-cera-pele-lisa\/#primaryimage"},"thumbnailUrl":"https:\/\/fernandadepilacao.com.br\/portal\/wp-content\/uploads\/2026\/01\/20260102160137.png","inLanguage":"pt-BR","potentialAction":[{"@type":"CommentAction","name":"Comment","target":["https:\/\/fernandadepilacao.com.br\/portal\/2026\/01\/guia-completo-cuidados-pre-pos-depilacao-cera-pele-lisa\/#respond"]}]},{"@type":"Person","@id":"https:\/\/fernandadepilacao.com.br\/portal\/#\/schema\/person\/d00644c3bbfd9fd17711767a3b1abbd0","name":"fernandajob","image":{"@type":"ImageObject","@id":"https:\/\/fernandadepilacao.com.br\/portal\/#personlogo","inLanguage":"pt-BR","url":"https:\/\/secure.gravatar.com\/avatar\/6c2268a68d69a325906fbdccd74b18e6?s=96&d=mm&r=g","contentUrl":"https:\/\/secure.gravatar.com\/avatar\/6c2268a68d69a325906fbdccd74b18e6?s=96&d=mm&r=g","caption":"fernandajob"},"sameAs":["http:\/\/fernandadepilacao.com.br\/portal"]}]}},"uagb_featured_image_src":{"full":["https:\/\/fernandadepilacao.com.br\/portal\/wp-content\/uploads\/2026\/01\/20260102160137.png",500,500,false],"thumbnail":["https:\/\/fernandadepilacao.com.br\/portal\/wp-content\/uploads\/2026\/01\/20260102160137-150x150.png",150,150,true],"medium":["https:\/\/fernandadepilacao.com.br\/portal\/wp-content\/uploads\/2026\/01\/20260102160137-300x300.png",300,300,true],"medium_large":["https:\/\/fernandadepilacao.com.br\/portal\/wp-content\/uploads\/2026\/01\/20260102160137.png",500,500,false],"large":["https:\/\/fernandadepilacao.com.br\/portal\/wp-content\/uploads\/2026\/01\/20260102160137.png",500,500,false],"1536x1536":["https:\/\/fernandadepilacao.com.br\/portal\/wp-content\/uploads\/2026\/01\/20260102160137.png",500,500,false],"2048x2048":["https:\/\/fernandadepilacao.com.br\/portal\/wp-content\/uploads\/2026\/01\/20260102160137.png",500,500,false]},"uagb_author_info":{"display_name":"fernandajob","author_link":"https:\/\/fernandadepilacao.com.br\/portal\/author\/fernandajob\/"},"uagb_comment_info":0,"uagb_excerpt":"Cuidados Pr\u00e9 e P\u00f3s Depila\u00e7\u00e3o com Cera: O Guia Completo para uma Pele Lisa e Saud\u00e1vel Por que a depila\u00e7\u00e3o com cera exige cuidados especiais? A depila\u00e7\u00e3o com cera \u00e9 um dos m\u00e9todos mais procurados para remo\u00e7\u00e3o dos pelos, pois al\u00e9m de garantir uma pele lisa por mais tempo, auxilia na diminui\u00e7\u00e3o do crescimento dos&hellip;","_links":{"self":[{"href":"https:\/\/fernandadepilacao.com.br\/portal\/wp-json\/wp\/v2\/posts\/1044"}],"collection":[{"href":"https:\/\/fernandadepilacao.com.br\/portal\/wp-json\/wp\/v2\/posts"}],"about":[{"href":"https:\/\/fernandadepilacao.com.br\/portal\/wp-json\/wp\/v2\/types\/post"}],"author":[{"embeddable":true,"href":"https:\/\/fernandadepilacao.com.br\/portal\/wp-json\/wp\/v2\/users\/1"}],"replies":[{"embeddable":true,"href":"https:\/\/fernandadepilacao.com.br\/portal\/wp-json\/wp\/v2\/comments?post=1044"}],"version-history":[{"count":1,"href":"https:\/\/fernandadepilacao.com.br\/portal\/wp-json\/wp\/v2\/posts\/1044\/revisions"}],"predecessor-version":[{"id":1045,"href":"https:\/\/fernandadepilacao.com.br\/portal\/wp-json\/wp\/v2\/posts\/1044\/revisions\/1045"}],"wp:featuredmedia":[{"embeddable":true,"href":"https:\/\/fernandadepilacao.com.br\/portal\/wp-json\/wp\/v2\/media\/1043"}],"wp:attachment":[{"href":"https:\/\/fernandadepilacao.com.br\/portal\/wp-json\/wp\/v2\/media?parent=1044"}],"wp:term":[{"taxonomy":"category","embeddable":true,"href":"https:\/\/fernandadepilacao.com.br\/portal\/wp-json\/wp\/v2\/categories?post=1044"},{"taxonomy":"post_tag","embeddable":true,"href":"https:\/\/fernandadepilacao.com.br\/portal\/wp-json\/wp\/v2\/tags?post=1044"}],"curies":[{"name":"wp","href":"https:\/\/api.w.org\/{rel}","templated":true}]}}